{"id":4192,"date":"2025-08-17T16:54:50","date_gmt":"2025-08-17T16:54:50","guid":{"rendered":"https:\/\/www.diario21.tv\/noticias\/alerta-maxima-el-incendio-de-leon-y-zamora-podria-ser-el-mas-devastador-en-la-historia-de-espana\/"},"modified":"2025-08-17T16:54:51","modified_gmt":"2025-08-17T16:54:51","slug":"alerta-maxima-el-incendio-de-leon-y-zamora-podria-ser-el-mas-devastador-en-la-historia-de-espana","status":"publish","type":"post","link":"https:\/\/www.diario21.tv\/noticias\/alerta-maxima-el-incendio-de-leon-y-zamora-podria-ser-el-mas-devastador-en-la-historia-de-espana\/","title":{"rendered":"\u00a1Alerta m\u00e1xima! El incendio de Le\u00f3n y Zamora podr\u00eda ser el m\u00e1s devastador en la historia de Espa\u00f1a"},"content":{"rendered":"<h2>El devastador incendio entre Le\u00f3n y Zamora podr\u00eda marcar un r\u00e9cord hist\u00f3rico en Espa\u00f1a<\/h2>\n<p>En los \u00faltimos d\u00edas, un incendio forestal sin precedentes ha azotado las regiones de Le\u00f3n y Zamora, amenazando con convertirse en el m\u00e1s desastroso registrado en la historia de Espa\u00f1a. La magnitud del fuego y la rapidez con la que se ha expandido han puesto en jaque a las autoridades y equipos de emergencia, desbordados ante la escala de esta cat\u00e1strofe natural.<\/p>\n<h3>El Origen y la Expansi\u00f3n del Incendio<\/h3>\n<p>El fuego se inici\u00f3 bajo circunstancias que a\u00fan se investigan y r\u00e1pidamente se propag\u00f3 debido a las condiciones clim\u00e1ticas extremadamente secas y los fuertes vientos que caracterizan la regi\u00f3n en esta \u00e9poca del a\u00f1o. Los esfuerzos por controlar las llamas se han visto frustrados por estas condiciones meteorol\u00f3gicas adversas, complicando las labores de los bomberos y los servicios de emergencia.<\/p>\n<h3>Impacto en la Comunidad y el Medio Ambiente<\/h3>\n<p>El impacto del incendio ha sido devastador, no solo para el ecosistema de la zona sino tambi\u00e9n para las comunidades locales. Miles de hect\u00e1reas de bosque han sido consumidas por el fuego, y la biodiversidad del \u00e1rea, incluyendo numerosas especies de flora y fauna, enfrenta una amenaza cr\u00edtica. Adem\u00e1s, varios pueblos han tenido que ser evacuados, dejando a muchas familias sin hogar y en incertidumbre total.<\/p>\n<h3>Respuesta de las Autoridades<\/h3>\n<p>Las autoridades locales y nacionales se han movilizado para enfrentar esta emergencia. Se han desplegado m\u00faltiples brigadas de bomberos y unidades de emergencia, tanto a\u00e9reas como terrestres, en un intento por contener el avance del fuego. Adem\u00e1s, se ha solicitado ayuda a nivel internacional para reforzar los esfuerzos de contenci\u00f3n y extinci\u00f3n del incendio.<\/p>\n<h3>Consecuencias a Largo Plazo<\/h3>\n<p>El incendio no solo representa una tragedia inmediata en t\u00e9rminos de p\u00e9rdida de vida y propiedad, sino que tambi\u00e9n plantea serias preocupaciones a largo plazo. La regeneraci\u00f3n del \u00e1rea afectada ser\u00e1 un proceso largo y costoso, y las repercusiones en el clima local y la calidad del aire podr\u00edan sentirse durante a\u00f1os. La necesidad de pol\u00edticas m\u00e1s efectivas y medidas preventivas en la gesti\u00f3n de los recursos forestales y la respuesta a emergencias se ha hecho evidente.<\/p>\n<h3>Reflexi\u00f3n Final<\/h3>\n<p>Este tr\u00e1gico evento resalta la vulnerabilidad de nuestros ecosistemas y comunidades ante los fen\u00f3menos naturales extremos, exacerbados posiblemente por el cambio clim\u00e1tico. Enfrentar estos desaf\u00edos requerir\u00e1 un compromiso renovado y fortalecido hacia la sostenibilidad ambiental y la preparaci\u00f3n para desastres. La tragedia entre Le\u00f3n y Zamora es un llamado urgente a la acci\u00f3n, no solo para Espa\u00f1a, sino para el mundo entero en la lucha contra los efectos devastadores del cambio clim\u00e1tico.<\/p>\n\n\n<div class=\"kk-star-ratings kksr-auto kksr-align-left kksr-valign-bottom\"\n    data-payload='{&quot;align&quot;:&quot;left&quot;,&quot;id&quot;:&quot;4192&quot;,&quot;slug&quot;:&quot;default&quot;,&quot;valign&quot;:&quot;bottom&quot;,&quot;ignore&quot;:&quot;&quot;,&quot;reference&quot;:&quot;auto&quot;,&quot;class&quot;:&quot;&quot;,&quot;count&quot;:&quot;0&quot;,&quot;legendonly&quot;:&quot;&quot;,&quot;readonly&quot;:&quot;&quot;,&quot;score&quot;:&quot;0&quot;,&quot;starsonly&quot;:&quot;&quot;,&quot;best&quot;:&quot;5&quot;,&quot;gap&quot;:&quot;5&quot;,&quot;greet&quot;:&quot;Valora este post&quot;,&quot;legend&quot;:&quot;0\\\/5 - (0 votes)&quot;,&quot;size&quot;:&quot;22&quot;,&quot;title&quot;:&quot;\u00a1Alerta m\u00e1xima! El incendio de Le\u00f3n y Zamora podr\u00eda ser el m\u00e1s devastador en la historia de Espa\u00f1a&quot;,&quot;width&quot;:&quot;0&quot;,&quot;_legend&quot;:&quot;{score}\\\/{best} - ({count} {votes})&quot;,&quot;font_factor&quot;:&quot;1.25&quot;}'>\n            \n<div class=\"kksr-stars\">\n    \n<div class=\"kksr-stars-inactive\">\n            <div class=\"kksr-star\" data-star=\"1\" style=\"padding-right: 5px\">\n            \n\n<div class=\"kksr-icon\" style=\"width: 22px; height: 22px;\"><\/div>\n        <\/div>\n            <div class=\"kksr-star\" data-star=\"2\" style=\"padding-right: 5px\">\n            \n\n<div class=\"kksr-icon\" style=\"width: 22px; height: 22px;\"><\/div>\n        <\/div>\n            <div class=\"kksr-star\" data-star=\"3\" style=\"padding-right: 5px\">\n            \n\n<div class=\"kksr-icon\" style=\"width: 22px; height: 22px;\"><\/div>\n        <\/div>\n            <div class=\"kksr-star\" data-star=\"4\" style=\"padding-right: 5px\">\n            \n\n<div class=\"kksr-icon\" style=\"width: 22px; height: 22px;\"><\/div>\n        <\/div>\n            <div class=\"kksr-star\" data-star=\"5\" style=\"padding-right: 5px\">\n            \n\n<div class=\"kksr-icon\" style=\"width: 22px; height: 22px;\"><\/div>\n        <\/div>\n    <\/div>\n    \n<div class=\"kksr-stars-active\" style=\"width: 0px;\">\n            <div class=\"kksr-star\" style=\"padding-right: 5px\">\n            \n\n<div class=\"kksr-icon\" style=\"width: 22px; height: 22px;\"><\/div>\n        <\/div>\n            <div class=\"kksr-star\" style=\"padding-right: 5px\">\n            \n\n<div class=\"kksr-icon\" style=\"width: 22px; height: 22px;\"><\/div>\n        <\/div>\n            <div class=\"kksr-star\" style=\"padding-right: 5px\">\n            \n\n<div class=\"kksr-icon\" style=\"width: 22px; height: 22px;\"><\/div>\n        <\/div>\n            <div class=\"kksr-star\" style=\"padding-right: 5px\">\n            \n\n<div class=\"kksr-icon\" style=\"width: 22px; height: 22px;\"><\/div>\n        <\/div>\n            <div class=\"kksr-star\" style=\"padding-right: 5px\">\n            \n\n<div class=\"kksr-icon\" style=\"width: 22px; height: 22px;\"><\/div>\n        <\/div>\n    <\/div>\n<\/div>\n                \n\n<div class=\"kksr-legend\" style=\"font-size: 17.6px;\">\n            <span class=\"kksr-muted\">Valora este post<\/span>\n    <\/div>\n    <\/div>\n","protected":false},"excerpt":{"rendered":"<p>El devastador incendio entre Le\u00f3n y Zamora podr\u00eda marcar un r\u00e9cord hist\u00f3rico en Espa\u00f1a En los \u00faltimos d\u00edas, un incendio forestal sin precedentes ha azotado las &#8230; <a title=\"\u00a1Alerta m\u00e1xima! El incendio de Le\u00f3n y Zamora podr\u00eda ser el m\u00e1s devastador en la historia de Espa\u00f1a\" class=\"read-more\" href=\"https:\/\/www.diario21.tv\/noticias\/alerta-maxima-el-incendio-de-leon-y-zamora-podria-ser-el-mas-devastador-en-la-historia-de-espana\/\" aria-label=\"Leer m\u00e1s sobre \u00a1Alerta m\u00e1xima! El incendio de Le\u00f3n y Zamora podr\u00eda ser el m\u00e1s devastador en la historia de Espa\u00f1a\">Seguir leyendo &rarr;<\/a><\/p>\n","protected":false},"author":20,"featured_media":4193,"comment_status":"open","ping_status":"open","sticky":false,"template":"","format":"standard","meta":{"footnotes":""},"categories":[13],"tags":[],"class_list":["post-4192","post","type-post","status-publish","format-standard","has-post-thumbnail","hentry","category-portada"],"yoast_head":"<!-- This site is optimized with the Yoast SEO plugin v25.6 - https:\/\/yoast.com\/wordpress\/plugins\/seo\/ -->\n<title>\u00a1Alerta m\u00e1xima! El incendio de Le\u00f3n y Zamora podr\u00eda ser el m\u00e1s devastador en la historia de Espa\u00f1a - Diario 21<\/title>\n<meta name=\"robots\" content=\"index, follow, max-snippet:-1, max-image-preview:large, max-video-preview:-1\" \/>\n<link rel=\"canonical\" href=\"https:\/\/www.diario21.tv\/noticias\/alerta-maxima-el-incendio-de-leon-y-zamora-podria-ser-el-mas-devastador-en-la-historia-de-espana\/\" \/>\n<meta property=\"og:locale\" content=\"es_ES\" \/>\n<meta property=\"og:type\" content=\"article\" \/>\n<meta property=\"og:title\" content=\"\u00a1Alerta m\u00e1xima! El incendio de Le\u00f3n y Zamora podr\u00eda ser el m\u00e1s devastador en la historia de Espa\u00f1a - Diario 21\" \/>\n<meta property=\"og:description\" content=\"El devastador incendio entre Le\u00f3n y Zamora podr\u00eda marcar un r\u00e9cord hist\u00f3rico en Espa\u00f1a En los \u00faltimos d\u00edas, un incendio forestal sin precedentes ha azotado las ... Seguir leyendo &rarr;\" \/>\n<meta property=\"og:url\" content=\"https:\/\/www.diario21.tv\/noticias\/alerta-maxima-el-incendio-de-leon-y-zamora-podria-ser-el-mas-devastador-en-la-historia-de-espana\/\" \/>\n<meta property=\"og:site_name\" content=\"Diario 21\" \/>\n<meta property=\"article:published_time\" content=\"2025-08-17T16:54:50+00:00\" \/>\n<meta property=\"article:modified_time\" content=\"2025-08-17T16:54:51+00:00\" \/>\n<meta property=\"og:image\" content=\"https:\/\/www.diario21.tv\/noticias\/wp-content\/uploads\/2025\/08\/\u00a1Alerta-maxima-El-incendio-de-Leon-y-Zamora-podria-ser.jpg\" \/>\n\t<meta property=\"og:image:width\" content=\"1200\" \/>\n\t<meta property=\"og:image:height\" content=\"840\" \/>\n\t<meta property=\"og:image:type\" content=\"image\/jpeg\" \/>\n<meta name=\"author\" content=\"Juan P\u00e9rez\" \/>\n<meta name=\"twitter:card\" content=\"summary_large_image\" \/>\n<meta name=\"twitter:label1\" content=\"Escrito por\" \/>\n\t<meta name=\"twitter:data1\" content=\"Juan P\u00e9rez\" \/>\n\t<meta name=\"twitter:label2\" content=\"Tiempo de lectura\" \/>\n\t<meta name=\"twitter:data2\" content=\"2 minutos\" \/>\n<script type=\"application\/ld+json\" class=\"yoast-schema-graph\">{\"@context\":\"https:\/\/schema.org\",\"@graph\":[{\"@type\":\"WebPage\",\"@id\":\"https:\/\/www.diario21.tv\/noticias\/alerta-maxima-el-incendio-de-leon-y-zamora-podria-ser-el-mas-devastador-en-la-historia-de-espana\/\",\"url\":\"https:\/\/www.diario21.tv\/noticias\/alerta-maxima-el-incendio-de-leon-y-zamora-podria-ser-el-mas-devastador-en-la-historia-de-espana\/\",\"name\":\"\u00a1Alerta m\u00e1xima! El incendio de Le\u00f3n y Zamora podr\u00eda ser el m\u00e1s devastador en la historia de Espa\u00f1a - Diario 21\",\"isPartOf\":{\"@id\":\"https:\/\/www.diario21.tv\/noticias\/#website\"},\"primaryImageOfPage\":{\"@id\":\"https:\/\/www.diario21.tv\/noticias\/alerta-maxima-el-incendio-de-leon-y-zamora-podria-ser-el-mas-devastador-en-la-historia-de-espana\/#primaryimage\"},\"image\":{\"@id\":\"https:\/\/www.diario21.tv\/noticias\/alerta-maxima-el-incendio-de-leon-y-zamora-podria-ser-el-mas-devastador-en-la-historia-de-espana\/#primaryimage\"},\"thumbnailUrl\":\"https:\/\/www.diario21.tv\/noticias\/wp-content\/uploads\/2025\/08\/\u00a1Alerta-maxima-El-incendio-de-Leon-y-Zamora-podria-ser.jpg\",\"datePublished\":\"2025-08-17T16:54:50+00:00\",\"dateModified\":\"2025-08-17T16:54:51+00:00\",\"author\":{\"@id\":\"https:\/\/www.diario21.tv\/noticias\/#\/schema\/person\/dfb778f73814d8f09f302618446a526b\"},\"breadcrumb\":{\"@id\":\"https:\/\/www.diario21.tv\/noticias\/alerta-maxima-el-incendio-de-leon-y-zamora-podria-ser-el-mas-devastador-en-la-historia-de-espana\/#breadcrumb\"},\"inLanguage\":\"es-AR\",\"potentialAction\":[{\"@type\":\"ReadAction\",\"target\":[\"https:\/\/www.diario21.tv\/noticias\/alerta-maxima-el-incendio-de-leon-y-zamora-podria-ser-el-mas-devastador-en-la-historia-de-espana\/\"]}]},{\"@type\":\"ImageObject\",\"inLanguage\":\"es-AR\",\"@id\":\"https:\/\/www.diario21.tv\/noticias\/alerta-maxima-el-incendio-de-leon-y-zamora-podria-ser-el-mas-devastador-en-la-historia-de-espana\/#primaryimage\",\"url\":\"https:\/\/www.diario21.tv\/noticias\/wp-content\/uploads\/2025\/08\/\u00a1Alerta-maxima-El-incendio-de-Leon-y-Zamora-podria-ser.jpg\",\"contentUrl\":\"https:\/\/www.diario21.tv\/noticias\/wp-content\/uploads\/2025\/08\/\u00a1Alerta-maxima-El-incendio-de-Leon-y-Zamora-podria-ser.jpg\",\"width\":1200,\"height\":840,\"caption\":\"El incendio de Le\u00f3n y Zamora, camino de convertirse en el peor de la historia de Espa\u00f1a\"},{\"@type\":\"BreadcrumbList\",\"@id\":\"https:\/\/www.diario21.tv\/noticias\/alerta-maxima-el-incendio-de-leon-y-zamora-podria-ser-el-mas-devastador-en-la-historia-de-espana\/#breadcrumb\",\"itemListElement\":[{\"@type\":\"ListItem\",\"position\":1,\"name\":\"Accueil\",\"item\":\"https:\/\/www.diario21.tv\/noticias\/\"},{\"@type\":\"ListItem\",\"position\":2,\"name\":\"\u00a1Alerta m\u00e1xima! El incendio de Le\u00f3n y Zamora podr\u00eda ser el m\u00e1s devastador en la historia de Espa\u00f1a\"}]},{\"@type\":\"WebSite\",\"@id\":\"https:\/\/www.diario21.tv\/noticias\/#website\",\"url\":\"https:\/\/www.diario21.tv\/noticias\/\",\"name\":\"Diario 21\",\"description\":\"\",\"potentialAction\":[{\"@type\":\"SearchAction\",\"target\":{\"@type\":\"EntryPoint\",\"urlTemplate\":\"https:\/\/www.diario21.tv\/noticias\/?s={search_term_string}\"},\"query-input\":{\"@type\":\"PropertyValueSpecification\",\"valueRequired\":true,\"valueName\":\"search_term_string\"}}],\"inLanguage\":\"es-AR\"},{\"@type\":\"Person\",\"@id\":\"https:\/\/www.diario21.tv\/noticias\/#\/schema\/person\/dfb778f73814d8f09f302618446a526b\",\"name\":\"Juan P\u00e9rez\",\"image\":{\"@type\":\"ImageObject\",\"inLanguage\":\"es-AR\",\"@id\":\"https:\/\/www.diario21.tv\/noticias\/#\/schema\/person\/image\/\",\"url\":\"https:\/\/secure.gravatar.com\/avatar\/c478a405bd10621167f4c3167cc770f5?s=96&d=mm&r=g\",\"contentUrl\":\"https:\/\/secure.gravatar.com\/avatar\/c478a405bd10621167f4c3167cc770f5?s=96&d=mm&r=g\",\"caption\":\"Juan P\u00e9rez\"},\"description\":\"Juan P\u00e9rez es el redactor en jefe de Diario 21. Con m\u00e1s de 10 a\u00f1os de experiencia en el periodismo, se especializa en pol\u00edtica nacional y an\u00e1lisis socioecon\u00f3mico. Su enfoque cr\u00edtico y riguroso aporta una perspectiva \u00fanica a cada art\u00edculo.\",\"sameAs\":[\"https:\/\/www.diario21.tv\/noticias\/\"],\"url\":\"https:\/\/www.diario21.tv\/noticias\/author\/juan-perez\/\"}]}<\/script>\n<!-- \/ Yoast SEO plugin. -->","yoast_head_json":{"title":"\u00a1Alerta m\u00e1xima! El incendio de Le\u00f3n y Zamora podr\u00eda ser el m\u00e1s devastador en la historia de Espa\u00f1a - Diario 21","robots":{"index":"index","follow":"follow","max-snippet":"max-snippet:-1","max-image-preview":"max-image-preview:large","max-video-preview":"max-video-preview:-1"},"canonical":"https:\/\/www.diario21.tv\/noticias\/alerta-maxima-el-incendio-de-leon-y-zamora-podria-ser-el-mas-devastador-en-la-historia-de-espana\/","og_locale":"es_ES","og_type":"article","og_title":"\u00a1Alerta m\u00e1xima! El incendio de Le\u00f3n y Zamora podr\u00eda ser el m\u00e1s devastador en la historia de Espa\u00f1a - Diario 21","og_description":"El devastador incendio entre Le\u00f3n y Zamora podr\u00eda marcar un r\u00e9cord hist\u00f3rico en Espa\u00f1a En los \u00faltimos d\u00edas, un incendio forestal sin precedentes ha azotado las ... Seguir leyendo &rarr;","og_url":"https:\/\/www.diario21.tv\/noticias\/alerta-maxima-el-incendio-de-leon-y-zamora-podria-ser-el-mas-devastador-en-la-historia-de-espana\/","og_site_name":"Diario 21","article_published_time":"2025-08-17T16:54:50+00:00","article_modified_time":"2025-08-17T16:54:51+00:00","og_image":[{"width":1200,"height":840,"url":"https:\/\/www.diario21.tv\/noticias\/wp-content\/uploads\/2025\/08\/\u00a1Alerta-maxima-El-incendio-de-Leon-y-Zamora-podria-ser.jpg","type":"image\/jpeg"}],"author":"Juan P\u00e9rez","twitter_card":"summary_large_image","twitter_misc":{"Escrito por":"Juan P\u00e9rez","Tiempo de lectura":"2 minutos"},"schema":{"@context":"https:\/\/schema.org","@graph":[{"@type":"WebPage","@id":"https:\/\/www.diario21.tv\/noticias\/alerta-maxima-el-incendio-de-leon-y-zamora-podria-ser-el-mas-devastador-en-la-historia-de-espana\/","url":"https:\/\/www.diario21.tv\/noticias\/alerta-maxima-el-incendio-de-leon-y-zamora-podria-ser-el-mas-devastador-en-la-historia-de-espana\/","name":"\u00a1Alerta m\u00e1xima! El incendio de Le\u00f3n y Zamora podr\u00eda ser el m\u00e1s devastador en la historia de Espa\u00f1a - Diario 21","isPartOf":{"@id":"https:\/\/www.diario21.tv\/noticias\/#website"},"primaryImageOfPage":{"@id":"https:\/\/www.diario21.tv\/noticias\/alerta-maxima-el-incendio-de-leon-y-zamora-podria-ser-el-mas-devastador-en-la-historia-de-espana\/#primaryimage"},"image":{"@id":"https:\/\/www.diario21.tv\/noticias\/alerta-maxima-el-incendio-de-leon-y-zamora-podria-ser-el-mas-devastador-en-la-historia-de-espana\/#primaryimage"},"thumbnailUrl":"https:\/\/www.diario21.tv\/noticias\/wp-content\/uploads\/2025\/08\/\u00a1Alerta-maxima-El-incendio-de-Leon-y-Zamora-podria-ser.jpg","datePublished":"2025-08-17T16:54:50+00:00","dateModified":"2025-08-17T16:54:51+00:00","author":{"@id":"https:\/\/www.diario21.tv\/noticias\/#\/schema\/person\/dfb778f73814d8f09f302618446a526b"},"breadcrumb":{"@id":"https:\/\/www.diario21.tv\/noticias\/alerta-maxima-el-incendio-de-leon-y-zamora-podria-ser-el-mas-devastador-en-la-historia-de-espana\/#breadcrumb"},"inLanguage":"es-AR","potentialAction":[{"@type":"ReadAction","target":["https:\/\/www.diario21.tv\/noticias\/alerta-maxima-el-incendio-de-leon-y-zamora-podria-ser-el-mas-devastador-en-la-historia-de-espana\/"]}]},{"@type":"ImageObject","inLanguage":"es-AR","@id":"https:\/\/www.diario21.tv\/noticias\/alerta-maxima-el-incendio-de-leon-y-zamora-podria-ser-el-mas-devastador-en-la-historia-de-espana\/#primaryimage","url":"https:\/\/www.diario21.tv\/noticias\/wp-content\/uploads\/2025\/08\/\u00a1Alerta-maxima-El-incendio-de-Leon-y-Zamora-podria-ser.jpg","contentUrl":"https:\/\/www.diario21.tv\/noticias\/wp-content\/uploads\/2025\/08\/\u00a1Alerta-maxima-El-incendio-de-Leon-y-Zamora-podria-ser.jpg","width":1200,"height":840,"caption":"El incendio de Le\u00f3n y Zamora, camino de convertirse en el peor de la historia de Espa\u00f1a"},{"@type":"BreadcrumbList","@id":"https:\/\/www.diario21.tv\/noticias\/alerta-maxima-el-incendio-de-leon-y-zamora-podria-ser-el-mas-devastador-en-la-historia-de-espana\/#breadcrumb","itemListElement":[{"@type":"ListItem","position":1,"name":"Accueil","item":"https:\/\/www.diario21.tv\/noticias\/"},{"@type":"ListItem","position":2,"name":"\u00a1Alerta m\u00e1xima! El incendio de Le\u00f3n y Zamora podr\u00eda ser el m\u00e1s devastador en la historia de Espa\u00f1a"}]},{"@type":"WebSite","@id":"https:\/\/www.diario21.tv\/noticias\/#website","url":"https:\/\/www.diario21.tv\/noticias\/","name":"Diario 21","description":"","potentialAction":[{"@type":"SearchAction","target":{"@type":"EntryPoint","urlTemplate":"https:\/\/www.diario21.tv\/noticias\/?s={search_term_string}"},"query-input":{"@type":"PropertyValueSpecification","valueRequired":true,"valueName":"search_term_string"}}],"inLanguage":"es-AR"},{"@type":"Person","@id":"https:\/\/www.diario21.tv\/noticias\/#\/schema\/person\/dfb778f73814d8f09f302618446a526b","name":"Juan P\u00e9rez","image":{"@type":"ImageObject","inLanguage":"es-AR","@id":"https:\/\/www.diario21.tv\/noticias\/#\/schema\/person\/image\/","url":"https:\/\/secure.gravatar.com\/avatar\/c478a405bd10621167f4c3167cc770f5?s=96&d=mm&r=g","contentUrl":"https:\/\/secure.gravatar.com\/avatar\/c478a405bd10621167f4c3167cc770f5?s=96&d=mm&r=g","caption":"Juan P\u00e9rez"},"description":"Juan P\u00e9rez es el redactor en jefe de Diario 21. Con m\u00e1s de 10 a\u00f1os de experiencia en el periodismo, se especializa en pol\u00edtica nacional y an\u00e1lisis socioecon\u00f3mico. Su enfoque cr\u00edtico y riguroso aporta una perspectiva \u00fanica a cada art\u00edculo.","sameAs":["https:\/\/www.diario21.tv\/noticias\/"],"url":"https:\/\/www.diario21.tv\/noticias\/author\/juan-perez\/"}]}},"_links":{"self":[{"href":"https:\/\/www.diario21.tv\/noticias\/wp-json\/wp\/v2\/posts\/4192"}],"collection":[{"href":"https:\/\/www.diario21.tv\/noticias\/wp-json\/wp\/v2\/posts"}],"about":[{"href":"https:\/\/www.diario21.tv\/noticias\/wp-json\/wp\/v2\/types\/post"}],"author":[{"embeddable":true,"href":"https:\/\/www.diario21.tv\/noticias\/wp-json\/wp\/v2\/users\/20"}],"replies":[{"embeddable":true,"href":"https:\/\/www.diario21.tv\/noticias\/wp-json\/wp\/v2\/comments?post=4192"}],"version-history":[{"count":1,"href":"https:\/\/www.diario21.tv\/noticias\/wp-json\/wp\/v2\/posts\/4192\/revisions"}],"predecessor-version":[{"id":4194,"href":"https:\/\/www.diario21.tv\/noticias\/wp-json\/wp\/v2\/posts\/4192\/revisions\/4194"}],"wp:featuredmedia":[{"embeddable":true,"href":"https:\/\/www.diario21.tv\/noticias\/wp-json\/wp\/v2\/media\/4193"}],"wp:attachment":[{"href":"https:\/\/www.diario21.tv\/noticias\/wp-json\/wp\/v2\/media?parent=4192"}],"wp:term":[{"taxonomy":"category","embeddable":true,"href":"https:\/\/www.diario21.tv\/noticias\/wp-json\/wp\/v2\/categories?post=4192"},{"taxonomy":"post_tag","embeddable":true,"href":"https:\/\/www.diario21.tv\/noticias\/wp-json\/wp\/v2\/tags?post=4192"}],"curies":[{"name":"wp","href":"https:\/\/api.w.org\/{rel}","templated":true}]}}