{"id":4183,"date":"2025-08-16T22:48:49","date_gmt":"2025-08-16T22:48:49","guid":{"rendered":"https:\/\/www.diario21.tv\/noticias\/encontrados-sanos-y-salvos-tres-ganaderos-desaparecidos-tras-incendio-en-leon\/"},"modified":"2025-08-16T22:48:50","modified_gmt":"2025-08-16T22:48:50","slug":"encontrados-sanos-y-salvos-tres-ganaderos-desaparecidos-tras-incendio-en-leon","status":"publish","type":"post","link":"https:\/\/www.diario21.tv\/noticias\/encontrados-sanos-y-salvos-tres-ganaderos-desaparecidos-tras-incendio-en-leon\/","title":{"rendered":"\u00a1Encontrados sanos y salvos! Tres ganaderos desaparecidos tras incendio en Le\u00f3n"},"content":{"rendered":"<h2>Hallazgo de Tres Ganaderos Tras Incendio en Le\u00f3n<\/h2>\n<p>En un reciente suceso en Le\u00f3n, tres agricultores que hab\u00edan sido reportados como desaparecidos tras un devastador incendio, fueron encontrados en condiciones estables. Este incidente, que gener\u00f3 una amplia preocupaci\u00f3n en la comunidad local, tuvo un desenlace positivo gracias a los esfuerzos coordinados de las autoridades y equipos de rescate.<\/p>\n<h3>Desaparici\u00f3n y B\u00fasqueda Intensiva<\/h3>\n<p>Los tres hombres, todos dedicados a la ganader\u00eda en la regi\u00f3n, fueron reportados como desaparecidos despu\u00e9s de que un incendio forestal de gran magnitud se desatara en las proximidades de sus propiedades. El fuego, impulsado por fuertes vientos y una vegetaci\u00f3n densa, se expandi\u00f3 r\u00e1pidamente, dificultando las operaciones de control y rescate.<\/p>\n<p>Inmediatamente despu\u00e9s de recibir la alerta sobre su desaparici\u00f3n, se despleg\u00f3 un operativo de b\u00fasqueda que incluy\u00f3 a bomberos, polic\u00edas y voluntarios. El \u00e1rea afectada por el incendio fue peinada meticulosamente, con la esperanza de encontrar a los ganaderos a salvo.<\/p>\n<h3>Rescate y Estado de Salud<\/h3>\n<p>Tras varias horas de intensa b\u00fasqueda, los tres hombres fueron localizados en una zona aislada, donde hab\u00edan buscado refugio del voraz incendio. A pesar de la angustiante situaci\u00f3n, se encontraban en buen estado de salud, aunque visiblemente afectados por el estr\u00e9s del evento y la inhalaci\u00f3n leve de humo.<\/p>\n<p>Los equipos de rescate proporcionaron los primeros auxilios en el lugar y posteriormente trasladaron a los agricultores a un hospital cercano para una evaluaci\u00f3n m\u00e9dica completa. Los m\u00e9dicos confirmaron que, m\u00e1s all\u00e1 del susto y la fatiga, no presentaban heridas graves.<\/p>\n<h3>Reacciones y Medidas de Prevenci\u00f3n<\/h3>\n<p>La comunidad local ha reaccionado con alivio ante la noticia del hallazgo de los ganaderos, y muchos han destacado la eficacia y rapidez de la respuesta de emergencia. Sin embargo, este incidente ha resaltado tambi\u00e9n la necesidad de fortalecer las medidas de prevenci\u00f3n de incendios en la regi\u00f3n, especialmente durante los per\u00edodos de mayor riesgo.<\/p>\n<p>Las autoridades han anunciado una revisi\u00f3n de las estrategias actuales de gesti\u00f3n de incendios forestales y est\u00e1n considerando la implementaci\u00f3n de nuevas tecnolog\u00edas y m\u00e9todos para mejorar la detecci\u00f3n temprana y la respuesta r\u00e1pida a futuros incendios. Adem\u00e1s, se realizar\u00e1n campa\u00f1as para concienciar a la poblaci\u00f3n sobre la importancia de la prevenci\u00f3n y la preparaci\u00f3n ante desastres naturales.<\/p>\n<p>Este incidente sirve como un recordatorio cr\u00edtico de los peligros que los incendios forestales representan para las comunidades y los medios de vida rurales, y subraya la importancia de mantener vigilancia y preparaci\u00f3n constantes para proteger tanto a las personas como a sus propiedades.<\/p>\n\n\n<div class=\"kk-star-ratings kksr-auto kksr-align-left kksr-valign-bottom\"\n    data-payload='{&quot;align&quot;:&quot;left&quot;,&quot;id&quot;:&quot;4183&quot;,&quot;slug&quot;:&quot;default&quot;,&quot;valign&quot;:&quot;bottom&quot;,&quot;ignore&quot;:&quot;&quot;,&quot;reference&quot;:&quot;auto&quot;,&quot;class&quot;:&quot;&quot;,&quot;count&quot;:&quot;0&quot;,&quot;legendonly&quot;:&quot;&quot;,&quot;readonly&quot;:&quot;&quot;,&quot;score&quot;:&quot;0&quot;,&quot;starsonly&quot;:&quot;&quot;,&quot;best&quot;:&quot;5&quot;,&quot;gap&quot;:&quot;5&quot;,&quot;greet&quot;:&quot;Valora este post&quot;,&quot;legend&quot;:&quot;0\\\/5 - (0 votes)&quot;,&quot;size&quot;:&quot;22&quot;,&quot;title&quot;:&quot;\u00a1Encontrados sanos y salvos! Tres ganaderos desaparecidos tras incendio en Le\u00f3n&quot;,&quot;width&quot;:&quot;0&quot;,&quot;_legend&quot;:&quot;{score}\\\/{best} - ({count} {votes})&quot;,&quot;font_factor&quot;:&quot;1.25&quot;}'>\n            \n<div class=\"kksr-stars\">\n    \n<div class=\"kksr-stars-inactive\">\n            <div class=\"kksr-star\" data-star=\"1\" style=\"padding-right: 5px\">\n            \n\n<div class=\"kksr-icon\" style=\"width: 22px; height: 22px;\"><\/div>\n        <\/div>\n            <div class=\"kksr-star\" data-star=\"2\" style=\"padding-right: 5px\">\n            \n\n<div class=\"kksr-icon\" style=\"width: 22px; height: 22px;\"><\/div>\n        <\/div>\n            <div class=\"kksr-star\" data-star=\"3\" style=\"padding-right: 5px\">\n            \n\n<div class=\"kksr-icon\" style=\"width: 22px; height: 22px;\"><\/div>\n        <\/div>\n            <div class=\"kksr-star\" data-star=\"4\" style=\"padding-right: 5px\">\n            \n\n<div class=\"kksr-icon\" style=\"width: 22px; height: 22px;\"><\/div>\n        <\/div>\n            <div class=\"kksr-star\" data-star=\"5\" style=\"padding-right: 5px\">\n            \n\n<div class=\"kksr-icon\" style=\"width: 22px; height: 22px;\"><\/div>\n        <\/div>\n    <\/div>\n    \n<div class=\"kksr-stars-active\" style=\"width: 0px;\">\n            <div class=\"kksr-star\" style=\"padding-right: 5px\">\n            \n\n<div class=\"kksr-icon\" style=\"width: 22px; height: 22px;\"><\/div>\n        <\/div>\n            <div class=\"kksr-star\" style=\"padding-right: 5px\">\n            \n\n<div class=\"kksr-icon\" style=\"width: 22px; height: 22px;\"><\/div>\n        <\/div>\n            <div class=\"kksr-star\" style=\"padding-right: 5px\">\n            \n\n<div class=\"kksr-icon\" style=\"width: 22px; height: 22px;\"><\/div>\n        <\/div>\n            <div class=\"kksr-star\" style=\"padding-right: 5px\">\n            \n\n<div class=\"kksr-icon\" style=\"width: 22px; height: 22px;\"><\/div>\n        <\/div>\n            <div class=\"kksr-star\" style=\"padding-right: 5px\">\n            \n\n<div class=\"kksr-icon\" style=\"width: 22px; height: 22px;\"><\/div>\n        <\/div>\n    <\/div>\n<\/div>\n                \n\n<div class=\"kksr-legend\" style=\"font-size: 17.6px;\">\n            <span class=\"kksr-muted\">Valora este post<\/span>\n    <\/div>\n    <\/div>\n","protected":false},"excerpt":{"rendered":"<p>Hallazgo de Tres Ganaderos Tras Incendio en Le\u00f3n En un reciente suceso en Le\u00f3n, tres agricultores que hab\u00edan sido reportados como desaparecidos tras un devastador incendio, &#8230; <a title=\"\u00a1Encontrados sanos y salvos! Tres ganaderos desaparecidos tras incendio en Le\u00f3n\" class=\"read-more\" href=\"https:\/\/www.diario21.tv\/noticias\/encontrados-sanos-y-salvos-tres-ganaderos-desaparecidos-tras-incendio-en-leon\/\" aria-label=\"Leer m\u00e1s sobre \u00a1Encontrados sanos y salvos! Tres ganaderos desaparecidos tras incendio en Le\u00f3n\">Seguir leyendo &rarr;<\/a><\/p>\n","protected":false},"author":20,"featured_media":4184,"comment_status":"open","ping_status":"open","sticky":false,"template":"","format":"standard","meta":{"footnotes":""},"categories":[13],"tags":[],"class_list":["post-4183","post","type-post","status-publish","format-standard","has-post-thumbnail","hentry","category-portada"],"yoast_head":"<!-- This site is optimized with the Yoast SEO plugin v25.6 - https:\/\/yoast.com\/wordpress\/plugins\/seo\/ -->\n<title>\u00a1Encontrados sanos y salvos! Tres ganaderos desaparecidos tras incendio en Le\u00f3n - Diario 21<\/title>\n<meta name=\"robots\" content=\"index, follow, max-snippet:-1, max-image-preview:large, max-video-preview:-1\" \/>\n<link rel=\"canonical\" href=\"https:\/\/www.diario21.tv\/noticias\/encontrados-sanos-y-salvos-tres-ganaderos-desaparecidos-tras-incendio-en-leon\/\" \/>\n<meta property=\"og:locale\" content=\"es_ES\" \/>\n<meta property=\"og:type\" content=\"article\" \/>\n<meta property=\"og:title\" content=\"\u00a1Encontrados sanos y salvos! Tres ganaderos desaparecidos tras incendio en Le\u00f3n - Diario 21\" \/>\n<meta property=\"og:description\" content=\"Hallazgo de Tres Ganaderos Tras Incendio en Le\u00f3n En un reciente suceso en Le\u00f3n, tres agricultores que hab\u00edan sido reportados como desaparecidos tras un devastador incendio, ... Seguir leyendo &rarr;\" \/>\n<meta property=\"og:url\" content=\"https:\/\/www.diario21.tv\/noticias\/encontrados-sanos-y-salvos-tres-ganaderos-desaparecidos-tras-incendio-en-leon\/\" \/>\n<meta property=\"og:site_name\" content=\"Diario 21\" \/>\n<meta property=\"article:published_time\" content=\"2025-08-16T22:48:49+00:00\" \/>\n<meta property=\"article:modified_time\" content=\"2025-08-16T22:48:50+00:00\" \/>\n<meta property=\"og:image\" content=\"https:\/\/www.diario21.tv\/noticias\/wp-content\/uploads\/2025\/08\/\u00a1Encontrados-sanos-y-salvos-Tres-ganaderos-desaparecidos-tras-incendio-en.png\" \/>\n\t<meta property=\"og:image:width\" content=\"800\" \/>\n\t<meta property=\"og:image:height\" content=\"533\" \/>\n\t<meta property=\"og:image:type\" content=\"image\/png\" \/>\n<meta name=\"author\" content=\"Juan P\u00e9rez\" \/>\n<meta name=\"twitter:card\" content=\"summary_large_image\" \/>\n<meta name=\"twitter:label1\" content=\"Escrito por\" \/>\n\t<meta name=\"twitter:data1\" content=\"Juan P\u00e9rez\" \/>\n\t<meta name=\"twitter:label2\" content=\"Tiempo de lectura\" \/>\n\t<meta name=\"twitter:data2\" content=\"2 minutos\" \/>\n<script type=\"application\/ld+json\" class=\"yoast-schema-graph\">{\"@context\":\"https:\/\/schema.org\",\"@graph\":[{\"@type\":\"WebPage\",\"@id\":\"https:\/\/www.diario21.tv\/noticias\/encontrados-sanos-y-salvos-tres-ganaderos-desaparecidos-tras-incendio-en-leon\/\",\"url\":\"https:\/\/www.diario21.tv\/noticias\/encontrados-sanos-y-salvos-tres-ganaderos-desaparecidos-tras-incendio-en-leon\/\",\"name\":\"\u00a1Encontrados sanos y salvos! Tres ganaderos desaparecidos tras incendio en Le\u00f3n - Diario 21\",\"isPartOf\":{\"@id\":\"https:\/\/www.diario21.tv\/noticias\/#website\"},\"primaryImageOfPage\":{\"@id\":\"https:\/\/www.diario21.tv\/noticias\/encontrados-sanos-y-salvos-tres-ganaderos-desaparecidos-tras-incendio-en-leon\/#primaryimage\"},\"image\":{\"@id\":\"https:\/\/www.diario21.tv\/noticias\/encontrados-sanos-y-salvos-tres-ganaderos-desaparecidos-tras-incendio-en-leon\/#primaryimage\"},\"thumbnailUrl\":\"https:\/\/www.diario21.tv\/noticias\/wp-content\/uploads\/2025\/08\/\u00a1Encontrados-sanos-y-salvos-Tres-ganaderos-desaparecidos-tras-incendio-en.png\",\"datePublished\":\"2025-08-16T22:48:49+00:00\",\"dateModified\":\"2025-08-16T22:48:50+00:00\",\"author\":{\"@id\":\"https:\/\/www.diario21.tv\/noticias\/#\/schema\/person\/dfb778f73814d8f09f302618446a526b\"},\"breadcrumb\":{\"@id\":\"https:\/\/www.diario21.tv\/noticias\/encontrados-sanos-y-salvos-tres-ganaderos-desaparecidos-tras-incendio-en-leon\/#breadcrumb\"},\"inLanguage\":\"es-AR\",\"potentialAction\":[{\"@type\":\"ReadAction\",\"target\":[\"https:\/\/www.diario21.tv\/noticias\/encontrados-sanos-y-salvos-tres-ganaderos-desaparecidos-tras-incendio-en-leon\/\"]}]},{\"@type\":\"ImageObject\",\"inLanguage\":\"es-AR\",\"@id\":\"https:\/\/www.diario21.tv\/noticias\/encontrados-sanos-y-salvos-tres-ganaderos-desaparecidos-tras-incendio-en-leon\/#primaryimage\",\"url\":\"https:\/\/www.diario21.tv\/noticias\/wp-content\/uploads\/2025\/08\/\u00a1Encontrados-sanos-y-salvos-Tres-ganaderos-desaparecidos-tras-incendio-en.png\",\"contentUrl\":\"https:\/\/www.diario21.tv\/noticias\/wp-content\/uploads\/2025\/08\/\u00a1Encontrados-sanos-y-salvos-Tres-ganaderos-desaparecidos-tras-incendio-en.png\",\"width\":800,\"height\":533,\"caption\":\"Hallan en buen estado a los tres ganaderos desaparecidos en el incendio de Le\u00f3n\"},{\"@type\":\"BreadcrumbList\",\"@id\":\"https:\/\/www.diario21.tv\/noticias\/encontrados-sanos-y-salvos-tres-ganaderos-desaparecidos-tras-incendio-en-leon\/#breadcrumb\",\"itemListElement\":[{\"@type\":\"ListItem\",\"position\":1,\"name\":\"Accueil\",\"item\":\"https:\/\/www.diario21.tv\/noticias\/\"},{\"@type\":\"ListItem\",\"position\":2,\"name\":\"\u00a1Encontrados sanos y salvos! Tres ganaderos desaparecidos tras incendio en Le\u00f3n\"}]},{\"@type\":\"WebSite\",\"@id\":\"https:\/\/www.diario21.tv\/noticias\/#website\",\"url\":\"https:\/\/www.diario21.tv\/noticias\/\",\"name\":\"Diario 21\",\"description\":\"\",\"potentialAction\":[{\"@type\":\"SearchAction\",\"target\":{\"@type\":\"EntryPoint\",\"urlTemplate\":\"https:\/\/www.diario21.tv\/noticias\/?s={search_term_string}\"},\"query-input\":{\"@type\":\"PropertyValueSpecification\",\"valueRequired\":true,\"valueName\":\"search_term_string\"}}],\"inLanguage\":\"es-AR\"},{\"@type\":\"Person\",\"@id\":\"https:\/\/www.diario21.tv\/noticias\/#\/schema\/person\/dfb778f73814d8f09f302618446a526b\",\"name\":\"Juan P\u00e9rez\",\"image\":{\"@type\":\"ImageObject\",\"inLanguage\":\"es-AR\",\"@id\":\"https:\/\/www.diario21.tv\/noticias\/#\/schema\/person\/image\/\",\"url\":\"https:\/\/secure.gravatar.com\/avatar\/c478a405bd10621167f4c3167cc770f5?s=96&d=mm&r=g\",\"contentUrl\":\"https:\/\/secure.gravatar.com\/avatar\/c478a405bd10621167f4c3167cc770f5?s=96&d=mm&r=g\",\"caption\":\"Juan P\u00e9rez\"},\"description\":\"Juan P\u00e9rez es el redactor en jefe de Diario 21. Con m\u00e1s de 10 a\u00f1os de experiencia en el periodismo, se especializa en pol\u00edtica nacional y an\u00e1lisis socioecon\u00f3mico. Su enfoque cr\u00edtico y riguroso aporta una perspectiva \u00fanica a cada art\u00edculo.\",\"sameAs\":[\"https:\/\/www.diario21.tv\/noticias\/\"],\"url\":\"https:\/\/www.diario21.tv\/noticias\/author\/juan-perez\/\"}]}<\/script>\n<!-- \/ Yoast SEO plugin. -->","yoast_head_json":{"title":"\u00a1Encontrados sanos y salvos! Tres ganaderos desaparecidos tras incendio en Le\u00f3n - Diario 21","robots":{"index":"index","follow":"follow","max-snippet":"max-snippet:-1","max-image-preview":"max-image-preview:large","max-video-preview":"max-video-preview:-1"},"canonical":"https:\/\/www.diario21.tv\/noticias\/encontrados-sanos-y-salvos-tres-ganaderos-desaparecidos-tras-incendio-en-leon\/","og_locale":"es_ES","og_type":"article","og_title":"\u00a1Encontrados sanos y salvos! Tres ganaderos desaparecidos tras incendio en Le\u00f3n - Diario 21","og_description":"Hallazgo de Tres Ganaderos Tras Incendio en Le\u00f3n En un reciente suceso en Le\u00f3n, tres agricultores que hab\u00edan sido reportados como desaparecidos tras un devastador incendio, ... Seguir leyendo &rarr;","og_url":"https:\/\/www.diario21.tv\/noticias\/encontrados-sanos-y-salvos-tres-ganaderos-desaparecidos-tras-incendio-en-leon\/","og_site_name":"Diario 21","article_published_time":"2025-08-16T22:48:49+00:00","article_modified_time":"2025-08-16T22:48:50+00:00","og_image":[{"width":800,"height":533,"url":"https:\/\/www.diario21.tv\/noticias\/wp-content\/uploads\/2025\/08\/\u00a1Encontrados-sanos-y-salvos-Tres-ganaderos-desaparecidos-tras-incendio-en.png","type":"image\/png"}],"author":"Juan P\u00e9rez","twitter_card":"summary_large_image","twitter_misc":{"Escrito por":"Juan P\u00e9rez","Tiempo de lectura":"2 minutos"},"schema":{"@context":"https:\/\/schema.org","@graph":[{"@type":"WebPage","@id":"https:\/\/www.diario21.tv\/noticias\/encontrados-sanos-y-salvos-tres-ganaderos-desaparecidos-tras-incendio-en-leon\/","url":"https:\/\/www.diario21.tv\/noticias\/encontrados-sanos-y-salvos-tres-ganaderos-desaparecidos-tras-incendio-en-leon\/","name":"\u00a1Encontrados sanos y salvos! Tres ganaderos desaparecidos tras incendio en Le\u00f3n - Diario 21","isPartOf":{"@id":"https:\/\/www.diario21.tv\/noticias\/#website"},"primaryImageOfPage":{"@id":"https:\/\/www.diario21.tv\/noticias\/encontrados-sanos-y-salvos-tres-ganaderos-desaparecidos-tras-incendio-en-leon\/#primaryimage"},"image":{"@id":"https:\/\/www.diario21.tv\/noticias\/encontrados-sanos-y-salvos-tres-ganaderos-desaparecidos-tras-incendio-en-leon\/#primaryimage"},"thumbnailUrl":"https:\/\/www.diario21.tv\/noticias\/wp-content\/uploads\/2025\/08\/\u00a1Encontrados-sanos-y-salvos-Tres-ganaderos-desaparecidos-tras-incendio-en.png","datePublished":"2025-08-16T22:48:49+00:00","dateModified":"2025-08-16T22:48:50+00:00","author":{"@id":"https:\/\/www.diario21.tv\/noticias\/#\/schema\/person\/dfb778f73814d8f09f302618446a526b"},"breadcrumb":{"@id":"https:\/\/www.diario21.tv\/noticias\/encontrados-sanos-y-salvos-tres-ganaderos-desaparecidos-tras-incendio-en-leon\/#breadcrumb"},"inLanguage":"es-AR","potentialAction":[{"@type":"ReadAction","target":["https:\/\/www.diario21.tv\/noticias\/encontrados-sanos-y-salvos-tres-ganaderos-desaparecidos-tras-incendio-en-leon\/"]}]},{"@type":"ImageObject","inLanguage":"es-AR","@id":"https:\/\/www.diario21.tv\/noticias\/encontrados-sanos-y-salvos-tres-ganaderos-desaparecidos-tras-incendio-en-leon\/#primaryimage","url":"https:\/\/www.diario21.tv\/noticias\/wp-content\/uploads\/2025\/08\/\u00a1Encontrados-sanos-y-salvos-Tres-ganaderos-desaparecidos-tras-incendio-en.png","contentUrl":"https:\/\/www.diario21.tv\/noticias\/wp-content\/uploads\/2025\/08\/\u00a1Encontrados-sanos-y-salvos-Tres-ganaderos-desaparecidos-tras-incendio-en.png","width":800,"height":533,"caption":"Hallan en buen estado a los tres ganaderos desaparecidos en el incendio de Le\u00f3n"},{"@type":"BreadcrumbList","@id":"https:\/\/www.diario21.tv\/noticias\/encontrados-sanos-y-salvos-tres-ganaderos-desaparecidos-tras-incendio-en-leon\/#breadcrumb","itemListElement":[{"@type":"ListItem","position":1,"name":"Accueil","item":"https:\/\/www.diario21.tv\/noticias\/"},{"@type":"ListItem","position":2,"name":"\u00a1Encontrados sanos y salvos! Tres ganaderos desaparecidos tras incendio en Le\u00f3n"}]},{"@type":"WebSite","@id":"https:\/\/www.diario21.tv\/noticias\/#website","url":"https:\/\/www.diario21.tv\/noticias\/","name":"Diario 21","description":"","potentialAction":[{"@type":"SearchAction","target":{"@type":"EntryPoint","urlTemplate":"https:\/\/www.diario21.tv\/noticias\/?s={search_term_string}"},"query-input":{"@type":"PropertyValueSpecification","valueRequired":true,"valueName":"search_term_string"}}],"inLanguage":"es-AR"},{"@type":"Person","@id":"https:\/\/www.diario21.tv\/noticias\/#\/schema\/person\/dfb778f73814d8f09f302618446a526b","name":"Juan P\u00e9rez","image":{"@type":"ImageObject","inLanguage":"es-AR","@id":"https:\/\/www.diario21.tv\/noticias\/#\/schema\/person\/image\/","url":"https:\/\/secure.gravatar.com\/avatar\/c478a405bd10621167f4c3167cc770f5?s=96&d=mm&r=g","contentUrl":"https:\/\/secure.gravatar.com\/avatar\/c478a405bd10621167f4c3167cc770f5?s=96&d=mm&r=g","caption":"Juan P\u00e9rez"},"description":"Juan P\u00e9rez es el redactor en jefe de Diario 21. Con m\u00e1s de 10 a\u00f1os de experiencia en el periodismo, se especializa en pol\u00edtica nacional y an\u00e1lisis socioecon\u00f3mico. Su enfoque cr\u00edtico y riguroso aporta una perspectiva \u00fanica a cada art\u00edculo.","sameAs":["https:\/\/www.diario21.tv\/noticias\/"],"url":"https:\/\/www.diario21.tv\/noticias\/author\/juan-perez\/"}]}},"_links":{"self":[{"href":"https:\/\/www.diario21.tv\/noticias\/wp-json\/wp\/v2\/posts\/4183"}],"collection":[{"href":"https:\/\/www.diario21.tv\/noticias\/wp-json\/wp\/v2\/posts"}],"about":[{"href":"https:\/\/www.diario21.tv\/noticias\/wp-json\/wp\/v2\/types\/post"}],"author":[{"embeddable":true,"href":"https:\/\/www.diario21.tv\/noticias\/wp-json\/wp\/v2\/users\/20"}],"replies":[{"embeddable":true,"href":"https:\/\/www.diario21.tv\/noticias\/wp-json\/wp\/v2\/comments?post=4183"}],"version-history":[{"count":1,"href":"https:\/\/www.diario21.tv\/noticias\/wp-json\/wp\/v2\/posts\/4183\/revisions"}],"predecessor-version":[{"id":4185,"href":"https:\/\/www.diario21.tv\/noticias\/wp-json\/wp\/v2\/posts\/4183\/revisions\/4185"}],"wp:featuredmedia":[{"embeddable":true,"href":"https:\/\/www.diario21.tv\/noticias\/wp-json\/wp\/v2\/media\/4184"}],"wp:attachment":[{"href":"https:\/\/www.diario21.tv\/noticias\/wp-json\/wp\/v2\/media?parent=4183"}],"wp:term":[{"taxonomy":"category","embeddable":true,"href":"https:\/\/www.diario21.tv\/noticias\/wp-json\/wp\/v2\/categories?post=4183"},{"taxonomy":"post_tag","embeddable":true,"href":"https:\/\/www.diario21.tv\/noticias\/wp-json\/wp\/v2\/tags?post=4183"}],"curies":[{"name":"wp","href":"https:\/\/api.w.org\/{rel}","templated":true}]}}