{"id":4174,"date":"2025-08-16T04:43:56","date_gmt":"2025-08-16T04:43:56","guid":{"rendered":"https:\/\/www.diario21.tv\/noticias\/urgente-dos-arrestados-por-incendios-catastroficos-en-mombeltran-y-puercas\/"},"modified":"2025-08-16T04:43:57","modified_gmt":"2025-08-16T04:43:57","slug":"urgente-dos-arrestados-por-incendios-catastroficos-en-mombeltran-y-puercas","status":"publish","type":"post","link":"https:\/\/www.diario21.tv\/noticias\/urgente-dos-arrestados-por-incendios-catastroficos-en-mombeltran-y-puercas\/","title":{"rendered":"\u00a1Urgente! Dos arrestados por incendios catastr\u00f3ficos en Mombeltr\u00e1n y Puercas"},"content":{"rendered":"<h2>Arrestan a Dos Individuos por Incendios en Mombeltr\u00e1n y Puercas<\/h2>\n<p>En recientes operaciones policiales, se ha logrado la detenci\u00f3n de dos personas implicadas en la iniciaci\u00f3n de incendios forestales en las localidades de Mombeltr\u00e1n y Puercas. Estos arrestos se producen tras una intensa investigaci\u00f3n llevada a cabo por las autoridades competentes, quienes han trabajado arduamente para esclarecer los hechos y dar con los responsables de estos actos deleznables.<\/p>\n<h3>Detalles de la Operaci\u00f3n Policial<\/h3>\n<p>La polic\u00eda, despu\u00e9s de una meticulosa recopilaci\u00f3n de evidencias y testimonios, pudo identificar y detener a los dos sospechosos, cuyas identidades a\u00fan no han sido reveladas al p\u00fablico. Se les acusa de haber provocado deliberadamente varios incendios que afectaron gravemente a las \u00e1reas forestales de Mombeltr\u00e1n y Puercas, causando no solo un da\u00f1o ambiental considerable sino tambi\u00e9n poniendo en riesgo la vida de las comunidades cercanas.<\/p>\n<h3>Impacto de los Incendios<\/h3>\n<p>Los incendios de Mombeltr\u00e1n y Puercas no solamente resultaron en la p\u00e9rdida de amplias zonas de vegetaci\u00f3n y biodiversidad, sino que tambi\u00e9n provocaron una alarma social entre los habitantes de las regiones afectadas. Las llamas fueron combatidas por numerosos efectivos de bomberos que, durante d\u00edas, lucharon para controlar y extinguir el fuego que amenazaba con extenderse a zonas a\u00fan m\u00e1s amplias.<\/p>\n<h3>Reacciones y Consecuencias<\/h3>\n<p>La comunidad ha reaccionado con indignaci\u00f3n y preocupaci\u00f3n ante estos acontecimientos. Las autoridades locales han prometido tomar medidas m\u00e1s estrictas para prevenir y sancionar cualquier actividad que pueda resultar en incendios forestales en el futuro. Adem\u00e1s, se est\u00e1n revisando las pol\u00edticas y estrategias actuales de gesti\u00f3n de riesgos y respuesta a emergencias para fortalecer las capacidades de reacci\u00f3n ante situaciones similares.<\/p>\n<h3>Investigaci\u00f3n en Curso<\/h3>\n<p>Mientras los detenidos se encuentran a disposici\u00f3n judicial para determinar su grado de responsabilidad en los hechos, la investigaci\u00f3n sigue en curso. La polic\u00eda no descarta la posibilidad de que haya m\u00e1s personas involucradas en la planificaci\u00f3n y ejecuci\u00f3n de estos incendios. Se est\u00e1 haciendo un llamado a la poblaci\u00f3n para que colabore con cualquier informaci\u00f3n que pueda ser \u00fatil en la resoluci\u00f3n completa de este caso.<\/p>\n<p>En conclusi\u00f3n, la r\u00e1pida acci\u00f3n de las autoridades ha permitido la detenci\u00f3n de dos presuntos culpables en los incendios de Mombeltr\u00e1n y Puercas. Sin embargo, el caso a\u00fan no est\u00e1 cerrado, y se espera que las investigaciones adicionales proporcionen m\u00e1s claridad sobre estos incidentes y ayuden a prevenir futuras tragedias.<\/p>\n\n\n<div class=\"kk-star-ratings kksr-auto kksr-align-left kksr-valign-bottom\"\n    data-payload='{&quot;align&quot;:&quot;left&quot;,&quot;id&quot;:&quot;4174&quot;,&quot;slug&quot;:&quot;default&quot;,&quot;valign&quot;:&quot;bottom&quot;,&quot;ignore&quot;:&quot;&quot;,&quot;reference&quot;:&quot;auto&quot;,&quot;class&quot;:&quot;&quot;,&quot;count&quot;:&quot;0&quot;,&quot;legendonly&quot;:&quot;&quot;,&quot;readonly&quot;:&quot;&quot;,&quot;score&quot;:&quot;0&quot;,&quot;starsonly&quot;:&quot;&quot;,&quot;best&quot;:&quot;5&quot;,&quot;gap&quot;:&quot;5&quot;,&quot;greet&quot;:&quot;Valora este post&quot;,&quot;legend&quot;:&quot;0\\\/5 - (0 votes)&quot;,&quot;size&quot;:&quot;22&quot;,&quot;title&quot;:&quot;\u00a1Urgente! Dos arrestados por incendios catastr\u00f3ficos en Mombeltr\u00e1n y Puercas&quot;,&quot;width&quot;:&quot;0&quot;,&quot;_legend&quot;:&quot;{score}\\\/{best} - ({count} {votes})&quot;,&quot;font_factor&quot;:&quot;1.25&quot;}'>\n            \n<div class=\"kksr-stars\">\n    \n<div class=\"kksr-stars-inactive\">\n            <div class=\"kksr-star\" data-star=\"1\" style=\"padding-right: 5px\">\n            \n\n<div class=\"kksr-icon\" style=\"width: 22px; height: 22px;\"><\/div>\n        <\/div>\n            <div class=\"kksr-star\" data-star=\"2\" style=\"padding-right: 5px\">\n            \n\n<div class=\"kksr-icon\" style=\"width: 22px; height: 22px;\"><\/div>\n        <\/div>\n            <div class=\"kksr-star\" data-star=\"3\" style=\"padding-right: 5px\">\n            \n\n<div class=\"kksr-icon\" style=\"width: 22px; height: 22px;\"><\/div>\n        <\/div>\n            <div class=\"kksr-star\" data-star=\"4\" style=\"padding-right: 5px\">\n            \n\n<div class=\"kksr-icon\" style=\"width: 22px; height: 22px;\"><\/div>\n        <\/div>\n            <div class=\"kksr-star\" data-star=\"5\" style=\"padding-right: 5px\">\n            \n\n<div class=\"kksr-icon\" style=\"width: 22px; height: 22px;\"><\/div>\n        <\/div>\n    <\/div>\n    \n<div class=\"kksr-stars-active\" style=\"width: 0px;\">\n            <div class=\"kksr-star\" style=\"padding-right: 5px\">\n            \n\n<div class=\"kksr-icon\" style=\"width: 22px; height: 22px;\"><\/div>\n        <\/div>\n            <div class=\"kksr-star\" style=\"padding-right: 5px\">\n            \n\n<div class=\"kksr-icon\" style=\"width: 22px; height: 22px;\"><\/div>\n        <\/div>\n            <div class=\"kksr-star\" style=\"padding-right: 5px\">\n            \n\n<div class=\"kksr-icon\" style=\"width: 22px; height: 22px;\"><\/div>\n        <\/div>\n            <div class=\"kksr-star\" style=\"padding-right: 5px\">\n            \n\n<div class=\"kksr-icon\" style=\"width: 22px; height: 22px;\"><\/div>\n        <\/div>\n            <div class=\"kksr-star\" style=\"padding-right: 5px\">\n            \n\n<div class=\"kksr-icon\" style=\"width: 22px; height: 22px;\"><\/div>\n        <\/div>\n    <\/div>\n<\/div>\n                \n\n<div class=\"kksr-legend\" style=\"font-size: 17.6px;\">\n            <span class=\"kksr-muted\">Valora este post<\/span>\n    <\/div>\n    <\/div>\n","protected":false},"excerpt":{"rendered":"<p>Arrestan a Dos Individuos por Incendios en Mombeltr\u00e1n y Puercas En recientes operaciones policiales, se ha logrado la detenci\u00f3n de dos personas implicadas en la iniciaci\u00f3n &#8230; <a title=\"\u00a1Urgente! Dos arrestados por incendios catastr\u00f3ficos en Mombeltr\u00e1n y Puercas\" class=\"read-more\" href=\"https:\/\/www.diario21.tv\/noticias\/urgente-dos-arrestados-por-incendios-catastroficos-en-mombeltran-y-puercas\/\" aria-label=\"Leer m\u00e1s sobre \u00a1Urgente! Dos arrestados por incendios catastr\u00f3ficos en Mombeltr\u00e1n y Puercas\">Seguir leyendo &rarr;<\/a><\/p>\n","protected":false},"author":20,"featured_media":4175,"comment_status":"open","ping_status":"open","sticky":false,"template":"","format":"standard","meta":{"footnotes":""},"categories":[13],"tags":[],"class_list":["post-4174","post","type-post","status-publish","format-standard","has-post-thumbnail","hentry","category-portada"],"yoast_head":"<!-- This site is optimized with the Yoast SEO plugin v25.6 - https:\/\/yoast.com\/wordpress\/plugins\/seo\/ -->\n<title>\u00a1Urgente! Dos arrestados por incendios catastr\u00f3ficos en Mombeltr\u00e1n y Puercas - Diario 21<\/title>\n<meta name=\"robots\" content=\"index, follow, max-snippet:-1, max-image-preview:large, max-video-preview:-1\" \/>\n<link rel=\"canonical\" href=\"https:\/\/www.diario21.tv\/noticias\/urgente-dos-arrestados-por-incendios-catastroficos-en-mombeltran-y-puercas\/\" \/>\n<meta property=\"og:locale\" content=\"es_ES\" \/>\n<meta property=\"og:type\" content=\"article\" \/>\n<meta property=\"og:title\" content=\"\u00a1Urgente! Dos arrestados por incendios catastr\u00f3ficos en Mombeltr\u00e1n y Puercas - Diario 21\" \/>\n<meta property=\"og:description\" content=\"Arrestan a Dos Individuos por Incendios en Mombeltr\u00e1n y Puercas En recientes operaciones policiales, se ha logrado la detenci\u00f3n de dos personas implicadas en la iniciaci\u00f3n ... Seguir leyendo &rarr;\" \/>\n<meta property=\"og:url\" content=\"https:\/\/www.diario21.tv\/noticias\/urgente-dos-arrestados-por-incendios-catastroficos-en-mombeltran-y-puercas\/\" \/>\n<meta property=\"og:site_name\" content=\"Diario 21\" \/>\n<meta property=\"article:published_time\" content=\"2025-08-16T04:43:56+00:00\" \/>\n<meta property=\"article:modified_time\" content=\"2025-08-16T04:43:57+00:00\" \/>\n<meta property=\"og:image\" content=\"https:\/\/www.diario21.tv\/noticias\/wp-content\/uploads\/2025\/08\/\u00a1Urgente-Dos-arrestados-por-incendios-catastroficos-en-Mombeltran-y-Puercas.jpg\" \/>\n\t<meta property=\"og:image:width\" content=\"1200\" \/>\n\t<meta property=\"og:image:height\" content=\"840\" \/>\n\t<meta property=\"og:image:type\" content=\"image\/jpeg\" \/>\n<meta name=\"author\" content=\"Juan P\u00e9rez\" \/>\n<meta name=\"twitter:card\" content=\"summary_large_image\" \/>\n<meta name=\"twitter:label1\" content=\"Escrito por\" \/>\n\t<meta name=\"twitter:data1\" content=\"Juan P\u00e9rez\" \/>\n\t<meta name=\"twitter:label2\" content=\"Tiempo de lectura\" \/>\n\t<meta name=\"twitter:data2\" content=\"2 minutos\" \/>\n<script type=\"application\/ld+json\" class=\"yoast-schema-graph\">{\"@context\":\"https:\/\/schema.org\",\"@graph\":[{\"@type\":\"WebPage\",\"@id\":\"https:\/\/www.diario21.tv\/noticias\/urgente-dos-arrestados-por-incendios-catastroficos-en-mombeltran-y-puercas\/\",\"url\":\"https:\/\/www.diario21.tv\/noticias\/urgente-dos-arrestados-por-incendios-catastroficos-en-mombeltran-y-puercas\/\",\"name\":\"\u00a1Urgente! Dos arrestados por incendios catastr\u00f3ficos en Mombeltr\u00e1n y Puercas - Diario 21\",\"isPartOf\":{\"@id\":\"https:\/\/www.diario21.tv\/noticias\/#website\"},\"primaryImageOfPage\":{\"@id\":\"https:\/\/www.diario21.tv\/noticias\/urgente-dos-arrestados-por-incendios-catastroficos-en-mombeltran-y-puercas\/#primaryimage\"},\"image\":{\"@id\":\"https:\/\/www.diario21.tv\/noticias\/urgente-dos-arrestados-por-incendios-catastroficos-en-mombeltran-y-puercas\/#primaryimage\"},\"thumbnailUrl\":\"https:\/\/www.diario21.tv\/noticias\/wp-content\/uploads\/2025\/08\/\u00a1Urgente-Dos-arrestados-por-incendios-catastroficos-en-Mombeltran-y-Puercas.jpg\",\"datePublished\":\"2025-08-16T04:43:56+00:00\",\"dateModified\":\"2025-08-16T04:43:57+00:00\",\"author\":{\"@id\":\"https:\/\/www.diario21.tv\/noticias\/#\/schema\/person\/dfb778f73814d8f09f302618446a526b\"},\"breadcrumb\":{\"@id\":\"https:\/\/www.diario21.tv\/noticias\/urgente-dos-arrestados-por-incendios-catastroficos-en-mombeltran-y-puercas\/#breadcrumb\"},\"inLanguage\":\"es-AR\",\"potentialAction\":[{\"@type\":\"ReadAction\",\"target\":[\"https:\/\/www.diario21.tv\/noticias\/urgente-dos-arrestados-por-incendios-catastroficos-en-mombeltran-y-puercas\/\"]}]},{\"@type\":\"ImageObject\",\"inLanguage\":\"es-AR\",\"@id\":\"https:\/\/www.diario21.tv\/noticias\/urgente-dos-arrestados-por-incendios-catastroficos-en-mombeltran-y-puercas\/#primaryimage\",\"url\":\"https:\/\/www.diario21.tv\/noticias\/wp-content\/uploads\/2025\/08\/\u00a1Urgente-Dos-arrestados-por-incendios-catastroficos-en-Mombeltran-y-Puercas.jpg\",\"contentUrl\":\"https:\/\/www.diario21.tv\/noticias\/wp-content\/uploads\/2025\/08\/\u00a1Urgente-Dos-arrestados-por-incendios-catastroficos-en-Mombeltran-y-Puercas.jpg\",\"width\":1200,\"height\":840,\"caption\":\"Dos detenidos por provocar los incendios de Mombeltr\u00e1n y Puercas\"},{\"@type\":\"BreadcrumbList\",\"@id\":\"https:\/\/www.diario21.tv\/noticias\/urgente-dos-arrestados-por-incendios-catastroficos-en-mombeltran-y-puercas\/#breadcrumb\",\"itemListElement\":[{\"@type\":\"ListItem\",\"position\":1,\"name\":\"Accueil\",\"item\":\"https:\/\/www.diario21.tv\/noticias\/\"},{\"@type\":\"ListItem\",\"position\":2,\"name\":\"\u00a1Urgente! Dos arrestados por incendios catastr\u00f3ficos en Mombeltr\u00e1n y Puercas\"}]},{\"@type\":\"WebSite\",\"@id\":\"https:\/\/www.diario21.tv\/noticias\/#website\",\"url\":\"https:\/\/www.diario21.tv\/noticias\/\",\"name\":\"Diario 21\",\"description\":\"\",\"potentialAction\":[{\"@type\":\"SearchAction\",\"target\":{\"@type\":\"EntryPoint\",\"urlTemplate\":\"https:\/\/www.diario21.tv\/noticias\/?s={search_term_string}\"},\"query-input\":{\"@type\":\"PropertyValueSpecification\",\"valueRequired\":true,\"valueName\":\"search_term_string\"}}],\"inLanguage\":\"es-AR\"},{\"@type\":\"Person\",\"@id\":\"https:\/\/www.diario21.tv\/noticias\/#\/schema\/person\/dfb778f73814d8f09f302618446a526b\",\"name\":\"Juan P\u00e9rez\",\"image\":{\"@type\":\"ImageObject\",\"inLanguage\":\"es-AR\",\"@id\":\"https:\/\/www.diario21.tv\/noticias\/#\/schema\/person\/image\/\",\"url\":\"https:\/\/secure.gravatar.com\/avatar\/c478a405bd10621167f4c3167cc770f5?s=96&d=mm&r=g\",\"contentUrl\":\"https:\/\/secure.gravatar.com\/avatar\/c478a405bd10621167f4c3167cc770f5?s=96&d=mm&r=g\",\"caption\":\"Juan P\u00e9rez\"},\"description\":\"Juan P\u00e9rez es el redactor en jefe de Diario 21. Con m\u00e1s de 10 a\u00f1os de experiencia en el periodismo, se especializa en pol\u00edtica nacional y an\u00e1lisis socioecon\u00f3mico. Su enfoque cr\u00edtico y riguroso aporta una perspectiva \u00fanica a cada art\u00edculo.\",\"sameAs\":[\"https:\/\/www.diario21.tv\/noticias\/\"],\"url\":\"https:\/\/www.diario21.tv\/noticias\/author\/juan-perez\/\"}]}<\/script>\n<!-- \/ Yoast SEO plugin. -->","yoast_head_json":{"title":"\u00a1Urgente! Dos arrestados por incendios catastr\u00f3ficos en Mombeltr\u00e1n y Puercas - Diario 21","robots":{"index":"index","follow":"follow","max-snippet":"max-snippet:-1","max-image-preview":"max-image-preview:large","max-video-preview":"max-video-preview:-1"},"canonical":"https:\/\/www.diario21.tv\/noticias\/urgente-dos-arrestados-por-incendios-catastroficos-en-mombeltran-y-puercas\/","og_locale":"es_ES","og_type":"article","og_title":"\u00a1Urgente! Dos arrestados por incendios catastr\u00f3ficos en Mombeltr\u00e1n y Puercas - Diario 21","og_description":"Arrestan a Dos Individuos por Incendios en Mombeltr\u00e1n y Puercas En recientes operaciones policiales, se ha logrado la detenci\u00f3n de dos personas implicadas en la iniciaci\u00f3n ... Seguir leyendo &rarr;","og_url":"https:\/\/www.diario21.tv\/noticias\/urgente-dos-arrestados-por-incendios-catastroficos-en-mombeltran-y-puercas\/","og_site_name":"Diario 21","article_published_time":"2025-08-16T04:43:56+00:00","article_modified_time":"2025-08-16T04:43:57+00:00","og_image":[{"width":1200,"height":840,"url":"https:\/\/www.diario21.tv\/noticias\/wp-content\/uploads\/2025\/08\/\u00a1Urgente-Dos-arrestados-por-incendios-catastroficos-en-Mombeltran-y-Puercas.jpg","type":"image\/jpeg"}],"author":"Juan P\u00e9rez","twitter_card":"summary_large_image","twitter_misc":{"Escrito por":"Juan P\u00e9rez","Tiempo de lectura":"2 minutos"},"schema":{"@context":"https:\/\/schema.org","@graph":[{"@type":"WebPage","@id":"https:\/\/www.diario21.tv\/noticias\/urgente-dos-arrestados-por-incendios-catastroficos-en-mombeltran-y-puercas\/","url":"https:\/\/www.diario21.tv\/noticias\/urgente-dos-arrestados-por-incendios-catastroficos-en-mombeltran-y-puercas\/","name":"\u00a1Urgente! Dos arrestados por incendios catastr\u00f3ficos en Mombeltr\u00e1n y Puercas - Diario 21","isPartOf":{"@id":"https:\/\/www.diario21.tv\/noticias\/#website"},"primaryImageOfPage":{"@id":"https:\/\/www.diario21.tv\/noticias\/urgente-dos-arrestados-por-incendios-catastroficos-en-mombeltran-y-puercas\/#primaryimage"},"image":{"@id":"https:\/\/www.diario21.tv\/noticias\/urgente-dos-arrestados-por-incendios-catastroficos-en-mombeltran-y-puercas\/#primaryimage"},"thumbnailUrl":"https:\/\/www.diario21.tv\/noticias\/wp-content\/uploads\/2025\/08\/\u00a1Urgente-Dos-arrestados-por-incendios-catastroficos-en-Mombeltran-y-Puercas.jpg","datePublished":"2025-08-16T04:43:56+00:00","dateModified":"2025-08-16T04:43:57+00:00","author":{"@id":"https:\/\/www.diario21.tv\/noticias\/#\/schema\/person\/dfb778f73814d8f09f302618446a526b"},"breadcrumb":{"@id":"https:\/\/www.diario21.tv\/noticias\/urgente-dos-arrestados-por-incendios-catastroficos-en-mombeltran-y-puercas\/#breadcrumb"},"inLanguage":"es-AR","potentialAction":[{"@type":"ReadAction","target":["https:\/\/www.diario21.tv\/noticias\/urgente-dos-arrestados-por-incendios-catastroficos-en-mombeltran-y-puercas\/"]}]},{"@type":"ImageObject","inLanguage":"es-AR","@id":"https:\/\/www.diario21.tv\/noticias\/urgente-dos-arrestados-por-incendios-catastroficos-en-mombeltran-y-puercas\/#primaryimage","url":"https:\/\/www.diario21.tv\/noticias\/wp-content\/uploads\/2025\/08\/\u00a1Urgente-Dos-arrestados-por-incendios-catastroficos-en-Mombeltran-y-Puercas.jpg","contentUrl":"https:\/\/www.diario21.tv\/noticias\/wp-content\/uploads\/2025\/08\/\u00a1Urgente-Dos-arrestados-por-incendios-catastroficos-en-Mombeltran-y-Puercas.jpg","width":1200,"height":840,"caption":"Dos detenidos por provocar los incendios de Mombeltr\u00e1n y Puercas"},{"@type":"BreadcrumbList","@id":"https:\/\/www.diario21.tv\/noticias\/urgente-dos-arrestados-por-incendios-catastroficos-en-mombeltran-y-puercas\/#breadcrumb","itemListElement":[{"@type":"ListItem","position":1,"name":"Accueil","item":"https:\/\/www.diario21.tv\/noticias\/"},{"@type":"ListItem","position":2,"name":"\u00a1Urgente! Dos arrestados por incendios catastr\u00f3ficos en Mombeltr\u00e1n y Puercas"}]},{"@type":"WebSite","@id":"https:\/\/www.diario21.tv\/noticias\/#website","url":"https:\/\/www.diario21.tv\/noticias\/","name":"Diario 21","description":"","potentialAction":[{"@type":"SearchAction","target":{"@type":"EntryPoint","urlTemplate":"https:\/\/www.diario21.tv\/noticias\/?s={search_term_string}"},"query-input":{"@type":"PropertyValueSpecification","valueRequired":true,"valueName":"search_term_string"}}],"inLanguage":"es-AR"},{"@type":"Person","@id":"https:\/\/www.diario21.tv\/noticias\/#\/schema\/person\/dfb778f73814d8f09f302618446a526b","name":"Juan P\u00e9rez","image":{"@type":"ImageObject","inLanguage":"es-AR","@id":"https:\/\/www.diario21.tv\/noticias\/#\/schema\/person\/image\/","url":"https:\/\/secure.gravatar.com\/avatar\/c478a405bd10621167f4c3167cc770f5?s=96&d=mm&r=g","contentUrl":"https:\/\/secure.gravatar.com\/avatar\/c478a405bd10621167f4c3167cc770f5?s=96&d=mm&r=g","caption":"Juan P\u00e9rez"},"description":"Juan P\u00e9rez es el redactor en jefe de Diario 21. Con m\u00e1s de 10 a\u00f1os de experiencia en el periodismo, se especializa en pol\u00edtica nacional y an\u00e1lisis socioecon\u00f3mico. Su enfoque cr\u00edtico y riguroso aporta una perspectiva \u00fanica a cada art\u00edculo.","sameAs":["https:\/\/www.diario21.tv\/noticias\/"],"url":"https:\/\/www.diario21.tv\/noticias\/author\/juan-perez\/"}]}},"_links":{"self":[{"href":"https:\/\/www.diario21.tv\/noticias\/wp-json\/wp\/v2\/posts\/4174"}],"collection":[{"href":"https:\/\/www.diario21.tv\/noticias\/wp-json\/wp\/v2\/posts"}],"about":[{"href":"https:\/\/www.diario21.tv\/noticias\/wp-json\/wp\/v2\/types\/post"}],"author":[{"embeddable":true,"href":"https:\/\/www.diario21.tv\/noticias\/wp-json\/wp\/v2\/users\/20"}],"replies":[{"embeddable":true,"href":"https:\/\/www.diario21.tv\/noticias\/wp-json\/wp\/v2\/comments?post=4174"}],"version-history":[{"count":1,"href":"https:\/\/www.diario21.tv\/noticias\/wp-json\/wp\/v2\/posts\/4174\/revisions"}],"predecessor-version":[{"id":4176,"href":"https:\/\/www.diario21.tv\/noticias\/wp-json\/wp\/v2\/posts\/4174\/revisions\/4176"}],"wp:featuredmedia":[{"embeddable":true,"href":"https:\/\/www.diario21.tv\/noticias\/wp-json\/wp\/v2\/media\/4175"}],"wp:attachment":[{"href":"https:\/\/www.diario21.tv\/noticias\/wp-json\/wp\/v2\/media?parent=4174"}],"wp:term":[{"taxonomy":"category","embeddable":true,"href":"https:\/\/www.diario21.tv\/noticias\/wp-json\/wp\/v2\/categories?post=4174"},{"taxonomy":"post_tag","embeddable":true,"href":"https:\/\/www.diario21.tv\/noticias\/wp-json\/wp\/v2\/tags?post=4174"}],"curies":[{"name":"wp","href":"https:\/\/api.w.org\/{rel}","templated":true}]}}