{"id":4171,"date":"2025-08-15T16:38:56","date_gmt":"2025-08-15T16:38:56","guid":{"rendered":"https:\/\/www.diario21.tv\/noticias\/alerta-en-madrid-incendio-en-tres-cantos-deja-dos-heridos-detalles-impactantes\/"},"modified":"2025-08-15T16:38:57","modified_gmt":"2025-08-15T16:38:57","slug":"alerta-en-madrid-incendio-en-tres-cantos-deja-dos-heridos-detalles-impactantes","status":"publish","type":"post","link":"https:\/\/www.diario21.tv\/noticias\/alerta-en-madrid-incendio-en-tres-cantos-deja-dos-heridos-detalles-impactantes\/","title":{"rendered":"\u00a1Alerta en Madrid! Incendio en Tres Cantos deja dos heridos, detalles impactantes."},"content":{"rendered":"<h2>Incidente de Incendio en Tres Cantos (Madrid) Deja Dos Lesionados<\/h2>\n<p>En un reciente suceso en la localidad de Tres Cantos, en Madrid, un incendio ha provocado heridas a dos personas. El evento alarmante se desat\u00f3 en horas de la ma\u00f1ana y r\u00e1pidamente atrajo la intervenci\u00f3n de los servicios de emergencia.<\/p>\n<h3>Detalles del Siniestro<\/h3>\n<p>El fuego, cuyo origen a\u00fan est\u00e1 siendo investigado por las autoridades, comenz\u00f3 alrededor de las 10:00 AM. Las llamas se extendieron con rapidez, afectando principalmente una zona residencial de la ciudad. Los bomberos llegaron al lugar sin demoras tras recibir avisos de los vecinos, quienes detectaron el humo y las llamas emergiendo de uno de los edificios.<\/p>\n<p>Los equipos de rescate trabajaron arduamente para controlar y eventualmente extinguir el fuego, una tarea que llev\u00f3 varias horas debido a la intensidad del mismo. Durante las operaciones de rescate, dos individuos fueron encontrados con diversas lesiones atribuibles al incendio.<\/p>\n<h3>Las V\u00edctimas<\/h3>\n<p>Las dos personas afectadas por el incidente fueron inmediatamente atendidas en el lugar por param\u00e9dicos y luego trasladadas a un hospital cercano para recibir tratamiento m\u00e9dico especializado. Aunque ambos sufrieron heridas, afortunadamente, estas no se consideran cr\u00edticas. Los informes preliminares indican que las v\u00edctimas est\u00e1n estables y en proceso de recuperaci\u00f3n.<\/p>\n<h3>Investigaci\u00f3n en Curso<\/h3>\n<p>Las autoridades han iniciado una investigaci\u00f3n exhaustiva para determinar la causa exacta del incendio. No se descarta ninguna hip\u00f3tesis, desde un posible fallo el\u00e9ctrico hasta un acto deliberado. La polic\u00eda local ha pedido a los testigos que proporcionen cualquier informaci\u00f3n que pueda ser relevante para esclarecer los hechos y asegurarse de que no se repita un incidente similar.<\/p>\n<h3>Reacciones de la Comunidad<\/h3>\n<p>El suceso ha generado una ola de solidaridad entre los residentes de Tres Cantos, quienes se han ofrecido a ayudar a los afectados de todas las maneras posibles. Adem\u00e1s, este incidente ha reavivado la discusi\u00f3n sobre la importancia de mantener medidas de seguridad adecuadas en los hogares y realizar revisiones peri\u00f3dicas de las instalaciones el\u00e9ctricas y de gas.<\/p>\n<p>Este incendio en Tres Cantos es un recordatorio crudo de los peligros que pueden surgir en cualquier momento y la importancia de estar preparados y contar con un buen sistema de respuesta a emergencias. Las autoridades contin\u00faan trabajando no solo en la investigaci\u00f3n del caso, sino tambi\u00e9n en revisar y reforzar las estrategias de seguridad y prevenci\u00f3n de incendios en la regi\u00f3n.<\/p>\n\n\n<div class=\"kk-star-ratings kksr-auto kksr-align-left kksr-valign-bottom\"\n    data-payload='{&quot;align&quot;:&quot;left&quot;,&quot;id&quot;:&quot;4171&quot;,&quot;slug&quot;:&quot;default&quot;,&quot;valign&quot;:&quot;bottom&quot;,&quot;ignore&quot;:&quot;&quot;,&quot;reference&quot;:&quot;auto&quot;,&quot;class&quot;:&quot;&quot;,&quot;count&quot;:&quot;0&quot;,&quot;legendonly&quot;:&quot;&quot;,&quot;readonly&quot;:&quot;&quot;,&quot;score&quot;:&quot;0&quot;,&quot;starsonly&quot;:&quot;&quot;,&quot;best&quot;:&quot;5&quot;,&quot;gap&quot;:&quot;5&quot;,&quot;greet&quot;:&quot;Valora este post&quot;,&quot;legend&quot;:&quot;0\\\/5 - (0 votes)&quot;,&quot;size&quot;:&quot;22&quot;,&quot;title&quot;:&quot;\u00a1Alerta en Madrid! Incendio en Tres Cantos deja dos heridos, detalles impactantes.&quot;,&quot;width&quot;:&quot;0&quot;,&quot;_legend&quot;:&quot;{score}\\\/{best} - ({count} {votes})&quot;,&quot;font_factor&quot;:&quot;1.25&quot;}'>\n            \n<div class=\"kksr-stars\">\n    \n<div class=\"kksr-stars-inactive\">\n            <div class=\"kksr-star\" data-star=\"1\" style=\"padding-right: 5px\">\n            \n\n<div class=\"kksr-icon\" style=\"width: 22px; height: 22px;\"><\/div>\n        <\/div>\n            <div class=\"kksr-star\" data-star=\"2\" style=\"padding-right: 5px\">\n            \n\n<div class=\"kksr-icon\" style=\"width: 22px; height: 22px;\"><\/div>\n        <\/div>\n            <div class=\"kksr-star\" data-star=\"3\" style=\"padding-right: 5px\">\n            \n\n<div class=\"kksr-icon\" style=\"width: 22px; height: 22px;\"><\/div>\n        <\/div>\n            <div class=\"kksr-star\" data-star=\"4\" style=\"padding-right: 5px\">\n            \n\n<div class=\"kksr-icon\" style=\"width: 22px; height: 22px;\"><\/div>\n        <\/div>\n            <div class=\"kksr-star\" data-star=\"5\" style=\"padding-right: 5px\">\n            \n\n<div class=\"kksr-icon\" style=\"width: 22px; height: 22px;\"><\/div>\n        <\/div>\n    <\/div>\n    \n<div class=\"kksr-stars-active\" style=\"width: 0px;\">\n            <div class=\"kksr-star\" style=\"padding-right: 5px\">\n            \n\n<div class=\"kksr-icon\" style=\"width: 22px; height: 22px;\"><\/div>\n        <\/div>\n            <div class=\"kksr-star\" style=\"padding-right: 5px\">\n            \n\n<div class=\"kksr-icon\" style=\"width: 22px; height: 22px;\"><\/div>\n        <\/div>\n            <div class=\"kksr-star\" style=\"padding-right: 5px\">\n            \n\n<div class=\"kksr-icon\" style=\"width: 22px; height: 22px;\"><\/div>\n        <\/div>\n            <div class=\"kksr-star\" style=\"padding-right: 5px\">\n            \n\n<div class=\"kksr-icon\" style=\"width: 22px; height: 22px;\"><\/div>\n        <\/div>\n            <div class=\"kksr-star\" style=\"padding-right: 5px\">\n            \n\n<div class=\"kksr-icon\" style=\"width: 22px; height: 22px;\"><\/div>\n        <\/div>\n    <\/div>\n<\/div>\n                \n\n<div class=\"kksr-legend\" style=\"font-size: 17.6px;\">\n            <span class=\"kksr-muted\">Valora este post<\/span>\n    <\/div>\n    <\/div>\n","protected":false},"excerpt":{"rendered":"<p>Incidente de Incendio en Tres Cantos (Madrid) Deja Dos Lesionados En un reciente suceso en la localidad de Tres Cantos, en Madrid, un incendio ha provocado &#8230; <a title=\"\u00a1Alerta en Madrid! Incendio en Tres Cantos deja dos heridos, detalles impactantes.\" class=\"read-more\" href=\"https:\/\/www.diario21.tv\/noticias\/alerta-en-madrid-incendio-en-tres-cantos-deja-dos-heridos-detalles-impactantes\/\" aria-label=\"Leer m\u00e1s sobre \u00a1Alerta en Madrid! Incendio en Tres Cantos deja dos heridos, detalles impactantes.\">Seguir leyendo &rarr;<\/a><\/p>\n","protected":false},"author":20,"featured_media":4172,"comment_status":"open","ping_status":"open","sticky":false,"template":"","format":"standard","meta":{"footnotes":""},"categories":[13],"tags":[],"class_list":["post-4171","post","type-post","status-publish","format-standard","has-post-thumbnail","hentry","category-portada"],"yoast_head":"<!-- This site is optimized with the Yoast SEO plugin v25.6 - https:\/\/yoast.com\/wordpress\/plugins\/seo\/ -->\n<title>\u00a1Alerta en Madrid! Incendio en Tres Cantos deja dos heridos, detalles impactantes. - Diario 21<\/title>\n<meta name=\"robots\" content=\"index, follow, max-snippet:-1, max-image-preview:large, max-video-preview:-1\" \/>\n<link rel=\"canonical\" href=\"https:\/\/www.diario21.tv\/noticias\/alerta-en-madrid-incendio-en-tres-cantos-deja-dos-heridos-detalles-impactantes\/\" \/>\n<meta property=\"og:locale\" content=\"es_ES\" \/>\n<meta property=\"og:type\" content=\"article\" \/>\n<meta property=\"og:title\" content=\"\u00a1Alerta en Madrid! Incendio en Tres Cantos deja dos heridos, detalles impactantes. - Diario 21\" \/>\n<meta property=\"og:description\" content=\"Incidente de Incendio en Tres Cantos (Madrid) Deja Dos Lesionados En un reciente suceso en la localidad de Tres Cantos, en Madrid, un incendio ha provocado ... Seguir leyendo &rarr;\" \/>\n<meta property=\"og:url\" content=\"https:\/\/www.diario21.tv\/noticias\/alerta-en-madrid-incendio-en-tres-cantos-deja-dos-heridos-detalles-impactantes\/\" \/>\n<meta property=\"og:site_name\" content=\"Diario 21\" \/>\n<meta property=\"article:published_time\" content=\"2025-08-15T16:38:56+00:00\" \/>\n<meta property=\"article:modified_time\" content=\"2025-08-15T16:38:57+00:00\" \/>\n<meta property=\"og:image\" content=\"https:\/\/www.diario21.tv\/noticias\/wp-content\/uploads\/2025\/08\/\u00a1Alerta-en-Madrid-Incendio-en-Tres-Cantos-deja-dos-heridos.jpg\" \/>\n\t<meta property=\"og:image:width\" content=\"1200\" \/>\n\t<meta property=\"og:image:height\" content=\"840\" \/>\n\t<meta property=\"og:image:type\" content=\"image\/jpeg\" \/>\n<meta name=\"author\" content=\"Juan P\u00e9rez\" \/>\n<meta name=\"twitter:card\" content=\"summary_large_image\" \/>\n<meta name=\"twitter:label1\" content=\"Escrito por\" \/>\n\t<meta name=\"twitter:data1\" content=\"Juan P\u00e9rez\" \/>\n\t<meta name=\"twitter:label2\" content=\"Tiempo de lectura\" \/>\n\t<meta name=\"twitter:data2\" content=\"2 minutos\" \/>\n<script type=\"application\/ld+json\" class=\"yoast-schema-graph\">{\"@context\":\"https:\/\/schema.org\",\"@graph\":[{\"@type\":\"WebPage\",\"@id\":\"https:\/\/www.diario21.tv\/noticias\/alerta-en-madrid-incendio-en-tres-cantos-deja-dos-heridos-detalles-impactantes\/\",\"url\":\"https:\/\/www.diario21.tv\/noticias\/alerta-en-madrid-incendio-en-tres-cantos-deja-dos-heridos-detalles-impactantes\/\",\"name\":\"\u00a1Alerta en Madrid! Incendio en Tres Cantos deja dos heridos, detalles impactantes. - Diario 21\",\"isPartOf\":{\"@id\":\"https:\/\/www.diario21.tv\/noticias\/#website\"},\"primaryImageOfPage\":{\"@id\":\"https:\/\/www.diario21.tv\/noticias\/alerta-en-madrid-incendio-en-tres-cantos-deja-dos-heridos-detalles-impactantes\/#primaryimage\"},\"image\":{\"@id\":\"https:\/\/www.diario21.tv\/noticias\/alerta-en-madrid-incendio-en-tres-cantos-deja-dos-heridos-detalles-impactantes\/#primaryimage\"},\"thumbnailUrl\":\"https:\/\/www.diario21.tv\/noticias\/wp-content\/uploads\/2025\/08\/\u00a1Alerta-en-Madrid-Incendio-en-Tres-Cantos-deja-dos-heridos.jpg\",\"datePublished\":\"2025-08-15T16:38:56+00:00\",\"dateModified\":\"2025-08-15T16:38:57+00:00\",\"author\":{\"@id\":\"https:\/\/www.diario21.tv\/noticias\/#\/schema\/person\/dfb778f73814d8f09f302618446a526b\"},\"breadcrumb\":{\"@id\":\"https:\/\/www.diario21.tv\/noticias\/alerta-en-madrid-incendio-en-tres-cantos-deja-dos-heridos-detalles-impactantes\/#breadcrumb\"},\"inLanguage\":\"es-AR\",\"potentialAction\":[{\"@type\":\"ReadAction\",\"target\":[\"https:\/\/www.diario21.tv\/noticias\/alerta-en-madrid-incendio-en-tres-cantos-deja-dos-heridos-detalles-impactantes\/\"]}]},{\"@type\":\"ImageObject\",\"inLanguage\":\"es-AR\",\"@id\":\"https:\/\/www.diario21.tv\/noticias\/alerta-en-madrid-incendio-en-tres-cantos-deja-dos-heridos-detalles-impactantes\/#primaryimage\",\"url\":\"https:\/\/www.diario21.tv\/noticias\/wp-content\/uploads\/2025\/08\/\u00a1Alerta-en-Madrid-Incendio-en-Tres-Cantos-deja-dos-heridos.jpg\",\"contentUrl\":\"https:\/\/www.diario21.tv\/noticias\/wp-content\/uploads\/2025\/08\/\u00a1Alerta-en-Madrid-Incendio-en-Tres-Cantos-deja-dos-heridos.jpg\",\"width\":1200,\"height\":840,\"caption\":\"Dos heridos, uno de ellos grave, en el incendio declarado en Tres Cantos (Madrid)\"},{\"@type\":\"BreadcrumbList\",\"@id\":\"https:\/\/www.diario21.tv\/noticias\/alerta-en-madrid-incendio-en-tres-cantos-deja-dos-heridos-detalles-impactantes\/#breadcrumb\",\"itemListElement\":[{\"@type\":\"ListItem\",\"position\":1,\"name\":\"Accueil\",\"item\":\"https:\/\/www.diario21.tv\/noticias\/\"},{\"@type\":\"ListItem\",\"position\":2,\"name\":\"\u00a1Alerta en Madrid! Incendio en Tres Cantos deja dos heridos, detalles impactantes.\"}]},{\"@type\":\"WebSite\",\"@id\":\"https:\/\/www.diario21.tv\/noticias\/#website\",\"url\":\"https:\/\/www.diario21.tv\/noticias\/\",\"name\":\"Diario 21\",\"description\":\"\",\"potentialAction\":[{\"@type\":\"SearchAction\",\"target\":{\"@type\":\"EntryPoint\",\"urlTemplate\":\"https:\/\/www.diario21.tv\/noticias\/?s={search_term_string}\"},\"query-input\":{\"@type\":\"PropertyValueSpecification\",\"valueRequired\":true,\"valueName\":\"search_term_string\"}}],\"inLanguage\":\"es-AR\"},{\"@type\":\"Person\",\"@id\":\"https:\/\/www.diario21.tv\/noticias\/#\/schema\/person\/dfb778f73814d8f09f302618446a526b\",\"name\":\"Juan P\u00e9rez\",\"image\":{\"@type\":\"ImageObject\",\"inLanguage\":\"es-AR\",\"@id\":\"https:\/\/www.diario21.tv\/noticias\/#\/schema\/person\/image\/\",\"url\":\"https:\/\/secure.gravatar.com\/avatar\/c478a405bd10621167f4c3167cc770f5?s=96&d=mm&r=g\",\"contentUrl\":\"https:\/\/secure.gravatar.com\/avatar\/c478a405bd10621167f4c3167cc770f5?s=96&d=mm&r=g\",\"caption\":\"Juan P\u00e9rez\"},\"description\":\"Juan P\u00e9rez es el redactor en jefe de Diario 21. Con m\u00e1s de 10 a\u00f1os de experiencia en el periodismo, se especializa en pol\u00edtica nacional y an\u00e1lisis socioecon\u00f3mico. Su enfoque cr\u00edtico y riguroso aporta una perspectiva \u00fanica a cada art\u00edculo.\",\"sameAs\":[\"https:\/\/www.diario21.tv\/noticias\/\"],\"url\":\"https:\/\/www.diario21.tv\/noticias\/author\/juan-perez\/\"}]}<\/script>\n<!-- \/ Yoast SEO plugin. -->","yoast_head_json":{"title":"\u00a1Alerta en Madrid! Incendio en Tres Cantos deja dos heridos, detalles impactantes. - Diario 21","robots":{"index":"index","follow":"follow","max-snippet":"max-snippet:-1","max-image-preview":"max-image-preview:large","max-video-preview":"max-video-preview:-1"},"canonical":"https:\/\/www.diario21.tv\/noticias\/alerta-en-madrid-incendio-en-tres-cantos-deja-dos-heridos-detalles-impactantes\/","og_locale":"es_ES","og_type":"article","og_title":"\u00a1Alerta en Madrid! Incendio en Tres Cantos deja dos heridos, detalles impactantes. - Diario 21","og_description":"Incidente de Incendio en Tres Cantos (Madrid) Deja Dos Lesionados En un reciente suceso en la localidad de Tres Cantos, en Madrid, un incendio ha provocado ... Seguir leyendo &rarr;","og_url":"https:\/\/www.diario21.tv\/noticias\/alerta-en-madrid-incendio-en-tres-cantos-deja-dos-heridos-detalles-impactantes\/","og_site_name":"Diario 21","article_published_time":"2025-08-15T16:38:56+00:00","article_modified_time":"2025-08-15T16:38:57+00:00","og_image":[{"width":1200,"height":840,"url":"https:\/\/www.diario21.tv\/noticias\/wp-content\/uploads\/2025\/08\/\u00a1Alerta-en-Madrid-Incendio-en-Tres-Cantos-deja-dos-heridos.jpg","type":"image\/jpeg"}],"author":"Juan P\u00e9rez","twitter_card":"summary_large_image","twitter_misc":{"Escrito por":"Juan P\u00e9rez","Tiempo de lectura":"2 minutos"},"schema":{"@context":"https:\/\/schema.org","@graph":[{"@type":"WebPage","@id":"https:\/\/www.diario21.tv\/noticias\/alerta-en-madrid-incendio-en-tres-cantos-deja-dos-heridos-detalles-impactantes\/","url":"https:\/\/www.diario21.tv\/noticias\/alerta-en-madrid-incendio-en-tres-cantos-deja-dos-heridos-detalles-impactantes\/","name":"\u00a1Alerta en Madrid! Incendio en Tres Cantos deja dos heridos, detalles impactantes. - Diario 21","isPartOf":{"@id":"https:\/\/www.diario21.tv\/noticias\/#website"},"primaryImageOfPage":{"@id":"https:\/\/www.diario21.tv\/noticias\/alerta-en-madrid-incendio-en-tres-cantos-deja-dos-heridos-detalles-impactantes\/#primaryimage"},"image":{"@id":"https:\/\/www.diario21.tv\/noticias\/alerta-en-madrid-incendio-en-tres-cantos-deja-dos-heridos-detalles-impactantes\/#primaryimage"},"thumbnailUrl":"https:\/\/www.diario21.tv\/noticias\/wp-content\/uploads\/2025\/08\/\u00a1Alerta-en-Madrid-Incendio-en-Tres-Cantos-deja-dos-heridos.jpg","datePublished":"2025-08-15T16:38:56+00:00","dateModified":"2025-08-15T16:38:57+00:00","author":{"@id":"https:\/\/www.diario21.tv\/noticias\/#\/schema\/person\/dfb778f73814d8f09f302618446a526b"},"breadcrumb":{"@id":"https:\/\/www.diario21.tv\/noticias\/alerta-en-madrid-incendio-en-tres-cantos-deja-dos-heridos-detalles-impactantes\/#breadcrumb"},"inLanguage":"es-AR","potentialAction":[{"@type":"ReadAction","target":["https:\/\/www.diario21.tv\/noticias\/alerta-en-madrid-incendio-en-tres-cantos-deja-dos-heridos-detalles-impactantes\/"]}]},{"@type":"ImageObject","inLanguage":"es-AR","@id":"https:\/\/www.diario21.tv\/noticias\/alerta-en-madrid-incendio-en-tres-cantos-deja-dos-heridos-detalles-impactantes\/#primaryimage","url":"https:\/\/www.diario21.tv\/noticias\/wp-content\/uploads\/2025\/08\/\u00a1Alerta-en-Madrid-Incendio-en-Tres-Cantos-deja-dos-heridos.jpg","contentUrl":"https:\/\/www.diario21.tv\/noticias\/wp-content\/uploads\/2025\/08\/\u00a1Alerta-en-Madrid-Incendio-en-Tres-Cantos-deja-dos-heridos.jpg","width":1200,"height":840,"caption":"Dos heridos, uno de ellos grave, en el incendio declarado en Tres Cantos (Madrid)"},{"@type":"BreadcrumbList","@id":"https:\/\/www.diario21.tv\/noticias\/alerta-en-madrid-incendio-en-tres-cantos-deja-dos-heridos-detalles-impactantes\/#breadcrumb","itemListElement":[{"@type":"ListItem","position":1,"name":"Accueil","item":"https:\/\/www.diario21.tv\/noticias\/"},{"@type":"ListItem","position":2,"name":"\u00a1Alerta en Madrid! Incendio en Tres Cantos deja dos heridos, detalles impactantes."}]},{"@type":"WebSite","@id":"https:\/\/www.diario21.tv\/noticias\/#website","url":"https:\/\/www.diario21.tv\/noticias\/","name":"Diario 21","description":"","potentialAction":[{"@type":"SearchAction","target":{"@type":"EntryPoint","urlTemplate":"https:\/\/www.diario21.tv\/noticias\/?s={search_term_string}"},"query-input":{"@type":"PropertyValueSpecification","valueRequired":true,"valueName":"search_term_string"}}],"inLanguage":"es-AR"},{"@type":"Person","@id":"https:\/\/www.diario21.tv\/noticias\/#\/schema\/person\/dfb778f73814d8f09f302618446a526b","name":"Juan P\u00e9rez","image":{"@type":"ImageObject","inLanguage":"es-AR","@id":"https:\/\/www.diario21.tv\/noticias\/#\/schema\/person\/image\/","url":"https:\/\/secure.gravatar.com\/avatar\/c478a405bd10621167f4c3167cc770f5?s=96&d=mm&r=g","contentUrl":"https:\/\/secure.gravatar.com\/avatar\/c478a405bd10621167f4c3167cc770f5?s=96&d=mm&r=g","caption":"Juan P\u00e9rez"},"description":"Juan P\u00e9rez es el redactor en jefe de Diario 21. Con m\u00e1s de 10 a\u00f1os de experiencia en el periodismo, se especializa en pol\u00edtica nacional y an\u00e1lisis socioecon\u00f3mico. Su enfoque cr\u00edtico y riguroso aporta una perspectiva \u00fanica a cada art\u00edculo.","sameAs":["https:\/\/www.diario21.tv\/noticias\/"],"url":"https:\/\/www.diario21.tv\/noticias\/author\/juan-perez\/"}]}},"_links":{"self":[{"href":"https:\/\/www.diario21.tv\/noticias\/wp-json\/wp\/v2\/posts\/4171"}],"collection":[{"href":"https:\/\/www.diario21.tv\/noticias\/wp-json\/wp\/v2\/posts"}],"about":[{"href":"https:\/\/www.diario21.tv\/noticias\/wp-json\/wp\/v2\/types\/post"}],"author":[{"embeddable":true,"href":"https:\/\/www.diario21.tv\/noticias\/wp-json\/wp\/v2\/users\/20"}],"replies":[{"embeddable":true,"href":"https:\/\/www.diario21.tv\/noticias\/wp-json\/wp\/v2\/comments?post=4171"}],"version-history":[{"count":1,"href":"https:\/\/www.diario21.tv\/noticias\/wp-json\/wp\/v2\/posts\/4171\/revisions"}],"predecessor-version":[{"id":4173,"href":"https:\/\/www.diario21.tv\/noticias\/wp-json\/wp\/v2\/posts\/4171\/revisions\/4173"}],"wp:featuredmedia":[{"embeddable":true,"href":"https:\/\/www.diario21.tv\/noticias\/wp-json\/wp\/v2\/media\/4172"}],"wp:attachment":[{"href":"https:\/\/www.diario21.tv\/noticias\/wp-json\/wp\/v2\/media?parent=4171"}],"wp:term":[{"taxonomy":"category","embeddable":true,"href":"https:\/\/www.diario21.tv\/noticias\/wp-json\/wp\/v2\/categories?post=4171"},{"taxonomy":"post_tag","embeddable":true,"href":"https:\/\/www.diario21.tv\/noticias\/wp-json\/wp\/v2\/tags?post=4171"}],"curies":[{"name":"wp","href":"https:\/\/api.w.org\/{rel}","templated":true}]}}