{"id":4141,"date":"2025-08-13T04:14:10","date_gmt":"2025-08-13T04:14:10","guid":{"rendered":"https:\/\/www.diario21.tv\/noticias\/impactante-hombre-se-lanza-a-vias-del-metro-para-escapar-de-un-ataque-con-cuchillo\/"},"modified":"2025-08-13T04:14:11","modified_gmt":"2025-08-13T04:14:11","slug":"impactante-hombre-se-lanza-a-vias-del-metro-para-escapar-de-un-ataque-con-cuchillo","status":"publish","type":"post","link":"https:\/\/www.diario21.tv\/noticias\/impactante-hombre-se-lanza-a-vias-del-metro-para-escapar-de-un-ataque-con-cuchillo\/","title":{"rendered":"\u00a1Impactante! Hombre se lanza a v\u00edas del metro para escapar de un ataque con cuchillo"},"content":{"rendered":"<h2>Un Hombre Salta a las V\u00edas del Metro para Evitar un Ataque con Cuchillo<\/h2>\n<p>En un dram\u00e1tico incidente en la red de transporte subterr\u00e1neo, un hombre tom\u00f3 la decisi\u00f3n desesperada de lanzarse a las v\u00edas del metro con el fin de escapar de un atacante que lo amenazaba con un cuchillo. Este suceso alarmante pone de manifiesto los crecientes problemas de seguridad que enfrentan los sistemas de transporte p\u00fablico en muchas ciudades.<\/p>\n<h3>Detalles del Incidente<\/h3>\n<p>Seg\u00fan testigos presenciales, todo comenz\u00f3 cuando dos hombres empezaron a discutir en el and\u00e9n de la estaci\u00f3n. La disputa r\u00e1pidamente escal\u00f3 cuando uno de los individuos sac\u00f3 un cuchillo y comenz\u00f3 a amenazar al otro. Ante el peligro inminente y en un intento desesperado por salvar su vida, la v\u00edctima no vio otra salida que saltar a las v\u00edas justo cuando el metro se acercaba.<\/p>\n<p>La r\u00e1pida intervenci\u00f3n de los empleados de la estaci\u00f3n y varios pasajeros, que activaron las alarmas de emergencia y alertaron al conductor del tren, fue crucial. El tren pudo detenerse a tiempo, evitando lo que podr\u00eda haber sido una tragedia a\u00fan mayor.<\/p>\n<h3>Reacciones y Consecuencias<\/h3>\n<p>El atacante fue detenido por la polic\u00eda poco despu\u00e9s del incidente, gracias a la colaboraci\u00f3n de los testigos y las c\u00e1maras de seguridad instaladas en la estaci\u00f3n. Actualmente se encuentra bajo custodia, pendiente de juicio por intento de asalto con arma blanca y otros cargos relacionados con el incidente.<\/p>\n<p>Por su parte, la v\u00edctima sufri\u00f3 heridas menores debido a la ca\u00edda y el estr\u00e9s emocional del evento, pero afortunadamente no fue golpeado por el tren. Ha sido trasladado a un hospital local donde se recupera de sus lesiones y el shock psicol\u00f3gico sufrido.<\/p>\n<h3>Impacto en la Comunidad y Medidas de Seguridad<\/h3>\n<p>Este evento ha causado gran consternaci\u00f3n entre los habitantes de la ciudad y los usuarios habituales del metro, quienes se sienten cada vez m\u00e1s preocupados por su seguridad personal. En respuesta, las autoridades de transporte han prometido revisar y reforzar las medidas de seguridad en todas las estaciones de metro, incluyendo la posible instalaci\u00f3n de m\u00e1s c\u00e1maras de vigilancia y el aumento del n\u00famero de patrullas de seguridad durante las horas de mayor afluencia.<\/p>\n<p>Este incidente tambi\u00e9n ha reavivado el debate sobre la seguridad en los espacios p\u00fablicos y la necesidad de una acci\u00f3n m\u00e1s decidida para prevenir la violencia y garantizar la seguridad de todos los ciudadanos. La comunidad espera que este suceso sirva como un llamado urgente para abordar estas cuestiones con la seriedad que merecen.<\/p>\n\n\n<div class=\"kk-star-ratings kksr-auto kksr-align-left kksr-valign-bottom\"\n    data-payload='{&quot;align&quot;:&quot;left&quot;,&quot;id&quot;:&quot;4141&quot;,&quot;slug&quot;:&quot;default&quot;,&quot;valign&quot;:&quot;bottom&quot;,&quot;ignore&quot;:&quot;&quot;,&quot;reference&quot;:&quot;auto&quot;,&quot;class&quot;:&quot;&quot;,&quot;count&quot;:&quot;0&quot;,&quot;legendonly&quot;:&quot;&quot;,&quot;readonly&quot;:&quot;&quot;,&quot;score&quot;:&quot;0&quot;,&quot;starsonly&quot;:&quot;&quot;,&quot;best&quot;:&quot;5&quot;,&quot;gap&quot;:&quot;5&quot;,&quot;greet&quot;:&quot;Valora este post&quot;,&quot;legend&quot;:&quot;0\\\/5 - (0 votes)&quot;,&quot;size&quot;:&quot;22&quot;,&quot;title&quot;:&quot;\u00a1Impactante! Hombre se lanza a v\u00edas del metro para escapar de un ataque con cuchillo&quot;,&quot;width&quot;:&quot;0&quot;,&quot;_legend&quot;:&quot;{score}\\\/{best} - ({count} {votes})&quot;,&quot;font_factor&quot;:&quot;1.25&quot;}'>\n            \n<div class=\"kksr-stars\">\n    \n<div class=\"kksr-stars-inactive\">\n            <div class=\"kksr-star\" data-star=\"1\" style=\"padding-right: 5px\">\n            \n\n<div class=\"kksr-icon\" style=\"width: 22px; height: 22px;\"><\/div>\n        <\/div>\n            <div class=\"kksr-star\" data-star=\"2\" style=\"padding-right: 5px\">\n            \n\n<div class=\"kksr-icon\" style=\"width: 22px; height: 22px;\"><\/div>\n        <\/div>\n            <div class=\"kksr-star\" data-star=\"3\" style=\"padding-right: 5px\">\n            \n\n<div class=\"kksr-icon\" style=\"width: 22px; height: 22px;\"><\/div>\n        <\/div>\n            <div class=\"kksr-star\" data-star=\"4\" style=\"padding-right: 5px\">\n            \n\n<div class=\"kksr-icon\" style=\"width: 22px; height: 22px;\"><\/div>\n        <\/div>\n            <div class=\"kksr-star\" data-star=\"5\" style=\"padding-right: 5px\">\n            \n\n<div class=\"kksr-icon\" style=\"width: 22px; height: 22px;\"><\/div>\n        <\/div>\n    <\/div>\n    \n<div class=\"kksr-stars-active\" style=\"width: 0px;\">\n            <div class=\"kksr-star\" style=\"padding-right: 5px\">\n            \n\n<div class=\"kksr-icon\" style=\"width: 22px; height: 22px;\"><\/div>\n        <\/div>\n            <div class=\"kksr-star\" style=\"padding-right: 5px\">\n            \n\n<div class=\"kksr-icon\" style=\"width: 22px; height: 22px;\"><\/div>\n        <\/div>\n            <div class=\"kksr-star\" style=\"padding-right: 5px\">\n            \n\n<div class=\"kksr-icon\" style=\"width: 22px; height: 22px;\"><\/div>\n        <\/div>\n            <div class=\"kksr-star\" style=\"padding-right: 5px\">\n            \n\n<div class=\"kksr-icon\" style=\"width: 22px; height: 22px;\"><\/div>\n        <\/div>\n            <div class=\"kksr-star\" style=\"padding-right: 5px\">\n            \n\n<div class=\"kksr-icon\" style=\"width: 22px; height: 22px;\"><\/div>\n        <\/div>\n    <\/div>\n<\/div>\n                \n\n<div class=\"kksr-legend\" style=\"font-size: 17.6px;\">\n            <span class=\"kksr-muted\">Valora este post<\/span>\n    <\/div>\n    <\/div>\n","protected":false},"excerpt":{"rendered":"<p>Un Hombre Salta a las V\u00edas del Metro para Evitar un Ataque con Cuchillo En un dram\u00e1tico incidente en la red de transporte subterr\u00e1neo, un hombre &#8230; <a title=\"\u00a1Impactante! Hombre se lanza a v\u00edas del metro para escapar de un ataque con cuchillo\" class=\"read-more\" href=\"https:\/\/www.diario21.tv\/noticias\/impactante-hombre-se-lanza-a-vias-del-metro-para-escapar-de-un-ataque-con-cuchillo\/\" aria-label=\"Leer m\u00e1s sobre \u00a1Impactante! Hombre se lanza a v\u00edas del metro para escapar de un ataque con cuchillo\">Seguir leyendo &rarr;<\/a><\/p>\n","protected":false},"author":20,"featured_media":4142,"comment_status":"open","ping_status":"open","sticky":false,"template":"","format":"standard","meta":{"footnotes":""},"categories":[13],"tags":[],"class_list":["post-4141","post","type-post","status-publish","format-standard","has-post-thumbnail","hentry","category-portada"],"yoast_head":"<!-- This site is optimized with the Yoast SEO plugin v25.6 - https:\/\/yoast.com\/wordpress\/plugins\/seo\/ -->\n<title>\u00a1Impactante! Hombre se lanza a v\u00edas del metro para escapar de un ataque con cuchillo - Diario 21<\/title>\n<meta name=\"robots\" content=\"index, follow, max-snippet:-1, max-image-preview:large, max-video-preview:-1\" \/>\n<link rel=\"canonical\" href=\"https:\/\/www.diario21.tv\/noticias\/impactante-hombre-se-lanza-a-vias-del-metro-para-escapar-de-un-ataque-con-cuchillo\/\" \/>\n<meta property=\"og:locale\" content=\"es_ES\" \/>\n<meta property=\"og:type\" content=\"article\" \/>\n<meta property=\"og:title\" content=\"\u00a1Impactante! Hombre se lanza a v\u00edas del metro para escapar de un ataque con cuchillo - Diario 21\" \/>\n<meta property=\"og:description\" content=\"Un Hombre Salta a las V\u00edas del Metro para Evitar un Ataque con Cuchillo En un dram\u00e1tico incidente en la red de transporte subterr\u00e1neo, un hombre ... Seguir leyendo &rarr;\" \/>\n<meta property=\"og:url\" content=\"https:\/\/www.diario21.tv\/noticias\/impactante-hombre-se-lanza-a-vias-del-metro-para-escapar-de-un-ataque-con-cuchillo\/\" \/>\n<meta property=\"og:site_name\" content=\"Diario 21\" \/>\n<meta property=\"article:published_time\" content=\"2025-08-13T04:14:10+00:00\" \/>\n<meta property=\"article:modified_time\" content=\"2025-08-13T04:14:11+00:00\" \/>\n<meta property=\"og:image\" content=\"https:\/\/www.diario21.tv\/noticias\/wp-content\/uploads\/2025\/08\/\u00a1Impactante-Hombre-se-lanza-a-vias-del-metro-para-escapar.jpg\" \/>\n\t<meta property=\"og:image:width\" content=\"1200\" \/>\n\t<meta property=\"og:image:height\" content=\"840\" \/>\n\t<meta property=\"og:image:type\" content=\"image\/jpeg\" \/>\n<meta name=\"author\" content=\"Juan P\u00e9rez\" \/>\n<meta name=\"twitter:card\" content=\"summary_large_image\" \/>\n<meta name=\"twitter:label1\" content=\"Escrito por\" \/>\n\t<meta name=\"twitter:data1\" content=\"Juan P\u00e9rez\" \/>\n\t<meta name=\"twitter:label2\" content=\"Tiempo de lectura\" \/>\n\t<meta name=\"twitter:data2\" content=\"2 minutos\" \/>\n<script type=\"application\/ld+json\" class=\"yoast-schema-graph\">{\"@context\":\"https:\/\/schema.org\",\"@graph\":[{\"@type\":\"WebPage\",\"@id\":\"https:\/\/www.diario21.tv\/noticias\/impactante-hombre-se-lanza-a-vias-del-metro-para-escapar-de-un-ataque-con-cuchillo\/\",\"url\":\"https:\/\/www.diario21.tv\/noticias\/impactante-hombre-se-lanza-a-vias-del-metro-para-escapar-de-un-ataque-con-cuchillo\/\",\"name\":\"\u00a1Impactante! Hombre se lanza a v\u00edas del metro para escapar de un ataque con cuchillo - Diario 21\",\"isPartOf\":{\"@id\":\"https:\/\/www.diario21.tv\/noticias\/#website\"},\"primaryImageOfPage\":{\"@id\":\"https:\/\/www.diario21.tv\/noticias\/impactante-hombre-se-lanza-a-vias-del-metro-para-escapar-de-un-ataque-con-cuchillo\/#primaryimage\"},\"image\":{\"@id\":\"https:\/\/www.diario21.tv\/noticias\/impactante-hombre-se-lanza-a-vias-del-metro-para-escapar-de-un-ataque-con-cuchillo\/#primaryimage\"},\"thumbnailUrl\":\"https:\/\/www.diario21.tv\/noticias\/wp-content\/uploads\/2025\/08\/\u00a1Impactante-Hombre-se-lanza-a-vias-del-metro-para-escapar.jpg\",\"datePublished\":\"2025-08-13T04:14:10+00:00\",\"dateModified\":\"2025-08-13T04:14:11+00:00\",\"author\":{\"@id\":\"https:\/\/www.diario21.tv\/noticias\/#\/schema\/person\/dfb778f73814d8f09f302618446a526b\"},\"breadcrumb\":{\"@id\":\"https:\/\/www.diario21.tv\/noticias\/impactante-hombre-se-lanza-a-vias-del-metro-para-escapar-de-un-ataque-con-cuchillo\/#breadcrumb\"},\"inLanguage\":\"es-AR\",\"potentialAction\":[{\"@type\":\"ReadAction\",\"target\":[\"https:\/\/www.diario21.tv\/noticias\/impactante-hombre-se-lanza-a-vias-del-metro-para-escapar-de-un-ataque-con-cuchillo\/\"]}]},{\"@type\":\"ImageObject\",\"inLanguage\":\"es-AR\",\"@id\":\"https:\/\/www.diario21.tv\/noticias\/impactante-hombre-se-lanza-a-vias-del-metro-para-escapar-de-un-ataque-con-cuchillo\/#primaryimage\",\"url\":\"https:\/\/www.diario21.tv\/noticias\/wp-content\/uploads\/2025\/08\/\u00a1Impactante-Hombre-se-lanza-a-vias-del-metro-para-escapar.jpg\",\"contentUrl\":\"https:\/\/www.diario21.tv\/noticias\/wp-content\/uploads\/2025\/08\/\u00a1Impactante-Hombre-se-lanza-a-vias-del-metro-para-escapar.jpg\",\"width\":1200,\"height\":840,\"caption\":\"\u00abSe ha tirado a las v\u00edas del metro para que no lo apu\u00f1alen\u00bb\"},{\"@type\":\"BreadcrumbList\",\"@id\":\"https:\/\/www.diario21.tv\/noticias\/impactante-hombre-se-lanza-a-vias-del-metro-para-escapar-de-un-ataque-con-cuchillo\/#breadcrumb\",\"itemListElement\":[{\"@type\":\"ListItem\",\"position\":1,\"name\":\"Accueil\",\"item\":\"https:\/\/www.diario21.tv\/noticias\/\"},{\"@type\":\"ListItem\",\"position\":2,\"name\":\"\u00a1Impactante! Hombre se lanza a v\u00edas del metro para escapar de un ataque con cuchillo\"}]},{\"@type\":\"WebSite\",\"@id\":\"https:\/\/www.diario21.tv\/noticias\/#website\",\"url\":\"https:\/\/www.diario21.tv\/noticias\/\",\"name\":\"Diario 21\",\"description\":\"\",\"potentialAction\":[{\"@type\":\"SearchAction\",\"target\":{\"@type\":\"EntryPoint\",\"urlTemplate\":\"https:\/\/www.diario21.tv\/noticias\/?s={search_term_string}\"},\"query-input\":{\"@type\":\"PropertyValueSpecification\",\"valueRequired\":true,\"valueName\":\"search_term_string\"}}],\"inLanguage\":\"es-AR\"},{\"@type\":\"Person\",\"@id\":\"https:\/\/www.diario21.tv\/noticias\/#\/schema\/person\/dfb778f73814d8f09f302618446a526b\",\"name\":\"Juan P\u00e9rez\",\"image\":{\"@type\":\"ImageObject\",\"inLanguage\":\"es-AR\",\"@id\":\"https:\/\/www.diario21.tv\/noticias\/#\/schema\/person\/image\/\",\"url\":\"https:\/\/secure.gravatar.com\/avatar\/c478a405bd10621167f4c3167cc770f5?s=96&d=mm&r=g\",\"contentUrl\":\"https:\/\/secure.gravatar.com\/avatar\/c478a405bd10621167f4c3167cc770f5?s=96&d=mm&r=g\",\"caption\":\"Juan P\u00e9rez\"},\"description\":\"Juan P\u00e9rez es el redactor en jefe de Diario 21. Con m\u00e1s de 10 a\u00f1os de experiencia en el periodismo, se especializa en pol\u00edtica nacional y an\u00e1lisis socioecon\u00f3mico. Su enfoque cr\u00edtico y riguroso aporta una perspectiva \u00fanica a cada art\u00edculo.\",\"sameAs\":[\"https:\/\/www.diario21.tv\/noticias\/\"],\"url\":\"https:\/\/www.diario21.tv\/noticias\/author\/juan-perez\/\"}]}<\/script>\n<!-- \/ Yoast SEO plugin. -->","yoast_head_json":{"title":"\u00a1Impactante! Hombre se lanza a v\u00edas del metro para escapar de un ataque con cuchillo - Diario 21","robots":{"index":"index","follow":"follow","max-snippet":"max-snippet:-1","max-image-preview":"max-image-preview:large","max-video-preview":"max-video-preview:-1"},"canonical":"https:\/\/www.diario21.tv\/noticias\/impactante-hombre-se-lanza-a-vias-del-metro-para-escapar-de-un-ataque-con-cuchillo\/","og_locale":"es_ES","og_type":"article","og_title":"\u00a1Impactante! Hombre se lanza a v\u00edas del metro para escapar de un ataque con cuchillo - Diario 21","og_description":"Un Hombre Salta a las V\u00edas del Metro para Evitar un Ataque con Cuchillo En un dram\u00e1tico incidente en la red de transporte subterr\u00e1neo, un hombre ... Seguir leyendo &rarr;","og_url":"https:\/\/www.diario21.tv\/noticias\/impactante-hombre-se-lanza-a-vias-del-metro-para-escapar-de-un-ataque-con-cuchillo\/","og_site_name":"Diario 21","article_published_time":"2025-08-13T04:14:10+00:00","article_modified_time":"2025-08-13T04:14:11+00:00","og_image":[{"width":1200,"height":840,"url":"https:\/\/www.diario21.tv\/noticias\/wp-content\/uploads\/2025\/08\/\u00a1Impactante-Hombre-se-lanza-a-vias-del-metro-para-escapar.jpg","type":"image\/jpeg"}],"author":"Juan P\u00e9rez","twitter_card":"summary_large_image","twitter_misc":{"Escrito por":"Juan P\u00e9rez","Tiempo de lectura":"2 minutos"},"schema":{"@context":"https:\/\/schema.org","@graph":[{"@type":"WebPage","@id":"https:\/\/www.diario21.tv\/noticias\/impactante-hombre-se-lanza-a-vias-del-metro-para-escapar-de-un-ataque-con-cuchillo\/","url":"https:\/\/www.diario21.tv\/noticias\/impactante-hombre-se-lanza-a-vias-del-metro-para-escapar-de-un-ataque-con-cuchillo\/","name":"\u00a1Impactante! Hombre se lanza a v\u00edas del metro para escapar de un ataque con cuchillo - Diario 21","isPartOf":{"@id":"https:\/\/www.diario21.tv\/noticias\/#website"},"primaryImageOfPage":{"@id":"https:\/\/www.diario21.tv\/noticias\/impactante-hombre-se-lanza-a-vias-del-metro-para-escapar-de-un-ataque-con-cuchillo\/#primaryimage"},"image":{"@id":"https:\/\/www.diario21.tv\/noticias\/impactante-hombre-se-lanza-a-vias-del-metro-para-escapar-de-un-ataque-con-cuchillo\/#primaryimage"},"thumbnailUrl":"https:\/\/www.diario21.tv\/noticias\/wp-content\/uploads\/2025\/08\/\u00a1Impactante-Hombre-se-lanza-a-vias-del-metro-para-escapar.jpg","datePublished":"2025-08-13T04:14:10+00:00","dateModified":"2025-08-13T04:14:11+00:00","author":{"@id":"https:\/\/www.diario21.tv\/noticias\/#\/schema\/person\/dfb778f73814d8f09f302618446a526b"},"breadcrumb":{"@id":"https:\/\/www.diario21.tv\/noticias\/impactante-hombre-se-lanza-a-vias-del-metro-para-escapar-de-un-ataque-con-cuchillo\/#breadcrumb"},"inLanguage":"es-AR","potentialAction":[{"@type":"ReadAction","target":["https:\/\/www.diario21.tv\/noticias\/impactante-hombre-se-lanza-a-vias-del-metro-para-escapar-de-un-ataque-con-cuchillo\/"]}]},{"@type":"ImageObject","inLanguage":"es-AR","@id":"https:\/\/www.diario21.tv\/noticias\/impactante-hombre-se-lanza-a-vias-del-metro-para-escapar-de-un-ataque-con-cuchillo\/#primaryimage","url":"https:\/\/www.diario21.tv\/noticias\/wp-content\/uploads\/2025\/08\/\u00a1Impactante-Hombre-se-lanza-a-vias-del-metro-para-escapar.jpg","contentUrl":"https:\/\/www.diario21.tv\/noticias\/wp-content\/uploads\/2025\/08\/\u00a1Impactante-Hombre-se-lanza-a-vias-del-metro-para-escapar.jpg","width":1200,"height":840,"caption":"\u00abSe ha tirado a las v\u00edas del metro para que no lo apu\u00f1alen\u00bb"},{"@type":"BreadcrumbList","@id":"https:\/\/www.diario21.tv\/noticias\/impactante-hombre-se-lanza-a-vias-del-metro-para-escapar-de-un-ataque-con-cuchillo\/#breadcrumb","itemListElement":[{"@type":"ListItem","position":1,"name":"Accueil","item":"https:\/\/www.diario21.tv\/noticias\/"},{"@type":"ListItem","position":2,"name":"\u00a1Impactante! Hombre se lanza a v\u00edas del metro para escapar de un ataque con cuchillo"}]},{"@type":"WebSite","@id":"https:\/\/www.diario21.tv\/noticias\/#website","url":"https:\/\/www.diario21.tv\/noticias\/","name":"Diario 21","description":"","potentialAction":[{"@type":"SearchAction","target":{"@type":"EntryPoint","urlTemplate":"https:\/\/www.diario21.tv\/noticias\/?s={search_term_string}"},"query-input":{"@type":"PropertyValueSpecification","valueRequired":true,"valueName":"search_term_string"}}],"inLanguage":"es-AR"},{"@type":"Person","@id":"https:\/\/www.diario21.tv\/noticias\/#\/schema\/person\/dfb778f73814d8f09f302618446a526b","name":"Juan P\u00e9rez","image":{"@type":"ImageObject","inLanguage":"es-AR","@id":"https:\/\/www.diario21.tv\/noticias\/#\/schema\/person\/image\/","url":"https:\/\/secure.gravatar.com\/avatar\/c478a405bd10621167f4c3167cc770f5?s=96&d=mm&r=g","contentUrl":"https:\/\/secure.gravatar.com\/avatar\/c478a405bd10621167f4c3167cc770f5?s=96&d=mm&r=g","caption":"Juan P\u00e9rez"},"description":"Juan P\u00e9rez es el redactor en jefe de Diario 21. Con m\u00e1s de 10 a\u00f1os de experiencia en el periodismo, se especializa en pol\u00edtica nacional y an\u00e1lisis socioecon\u00f3mico. Su enfoque cr\u00edtico y riguroso aporta una perspectiva \u00fanica a cada art\u00edculo.","sameAs":["https:\/\/www.diario21.tv\/noticias\/"],"url":"https:\/\/www.diario21.tv\/noticias\/author\/juan-perez\/"}]}},"_links":{"self":[{"href":"https:\/\/www.diario21.tv\/noticias\/wp-json\/wp\/v2\/posts\/4141"}],"collection":[{"href":"https:\/\/www.diario21.tv\/noticias\/wp-json\/wp\/v2\/posts"}],"about":[{"href":"https:\/\/www.diario21.tv\/noticias\/wp-json\/wp\/v2\/types\/post"}],"author":[{"embeddable":true,"href":"https:\/\/www.diario21.tv\/noticias\/wp-json\/wp\/v2\/users\/20"}],"replies":[{"embeddable":true,"href":"https:\/\/www.diario21.tv\/noticias\/wp-json\/wp\/v2\/comments?post=4141"}],"version-history":[{"count":1,"href":"https:\/\/www.diario21.tv\/noticias\/wp-json\/wp\/v2\/posts\/4141\/revisions"}],"predecessor-version":[{"id":4143,"href":"https:\/\/www.diario21.tv\/noticias\/wp-json\/wp\/v2\/posts\/4141\/revisions\/4143"}],"wp:featuredmedia":[{"embeddable":true,"href":"https:\/\/www.diario21.tv\/noticias\/wp-json\/wp\/v2\/media\/4142"}],"wp:attachment":[{"href":"https:\/\/www.diario21.tv\/noticias\/wp-json\/wp\/v2\/media?parent=4141"}],"wp:term":[{"taxonomy":"category","embeddable":true,"href":"https:\/\/www.diario21.tv\/noticias\/wp-json\/wp\/v2\/categories?post=4141"},{"taxonomy":"post_tag","embeddable":true,"href":"https:\/\/www.diario21.tv\/noticias\/wp-json\/wp\/v2\/tags?post=4141"}],"curies":[{"name":"wp","href":"https:\/\/api.w.org\/{rel}","templated":true}]}}