{"id":4138,"date":"2025-08-12T22:12:22","date_gmt":"2025-08-12T22:12:22","guid":{"rendered":"https:\/\/www.diario21.tv\/noticias\/las-medulas-casi-devoradas-por-las-llamas-un-incendio-casi-arrasa-el-pueblo\/"},"modified":"2025-08-12T22:12:23","modified_gmt":"2025-08-12T22:12:23","slug":"las-medulas-casi-devoradas-por-las-llamas-un-incendio-casi-arrasa-el-pueblo","status":"publish","type":"post","link":"https:\/\/www.diario21.tv\/noticias\/las-medulas-casi-devoradas-por-las-llamas-un-incendio-casi-arrasa-el-pueblo\/","title":{"rendered":"Las M\u00e9dulas casi devoradas por las llamas: \u00a1Un incendio casi arrasa el pueblo!"},"content":{"rendered":"<h2>El voraz incendio en Las M\u00e9dulas: Un desastre casi total<\/h2>\n<p>Las M\u00e9dulas, un paisaje hist\u00f3rico en Espa\u00f1a, recientemente se vio amenazado por un incendio forestal masivo que, seg\u00fan los locales, casi consume el pueblo entero. Este evento no solo puso en peligro la vida de los residentes y la integridad de sus hogares, sino que tambi\u00e9n amenaz\u00f3 uno de los sitios patrimoniales m\u00e1s valiosos de la regi\u00f3n.<\/p>\n<h3>Un escape por poco<\/h3>\n<p>El fuego, impulsado por fuertes vientos y un clima extremadamente seco, se extendi\u00f3 a una velocidad alarmante, arrasando con la vegetaci\u00f3n y acerc\u00e1ndose peligrosamente a las zonas habitadas. &#8220;Fue cuesti\u00f3n de suerte que no se quemara todo el pueblo&#8221;, coment\u00f3 uno de los habitantes, reflejando el sentir de una comunidad que vio c\u00f3mo las llamas rodeaban sus casas.<\/p>\n<p>Los equipos de bomberos trabajaron incansablemente, luchando contra las adversidades del terreno y el clima para controlar el fuego. A pesar de sus esfuerzos, el incendio logr\u00f3 destruir varias hect\u00e1reas de bosque, un golpe duro para el ecosistema local y para aquellos que dependen de \u00e9l para su sustento.<\/p>\n<h3>Impacto en el patrimonio y la ecolog\u00eda<\/h3>\n<p>Las M\u00e9dulas no es s\u00f3lo un pueblo; es tambi\u00e9n un sitio de gran importancia arqueol\u00f3gica y ecol\u00f3gica. Famoso por ser un antiguo sitio de extracci\u00f3n de oro romano, este lugar atrae a turistas de todo el mundo, fascinados por sus peculiares formaciones rocosas y su historia \u00fanica.<\/p>\n<p>El incendio puso en riesgo este patrimonio invaluable, ya que las llamas se acercaron peligrosamente a zonas protegidas. Los expertos temen que el da\u00f1o al paisaje pueda tener efectos duraderos en la flora y fauna local, as\u00ed como en la atracci\u00f3n tur\u00edstica del \u00e1rea, una fuente vital de ingresos para muchos residentes.<\/p>\n<h3>Reacciones y medidas de recuperaci\u00f3n<\/h3>\n<p>La comunidad de Las M\u00e9dulas, aunque aliviada por haber evitado una cat\u00e1strofe mayor, permanece en estado de alerta. Las autoridades locales y los organismos de emergencia est\u00e1n evaluando los da\u00f1os y coordinando esfuerzos para rehabilitar las \u00e1reas afectadas. Adem\u00e1s, se est\u00e1n revisando las estrategias de prevenci\u00f3n de incendios para fortalecer la respuesta en futuros eventos.<\/p>\n<p>Este incendio es un recordatorio sombr\u00edo de la vulnerabilidad de nuestros entornos naturales y culturales ante las fuerzas de la naturaleza, exacerbadas por el cambio clim\u00e1tico. La comunidad global y local deben tomar medidas m\u00e1s en\u00e9rgicas para proteger estos recursos valiosos para las futuras generaciones.<\/p>\n<p>Aunque la tragedia fue inmensa, el esp\u00edritu de la comunidad de Las M\u00e9dulas y su determinaci\u00f3n para reconstruir y recuperarse es un faro de esperanza. Con el apoyo adecuado y las medidas preventivas en lugar, el pueblo y su patrimonio pueden esperar un futuro m\u00e1s seguro y pr\u00f3spero.<\/p>\n\n\n<div class=\"kk-star-ratings kksr-auto kksr-align-left kksr-valign-bottom\"\n    data-payload='{&quot;align&quot;:&quot;left&quot;,&quot;id&quot;:&quot;4138&quot;,&quot;slug&quot;:&quot;default&quot;,&quot;valign&quot;:&quot;bottom&quot;,&quot;ignore&quot;:&quot;&quot;,&quot;reference&quot;:&quot;auto&quot;,&quot;class&quot;:&quot;&quot;,&quot;count&quot;:&quot;0&quot;,&quot;legendonly&quot;:&quot;&quot;,&quot;readonly&quot;:&quot;&quot;,&quot;score&quot;:&quot;0&quot;,&quot;starsonly&quot;:&quot;&quot;,&quot;best&quot;:&quot;5&quot;,&quot;gap&quot;:&quot;5&quot;,&quot;greet&quot;:&quot;Valora este post&quot;,&quot;legend&quot;:&quot;0\\\/5 - (0 votes)&quot;,&quot;size&quot;:&quot;22&quot;,&quot;title&quot;:&quot;Las M\u00e9dulas casi devoradas por las llamas: \u00a1Un incendio casi arrasa el pueblo!&quot;,&quot;width&quot;:&quot;0&quot;,&quot;_legend&quot;:&quot;{score}\\\/{best} - ({count} {votes})&quot;,&quot;font_factor&quot;:&quot;1.25&quot;}'>\n            \n<div class=\"kksr-stars\">\n    \n<div class=\"kksr-stars-inactive\">\n            <div class=\"kksr-star\" data-star=\"1\" style=\"padding-right: 5px\">\n            \n\n<div class=\"kksr-icon\" style=\"width: 22px; height: 22px;\"><\/div>\n        <\/div>\n            <div class=\"kksr-star\" data-star=\"2\" style=\"padding-right: 5px\">\n            \n\n<div class=\"kksr-icon\" style=\"width: 22px; height: 22px;\"><\/div>\n        <\/div>\n            <div class=\"kksr-star\" data-star=\"3\" style=\"padding-right: 5px\">\n            \n\n<div class=\"kksr-icon\" style=\"width: 22px; height: 22px;\"><\/div>\n        <\/div>\n            <div class=\"kksr-star\" data-star=\"4\" style=\"padding-right: 5px\">\n            \n\n<div class=\"kksr-icon\" style=\"width: 22px; height: 22px;\"><\/div>\n        <\/div>\n            <div class=\"kksr-star\" data-star=\"5\" style=\"padding-right: 5px\">\n            \n\n<div class=\"kksr-icon\" style=\"width: 22px; height: 22px;\"><\/div>\n        <\/div>\n    <\/div>\n    \n<div class=\"kksr-stars-active\" style=\"width: 0px;\">\n            <div class=\"kksr-star\" style=\"padding-right: 5px\">\n            \n\n<div class=\"kksr-icon\" style=\"width: 22px; height: 22px;\"><\/div>\n        <\/div>\n            <div class=\"kksr-star\" style=\"padding-right: 5px\">\n            \n\n<div class=\"kksr-icon\" style=\"width: 22px; height: 22px;\"><\/div>\n        <\/div>\n            <div class=\"kksr-star\" style=\"padding-right: 5px\">\n            \n\n<div class=\"kksr-icon\" style=\"width: 22px; height: 22px;\"><\/div>\n        <\/div>\n            <div class=\"kksr-star\" style=\"padding-right: 5px\">\n            \n\n<div class=\"kksr-icon\" style=\"width: 22px; height: 22px;\"><\/div>\n        <\/div>\n            <div class=\"kksr-star\" style=\"padding-right: 5px\">\n            \n\n<div class=\"kksr-icon\" style=\"width: 22px; height: 22px;\"><\/div>\n        <\/div>\n    <\/div>\n<\/div>\n                \n\n<div class=\"kksr-legend\" style=\"font-size: 17.6px;\">\n            <span class=\"kksr-muted\">Valora este post<\/span>\n    <\/div>\n    <\/div>\n","protected":false},"excerpt":{"rendered":"<p>El voraz incendio en Las M\u00e9dulas: Un desastre casi total Las M\u00e9dulas, un paisaje hist\u00f3rico en Espa\u00f1a, recientemente se vio amenazado por un incendio forestal masivo &#8230; <a title=\"Las M\u00e9dulas casi devoradas por las llamas: \u00a1Un incendio casi arrasa el pueblo!\" class=\"read-more\" href=\"https:\/\/www.diario21.tv\/noticias\/las-medulas-casi-devoradas-por-las-llamas-un-incendio-casi-arrasa-el-pueblo\/\" aria-label=\"Leer m\u00e1s sobre Las M\u00e9dulas casi devoradas por las llamas: \u00a1Un incendio casi arrasa el pueblo!\">Seguir leyendo &rarr;<\/a><\/p>\n","protected":false},"author":20,"featured_media":4139,"comment_status":"open","ping_status":"open","sticky":false,"template":"","format":"standard","meta":{"footnotes":""},"categories":[13],"tags":[],"class_list":["post-4138","post","type-post","status-publish","format-standard","has-post-thumbnail","hentry","category-portada"],"yoast_head":"<!-- This site is optimized with the Yoast SEO plugin v25.6 - https:\/\/yoast.com\/wordpress\/plugins\/seo\/ -->\n<title>Las M\u00e9dulas casi devoradas por las llamas: \u00a1Un incendio casi arrasa el pueblo! - Diario 21<\/title>\n<meta name=\"robots\" content=\"index, follow, max-snippet:-1, max-image-preview:large, max-video-preview:-1\" \/>\n<link rel=\"canonical\" href=\"https:\/\/www.diario21.tv\/noticias\/las-medulas-casi-devoradas-por-las-llamas-un-incendio-casi-arrasa-el-pueblo\/\" \/>\n<meta property=\"og:locale\" content=\"es_ES\" \/>\n<meta property=\"og:type\" content=\"article\" \/>\n<meta property=\"og:title\" content=\"Las M\u00e9dulas casi devoradas por las llamas: \u00a1Un incendio casi arrasa el pueblo! - Diario 21\" \/>\n<meta property=\"og:description\" content=\"El voraz incendio en Las M\u00e9dulas: Un desastre casi total Las M\u00e9dulas, un paisaje hist\u00f3rico en Espa\u00f1a, recientemente se vio amenazado por un incendio forestal masivo ... Seguir leyendo &rarr;\" \/>\n<meta property=\"og:url\" content=\"https:\/\/www.diario21.tv\/noticias\/las-medulas-casi-devoradas-por-las-llamas-un-incendio-casi-arrasa-el-pueblo\/\" \/>\n<meta property=\"og:site_name\" content=\"Diario 21\" \/>\n<meta property=\"article:published_time\" content=\"2025-08-12T22:12:22+00:00\" \/>\n<meta property=\"article:modified_time\" content=\"2025-08-12T22:12:23+00:00\" \/>\n<meta property=\"og:image\" content=\"https:\/\/www.diario21.tv\/noticias\/wp-content\/uploads\/2025\/08\/Las-Medulas-casi-devoradas-por-las-llamas-\u00a1Un-incendio-casi.jpg\" \/>\n\t<meta property=\"og:image:width\" content=\"1200\" \/>\n\t<meta property=\"og:image:height\" content=\"840\" \/>\n\t<meta property=\"og:image:type\" content=\"image\/jpeg\" \/>\n<meta name=\"author\" content=\"Juan P\u00e9rez\" \/>\n<meta name=\"twitter:card\" content=\"summary_large_image\" \/>\n<meta name=\"twitter:label1\" content=\"Escrito por\" \/>\n\t<meta name=\"twitter:data1\" content=\"Juan P\u00e9rez\" \/>\n\t<meta name=\"twitter:label2\" content=\"Tiempo de lectura\" \/>\n\t<meta name=\"twitter:data2\" content=\"2 minutos\" \/>\n<script type=\"application\/ld+json\" class=\"yoast-schema-graph\">{\"@context\":\"https:\/\/schema.org\",\"@graph\":[{\"@type\":\"WebPage\",\"@id\":\"https:\/\/www.diario21.tv\/noticias\/las-medulas-casi-devoradas-por-las-llamas-un-incendio-casi-arrasa-el-pueblo\/\",\"url\":\"https:\/\/www.diario21.tv\/noticias\/las-medulas-casi-devoradas-por-las-llamas-un-incendio-casi-arrasa-el-pueblo\/\",\"name\":\"Las M\u00e9dulas casi devoradas por las llamas: \u00a1Un incendio casi arrasa el pueblo! - Diario 21\",\"isPartOf\":{\"@id\":\"https:\/\/www.diario21.tv\/noticias\/#website\"},\"primaryImageOfPage\":{\"@id\":\"https:\/\/www.diario21.tv\/noticias\/las-medulas-casi-devoradas-por-las-llamas-un-incendio-casi-arrasa-el-pueblo\/#primaryimage\"},\"image\":{\"@id\":\"https:\/\/www.diario21.tv\/noticias\/las-medulas-casi-devoradas-por-las-llamas-un-incendio-casi-arrasa-el-pueblo\/#primaryimage\"},\"thumbnailUrl\":\"https:\/\/www.diario21.tv\/noticias\/wp-content\/uploads\/2025\/08\/Las-Medulas-casi-devoradas-por-las-llamas-\u00a1Un-incendio-casi.jpg\",\"datePublished\":\"2025-08-12T22:12:22+00:00\",\"dateModified\":\"2025-08-12T22:12:23+00:00\",\"author\":{\"@id\":\"https:\/\/www.diario21.tv\/noticias\/#\/schema\/person\/dfb778f73814d8f09f302618446a526b\"},\"breadcrumb\":{\"@id\":\"https:\/\/www.diario21.tv\/noticias\/las-medulas-casi-devoradas-por-las-llamas-un-incendio-casi-arrasa-el-pueblo\/#breadcrumb\"},\"inLanguage\":\"es-AR\",\"potentialAction\":[{\"@type\":\"ReadAction\",\"target\":[\"https:\/\/www.diario21.tv\/noticias\/las-medulas-casi-devoradas-por-las-llamas-un-incendio-casi-arrasa-el-pueblo\/\"]}]},{\"@type\":\"ImageObject\",\"inLanguage\":\"es-AR\",\"@id\":\"https:\/\/www.diario21.tv\/noticias\/las-medulas-casi-devoradas-por-las-llamas-un-incendio-casi-arrasa-el-pueblo\/#primaryimage\",\"url\":\"https:\/\/www.diario21.tv\/noticias\/wp-content\/uploads\/2025\/08\/Las-Medulas-casi-devoradas-por-las-llamas-\u00a1Un-incendio-casi.jpg\",\"contentUrl\":\"https:\/\/www.diario21.tv\/noticias\/wp-content\/uploads\/2025\/08\/Las-Medulas-casi-devoradas-por-las-llamas-\u00a1Un-incendio-casi.jpg\",\"width\":1200,\"height\":840,\"caption\":\"El incendio que devora Las M\u00e9dulas: \u00abNo ardi\u00f3 el pueblo entero de casualidad\u00bb\"},{\"@type\":\"BreadcrumbList\",\"@id\":\"https:\/\/www.diario21.tv\/noticias\/las-medulas-casi-devoradas-por-las-llamas-un-incendio-casi-arrasa-el-pueblo\/#breadcrumb\",\"itemListElement\":[{\"@type\":\"ListItem\",\"position\":1,\"name\":\"Accueil\",\"item\":\"https:\/\/www.diario21.tv\/noticias\/\"},{\"@type\":\"ListItem\",\"position\":2,\"name\":\"Las M\u00e9dulas casi devoradas por las llamas: \u00a1Un incendio casi arrasa el pueblo!\"}]},{\"@type\":\"WebSite\",\"@id\":\"https:\/\/www.diario21.tv\/noticias\/#website\",\"url\":\"https:\/\/www.diario21.tv\/noticias\/\",\"name\":\"Diario 21\",\"description\":\"\",\"potentialAction\":[{\"@type\":\"SearchAction\",\"target\":{\"@type\":\"EntryPoint\",\"urlTemplate\":\"https:\/\/www.diario21.tv\/noticias\/?s={search_term_string}\"},\"query-input\":{\"@type\":\"PropertyValueSpecification\",\"valueRequired\":true,\"valueName\":\"search_term_string\"}}],\"inLanguage\":\"es-AR\"},{\"@type\":\"Person\",\"@id\":\"https:\/\/www.diario21.tv\/noticias\/#\/schema\/person\/dfb778f73814d8f09f302618446a526b\",\"name\":\"Juan P\u00e9rez\",\"image\":{\"@type\":\"ImageObject\",\"inLanguage\":\"es-AR\",\"@id\":\"https:\/\/www.diario21.tv\/noticias\/#\/schema\/person\/image\/\",\"url\":\"https:\/\/secure.gravatar.com\/avatar\/c478a405bd10621167f4c3167cc770f5?s=96&d=mm&r=g\",\"contentUrl\":\"https:\/\/secure.gravatar.com\/avatar\/c478a405bd10621167f4c3167cc770f5?s=96&d=mm&r=g\",\"caption\":\"Juan P\u00e9rez\"},\"description\":\"Juan P\u00e9rez es el redactor en jefe de Diario 21. Con m\u00e1s de 10 a\u00f1os de experiencia en el periodismo, se especializa en pol\u00edtica nacional y an\u00e1lisis socioecon\u00f3mico. Su enfoque cr\u00edtico y riguroso aporta una perspectiva \u00fanica a cada art\u00edculo.\",\"sameAs\":[\"https:\/\/www.diario21.tv\/noticias\/\"],\"url\":\"https:\/\/www.diario21.tv\/noticias\/author\/juan-perez\/\"}]}<\/script>\n<!-- \/ Yoast SEO plugin. -->","yoast_head_json":{"title":"Las M\u00e9dulas casi devoradas por las llamas: \u00a1Un incendio casi arrasa el pueblo! - Diario 21","robots":{"index":"index","follow":"follow","max-snippet":"max-snippet:-1","max-image-preview":"max-image-preview:large","max-video-preview":"max-video-preview:-1"},"canonical":"https:\/\/www.diario21.tv\/noticias\/las-medulas-casi-devoradas-por-las-llamas-un-incendio-casi-arrasa-el-pueblo\/","og_locale":"es_ES","og_type":"article","og_title":"Las M\u00e9dulas casi devoradas por las llamas: \u00a1Un incendio casi arrasa el pueblo! - Diario 21","og_description":"El voraz incendio en Las M\u00e9dulas: Un desastre casi total Las M\u00e9dulas, un paisaje hist\u00f3rico en Espa\u00f1a, recientemente se vio amenazado por un incendio forestal masivo ... Seguir leyendo &rarr;","og_url":"https:\/\/www.diario21.tv\/noticias\/las-medulas-casi-devoradas-por-las-llamas-un-incendio-casi-arrasa-el-pueblo\/","og_site_name":"Diario 21","article_published_time":"2025-08-12T22:12:22+00:00","article_modified_time":"2025-08-12T22:12:23+00:00","og_image":[{"width":1200,"height":840,"url":"https:\/\/www.diario21.tv\/noticias\/wp-content\/uploads\/2025\/08\/Las-Medulas-casi-devoradas-por-las-llamas-\u00a1Un-incendio-casi.jpg","type":"image\/jpeg"}],"author":"Juan P\u00e9rez","twitter_card":"summary_large_image","twitter_misc":{"Escrito por":"Juan P\u00e9rez","Tiempo de lectura":"2 minutos"},"schema":{"@context":"https:\/\/schema.org","@graph":[{"@type":"WebPage","@id":"https:\/\/www.diario21.tv\/noticias\/las-medulas-casi-devoradas-por-las-llamas-un-incendio-casi-arrasa-el-pueblo\/","url":"https:\/\/www.diario21.tv\/noticias\/las-medulas-casi-devoradas-por-las-llamas-un-incendio-casi-arrasa-el-pueblo\/","name":"Las M\u00e9dulas casi devoradas por las llamas: \u00a1Un incendio casi arrasa el pueblo! - Diario 21","isPartOf":{"@id":"https:\/\/www.diario21.tv\/noticias\/#website"},"primaryImageOfPage":{"@id":"https:\/\/www.diario21.tv\/noticias\/las-medulas-casi-devoradas-por-las-llamas-un-incendio-casi-arrasa-el-pueblo\/#primaryimage"},"image":{"@id":"https:\/\/www.diario21.tv\/noticias\/las-medulas-casi-devoradas-por-las-llamas-un-incendio-casi-arrasa-el-pueblo\/#primaryimage"},"thumbnailUrl":"https:\/\/www.diario21.tv\/noticias\/wp-content\/uploads\/2025\/08\/Las-Medulas-casi-devoradas-por-las-llamas-\u00a1Un-incendio-casi.jpg","datePublished":"2025-08-12T22:12:22+00:00","dateModified":"2025-08-12T22:12:23+00:00","author":{"@id":"https:\/\/www.diario21.tv\/noticias\/#\/schema\/person\/dfb778f73814d8f09f302618446a526b"},"breadcrumb":{"@id":"https:\/\/www.diario21.tv\/noticias\/las-medulas-casi-devoradas-por-las-llamas-un-incendio-casi-arrasa-el-pueblo\/#breadcrumb"},"inLanguage":"es-AR","potentialAction":[{"@type":"ReadAction","target":["https:\/\/www.diario21.tv\/noticias\/las-medulas-casi-devoradas-por-las-llamas-un-incendio-casi-arrasa-el-pueblo\/"]}]},{"@type":"ImageObject","inLanguage":"es-AR","@id":"https:\/\/www.diario21.tv\/noticias\/las-medulas-casi-devoradas-por-las-llamas-un-incendio-casi-arrasa-el-pueblo\/#primaryimage","url":"https:\/\/www.diario21.tv\/noticias\/wp-content\/uploads\/2025\/08\/Las-Medulas-casi-devoradas-por-las-llamas-\u00a1Un-incendio-casi.jpg","contentUrl":"https:\/\/www.diario21.tv\/noticias\/wp-content\/uploads\/2025\/08\/Las-Medulas-casi-devoradas-por-las-llamas-\u00a1Un-incendio-casi.jpg","width":1200,"height":840,"caption":"El incendio que devora Las M\u00e9dulas: \u00abNo ardi\u00f3 el pueblo entero de casualidad\u00bb"},{"@type":"BreadcrumbList","@id":"https:\/\/www.diario21.tv\/noticias\/las-medulas-casi-devoradas-por-las-llamas-un-incendio-casi-arrasa-el-pueblo\/#breadcrumb","itemListElement":[{"@type":"ListItem","position":1,"name":"Accueil","item":"https:\/\/www.diario21.tv\/noticias\/"},{"@type":"ListItem","position":2,"name":"Las M\u00e9dulas casi devoradas por las llamas: \u00a1Un incendio casi arrasa el pueblo!"}]},{"@type":"WebSite","@id":"https:\/\/www.diario21.tv\/noticias\/#website","url":"https:\/\/www.diario21.tv\/noticias\/","name":"Diario 21","description":"","potentialAction":[{"@type":"SearchAction","target":{"@type":"EntryPoint","urlTemplate":"https:\/\/www.diario21.tv\/noticias\/?s={search_term_string}"},"query-input":{"@type":"PropertyValueSpecification","valueRequired":true,"valueName":"search_term_string"}}],"inLanguage":"es-AR"},{"@type":"Person","@id":"https:\/\/www.diario21.tv\/noticias\/#\/schema\/person\/dfb778f73814d8f09f302618446a526b","name":"Juan P\u00e9rez","image":{"@type":"ImageObject","inLanguage":"es-AR","@id":"https:\/\/www.diario21.tv\/noticias\/#\/schema\/person\/image\/","url":"https:\/\/secure.gravatar.com\/avatar\/c478a405bd10621167f4c3167cc770f5?s=96&d=mm&r=g","contentUrl":"https:\/\/secure.gravatar.com\/avatar\/c478a405bd10621167f4c3167cc770f5?s=96&d=mm&r=g","caption":"Juan P\u00e9rez"},"description":"Juan P\u00e9rez es el redactor en jefe de Diario 21. Con m\u00e1s de 10 a\u00f1os de experiencia en el periodismo, se especializa en pol\u00edtica nacional y an\u00e1lisis socioecon\u00f3mico. Su enfoque cr\u00edtico y riguroso aporta una perspectiva \u00fanica a cada art\u00edculo.","sameAs":["https:\/\/www.diario21.tv\/noticias\/"],"url":"https:\/\/www.diario21.tv\/noticias\/author\/juan-perez\/"}]}},"_links":{"self":[{"href":"https:\/\/www.diario21.tv\/noticias\/wp-json\/wp\/v2\/posts\/4138"}],"collection":[{"href":"https:\/\/www.diario21.tv\/noticias\/wp-json\/wp\/v2\/posts"}],"about":[{"href":"https:\/\/www.diario21.tv\/noticias\/wp-json\/wp\/v2\/types\/post"}],"author":[{"embeddable":true,"href":"https:\/\/www.diario21.tv\/noticias\/wp-json\/wp\/v2\/users\/20"}],"replies":[{"embeddable":true,"href":"https:\/\/www.diario21.tv\/noticias\/wp-json\/wp\/v2\/comments?post=4138"}],"version-history":[{"count":1,"href":"https:\/\/www.diario21.tv\/noticias\/wp-json\/wp\/v2\/posts\/4138\/revisions"}],"predecessor-version":[{"id":4140,"href":"https:\/\/www.diario21.tv\/noticias\/wp-json\/wp\/v2\/posts\/4138\/revisions\/4140"}],"wp:featuredmedia":[{"embeddable":true,"href":"https:\/\/www.diario21.tv\/noticias\/wp-json\/wp\/v2\/media\/4139"}],"wp:attachment":[{"href":"https:\/\/www.diario21.tv\/noticias\/wp-json\/wp\/v2\/media?parent=4138"}],"wp:term":[{"taxonomy":"category","embeddable":true,"href":"https:\/\/www.diario21.tv\/noticias\/wp-json\/wp\/v2\/categories?post=4138"},{"taxonomy":"post_tag","embeddable":true,"href":"https:\/\/www.diario21.tv\/noticias\/wp-json\/wp\/v2\/tags?post=4138"}],"curies":[{"name":"wp","href":"https:\/\/api.w.org\/{rel}","templated":true}]}}