{"id":4132,"date":"2025-08-12T10:09:14","date_gmt":"2025-08-12T10:09:14","guid":{"rendered":"https:\/\/www.diario21.tv\/noticias\/piromanos-coordinados-siembran-terror-ambiental-en-leon\/"},"modified":"2025-08-12T10:09:15","modified_gmt":"2025-08-12T10:09:15","slug":"piromanos-coordinados-siembran-terror-ambiental-en-leon","status":"publish","type":"post","link":"https:\/\/www.diario21.tv\/noticias\/piromanos-coordinados-siembran-terror-ambiental-en-leon\/","title":{"rendered":"Pir\u00f3manos coordinados siembran terror ambiental en Le\u00f3n"},"content":{"rendered":"<h2>Incendios en Le\u00f3n: Coordinaci\u00f3n Sospechosa y Acusaciones de Terrorismo Ecol\u00f3gico<\/h2>\n<p>En la provincia de Le\u00f3n, se ha levantado una ola de preocupaci\u00f3n y alarma ante una serie de incendios forestales que, seg\u00fan las autoridades y expertos locales, parecen ser el resultado de acciones coordinadas y malintencionadas. Los eventos han desencadenado un debate intenso sobre la naturaleza y las motivaciones detr\u00e1s de estos actos, que algunos ya clasifican como formas de &#8220;terrorismo ambiental&#8221;.<\/p>\n<h3>Patrones y Coordinaci\u00f3n en los Incendios<\/h3>\n<p>Observadores y funcionarios han notado patrones que sugieren una coordinaci\u00f3n en los incendios que han asolado diversas \u00e1reas de Le\u00f3n. La simultaneidad y selecci\u00f3n de ubicaciones estrat\u00e9gicas para maximizar el da\u00f1o y la dificultad de las labores de extinci\u00f3n, apuntan a una posible planificaci\u00f3n detr\u00e1s de estos siniestros. Esta sospecha ha llevado a calificar estos actos no solo como vandalismo, sino como una agresi\u00f3n deliberada hacia el medio ambiente, configurando un escenario de terrorismo ecol\u00f3gico.<\/p>\n<h3>Reacciones y Declaraciones<\/h3>\n<p>Las reacciones no se han hecho esperar. Autoridades locales, junto con expertos en gesti\u00f3n forestal y medio ambiente, han expresado su preocupaci\u00f3n y condena ante estos eventos. Insisten en que estos no son meros accidentes o coincidencias, sino el resultado de acciones pensadas para infligir el m\u00e1ximo da\u00f1o posible al patrimonio natural y a la biodiversidad de la regi\u00f3n.<\/p>\n<p>La comunidad tambi\u00e9n ha mostrado su inquietud, y muchos ven estos incendios como un ataque directo no solo al entorno natural, sino tambi\u00e9n a la econom\u00eda y al modo de vida de las comunidades que dependen del bosque y sus recursos. La naturaleza aparentemente sistem\u00e1tica y maliciosa de los incendios ha provocado un fuerte llamado a la acci\u00f3n por parte de las autoridades competentes.<\/p>\n<h3>Investigaciones y Medidas de Seguridad<\/h3>\n<p>En respuesta a estos acontecimientos alarmantes, se han intensificado las investigaciones. Los cuerpos de seguridad est\u00e1n trabajando conjuntamente con expertos en incendios forestales para rastrear y analizar los patrones de estos siniestros, esperando identificar a los responsables y entender sus motivaciones. Paralelamente, se est\u00e1n reforzando las medidas de vigilancia y control en las \u00e1reas m\u00e1s vulnerables, con el objetivo de prevenir futuros incidentes.<\/p>\n<h3>Conclusiones y Perspectivas Futuras<\/h3>\n<p>El fen\u00f3meno de los incendios en Le\u00f3n ha abierto un debate importante sobre c\u00f3mo enfrentar y prevenir este tipo de actos que no solo amenazan la naturaleza, sino que tambi\u00e9n podr\u00edan tener profundas implicaciones sociales y econ\u00f3micas. La clasificaci\u00f3n de estos incidentes como terrorismo ambiental subraya la seriedad con la que se est\u00e1n tomando y la necesidad de una respuesta coordinada y eficaz, tanto a nivel local como nacional.<\/p>\n<p>Mientras la comunidad y las autoridades contin\u00faan trabajando juntas para combatir y prevenir estos desastres, queda claro que la lucha contra el terrorismo ambiental requiere no solo vigilancia y acci\u00f3n legal, sino tambi\u00e9n una conciencia y educaci\u00f3n ambiental m\u00e1s amplia para prevenir futuras tragedias.<\/p>\n\n\n<div class=\"kk-star-ratings kksr-auto kksr-align-left kksr-valign-bottom\"\n    data-payload='{&quot;align&quot;:&quot;left&quot;,&quot;id&quot;:&quot;4132&quot;,&quot;slug&quot;:&quot;default&quot;,&quot;valign&quot;:&quot;bottom&quot;,&quot;ignore&quot;:&quot;&quot;,&quot;reference&quot;:&quot;auto&quot;,&quot;class&quot;:&quot;&quot;,&quot;count&quot;:&quot;0&quot;,&quot;legendonly&quot;:&quot;&quot;,&quot;readonly&quot;:&quot;&quot;,&quot;score&quot;:&quot;0&quot;,&quot;starsonly&quot;:&quot;&quot;,&quot;best&quot;:&quot;5&quot;,&quot;gap&quot;:&quot;5&quot;,&quot;greet&quot;:&quot;Valora este post&quot;,&quot;legend&quot;:&quot;0\\\/5 - (0 votes)&quot;,&quot;size&quot;:&quot;22&quot;,&quot;title&quot;:&quot;Pir\u00f3manos coordinados siembran terror ambiental en Le\u00f3n&quot;,&quot;width&quot;:&quot;0&quot;,&quot;_legend&quot;:&quot;{score}\\\/{best} - ({count} {votes})&quot;,&quot;font_factor&quot;:&quot;1.25&quot;}'>\n            \n<div class=\"kksr-stars\">\n    \n<div class=\"kksr-stars-inactive\">\n            <div class=\"kksr-star\" data-star=\"1\" style=\"padding-right: 5px\">\n            \n\n<div class=\"kksr-icon\" style=\"width: 22px; height: 22px;\"><\/div>\n        <\/div>\n            <div class=\"kksr-star\" data-star=\"2\" style=\"padding-right: 5px\">\n            \n\n<div class=\"kksr-icon\" style=\"width: 22px; height: 22px;\"><\/div>\n        <\/div>\n            <div class=\"kksr-star\" data-star=\"3\" style=\"padding-right: 5px\">\n            \n\n<div class=\"kksr-icon\" style=\"width: 22px; height: 22px;\"><\/div>\n        <\/div>\n            <div class=\"kksr-star\" data-star=\"4\" style=\"padding-right: 5px\">\n            \n\n<div class=\"kksr-icon\" style=\"width: 22px; height: 22px;\"><\/div>\n        <\/div>\n            <div class=\"kksr-star\" data-star=\"5\" style=\"padding-right: 5px\">\n            \n\n<div class=\"kksr-icon\" style=\"width: 22px; height: 22px;\"><\/div>\n        <\/div>\n    <\/div>\n    \n<div class=\"kksr-stars-active\" style=\"width: 0px;\">\n            <div class=\"kksr-star\" style=\"padding-right: 5px\">\n            \n\n<div class=\"kksr-icon\" style=\"width: 22px; height: 22px;\"><\/div>\n        <\/div>\n            <div class=\"kksr-star\" style=\"padding-right: 5px\">\n            \n\n<div class=\"kksr-icon\" style=\"width: 22px; height: 22px;\"><\/div>\n        <\/div>\n            <div class=\"kksr-star\" style=\"padding-right: 5px\">\n            \n\n<div class=\"kksr-icon\" style=\"width: 22px; height: 22px;\"><\/div>\n        <\/div>\n            <div class=\"kksr-star\" style=\"padding-right: 5px\">\n            \n\n<div class=\"kksr-icon\" style=\"width: 22px; height: 22px;\"><\/div>\n        <\/div>\n            <div class=\"kksr-star\" style=\"padding-right: 5px\">\n            \n\n<div class=\"kksr-icon\" style=\"width: 22px; height: 22px;\"><\/div>\n        <\/div>\n    <\/div>\n<\/div>\n                \n\n<div class=\"kksr-legend\" style=\"font-size: 17.6px;\">\n            <span class=\"kksr-muted\">Valora este post<\/span>\n    <\/div>\n    <\/div>\n","protected":false},"excerpt":{"rendered":"<p>Incendios en Le\u00f3n: Coordinaci\u00f3n Sospechosa y Acusaciones de Terrorismo Ecol\u00f3gico En la provincia de Le\u00f3n, se ha levantado una ola de preocupaci\u00f3n y alarma ante una &#8230; <a title=\"Pir\u00f3manos coordinados siembran terror ambiental en Le\u00f3n\" class=\"read-more\" href=\"https:\/\/www.diario21.tv\/noticias\/piromanos-coordinados-siembran-terror-ambiental-en-leon\/\" aria-label=\"Leer m\u00e1s sobre Pir\u00f3manos coordinados siembran terror ambiental en Le\u00f3n\">Seguir leyendo &rarr;<\/a><\/p>\n","protected":false},"author":20,"featured_media":4133,"comment_status":"open","ping_status":"open","sticky":false,"template":"","format":"standard","meta":{"footnotes":""},"categories":[13],"tags":[],"class_list":["post-4132","post","type-post","status-publish","format-standard","has-post-thumbnail","hentry","category-portada"],"yoast_head":"<!-- This site is optimized with the Yoast SEO plugin v25.6 - https:\/\/yoast.com\/wordpress\/plugins\/seo\/ -->\n<title>Pir\u00f3manos coordinados siembran terror ambiental en Le\u00f3n - Diario 21<\/title>\n<meta name=\"robots\" content=\"index, follow, max-snippet:-1, max-image-preview:large, max-video-preview:-1\" \/>\n<link rel=\"canonical\" href=\"https:\/\/www.diario21.tv\/noticias\/piromanos-coordinados-siembran-terror-ambiental-en-leon\/\" \/>\n<meta property=\"og:locale\" content=\"es_ES\" \/>\n<meta property=\"og:type\" content=\"article\" \/>\n<meta property=\"og:title\" content=\"Pir\u00f3manos coordinados siembran terror ambiental en Le\u00f3n - Diario 21\" \/>\n<meta property=\"og:description\" content=\"Incendios en Le\u00f3n: Coordinaci\u00f3n Sospechosa y Acusaciones de Terrorismo Ecol\u00f3gico En la provincia de Le\u00f3n, se ha levantado una ola de preocupaci\u00f3n y alarma ante una ... Seguir leyendo &rarr;\" \/>\n<meta property=\"og:url\" content=\"https:\/\/www.diario21.tv\/noticias\/piromanos-coordinados-siembran-terror-ambiental-en-leon\/\" \/>\n<meta property=\"og:site_name\" content=\"Diario 21\" \/>\n<meta property=\"article:published_time\" content=\"2025-08-12T10:09:14+00:00\" \/>\n<meta property=\"article:modified_time\" content=\"2025-08-12T10:09:15+00:00\" \/>\n<meta property=\"og:image\" content=\"https:\/\/www.diario21.tv\/noticias\/wp-content\/uploads\/2025\/08\/Piromanos-coordinados-siembran-terror-ambiental-en-Leon.jpg\" \/>\n\t<meta property=\"og:image:width\" content=\"1200\" \/>\n\t<meta property=\"og:image:height\" content=\"840\" \/>\n\t<meta property=\"og:image:type\" content=\"image\/jpeg\" \/>\n<meta name=\"author\" content=\"Juan P\u00e9rez\" \/>\n<meta name=\"twitter:card\" content=\"summary_large_image\" \/>\n<meta name=\"twitter:label1\" content=\"Escrito por\" \/>\n\t<meta name=\"twitter:data1\" content=\"Juan P\u00e9rez\" \/>\n\t<meta name=\"twitter:label2\" content=\"Tiempo de lectura\" \/>\n\t<meta name=\"twitter:data2\" content=\"3 minutos\" \/>\n<script type=\"application\/ld+json\" class=\"yoast-schema-graph\">{\"@context\":\"https:\/\/schema.org\",\"@graph\":[{\"@type\":\"WebPage\",\"@id\":\"https:\/\/www.diario21.tv\/noticias\/piromanos-coordinados-siembran-terror-ambiental-en-leon\/\",\"url\":\"https:\/\/www.diario21.tv\/noticias\/piromanos-coordinados-siembran-terror-ambiental-en-leon\/\",\"name\":\"Pir\u00f3manos coordinados siembran terror ambiental en Le\u00f3n - Diario 21\",\"isPartOf\":{\"@id\":\"https:\/\/www.diario21.tv\/noticias\/#website\"},\"primaryImageOfPage\":{\"@id\":\"https:\/\/www.diario21.tv\/noticias\/piromanos-coordinados-siembran-terror-ambiental-en-leon\/#primaryimage\"},\"image\":{\"@id\":\"https:\/\/www.diario21.tv\/noticias\/piromanos-coordinados-siembran-terror-ambiental-en-leon\/#primaryimage\"},\"thumbnailUrl\":\"https:\/\/www.diario21.tv\/noticias\/wp-content\/uploads\/2025\/08\/Piromanos-coordinados-siembran-terror-ambiental-en-Leon.jpg\",\"datePublished\":\"2025-08-12T10:09:14+00:00\",\"dateModified\":\"2025-08-12T10:09:15+00:00\",\"author\":{\"@id\":\"https:\/\/www.diario21.tv\/noticias\/#\/schema\/person\/dfb778f73814d8f09f302618446a526b\"},\"breadcrumb\":{\"@id\":\"https:\/\/www.diario21.tv\/noticias\/piromanos-coordinados-siembran-terror-ambiental-en-leon\/#breadcrumb\"},\"inLanguage\":\"es-AR\",\"potentialAction\":[{\"@type\":\"ReadAction\",\"target\":[\"https:\/\/www.diario21.tv\/noticias\/piromanos-coordinados-siembran-terror-ambiental-en-leon\/\"]}]},{\"@type\":\"ImageObject\",\"inLanguage\":\"es-AR\",\"@id\":\"https:\/\/www.diario21.tv\/noticias\/piromanos-coordinados-siembran-terror-ambiental-en-leon\/#primaryimage\",\"url\":\"https:\/\/www.diario21.tv\/noticias\/wp-content\/uploads\/2025\/08\/Piromanos-coordinados-siembran-terror-ambiental-en-Leon.jpg\",\"contentUrl\":\"https:\/\/www.diario21.tv\/noticias\/wp-content\/uploads\/2025\/08\/Piromanos-coordinados-siembran-terror-ambiental-en-Leon.jpg\",\"width\":1200,\"height\":840,\"caption\":\"\u00abSon pir\u00f3manos actuando en Le\u00f3n de forma coordinada, es terrorismo ambiental\u00bb\"},{\"@type\":\"BreadcrumbList\",\"@id\":\"https:\/\/www.diario21.tv\/noticias\/piromanos-coordinados-siembran-terror-ambiental-en-leon\/#breadcrumb\",\"itemListElement\":[{\"@type\":\"ListItem\",\"position\":1,\"name\":\"Accueil\",\"item\":\"https:\/\/www.diario21.tv\/noticias\/\"},{\"@type\":\"ListItem\",\"position\":2,\"name\":\"Pir\u00f3manos coordinados siembran terror ambiental en Le\u00f3n\"}]},{\"@type\":\"WebSite\",\"@id\":\"https:\/\/www.diario21.tv\/noticias\/#website\",\"url\":\"https:\/\/www.diario21.tv\/noticias\/\",\"name\":\"Diario 21\",\"description\":\"\",\"potentialAction\":[{\"@type\":\"SearchAction\",\"target\":{\"@type\":\"EntryPoint\",\"urlTemplate\":\"https:\/\/www.diario21.tv\/noticias\/?s={search_term_string}\"},\"query-input\":{\"@type\":\"PropertyValueSpecification\",\"valueRequired\":true,\"valueName\":\"search_term_string\"}}],\"inLanguage\":\"es-AR\"},{\"@type\":\"Person\",\"@id\":\"https:\/\/www.diario21.tv\/noticias\/#\/schema\/person\/dfb778f73814d8f09f302618446a526b\",\"name\":\"Juan P\u00e9rez\",\"image\":{\"@type\":\"ImageObject\",\"inLanguage\":\"es-AR\",\"@id\":\"https:\/\/www.diario21.tv\/noticias\/#\/schema\/person\/image\/\",\"url\":\"https:\/\/secure.gravatar.com\/avatar\/c478a405bd10621167f4c3167cc770f5?s=96&d=mm&r=g\",\"contentUrl\":\"https:\/\/secure.gravatar.com\/avatar\/c478a405bd10621167f4c3167cc770f5?s=96&d=mm&r=g\",\"caption\":\"Juan P\u00e9rez\"},\"description\":\"Juan P\u00e9rez es el redactor en jefe de Diario 21. Con m\u00e1s de 10 a\u00f1os de experiencia en el periodismo, se especializa en pol\u00edtica nacional y an\u00e1lisis socioecon\u00f3mico. Su enfoque cr\u00edtico y riguroso aporta una perspectiva \u00fanica a cada art\u00edculo.\",\"sameAs\":[\"https:\/\/www.diario21.tv\/noticias\/\"],\"url\":\"https:\/\/www.diario21.tv\/noticias\/author\/juan-perez\/\"}]}<\/script>\n<!-- \/ Yoast SEO plugin. -->","yoast_head_json":{"title":"Pir\u00f3manos coordinados siembran terror ambiental en Le\u00f3n - Diario 21","robots":{"index":"index","follow":"follow","max-snippet":"max-snippet:-1","max-image-preview":"max-image-preview:large","max-video-preview":"max-video-preview:-1"},"canonical":"https:\/\/www.diario21.tv\/noticias\/piromanos-coordinados-siembran-terror-ambiental-en-leon\/","og_locale":"es_ES","og_type":"article","og_title":"Pir\u00f3manos coordinados siembran terror ambiental en Le\u00f3n - Diario 21","og_description":"Incendios en Le\u00f3n: Coordinaci\u00f3n Sospechosa y Acusaciones de Terrorismo Ecol\u00f3gico En la provincia de Le\u00f3n, se ha levantado una ola de preocupaci\u00f3n y alarma ante una ... Seguir leyendo &rarr;","og_url":"https:\/\/www.diario21.tv\/noticias\/piromanos-coordinados-siembran-terror-ambiental-en-leon\/","og_site_name":"Diario 21","article_published_time":"2025-08-12T10:09:14+00:00","article_modified_time":"2025-08-12T10:09:15+00:00","og_image":[{"width":1200,"height":840,"url":"https:\/\/www.diario21.tv\/noticias\/wp-content\/uploads\/2025\/08\/Piromanos-coordinados-siembran-terror-ambiental-en-Leon.jpg","type":"image\/jpeg"}],"author":"Juan P\u00e9rez","twitter_card":"summary_large_image","twitter_misc":{"Escrito por":"Juan P\u00e9rez","Tiempo de lectura":"3 minutos"},"schema":{"@context":"https:\/\/schema.org","@graph":[{"@type":"WebPage","@id":"https:\/\/www.diario21.tv\/noticias\/piromanos-coordinados-siembran-terror-ambiental-en-leon\/","url":"https:\/\/www.diario21.tv\/noticias\/piromanos-coordinados-siembran-terror-ambiental-en-leon\/","name":"Pir\u00f3manos coordinados siembran terror ambiental en Le\u00f3n - Diario 21","isPartOf":{"@id":"https:\/\/www.diario21.tv\/noticias\/#website"},"primaryImageOfPage":{"@id":"https:\/\/www.diario21.tv\/noticias\/piromanos-coordinados-siembran-terror-ambiental-en-leon\/#primaryimage"},"image":{"@id":"https:\/\/www.diario21.tv\/noticias\/piromanos-coordinados-siembran-terror-ambiental-en-leon\/#primaryimage"},"thumbnailUrl":"https:\/\/www.diario21.tv\/noticias\/wp-content\/uploads\/2025\/08\/Piromanos-coordinados-siembran-terror-ambiental-en-Leon.jpg","datePublished":"2025-08-12T10:09:14+00:00","dateModified":"2025-08-12T10:09:15+00:00","author":{"@id":"https:\/\/www.diario21.tv\/noticias\/#\/schema\/person\/dfb778f73814d8f09f302618446a526b"},"breadcrumb":{"@id":"https:\/\/www.diario21.tv\/noticias\/piromanos-coordinados-siembran-terror-ambiental-en-leon\/#breadcrumb"},"inLanguage":"es-AR","potentialAction":[{"@type":"ReadAction","target":["https:\/\/www.diario21.tv\/noticias\/piromanos-coordinados-siembran-terror-ambiental-en-leon\/"]}]},{"@type":"ImageObject","inLanguage":"es-AR","@id":"https:\/\/www.diario21.tv\/noticias\/piromanos-coordinados-siembran-terror-ambiental-en-leon\/#primaryimage","url":"https:\/\/www.diario21.tv\/noticias\/wp-content\/uploads\/2025\/08\/Piromanos-coordinados-siembran-terror-ambiental-en-Leon.jpg","contentUrl":"https:\/\/www.diario21.tv\/noticias\/wp-content\/uploads\/2025\/08\/Piromanos-coordinados-siembran-terror-ambiental-en-Leon.jpg","width":1200,"height":840,"caption":"\u00abSon pir\u00f3manos actuando en Le\u00f3n de forma coordinada, es terrorismo ambiental\u00bb"},{"@type":"BreadcrumbList","@id":"https:\/\/www.diario21.tv\/noticias\/piromanos-coordinados-siembran-terror-ambiental-en-leon\/#breadcrumb","itemListElement":[{"@type":"ListItem","position":1,"name":"Accueil","item":"https:\/\/www.diario21.tv\/noticias\/"},{"@type":"ListItem","position":2,"name":"Pir\u00f3manos coordinados siembran terror ambiental en Le\u00f3n"}]},{"@type":"WebSite","@id":"https:\/\/www.diario21.tv\/noticias\/#website","url":"https:\/\/www.diario21.tv\/noticias\/","name":"Diario 21","description":"","potentialAction":[{"@type":"SearchAction","target":{"@type":"EntryPoint","urlTemplate":"https:\/\/www.diario21.tv\/noticias\/?s={search_term_string}"},"query-input":{"@type":"PropertyValueSpecification","valueRequired":true,"valueName":"search_term_string"}}],"inLanguage":"es-AR"},{"@type":"Person","@id":"https:\/\/www.diario21.tv\/noticias\/#\/schema\/person\/dfb778f73814d8f09f302618446a526b","name":"Juan P\u00e9rez","image":{"@type":"ImageObject","inLanguage":"es-AR","@id":"https:\/\/www.diario21.tv\/noticias\/#\/schema\/person\/image\/","url":"https:\/\/secure.gravatar.com\/avatar\/c478a405bd10621167f4c3167cc770f5?s=96&d=mm&r=g","contentUrl":"https:\/\/secure.gravatar.com\/avatar\/c478a405bd10621167f4c3167cc770f5?s=96&d=mm&r=g","caption":"Juan P\u00e9rez"},"description":"Juan P\u00e9rez es el redactor en jefe de Diario 21. Con m\u00e1s de 10 a\u00f1os de experiencia en el periodismo, se especializa en pol\u00edtica nacional y an\u00e1lisis socioecon\u00f3mico. Su enfoque cr\u00edtico y riguroso aporta una perspectiva \u00fanica a cada art\u00edculo.","sameAs":["https:\/\/www.diario21.tv\/noticias\/"],"url":"https:\/\/www.diario21.tv\/noticias\/author\/juan-perez\/"}]}},"_links":{"self":[{"href":"https:\/\/www.diario21.tv\/noticias\/wp-json\/wp\/v2\/posts\/4132"}],"collection":[{"href":"https:\/\/www.diario21.tv\/noticias\/wp-json\/wp\/v2\/posts"}],"about":[{"href":"https:\/\/www.diario21.tv\/noticias\/wp-json\/wp\/v2\/types\/post"}],"author":[{"embeddable":true,"href":"https:\/\/www.diario21.tv\/noticias\/wp-json\/wp\/v2\/users\/20"}],"replies":[{"embeddable":true,"href":"https:\/\/www.diario21.tv\/noticias\/wp-json\/wp\/v2\/comments?post=4132"}],"version-history":[{"count":1,"href":"https:\/\/www.diario21.tv\/noticias\/wp-json\/wp\/v2\/posts\/4132\/revisions"}],"predecessor-version":[{"id":4134,"href":"https:\/\/www.diario21.tv\/noticias\/wp-json\/wp\/v2\/posts\/4132\/revisions\/4134"}],"wp:featuredmedia":[{"embeddable":true,"href":"https:\/\/www.diario21.tv\/noticias\/wp-json\/wp\/v2\/media\/4133"}],"wp:attachment":[{"href":"https:\/\/www.diario21.tv\/noticias\/wp-json\/wp\/v2\/media?parent=4132"}],"wp:term":[{"taxonomy":"category","embeddable":true,"href":"https:\/\/www.diario21.tv\/noticias\/wp-json\/wp\/v2\/categories?post=4132"},{"taxonomy":"post_tag","embeddable":true,"href":"https:\/\/www.diario21.tv\/noticias\/wp-json\/wp\/v2\/tags?post=4132"}],"curies":[{"name":"wp","href":"https:\/\/api.w.org\/{rel}","templated":true}]}}