{"id":4126,"date":"2025-08-11T22:07:50","date_gmt":"2025-08-11T22:07:50","guid":{"rendered":"https:\/\/www.diario21.tv\/noticias\/increible-julio-alamo-descubre-el-ultimo-toro-de-osborne-en-japon\/"},"modified":"2025-08-11T22:07:52","modified_gmt":"2025-08-11T22:07:52","slug":"increible-julio-alamo-descubre-el-ultimo-toro-de-osborne-en-japon","status":"publish","type":"post","link":"https:\/\/www.diario21.tv\/noticias\/increible-julio-alamo-descubre-el-ultimo-toro-de-osborne-en-japon\/","title":{"rendered":"\u00a1Incre\u00edble! Julio \u00c1lamo descubre el \u00faltimo toro de Osborne en Jap\u00f3n"},"content":{"rendered":"<h2>Julio \u00c1lamo concluye su aventura en Jap\u00f3n en pos del \u00faltimo toro de Osborne del mundo<\/h2>\n<p>Julio \u00c1lamo, un aventurero y entusiasta de la cultura espa\u00f1ola, ha finalizado recientemente su periplo global que lo llev\u00f3 hasta Jap\u00f3n, en la b\u00fasqueda incansable del que se presume es el \u00faltimo toro de Osborne situado fuera de Espa\u00f1a. Este viaje no solo represent\u00f3 un desaf\u00edo log\u00edstico, sino tambi\u00e9n una odisea personal cargada de emociones y descubrimientos.<\/p>\n<h3>Una b\u00fasqueda motivada por la pasi\u00f3n<\/h3>\n<p>Desde que \u00c1lamo descubri\u00f3 la existencia de un toro de Osborne en tierras niponas, su curiosidad y fervor por la iconograf\u00eda espa\u00f1ola lo impulsaron a emprender este viaje. La figura del toro de Osborne, creada en 1956 por Manolo Prieto, no solo es un s\u00edmbolo publicitario sino tambi\u00e9n parte del paisaje cultural de Espa\u00f1a. Encontrar uno de estos emblem\u00e1ticos toros en Jap\u00f3n era algo que Julio no pod\u00eda dejar pasar.<\/p>\n<h3>El recorrido hasta el hallazgo<\/h3>\n<p>La traves\u00eda de Julio comenz\u00f3 en Tokio, donde se sumergi\u00f3 en la cultura local y trat\u00f3 de encontrar pistas sobre la ubicaci\u00f3n exacta del toro. A trav\u00e9s de conversaciones con locales, exploraci\u00f3n de foros en l\u00ednea y consultas en diversas bibliotecas y archivos, Julio poco a poco fue juntando las piezas del rompecabezas.<\/p>\n<p>Tras varios d\u00edas de intensa b\u00fasqueda, sus esfuerzos lo llevaron a una peque\u00f1a localidad en las afueras de Osaka. Era un lugar poco probable para encontrar una pieza de publicidad espa\u00f1ola, lo que hac\u00eda m\u00e1s emocionante el descubrimiento.<\/p>\n<h3>El encuentro con el \u00faltimo toro<\/h3>\n<p>Cuando Julio finalmente se encontr\u00f3 frente a frente con el toro de Osborne, la emoci\u00f3n fue incontenible. El toro estaba situado en un campo abierto, mirando hacia el horizonte, similar a como se pueden ver estos s\u00edmbolos en las carreteras de Espa\u00f1a. La estructura, aunque mostraba signos de desgaste debido a las inclemencias del tiempo y la falta de mantenimiento, a\u00fan conservaba su imponente figura y su impacto visual caracter\u00edstico.<\/p>\n<p>Julio pas\u00f3 varias horas en el sitio, reflexionando sobre su viaje y la conexi\u00f3n cultural que el toro representaba. Tambi\u00e9n aprovech\u00f3 para documentar su hallazgo con fotograf\u00edas y notas, planeando compartir su experiencia en una serie de conferencias y publicaciones al regresar a Espa\u00f1a.<\/p>\n<h3>Reflexiones finales y regreso a casa<\/h3>\n<p>El viaje de Julio \u00c1lamo no solo culmin\u00f3 con el \u00e9xito de encontrar el \u00faltimo toro de Osborne en Jap\u00f3n, sino que tambi\u00e9n le permiti\u00f3 explorar m\u00e1s profundamente la influencia de la cultura espa\u00f1ola en el exterior. Su aventura es un testimonio de c\u00f3mo un s\u00edmbolo puede trascender fronteras y unirse a la historia y la identidad de lugares distantes.<\/p>\n<p>A su regreso a Espa\u00f1a, Julio se sinti\u00f3 renovado y listo para compartir su historia, esperando inspirar a otros a valorar y explorar la rica herencia cultural de su pa\u00eds. Su pr\u00f3xima meta, dijo, ser\u00eda continuar explorando otros elementos de la cultura espa\u00f1ola que han dejado huella en el mundo, siempre con el mismo entusiasmo y dedicaci\u00f3n que caracteriz\u00f3 su b\u00fasqueda del toro de Osborne en Jap\u00f3n.<\/p>\n\n\n<div class=\"kk-star-ratings kksr-auto kksr-align-left kksr-valign-bottom\"\n    data-payload='{&quot;align&quot;:&quot;left&quot;,&quot;id&quot;:&quot;4126&quot;,&quot;slug&quot;:&quot;default&quot;,&quot;valign&quot;:&quot;bottom&quot;,&quot;ignore&quot;:&quot;&quot;,&quot;reference&quot;:&quot;auto&quot;,&quot;class&quot;:&quot;&quot;,&quot;count&quot;:&quot;0&quot;,&quot;legendonly&quot;:&quot;&quot;,&quot;readonly&quot;:&quot;&quot;,&quot;score&quot;:&quot;0&quot;,&quot;starsonly&quot;:&quot;&quot;,&quot;best&quot;:&quot;5&quot;,&quot;gap&quot;:&quot;5&quot;,&quot;greet&quot;:&quot;Valora este post&quot;,&quot;legend&quot;:&quot;0\\\/5 - (0 votes)&quot;,&quot;size&quot;:&quot;22&quot;,&quot;title&quot;:&quot;\u00a1Incre\u00edble! Julio \u00c1lamo descubre el \u00faltimo toro de Osborne en Jap\u00f3n&quot;,&quot;width&quot;:&quot;0&quot;,&quot;_legend&quot;:&quot;{score}\\\/{best} - ({count} {votes})&quot;,&quot;font_factor&quot;:&quot;1.25&quot;}'>\n            \n<div class=\"kksr-stars\">\n    \n<div class=\"kksr-stars-inactive\">\n            <div class=\"kksr-star\" data-star=\"1\" style=\"padding-right: 5px\">\n            \n\n<div class=\"kksr-icon\" style=\"width: 22px; height: 22px;\"><\/div>\n        <\/div>\n            <div class=\"kksr-star\" data-star=\"2\" style=\"padding-right: 5px\">\n            \n\n<div class=\"kksr-icon\" style=\"width: 22px; height: 22px;\"><\/div>\n        <\/div>\n            <div class=\"kksr-star\" data-star=\"3\" style=\"padding-right: 5px\">\n            \n\n<div class=\"kksr-icon\" style=\"width: 22px; height: 22px;\"><\/div>\n        <\/div>\n            <div class=\"kksr-star\" data-star=\"4\" style=\"padding-right: 5px\">\n            \n\n<div class=\"kksr-icon\" style=\"width: 22px; height: 22px;\"><\/div>\n        <\/div>\n            <div class=\"kksr-star\" data-star=\"5\" style=\"padding-right: 5px\">\n            \n\n<div class=\"kksr-icon\" style=\"width: 22px; height: 22px;\"><\/div>\n        <\/div>\n    <\/div>\n    \n<div class=\"kksr-stars-active\" style=\"width: 0px;\">\n            <div class=\"kksr-star\" style=\"padding-right: 5px\">\n            \n\n<div class=\"kksr-icon\" style=\"width: 22px; height: 22px;\"><\/div>\n        <\/div>\n            <div class=\"kksr-star\" style=\"padding-right: 5px\">\n            \n\n<div class=\"kksr-icon\" style=\"width: 22px; height: 22px;\"><\/div>\n        <\/div>\n            <div class=\"kksr-star\" style=\"padding-right: 5px\">\n            \n\n<div class=\"kksr-icon\" style=\"width: 22px; height: 22px;\"><\/div>\n        <\/div>\n            <div class=\"kksr-star\" style=\"padding-right: 5px\">\n            \n\n<div class=\"kksr-icon\" style=\"width: 22px; height: 22px;\"><\/div>\n        <\/div>\n            <div class=\"kksr-star\" style=\"padding-right: 5px\">\n            \n\n<div class=\"kksr-icon\" style=\"width: 22px; height: 22px;\"><\/div>\n        <\/div>\n    <\/div>\n<\/div>\n                \n\n<div class=\"kksr-legend\" style=\"font-size: 17.6px;\">\n            <span class=\"kksr-muted\">Valora este post<\/span>\n    <\/div>\n    <\/div>\n","protected":false},"excerpt":{"rendered":"<p>Julio \u00c1lamo concluye su aventura en Jap\u00f3n en pos del \u00faltimo toro de Osborne del mundo Julio \u00c1lamo, un aventurero y entusiasta de la cultura espa\u00f1ola, &#8230; <a title=\"\u00a1Incre\u00edble! Julio \u00c1lamo descubre el \u00faltimo toro de Osborne en Jap\u00f3n\" class=\"read-more\" href=\"https:\/\/www.diario21.tv\/noticias\/increible-julio-alamo-descubre-el-ultimo-toro-de-osborne-en-japon\/\" aria-label=\"Leer m\u00e1s sobre \u00a1Incre\u00edble! Julio \u00c1lamo descubre el \u00faltimo toro de Osborne en Jap\u00f3n\">Seguir leyendo &rarr;<\/a><\/p>\n","protected":false},"author":20,"featured_media":4127,"comment_status":"open","ping_status":"open","sticky":false,"template":"","format":"standard","meta":{"footnotes":""},"categories":[13],"tags":[],"class_list":["post-4126","post","type-post","status-publish","format-standard","has-post-thumbnail","hentry","category-portada"],"yoast_head":"<!-- This site is optimized with the Yoast SEO plugin v25.6 - https:\/\/yoast.com\/wordpress\/plugins\/seo\/ -->\n<title>\u00a1Incre\u00edble! Julio \u00c1lamo descubre el \u00faltimo toro de Osborne en Jap\u00f3n - Diario 21<\/title>\n<meta name=\"robots\" content=\"index, follow, max-snippet:-1, max-image-preview:large, max-video-preview:-1\" \/>\n<link rel=\"canonical\" href=\"https:\/\/www.diario21.tv\/noticias\/increible-julio-alamo-descubre-el-ultimo-toro-de-osborne-en-japon\/\" \/>\n<meta property=\"og:locale\" content=\"es_ES\" \/>\n<meta property=\"og:type\" content=\"article\" \/>\n<meta property=\"og:title\" content=\"\u00a1Incre\u00edble! Julio \u00c1lamo descubre el \u00faltimo toro de Osborne en Jap\u00f3n - Diario 21\" \/>\n<meta property=\"og:description\" content=\"Julio \u00c1lamo concluye su aventura en Jap\u00f3n en pos del \u00faltimo toro de Osborne del mundo Julio \u00c1lamo, un aventurero y entusiasta de la cultura espa\u00f1ola, ... Seguir leyendo &rarr;\" \/>\n<meta property=\"og:url\" content=\"https:\/\/www.diario21.tv\/noticias\/increible-julio-alamo-descubre-el-ultimo-toro-de-osborne-en-japon\/\" \/>\n<meta property=\"og:site_name\" content=\"Diario 21\" \/>\n<meta property=\"article:published_time\" content=\"2025-08-11T22:07:50+00:00\" \/>\n<meta property=\"article:modified_time\" content=\"2025-08-11T22:07:52+00:00\" \/>\n<meta property=\"og:image\" content=\"https:\/\/www.diario21.tv\/noticias\/wp-content\/uploads\/2025\/08\/\u00a1Increible-Julio-Alamo-descubre-el-ultimo-toro-de-Osborne-en.jpg\" \/>\n\t<meta property=\"og:image:width\" content=\"1200\" \/>\n\t<meta property=\"og:image:height\" content=\"840\" \/>\n\t<meta property=\"og:image:type\" content=\"image\/jpeg\" \/>\n<meta name=\"author\" content=\"Juan P\u00e9rez\" \/>\n<meta name=\"twitter:card\" content=\"summary_large_image\" \/>\n<meta name=\"twitter:label1\" content=\"Escrito por\" \/>\n\t<meta name=\"twitter:data1\" content=\"Juan P\u00e9rez\" \/>\n\t<meta name=\"twitter:label2\" content=\"Tiempo de lectura\" \/>\n\t<meta name=\"twitter:data2\" content=\"3 minutos\" \/>\n<script type=\"application\/ld+json\" class=\"yoast-schema-graph\">{\"@context\":\"https:\/\/schema.org\",\"@graph\":[{\"@type\":\"WebPage\",\"@id\":\"https:\/\/www.diario21.tv\/noticias\/increible-julio-alamo-descubre-el-ultimo-toro-de-osborne-en-japon\/\",\"url\":\"https:\/\/www.diario21.tv\/noticias\/increible-julio-alamo-descubre-el-ultimo-toro-de-osborne-en-japon\/\",\"name\":\"\u00a1Incre\u00edble! Julio \u00c1lamo descubre el \u00faltimo toro de Osborne en Jap\u00f3n - Diario 21\",\"isPartOf\":{\"@id\":\"https:\/\/www.diario21.tv\/noticias\/#website\"},\"primaryImageOfPage\":{\"@id\":\"https:\/\/www.diario21.tv\/noticias\/increible-julio-alamo-descubre-el-ultimo-toro-de-osborne-en-japon\/#primaryimage\"},\"image\":{\"@id\":\"https:\/\/www.diario21.tv\/noticias\/increible-julio-alamo-descubre-el-ultimo-toro-de-osborne-en-japon\/#primaryimage\"},\"thumbnailUrl\":\"https:\/\/www.diario21.tv\/noticias\/wp-content\/uploads\/2025\/08\/\u00a1Increible-Julio-Alamo-descubre-el-ultimo-toro-de-Osborne-en.jpg\",\"datePublished\":\"2025-08-11T22:07:50+00:00\",\"dateModified\":\"2025-08-11T22:07:52+00:00\",\"author\":{\"@id\":\"https:\/\/www.diario21.tv\/noticias\/#\/schema\/person\/dfb778f73814d8f09f302618446a526b\"},\"breadcrumb\":{\"@id\":\"https:\/\/www.diario21.tv\/noticias\/increible-julio-alamo-descubre-el-ultimo-toro-de-osborne-en-japon\/#breadcrumb\"},\"inLanguage\":\"es-AR\",\"potentialAction\":[{\"@type\":\"ReadAction\",\"target\":[\"https:\/\/www.diario21.tv\/noticias\/increible-julio-alamo-descubre-el-ultimo-toro-de-osborne-en-japon\/\"]}]},{\"@type\":\"ImageObject\",\"inLanguage\":\"es-AR\",\"@id\":\"https:\/\/www.diario21.tv\/noticias\/increible-julio-alamo-descubre-el-ultimo-toro-de-osborne-en-japon\/#primaryimage\",\"url\":\"https:\/\/www.diario21.tv\/noticias\/wp-content\/uploads\/2025\/08\/\u00a1Increible-Julio-Alamo-descubre-el-ultimo-toro-de-Osborne-en.jpg\",\"contentUrl\":\"https:\/\/www.diario21.tv\/noticias\/wp-content\/uploads\/2025\/08\/\u00a1Increible-Julio-Alamo-descubre-el-ultimo-toro-de-Osborne-en.jpg\",\"width\":1200,\"height\":840,\"caption\":\"Julio \u00c1lamo culmina en Jap\u00f3n su viaje en busca del \u00faltimo toro de Osborne del planeta\"},{\"@type\":\"BreadcrumbList\",\"@id\":\"https:\/\/www.diario21.tv\/noticias\/increible-julio-alamo-descubre-el-ultimo-toro-de-osborne-en-japon\/#breadcrumb\",\"itemListElement\":[{\"@type\":\"ListItem\",\"position\":1,\"name\":\"Accueil\",\"item\":\"https:\/\/www.diario21.tv\/noticias\/\"},{\"@type\":\"ListItem\",\"position\":2,\"name\":\"\u00a1Incre\u00edble! Julio \u00c1lamo descubre el \u00faltimo toro de Osborne en Jap\u00f3n\"}]},{\"@type\":\"WebSite\",\"@id\":\"https:\/\/www.diario21.tv\/noticias\/#website\",\"url\":\"https:\/\/www.diario21.tv\/noticias\/\",\"name\":\"Diario 21\",\"description\":\"\",\"potentialAction\":[{\"@type\":\"SearchAction\",\"target\":{\"@type\":\"EntryPoint\",\"urlTemplate\":\"https:\/\/www.diario21.tv\/noticias\/?s={search_term_string}\"},\"query-input\":{\"@type\":\"PropertyValueSpecification\",\"valueRequired\":true,\"valueName\":\"search_term_string\"}}],\"inLanguage\":\"es-AR\"},{\"@type\":\"Person\",\"@id\":\"https:\/\/www.diario21.tv\/noticias\/#\/schema\/person\/dfb778f73814d8f09f302618446a526b\",\"name\":\"Juan P\u00e9rez\",\"image\":{\"@type\":\"ImageObject\",\"inLanguage\":\"es-AR\",\"@id\":\"https:\/\/www.diario21.tv\/noticias\/#\/schema\/person\/image\/\",\"url\":\"https:\/\/secure.gravatar.com\/avatar\/c478a405bd10621167f4c3167cc770f5?s=96&d=mm&r=g\",\"contentUrl\":\"https:\/\/secure.gravatar.com\/avatar\/c478a405bd10621167f4c3167cc770f5?s=96&d=mm&r=g\",\"caption\":\"Juan P\u00e9rez\"},\"description\":\"Juan P\u00e9rez es el redactor en jefe de Diario 21. Con m\u00e1s de 10 a\u00f1os de experiencia en el periodismo, se especializa en pol\u00edtica nacional y an\u00e1lisis socioecon\u00f3mico. Su enfoque cr\u00edtico y riguroso aporta una perspectiva \u00fanica a cada art\u00edculo.\",\"sameAs\":[\"https:\/\/www.diario21.tv\/noticias\/\"],\"url\":\"https:\/\/www.diario21.tv\/noticias\/author\/juan-perez\/\"}]}<\/script>\n<!-- \/ Yoast SEO plugin. -->","yoast_head_json":{"title":"\u00a1Incre\u00edble! Julio \u00c1lamo descubre el \u00faltimo toro de Osborne en Jap\u00f3n - Diario 21","robots":{"index":"index","follow":"follow","max-snippet":"max-snippet:-1","max-image-preview":"max-image-preview:large","max-video-preview":"max-video-preview:-1"},"canonical":"https:\/\/www.diario21.tv\/noticias\/increible-julio-alamo-descubre-el-ultimo-toro-de-osborne-en-japon\/","og_locale":"es_ES","og_type":"article","og_title":"\u00a1Incre\u00edble! Julio \u00c1lamo descubre el \u00faltimo toro de Osborne en Jap\u00f3n - Diario 21","og_description":"Julio \u00c1lamo concluye su aventura en Jap\u00f3n en pos del \u00faltimo toro de Osborne del mundo Julio \u00c1lamo, un aventurero y entusiasta de la cultura espa\u00f1ola, ... Seguir leyendo &rarr;","og_url":"https:\/\/www.diario21.tv\/noticias\/increible-julio-alamo-descubre-el-ultimo-toro-de-osborne-en-japon\/","og_site_name":"Diario 21","article_published_time":"2025-08-11T22:07:50+00:00","article_modified_time":"2025-08-11T22:07:52+00:00","og_image":[{"width":1200,"height":840,"url":"https:\/\/www.diario21.tv\/noticias\/wp-content\/uploads\/2025\/08\/\u00a1Increible-Julio-Alamo-descubre-el-ultimo-toro-de-Osborne-en.jpg","type":"image\/jpeg"}],"author":"Juan P\u00e9rez","twitter_card":"summary_large_image","twitter_misc":{"Escrito por":"Juan P\u00e9rez","Tiempo de lectura":"3 minutos"},"schema":{"@context":"https:\/\/schema.org","@graph":[{"@type":"WebPage","@id":"https:\/\/www.diario21.tv\/noticias\/increible-julio-alamo-descubre-el-ultimo-toro-de-osborne-en-japon\/","url":"https:\/\/www.diario21.tv\/noticias\/increible-julio-alamo-descubre-el-ultimo-toro-de-osborne-en-japon\/","name":"\u00a1Incre\u00edble! Julio \u00c1lamo descubre el \u00faltimo toro de Osborne en Jap\u00f3n - Diario 21","isPartOf":{"@id":"https:\/\/www.diario21.tv\/noticias\/#website"},"primaryImageOfPage":{"@id":"https:\/\/www.diario21.tv\/noticias\/increible-julio-alamo-descubre-el-ultimo-toro-de-osborne-en-japon\/#primaryimage"},"image":{"@id":"https:\/\/www.diario21.tv\/noticias\/increible-julio-alamo-descubre-el-ultimo-toro-de-osborne-en-japon\/#primaryimage"},"thumbnailUrl":"https:\/\/www.diario21.tv\/noticias\/wp-content\/uploads\/2025\/08\/\u00a1Increible-Julio-Alamo-descubre-el-ultimo-toro-de-Osborne-en.jpg","datePublished":"2025-08-11T22:07:50+00:00","dateModified":"2025-08-11T22:07:52+00:00","author":{"@id":"https:\/\/www.diario21.tv\/noticias\/#\/schema\/person\/dfb778f73814d8f09f302618446a526b"},"breadcrumb":{"@id":"https:\/\/www.diario21.tv\/noticias\/increible-julio-alamo-descubre-el-ultimo-toro-de-osborne-en-japon\/#breadcrumb"},"inLanguage":"es-AR","potentialAction":[{"@type":"ReadAction","target":["https:\/\/www.diario21.tv\/noticias\/increible-julio-alamo-descubre-el-ultimo-toro-de-osborne-en-japon\/"]}]},{"@type":"ImageObject","inLanguage":"es-AR","@id":"https:\/\/www.diario21.tv\/noticias\/increible-julio-alamo-descubre-el-ultimo-toro-de-osborne-en-japon\/#primaryimage","url":"https:\/\/www.diario21.tv\/noticias\/wp-content\/uploads\/2025\/08\/\u00a1Increible-Julio-Alamo-descubre-el-ultimo-toro-de-Osborne-en.jpg","contentUrl":"https:\/\/www.diario21.tv\/noticias\/wp-content\/uploads\/2025\/08\/\u00a1Increible-Julio-Alamo-descubre-el-ultimo-toro-de-Osborne-en.jpg","width":1200,"height":840,"caption":"Julio \u00c1lamo culmina en Jap\u00f3n su viaje en busca del \u00faltimo toro de Osborne del planeta"},{"@type":"BreadcrumbList","@id":"https:\/\/www.diario21.tv\/noticias\/increible-julio-alamo-descubre-el-ultimo-toro-de-osborne-en-japon\/#breadcrumb","itemListElement":[{"@type":"ListItem","position":1,"name":"Accueil","item":"https:\/\/www.diario21.tv\/noticias\/"},{"@type":"ListItem","position":2,"name":"\u00a1Incre\u00edble! Julio \u00c1lamo descubre el \u00faltimo toro de Osborne en Jap\u00f3n"}]},{"@type":"WebSite","@id":"https:\/\/www.diario21.tv\/noticias\/#website","url":"https:\/\/www.diario21.tv\/noticias\/","name":"Diario 21","description":"","potentialAction":[{"@type":"SearchAction","target":{"@type":"EntryPoint","urlTemplate":"https:\/\/www.diario21.tv\/noticias\/?s={search_term_string}"},"query-input":{"@type":"PropertyValueSpecification","valueRequired":true,"valueName":"search_term_string"}}],"inLanguage":"es-AR"},{"@type":"Person","@id":"https:\/\/www.diario21.tv\/noticias\/#\/schema\/person\/dfb778f73814d8f09f302618446a526b","name":"Juan P\u00e9rez","image":{"@type":"ImageObject","inLanguage":"es-AR","@id":"https:\/\/www.diario21.tv\/noticias\/#\/schema\/person\/image\/","url":"https:\/\/secure.gravatar.com\/avatar\/c478a405bd10621167f4c3167cc770f5?s=96&d=mm&r=g","contentUrl":"https:\/\/secure.gravatar.com\/avatar\/c478a405bd10621167f4c3167cc770f5?s=96&d=mm&r=g","caption":"Juan P\u00e9rez"},"description":"Juan P\u00e9rez es el redactor en jefe de Diario 21. Con m\u00e1s de 10 a\u00f1os de experiencia en el periodismo, se especializa en pol\u00edtica nacional y an\u00e1lisis socioecon\u00f3mico. Su enfoque cr\u00edtico y riguroso aporta una perspectiva \u00fanica a cada art\u00edculo.","sameAs":["https:\/\/www.diario21.tv\/noticias\/"],"url":"https:\/\/www.diario21.tv\/noticias\/author\/juan-perez\/"}]}},"_links":{"self":[{"href":"https:\/\/www.diario21.tv\/noticias\/wp-json\/wp\/v2\/posts\/4126"}],"collection":[{"href":"https:\/\/www.diario21.tv\/noticias\/wp-json\/wp\/v2\/posts"}],"about":[{"href":"https:\/\/www.diario21.tv\/noticias\/wp-json\/wp\/v2\/types\/post"}],"author":[{"embeddable":true,"href":"https:\/\/www.diario21.tv\/noticias\/wp-json\/wp\/v2\/users\/20"}],"replies":[{"embeddable":true,"href":"https:\/\/www.diario21.tv\/noticias\/wp-json\/wp\/v2\/comments?post=4126"}],"version-history":[{"count":1,"href":"https:\/\/www.diario21.tv\/noticias\/wp-json\/wp\/v2\/posts\/4126\/revisions"}],"predecessor-version":[{"id":4128,"href":"https:\/\/www.diario21.tv\/noticias\/wp-json\/wp\/v2\/posts\/4126\/revisions\/4128"}],"wp:featuredmedia":[{"embeddable":true,"href":"https:\/\/www.diario21.tv\/noticias\/wp-json\/wp\/v2\/media\/4127"}],"wp:attachment":[{"href":"https:\/\/www.diario21.tv\/noticias\/wp-json\/wp\/v2\/media?parent=4126"}],"wp:term":[{"taxonomy":"category","embeddable":true,"href":"https:\/\/www.diario21.tv\/noticias\/wp-json\/wp\/v2\/categories?post=4126"},{"taxonomy":"post_tag","embeddable":true,"href":"https:\/\/www.diario21.tv\/noticias\/wp-json\/wp\/v2\/tags?post=4126"}],"curies":[{"name":"wp","href":"https:\/\/api.w.org\/{rel}","templated":true}]}}