{"id":4108,"date":"2025-08-10T03:48:45","date_gmt":"2025-08-10T03:48:45","guid":{"rendered":"https:\/\/www.diario21.tv\/noticias\/descubrimiento-de-harvard-la-deficiencia-de-litio-podria-ser-clave-en-el-alzheimer\/"},"modified":"2025-08-10T03:48:46","modified_gmt":"2025-08-10T03:48:46","slug":"descubrimiento-de-harvard-la-deficiencia-de-litio-podria-ser-clave-en-el-alzheimer","status":"publish","type":"post","link":"https:\/\/www.diario21.tv\/noticias\/descubrimiento-de-harvard-la-deficiencia-de-litio-podria-ser-clave-en-el-alzheimer\/","title":{"rendered":"\u00a1Descubrimiento de Harvard! La deficiencia de litio podr\u00eda ser clave en el alzh\u00e9imer"},"content":{"rendered":"<h2>Investigaci\u00f3n de Harvard Vincula la Falta de Litio con la Enfermedad de Alzheimer<\/h2>\n<p>Un reciente estudio realizado por investigadores de la Universidad de Harvard ha destacado la importancia del litio en la prevenci\u00f3n de la enfermedad de Alzheimer. Este elemento qu\u00edmico, com\u00fanmente conocido por su uso en tratamientos psiqui\u00e1tricos, podr\u00eda jugar un papel crucial en la protecci\u00f3n contra esta devastadora enfermedad neurodegenerativa.<\/p>\n<h3>El Rol del Litio en el Cerebro<\/h3>\n<p>El litio, un elemento natural, ha sido reconocido desde hace tiempo por sus beneficios en el tratamiento de trastornos del \u00e1nimo como el trastorno bipolar. Sin embargo, los investigadores de Harvard han descubierto que tambi\u00e9n podr\u00eda ser fundamental para mantener la salud cerebral a largo plazo. Seg\u00fan el estudio, una deficiencia de litio en el organismo podr\u00eda estar directamente relacionada con el desarrollo del Alzheimer.<\/p>\n<h3>Detalles del Estudio<\/h3>\n<p>El equipo de investigaci\u00f3n examin\u00f3 diversos casos y realiz\u00f3 an\u00e1lisis comparativos entre individuos con niveles normales de litio y aquellos con deficiencia del mismo. Los resultados indicaron que los individuos con menores niveles de litio ten\u00edan una probabilidad significativamente mayor de desarrollar Alzheimer a medida que envejec\u00edan.<\/p>\n<h3>Implicaciones del Descubrimiento<\/h3>\n<p>Este descubrimiento abre nuevas v\u00edas para la prevenci\u00f3n de la enfermedad de Alzheimer. Si bien el litio se encuentra de forma natural en algunos alimentos y en el agua, la dosificaci\u00f3n y la absorci\u00f3n adecuada son claves para obtener sus beneficios. Los cient\u00edficos sugieren que una dieta equilibrada que incluya fuentes naturales de litio, o incluso la suplementaci\u00f3n dirigida, podr\u00eda ser una estrategia efectiva para mitigar el riesgo de desarrollar Alzheimer.<\/p>\n<h3>Pr\u00f3ximos Pasos en la Investigaci\u00f3n<\/h3>\n<p>Con estos hallazgos preliminares, el equipo de Harvard planea expandir su investigaci\u00f3n para explorar m\u00e1s a fondo c\u00f3mo el litio puede ser utilizado de manera efectiva en la prevenci\u00f3n del Alzheimer. Esto incluir\u00e1 estudios m\u00e1s amplios y controlados para determinar las dosis \u00f3ptimas y los m\u00e9todos de administraci\u00f3n del litio para maximizar sus beneficios neurol\u00f3gicos sin causar efectos secundarios adversos.<\/p>\n<h3>Conclusi\u00f3n<\/h3>\n<p>La investigaci\u00f3n de la Universidad de Harvard ha proporcionado evidencia prometedora de que el litio podr\u00eda ser un elemento clave en la lucha contra la enfermedad de Alzheimer. A medida que la investigaci\u00f3n avanza, se espera que nuevas estrategias de prevenci\u00f3n y tratamiento basadas en este estudio emergan, ofreciendo esperanza a millones de personas afectadas por esta enfermedad y a sus familias.<\/p>\n\n\n<div class=\"kk-star-ratings kksr-auto kksr-align-left kksr-valign-bottom\"\n    data-payload='{&quot;align&quot;:&quot;left&quot;,&quot;id&quot;:&quot;4108&quot;,&quot;slug&quot;:&quot;default&quot;,&quot;valign&quot;:&quot;bottom&quot;,&quot;ignore&quot;:&quot;&quot;,&quot;reference&quot;:&quot;auto&quot;,&quot;class&quot;:&quot;&quot;,&quot;count&quot;:&quot;0&quot;,&quot;legendonly&quot;:&quot;&quot;,&quot;readonly&quot;:&quot;&quot;,&quot;score&quot;:&quot;0&quot;,&quot;starsonly&quot;:&quot;&quot;,&quot;best&quot;:&quot;5&quot;,&quot;gap&quot;:&quot;5&quot;,&quot;greet&quot;:&quot;Valora este post&quot;,&quot;legend&quot;:&quot;0\\\/5 - (0 votes)&quot;,&quot;size&quot;:&quot;22&quot;,&quot;title&quot;:&quot;\u00a1Descubrimiento de Harvard! La deficiencia de litio podr\u00eda ser clave en el alzh\u00e9imer&quot;,&quot;width&quot;:&quot;0&quot;,&quot;_legend&quot;:&quot;{score}\\\/{best} - ({count} {votes})&quot;,&quot;font_factor&quot;:&quot;1.25&quot;}'>\n            \n<div class=\"kksr-stars\">\n    \n<div class=\"kksr-stars-inactive\">\n            <div class=\"kksr-star\" data-star=\"1\" style=\"padding-right: 5px\">\n            \n\n<div class=\"kksr-icon\" style=\"width: 22px; height: 22px;\"><\/div>\n        <\/div>\n            <div class=\"kksr-star\" data-star=\"2\" style=\"padding-right: 5px\">\n            \n\n<div class=\"kksr-icon\" style=\"width: 22px; height: 22px;\"><\/div>\n        <\/div>\n            <div class=\"kksr-star\" data-star=\"3\" style=\"padding-right: 5px\">\n            \n\n<div class=\"kksr-icon\" style=\"width: 22px; height: 22px;\"><\/div>\n        <\/div>\n            <div class=\"kksr-star\" data-star=\"4\" style=\"padding-right: 5px\">\n            \n\n<div class=\"kksr-icon\" style=\"width: 22px; height: 22px;\"><\/div>\n        <\/div>\n            <div class=\"kksr-star\" data-star=\"5\" style=\"padding-right: 5px\">\n            \n\n<div class=\"kksr-icon\" style=\"width: 22px; height: 22px;\"><\/div>\n        <\/div>\n    <\/div>\n    \n<div class=\"kksr-stars-active\" style=\"width: 0px;\">\n            <div class=\"kksr-star\" style=\"padding-right: 5px\">\n            \n\n<div class=\"kksr-icon\" style=\"width: 22px; height: 22px;\"><\/div>\n        <\/div>\n            <div class=\"kksr-star\" style=\"padding-right: 5px\">\n            \n\n<div class=\"kksr-icon\" style=\"width: 22px; height: 22px;\"><\/div>\n        <\/div>\n            <div class=\"kksr-star\" style=\"padding-right: 5px\">\n            \n\n<div class=\"kksr-icon\" style=\"width: 22px; height: 22px;\"><\/div>\n        <\/div>\n            <div class=\"kksr-star\" style=\"padding-right: 5px\">\n            \n\n<div class=\"kksr-icon\" style=\"width: 22px; height: 22px;\"><\/div>\n        <\/div>\n            <div class=\"kksr-star\" style=\"padding-right: 5px\">\n            \n\n<div class=\"kksr-icon\" style=\"width: 22px; height: 22px;\"><\/div>\n        <\/div>\n    <\/div>\n<\/div>\n                \n\n<div class=\"kksr-legend\" style=\"font-size: 17.6px;\">\n            <span class=\"kksr-muted\">Valora este post<\/span>\n    <\/div>\n    <\/div>\n","protected":false},"excerpt":{"rendered":"<p>Investigaci\u00f3n de Harvard Vincula la Falta de Litio con la Enfermedad de Alzheimer Un reciente estudio realizado por investigadores de la Universidad de Harvard ha destacado &#8230; <a title=\"\u00a1Descubrimiento de Harvard! La deficiencia de litio podr\u00eda ser clave en el alzh\u00e9imer\" class=\"read-more\" href=\"https:\/\/www.diario21.tv\/noticias\/descubrimiento-de-harvard-la-deficiencia-de-litio-podria-ser-clave-en-el-alzheimer\/\" aria-label=\"Leer m\u00e1s sobre \u00a1Descubrimiento de Harvard! La deficiencia de litio podr\u00eda ser clave en el alzh\u00e9imer\">Seguir leyendo &rarr;<\/a><\/p>\n","protected":false},"author":20,"featured_media":4109,"comment_status":"open","ping_status":"open","sticky":false,"template":"","format":"standard","meta":{"footnotes":""},"categories":[13],"tags":[],"class_list":["post-4108","post","type-post","status-publish","format-standard","has-post-thumbnail","hentry","category-portada"],"yoast_head":"<!-- This site is optimized with the Yoast SEO plugin v25.6 - https:\/\/yoast.com\/wordpress\/plugins\/seo\/ -->\n<title>\u00a1Descubrimiento de Harvard! La deficiencia de litio podr\u00eda ser clave en el alzh\u00e9imer - Diario 21<\/title>\n<meta name=\"robots\" content=\"index, follow, max-snippet:-1, max-image-preview:large, max-video-preview:-1\" \/>\n<link rel=\"canonical\" href=\"https:\/\/www.diario21.tv\/noticias\/descubrimiento-de-harvard-la-deficiencia-de-litio-podria-ser-clave-en-el-alzheimer\/\" \/>\n<meta property=\"og:locale\" content=\"es_ES\" \/>\n<meta property=\"og:type\" content=\"article\" \/>\n<meta property=\"og:title\" content=\"\u00a1Descubrimiento de Harvard! La deficiencia de litio podr\u00eda ser clave en el alzh\u00e9imer - Diario 21\" \/>\n<meta property=\"og:description\" content=\"Investigaci\u00f3n de Harvard Vincula la Falta de Litio con la Enfermedad de Alzheimer Un reciente estudio realizado por investigadores de la Universidad de Harvard ha destacado ... Seguir leyendo &rarr;\" \/>\n<meta property=\"og:url\" content=\"https:\/\/www.diario21.tv\/noticias\/descubrimiento-de-harvard-la-deficiencia-de-litio-podria-ser-clave-en-el-alzheimer\/\" \/>\n<meta property=\"og:site_name\" content=\"Diario 21\" \/>\n<meta property=\"article:published_time\" content=\"2025-08-10T03:48:45+00:00\" \/>\n<meta property=\"article:modified_time\" content=\"2025-08-10T03:48:46+00:00\" \/>\n<meta property=\"og:image\" content=\"https:\/\/www.diario21.tv\/noticias\/wp-content\/uploads\/2025\/08\/\u00a1Descubrimiento-de-Harvard-La-deficiencia-de-litio-podria-ser-clave.jpg\" \/>\n\t<meta property=\"og:image:width\" content=\"1200\" \/>\n\t<meta property=\"og:image:height\" content=\"840\" \/>\n\t<meta property=\"og:image:type\" content=\"image\/jpeg\" \/>\n<meta name=\"author\" content=\"Juan P\u00e9rez\" \/>\n<meta name=\"twitter:card\" content=\"summary_large_image\" \/>\n<meta name=\"twitter:label1\" content=\"Escrito por\" \/>\n\t<meta name=\"twitter:data1\" content=\"Juan P\u00e9rez\" \/>\n\t<meta name=\"twitter:label2\" content=\"Tiempo de lectura\" \/>\n\t<meta name=\"twitter:data2\" content=\"2 minutos\" \/>\n<script type=\"application\/ld+json\" class=\"yoast-schema-graph\">{\"@context\":\"https:\/\/schema.org\",\"@graph\":[{\"@type\":\"WebPage\",\"@id\":\"https:\/\/www.diario21.tv\/noticias\/descubrimiento-de-harvard-la-deficiencia-de-litio-podria-ser-clave-en-el-alzheimer\/\",\"url\":\"https:\/\/www.diario21.tv\/noticias\/descubrimiento-de-harvard-la-deficiencia-de-litio-podria-ser-clave-en-el-alzheimer\/\",\"name\":\"\u00a1Descubrimiento de Harvard! La deficiencia de litio podr\u00eda ser clave en el alzh\u00e9imer - Diario 21\",\"isPartOf\":{\"@id\":\"https:\/\/www.diario21.tv\/noticias\/#website\"},\"primaryImageOfPage\":{\"@id\":\"https:\/\/www.diario21.tv\/noticias\/descubrimiento-de-harvard-la-deficiencia-de-litio-podria-ser-clave-en-el-alzheimer\/#primaryimage\"},\"image\":{\"@id\":\"https:\/\/www.diario21.tv\/noticias\/descubrimiento-de-harvard-la-deficiencia-de-litio-podria-ser-clave-en-el-alzheimer\/#primaryimage\"},\"thumbnailUrl\":\"https:\/\/www.diario21.tv\/noticias\/wp-content\/uploads\/2025\/08\/\u00a1Descubrimiento-de-Harvard-La-deficiencia-de-litio-podria-ser-clave.jpg\",\"datePublished\":\"2025-08-10T03:48:45+00:00\",\"dateModified\":\"2025-08-10T03:48:46+00:00\",\"author\":{\"@id\":\"https:\/\/www.diario21.tv\/noticias\/#\/schema\/person\/dfb778f73814d8f09f302618446a526b\"},\"breadcrumb\":{\"@id\":\"https:\/\/www.diario21.tv\/noticias\/descubrimiento-de-harvard-la-deficiencia-de-litio-podria-ser-clave-en-el-alzheimer\/#breadcrumb\"},\"inLanguage\":\"es-AR\",\"potentialAction\":[{\"@type\":\"ReadAction\",\"target\":[\"https:\/\/www.diario21.tv\/noticias\/descubrimiento-de-harvard-la-deficiencia-de-litio-podria-ser-clave-en-el-alzheimer\/\"]}]},{\"@type\":\"ImageObject\",\"inLanguage\":\"es-AR\",\"@id\":\"https:\/\/www.diario21.tv\/noticias\/descubrimiento-de-harvard-la-deficiencia-de-litio-podria-ser-clave-en-el-alzheimer\/#primaryimage\",\"url\":\"https:\/\/www.diario21.tv\/noticias\/wp-content\/uploads\/2025\/08\/\u00a1Descubrimiento-de-Harvard-La-deficiencia-de-litio-podria-ser-clave.jpg\",\"contentUrl\":\"https:\/\/www.diario21.tv\/noticias\/wp-content\/uploads\/2025\/08\/\u00a1Descubrimiento-de-Harvard-La-deficiencia-de-litio-podria-ser-clave.jpg\",\"width\":1200,\"height\":840,\"caption\":\"Un estudio de la Universidad de Harvard apunta a la deficiencia de litio como clave en el alzh\u00e9imer\"},{\"@type\":\"BreadcrumbList\",\"@id\":\"https:\/\/www.diario21.tv\/noticias\/descubrimiento-de-harvard-la-deficiencia-de-litio-podria-ser-clave-en-el-alzheimer\/#breadcrumb\",\"itemListElement\":[{\"@type\":\"ListItem\",\"position\":1,\"name\":\"Accueil\",\"item\":\"https:\/\/www.diario21.tv\/noticias\/\"},{\"@type\":\"ListItem\",\"position\":2,\"name\":\"\u00a1Descubrimiento de Harvard! La deficiencia de litio podr\u00eda ser clave en el alzh\u00e9imer\"}]},{\"@type\":\"WebSite\",\"@id\":\"https:\/\/www.diario21.tv\/noticias\/#website\",\"url\":\"https:\/\/www.diario21.tv\/noticias\/\",\"name\":\"Diario 21\",\"description\":\"\",\"potentialAction\":[{\"@type\":\"SearchAction\",\"target\":{\"@type\":\"EntryPoint\",\"urlTemplate\":\"https:\/\/www.diario21.tv\/noticias\/?s={search_term_string}\"},\"query-input\":{\"@type\":\"PropertyValueSpecification\",\"valueRequired\":true,\"valueName\":\"search_term_string\"}}],\"inLanguage\":\"es-AR\"},{\"@type\":\"Person\",\"@id\":\"https:\/\/www.diario21.tv\/noticias\/#\/schema\/person\/dfb778f73814d8f09f302618446a526b\",\"name\":\"Juan P\u00e9rez\",\"image\":{\"@type\":\"ImageObject\",\"inLanguage\":\"es-AR\",\"@id\":\"https:\/\/www.diario21.tv\/noticias\/#\/schema\/person\/image\/\",\"url\":\"https:\/\/secure.gravatar.com\/avatar\/c478a405bd10621167f4c3167cc770f5?s=96&d=mm&r=g\",\"contentUrl\":\"https:\/\/secure.gravatar.com\/avatar\/c478a405bd10621167f4c3167cc770f5?s=96&d=mm&r=g\",\"caption\":\"Juan P\u00e9rez\"},\"description\":\"Juan P\u00e9rez es el redactor en jefe de Diario 21. Con m\u00e1s de 10 a\u00f1os de experiencia en el periodismo, se especializa en pol\u00edtica nacional y an\u00e1lisis socioecon\u00f3mico. Su enfoque cr\u00edtico y riguroso aporta una perspectiva \u00fanica a cada art\u00edculo.\",\"sameAs\":[\"https:\/\/www.diario21.tv\/noticias\/\"],\"url\":\"https:\/\/www.diario21.tv\/noticias\/author\/juan-perez\/\"}]}<\/script>\n<!-- \/ Yoast SEO plugin. -->","yoast_head_json":{"title":"\u00a1Descubrimiento de Harvard! La deficiencia de litio podr\u00eda ser clave en el alzh\u00e9imer - Diario 21","robots":{"index":"index","follow":"follow","max-snippet":"max-snippet:-1","max-image-preview":"max-image-preview:large","max-video-preview":"max-video-preview:-1"},"canonical":"https:\/\/www.diario21.tv\/noticias\/descubrimiento-de-harvard-la-deficiencia-de-litio-podria-ser-clave-en-el-alzheimer\/","og_locale":"es_ES","og_type":"article","og_title":"\u00a1Descubrimiento de Harvard! La deficiencia de litio podr\u00eda ser clave en el alzh\u00e9imer - Diario 21","og_description":"Investigaci\u00f3n de Harvard Vincula la Falta de Litio con la Enfermedad de Alzheimer Un reciente estudio realizado por investigadores de la Universidad de Harvard ha destacado ... Seguir leyendo &rarr;","og_url":"https:\/\/www.diario21.tv\/noticias\/descubrimiento-de-harvard-la-deficiencia-de-litio-podria-ser-clave-en-el-alzheimer\/","og_site_name":"Diario 21","article_published_time":"2025-08-10T03:48:45+00:00","article_modified_time":"2025-08-10T03:48:46+00:00","og_image":[{"width":1200,"height":840,"url":"https:\/\/www.diario21.tv\/noticias\/wp-content\/uploads\/2025\/08\/\u00a1Descubrimiento-de-Harvard-La-deficiencia-de-litio-podria-ser-clave.jpg","type":"image\/jpeg"}],"author":"Juan P\u00e9rez","twitter_card":"summary_large_image","twitter_misc":{"Escrito por":"Juan P\u00e9rez","Tiempo de lectura":"2 minutos"},"schema":{"@context":"https:\/\/schema.org","@graph":[{"@type":"WebPage","@id":"https:\/\/www.diario21.tv\/noticias\/descubrimiento-de-harvard-la-deficiencia-de-litio-podria-ser-clave-en-el-alzheimer\/","url":"https:\/\/www.diario21.tv\/noticias\/descubrimiento-de-harvard-la-deficiencia-de-litio-podria-ser-clave-en-el-alzheimer\/","name":"\u00a1Descubrimiento de Harvard! La deficiencia de litio podr\u00eda ser clave en el alzh\u00e9imer - Diario 21","isPartOf":{"@id":"https:\/\/www.diario21.tv\/noticias\/#website"},"primaryImageOfPage":{"@id":"https:\/\/www.diario21.tv\/noticias\/descubrimiento-de-harvard-la-deficiencia-de-litio-podria-ser-clave-en-el-alzheimer\/#primaryimage"},"image":{"@id":"https:\/\/www.diario21.tv\/noticias\/descubrimiento-de-harvard-la-deficiencia-de-litio-podria-ser-clave-en-el-alzheimer\/#primaryimage"},"thumbnailUrl":"https:\/\/www.diario21.tv\/noticias\/wp-content\/uploads\/2025\/08\/\u00a1Descubrimiento-de-Harvard-La-deficiencia-de-litio-podria-ser-clave.jpg","datePublished":"2025-08-10T03:48:45+00:00","dateModified":"2025-08-10T03:48:46+00:00","author":{"@id":"https:\/\/www.diario21.tv\/noticias\/#\/schema\/person\/dfb778f73814d8f09f302618446a526b"},"breadcrumb":{"@id":"https:\/\/www.diario21.tv\/noticias\/descubrimiento-de-harvard-la-deficiencia-de-litio-podria-ser-clave-en-el-alzheimer\/#breadcrumb"},"inLanguage":"es-AR","potentialAction":[{"@type":"ReadAction","target":["https:\/\/www.diario21.tv\/noticias\/descubrimiento-de-harvard-la-deficiencia-de-litio-podria-ser-clave-en-el-alzheimer\/"]}]},{"@type":"ImageObject","inLanguage":"es-AR","@id":"https:\/\/www.diario21.tv\/noticias\/descubrimiento-de-harvard-la-deficiencia-de-litio-podria-ser-clave-en-el-alzheimer\/#primaryimage","url":"https:\/\/www.diario21.tv\/noticias\/wp-content\/uploads\/2025\/08\/\u00a1Descubrimiento-de-Harvard-La-deficiencia-de-litio-podria-ser-clave.jpg","contentUrl":"https:\/\/www.diario21.tv\/noticias\/wp-content\/uploads\/2025\/08\/\u00a1Descubrimiento-de-Harvard-La-deficiencia-de-litio-podria-ser-clave.jpg","width":1200,"height":840,"caption":"Un estudio de la Universidad de Harvard apunta a la deficiencia de litio como clave en el alzh\u00e9imer"},{"@type":"BreadcrumbList","@id":"https:\/\/www.diario21.tv\/noticias\/descubrimiento-de-harvard-la-deficiencia-de-litio-podria-ser-clave-en-el-alzheimer\/#breadcrumb","itemListElement":[{"@type":"ListItem","position":1,"name":"Accueil","item":"https:\/\/www.diario21.tv\/noticias\/"},{"@type":"ListItem","position":2,"name":"\u00a1Descubrimiento de Harvard! La deficiencia de litio podr\u00eda ser clave en el alzh\u00e9imer"}]},{"@type":"WebSite","@id":"https:\/\/www.diario21.tv\/noticias\/#website","url":"https:\/\/www.diario21.tv\/noticias\/","name":"Diario 21","description":"","potentialAction":[{"@type":"SearchAction","target":{"@type":"EntryPoint","urlTemplate":"https:\/\/www.diario21.tv\/noticias\/?s={search_term_string}"},"query-input":{"@type":"PropertyValueSpecification","valueRequired":true,"valueName":"search_term_string"}}],"inLanguage":"es-AR"},{"@type":"Person","@id":"https:\/\/www.diario21.tv\/noticias\/#\/schema\/person\/dfb778f73814d8f09f302618446a526b","name":"Juan P\u00e9rez","image":{"@type":"ImageObject","inLanguage":"es-AR","@id":"https:\/\/www.diario21.tv\/noticias\/#\/schema\/person\/image\/","url":"https:\/\/secure.gravatar.com\/avatar\/c478a405bd10621167f4c3167cc770f5?s=96&d=mm&r=g","contentUrl":"https:\/\/secure.gravatar.com\/avatar\/c478a405bd10621167f4c3167cc770f5?s=96&d=mm&r=g","caption":"Juan P\u00e9rez"},"description":"Juan P\u00e9rez es el redactor en jefe de Diario 21. Con m\u00e1s de 10 a\u00f1os de experiencia en el periodismo, se especializa en pol\u00edtica nacional y an\u00e1lisis socioecon\u00f3mico. Su enfoque cr\u00edtico y riguroso aporta una perspectiva \u00fanica a cada art\u00edculo.","sameAs":["https:\/\/www.diario21.tv\/noticias\/"],"url":"https:\/\/www.diario21.tv\/noticias\/author\/juan-perez\/"}]}},"_links":{"self":[{"href":"https:\/\/www.diario21.tv\/noticias\/wp-json\/wp\/v2\/posts\/4108"}],"collection":[{"href":"https:\/\/www.diario21.tv\/noticias\/wp-json\/wp\/v2\/posts"}],"about":[{"href":"https:\/\/www.diario21.tv\/noticias\/wp-json\/wp\/v2\/types\/post"}],"author":[{"embeddable":true,"href":"https:\/\/www.diario21.tv\/noticias\/wp-json\/wp\/v2\/users\/20"}],"replies":[{"embeddable":true,"href":"https:\/\/www.diario21.tv\/noticias\/wp-json\/wp\/v2\/comments?post=4108"}],"version-history":[{"count":1,"href":"https:\/\/www.diario21.tv\/noticias\/wp-json\/wp\/v2\/posts\/4108\/revisions"}],"predecessor-version":[{"id":4110,"href":"https:\/\/www.diario21.tv\/noticias\/wp-json\/wp\/v2\/posts\/4108\/revisions\/4110"}],"wp:featuredmedia":[{"embeddable":true,"href":"https:\/\/www.diario21.tv\/noticias\/wp-json\/wp\/v2\/media\/4109"}],"wp:attachment":[{"href":"https:\/\/www.diario21.tv\/noticias\/wp-json\/wp\/v2\/media?parent=4108"}],"wp:term":[{"taxonomy":"category","embeddable":true,"href":"https:\/\/www.diario21.tv\/noticias\/wp-json\/wp\/v2\/categories?post=4108"},{"taxonomy":"post_tag","embeddable":true,"href":"https:\/\/www.diario21.tv\/noticias\/wp-json\/wp\/v2\/tags?post=4108"}],"curies":[{"name":"wp","href":"https:\/\/api.w.org\/{rel}","templated":true}]}}