{"id":4102,"date":"2025-08-09T15:43:51","date_gmt":"2025-08-09T15:43:51","guid":{"rendered":"https:\/\/www.diario21.tv\/noticias\/nino-de-12-anos-muere-tras-caer-de-un-acantilado-en-cantabria-mientras-jugaba-al-escondite\/"},"modified":"2025-08-09T15:43:52","modified_gmt":"2025-08-09T15:43:52","slug":"nino-de-12-anos-muere-tras-caer-de-un-acantilado-en-cantabria-mientras-jugaba-al-escondite","status":"publish","type":"post","link":"https:\/\/www.diario21.tv\/noticias\/nino-de-12-anos-muere-tras-caer-de-un-acantilado-en-cantabria-mientras-jugaba-al-escondite\/","title":{"rendered":"Ni\u00f1o de 12 a\u00f1os muere tras caer de un acantilado en Cantabria mientras jugaba al escondite"},"content":{"rendered":"<h2>Fallece el ni\u00f1o de 12 a\u00f1os tras precipitarse de un acantilado en Cantabria durante un juego de escondite<\/h2>\n<p>El tr\u00e1gico suceso ocurri\u00f3 en la tarde de ayer, cuando un joven de 12 a\u00f1os perdi\u00f3 la vida despu\u00e9s de caer desde un acantilado en la regi\u00f3n de Cantabria. El accidente aconteci\u00f3 mientras el menor participaba en un juego de escondite con amigos.<\/p>\n<h3>Detalles del incidente<\/h3>\n<p>El grupo de ni\u00f1os estaba jugando en una zona cercana al acantilado, un lugar popular entre los residentes locales para pasar la tarde. Seg\u00fan los informes de las autoridades, en un momento del juego, el ni\u00f1o se alej\u00f3 de la vista de sus amigos y, por razones que a\u00fan se est\u00e1n investigando, acab\u00f3 cayendo por el acantilado.<\/p>\n<p>Las fuerzas de rescate fueron alertadas inmediatamente, y equipos de emergencia, incluidos bomberos y param\u00e9dicos, se desplazaron r\u00e1pidamente al lugar. Desafortunadamente, a pesar de los esfuerzos por salvarle, el ni\u00f1o fue declarado fallecido en el lugar debido a las graves heridas sufridas.<\/p>\n<h3>Reacciones y medidas de seguridad<\/h3>\n<p>La comunidad local ha quedado conmocionada por este lamentable accidente. Las autoridades han iniciado una investigaci\u00f3n para esclarecer las circunstancias exactas del suceso y est\u00e1n considerando la implementaci\u00f3n de medidas de seguridad adicionales en \u00e1reas peligrosas como esta para prevenir futuros incidentes.<\/p>\n<p>Este triste evento ha reavivado el debate sobre la seguridad en zonas recreativas naturales y la necesidad de supervisi\u00f3n adecuada cuando los ni\u00f1os juegan en estos entornos. Padres y cuidadores est\u00e1n siendo instados a mantener una vigilancia constante y a educar a los ni\u00f1os sobre los peligros potenciales de jugar cerca de \u00e1reas de riesgo.<\/p>\n<h3>Recomendaciones para la prevenci\u00f3n<\/h3>\n<p>Expertos en seguridad infantil recomiendan que los juegos en exteriores se realicen en \u00e1reas designadas y seguras, alejadas de precipicios o grandes alturas. Adem\u00e1s, es crucial que los padres y tutores ense\u00f1en a los ni\u00f1os sobre la importancia de mantenerse dentro de los l\u00edmites de juego establecidos y seguir las reglas de seguridad.<\/p>\n<p>La triste p\u00e9rdida de este joven ha subrayado la importancia de estas medidas de precauci\u00f3n. La comunidad y las autoridades esperan que este incidente sirva de llamado de atenci\u00f3n para reforzar la protecci\u00f3n de los m\u00e1s j\u00f3venes y asegurar que tragedias como esta no se repitan.<\/p>\n\n\n<div class=\"kk-star-ratings kksr-auto kksr-align-left kksr-valign-bottom\"\n    data-payload='{&quot;align&quot;:&quot;left&quot;,&quot;id&quot;:&quot;4102&quot;,&quot;slug&quot;:&quot;default&quot;,&quot;valign&quot;:&quot;bottom&quot;,&quot;ignore&quot;:&quot;&quot;,&quot;reference&quot;:&quot;auto&quot;,&quot;class&quot;:&quot;&quot;,&quot;count&quot;:&quot;0&quot;,&quot;legendonly&quot;:&quot;&quot;,&quot;readonly&quot;:&quot;&quot;,&quot;score&quot;:&quot;0&quot;,&quot;starsonly&quot;:&quot;&quot;,&quot;best&quot;:&quot;5&quot;,&quot;gap&quot;:&quot;5&quot;,&quot;greet&quot;:&quot;Valora este post&quot;,&quot;legend&quot;:&quot;0\\\/5 - (0 votes)&quot;,&quot;size&quot;:&quot;22&quot;,&quot;title&quot;:&quot;Ni\u00f1o de 12 a\u00f1os muere tras caer de un acantilado en Cantabria mientras jugaba al escondite&quot;,&quot;width&quot;:&quot;0&quot;,&quot;_legend&quot;:&quot;{score}\\\/{best} - ({count} {votes})&quot;,&quot;font_factor&quot;:&quot;1.25&quot;}'>\n            \n<div class=\"kksr-stars\">\n    \n<div class=\"kksr-stars-inactive\">\n            <div class=\"kksr-star\" data-star=\"1\" style=\"padding-right: 5px\">\n            \n\n<div class=\"kksr-icon\" style=\"width: 22px; height: 22px;\"><\/div>\n        <\/div>\n            <div class=\"kksr-star\" data-star=\"2\" style=\"padding-right: 5px\">\n            \n\n<div class=\"kksr-icon\" style=\"width: 22px; height: 22px;\"><\/div>\n        <\/div>\n            <div class=\"kksr-star\" data-star=\"3\" style=\"padding-right: 5px\">\n            \n\n<div class=\"kksr-icon\" style=\"width: 22px; height: 22px;\"><\/div>\n        <\/div>\n            <div class=\"kksr-star\" data-star=\"4\" style=\"padding-right: 5px\">\n            \n\n<div class=\"kksr-icon\" style=\"width: 22px; height: 22px;\"><\/div>\n        <\/div>\n            <div class=\"kksr-star\" data-star=\"5\" style=\"padding-right: 5px\">\n            \n\n<div class=\"kksr-icon\" style=\"width: 22px; height: 22px;\"><\/div>\n        <\/div>\n    <\/div>\n    \n<div class=\"kksr-stars-active\" style=\"width: 0px;\">\n            <div class=\"kksr-star\" style=\"padding-right: 5px\">\n            \n\n<div class=\"kksr-icon\" style=\"width: 22px; height: 22px;\"><\/div>\n        <\/div>\n            <div class=\"kksr-star\" style=\"padding-right: 5px\">\n            \n\n<div class=\"kksr-icon\" style=\"width: 22px; height: 22px;\"><\/div>\n        <\/div>\n            <div class=\"kksr-star\" style=\"padding-right: 5px\">\n            \n\n<div class=\"kksr-icon\" style=\"width: 22px; height: 22px;\"><\/div>\n        <\/div>\n            <div class=\"kksr-star\" style=\"padding-right: 5px\">\n            \n\n<div class=\"kksr-icon\" style=\"width: 22px; height: 22px;\"><\/div>\n        <\/div>\n            <div class=\"kksr-star\" style=\"padding-right: 5px\">\n            \n\n<div class=\"kksr-icon\" style=\"width: 22px; height: 22px;\"><\/div>\n        <\/div>\n    <\/div>\n<\/div>\n                \n\n<div class=\"kksr-legend\" style=\"font-size: 17.6px;\">\n            <span class=\"kksr-muted\">Valora este post<\/span>\n    <\/div>\n    <\/div>\n","protected":false},"excerpt":{"rendered":"<p>Fallece el ni\u00f1o de 12 a\u00f1os tras precipitarse de un acantilado en Cantabria durante un juego de escondite El tr\u00e1gico suceso ocurri\u00f3 en la tarde de &#8230; <a title=\"Ni\u00f1o de 12 a\u00f1os muere tras caer de un acantilado en Cantabria mientras jugaba al escondite\" class=\"read-more\" href=\"https:\/\/www.diario21.tv\/noticias\/nino-de-12-anos-muere-tras-caer-de-un-acantilado-en-cantabria-mientras-jugaba-al-escondite\/\" aria-label=\"Leer m\u00e1s sobre Ni\u00f1o de 12 a\u00f1os muere tras caer de un acantilado en Cantabria mientras jugaba al escondite\">Seguir leyendo &rarr;<\/a><\/p>\n","protected":false},"author":20,"featured_media":4103,"comment_status":"open","ping_status":"open","sticky":false,"template":"","format":"standard","meta":{"footnotes":""},"categories":[13],"tags":[],"class_list":["post-4102","post","type-post","status-publish","format-standard","has-post-thumbnail","hentry","category-portada"],"yoast_head":"<!-- This site is optimized with the Yoast SEO plugin v25.6 - https:\/\/yoast.com\/wordpress\/plugins\/seo\/ -->\n<title>Ni\u00f1o de 12 a\u00f1os muere tras caer de un acantilado en Cantabria mientras jugaba al escondite - Diario 21<\/title>\n<meta name=\"robots\" content=\"index, follow, max-snippet:-1, max-image-preview:large, max-video-preview:-1\" \/>\n<link rel=\"canonical\" href=\"https:\/\/www.diario21.tv\/noticias\/nino-de-12-anos-muere-tras-caer-de-un-acantilado-en-cantabria-mientras-jugaba-al-escondite\/\" \/>\n<meta property=\"og:locale\" content=\"es_ES\" \/>\n<meta property=\"og:type\" content=\"article\" \/>\n<meta property=\"og:title\" content=\"Ni\u00f1o de 12 a\u00f1os muere tras caer de un acantilado en Cantabria mientras jugaba al escondite - Diario 21\" \/>\n<meta property=\"og:description\" content=\"Fallece el ni\u00f1o de 12 a\u00f1os tras precipitarse de un acantilado en Cantabria durante un juego de escondite El tr\u00e1gico suceso ocurri\u00f3 en la tarde de ... Seguir leyendo &rarr;\" \/>\n<meta property=\"og:url\" content=\"https:\/\/www.diario21.tv\/noticias\/nino-de-12-anos-muere-tras-caer-de-un-acantilado-en-cantabria-mientras-jugaba-al-escondite\/\" \/>\n<meta property=\"og:site_name\" content=\"Diario 21\" \/>\n<meta property=\"article:published_time\" content=\"2025-08-09T15:43:51+00:00\" \/>\n<meta property=\"article:modified_time\" content=\"2025-08-09T15:43:52+00:00\" \/>\n<meta property=\"og:image\" content=\"https:\/\/www.diario21.tv\/noticias\/wp-content\/uploads\/2025\/08\/Nino-de-12-anos-muere-tras-caer-de-un-acantilado.jpg\" \/>\n\t<meta property=\"og:image:width\" content=\"1200\" \/>\n\t<meta property=\"og:image:height\" content=\"840\" \/>\n\t<meta property=\"og:image:type\" content=\"image\/jpeg\" \/>\n<meta name=\"author\" content=\"Juan P\u00e9rez\" \/>\n<meta name=\"twitter:card\" content=\"summary_large_image\" \/>\n<meta name=\"twitter:label1\" content=\"Escrito por\" \/>\n\t<meta name=\"twitter:data1\" content=\"Juan P\u00e9rez\" \/>\n\t<meta name=\"twitter:label2\" content=\"Tiempo de lectura\" \/>\n\t<meta name=\"twitter:data2\" content=\"2 minutos\" \/>\n<script type=\"application\/ld+json\" class=\"yoast-schema-graph\">{\"@context\":\"https:\/\/schema.org\",\"@graph\":[{\"@type\":\"WebPage\",\"@id\":\"https:\/\/www.diario21.tv\/noticias\/nino-de-12-anos-muere-tras-caer-de-un-acantilado-en-cantabria-mientras-jugaba-al-escondite\/\",\"url\":\"https:\/\/www.diario21.tv\/noticias\/nino-de-12-anos-muere-tras-caer-de-un-acantilado-en-cantabria-mientras-jugaba-al-escondite\/\",\"name\":\"Ni\u00f1o de 12 a\u00f1os muere tras caer de un acantilado en Cantabria mientras jugaba al escondite - Diario 21\",\"isPartOf\":{\"@id\":\"https:\/\/www.diario21.tv\/noticias\/#website\"},\"primaryImageOfPage\":{\"@id\":\"https:\/\/www.diario21.tv\/noticias\/nino-de-12-anos-muere-tras-caer-de-un-acantilado-en-cantabria-mientras-jugaba-al-escondite\/#primaryimage\"},\"image\":{\"@id\":\"https:\/\/www.diario21.tv\/noticias\/nino-de-12-anos-muere-tras-caer-de-un-acantilado-en-cantabria-mientras-jugaba-al-escondite\/#primaryimage\"},\"thumbnailUrl\":\"https:\/\/www.diario21.tv\/noticias\/wp-content\/uploads\/2025\/08\/Nino-de-12-anos-muere-tras-caer-de-un-acantilado.jpg\",\"datePublished\":\"2025-08-09T15:43:51+00:00\",\"dateModified\":\"2025-08-09T15:43:52+00:00\",\"author\":{\"@id\":\"https:\/\/www.diario21.tv\/noticias\/#\/schema\/person\/dfb778f73814d8f09f302618446a526b\"},\"breadcrumb\":{\"@id\":\"https:\/\/www.diario21.tv\/noticias\/nino-de-12-anos-muere-tras-caer-de-un-acantilado-en-cantabria-mientras-jugaba-al-escondite\/#breadcrumb\"},\"inLanguage\":\"es-AR\",\"potentialAction\":[{\"@type\":\"ReadAction\",\"target\":[\"https:\/\/www.diario21.tv\/noticias\/nino-de-12-anos-muere-tras-caer-de-un-acantilado-en-cantabria-mientras-jugaba-al-escondite\/\"]}]},{\"@type\":\"ImageObject\",\"inLanguage\":\"es-AR\",\"@id\":\"https:\/\/www.diario21.tv\/noticias\/nino-de-12-anos-muere-tras-caer-de-un-acantilado-en-cantabria-mientras-jugaba-al-escondite\/#primaryimage\",\"url\":\"https:\/\/www.diario21.tv\/noticias\/wp-content\/uploads\/2025\/08\/Nino-de-12-anos-muere-tras-caer-de-un-acantilado.jpg\",\"contentUrl\":\"https:\/\/www.diario21.tv\/noticias\/wp-content\/uploads\/2025\/08\/Nino-de-12-anos-muere-tras-caer-de-un-acantilado.jpg\",\"width\":1200,\"height\":840,\"caption\":\"Muere el menor de 12 a\u00f1os que cay\u00f3 ayer por un acantilado en Cantabria cuando jugaba al escondite\"},{\"@type\":\"BreadcrumbList\",\"@id\":\"https:\/\/www.diario21.tv\/noticias\/nino-de-12-anos-muere-tras-caer-de-un-acantilado-en-cantabria-mientras-jugaba-al-escondite\/#breadcrumb\",\"itemListElement\":[{\"@type\":\"ListItem\",\"position\":1,\"name\":\"Accueil\",\"item\":\"https:\/\/www.diario21.tv\/noticias\/\"},{\"@type\":\"ListItem\",\"position\":2,\"name\":\"Ni\u00f1o de 12 a\u00f1os muere tras caer de un acantilado en Cantabria mientras jugaba al escondite\"}]},{\"@type\":\"WebSite\",\"@id\":\"https:\/\/www.diario21.tv\/noticias\/#website\",\"url\":\"https:\/\/www.diario21.tv\/noticias\/\",\"name\":\"Diario 21\",\"description\":\"\",\"potentialAction\":[{\"@type\":\"SearchAction\",\"target\":{\"@type\":\"EntryPoint\",\"urlTemplate\":\"https:\/\/www.diario21.tv\/noticias\/?s={search_term_string}\"},\"query-input\":{\"@type\":\"PropertyValueSpecification\",\"valueRequired\":true,\"valueName\":\"search_term_string\"}}],\"inLanguage\":\"es-AR\"},{\"@type\":\"Person\",\"@id\":\"https:\/\/www.diario21.tv\/noticias\/#\/schema\/person\/dfb778f73814d8f09f302618446a526b\",\"name\":\"Juan P\u00e9rez\",\"image\":{\"@type\":\"ImageObject\",\"inLanguage\":\"es-AR\",\"@id\":\"https:\/\/www.diario21.tv\/noticias\/#\/schema\/person\/image\/\",\"url\":\"https:\/\/secure.gravatar.com\/avatar\/c478a405bd10621167f4c3167cc770f5?s=96&d=mm&r=g\",\"contentUrl\":\"https:\/\/secure.gravatar.com\/avatar\/c478a405bd10621167f4c3167cc770f5?s=96&d=mm&r=g\",\"caption\":\"Juan P\u00e9rez\"},\"description\":\"Juan P\u00e9rez es el redactor en jefe de Diario 21. Con m\u00e1s de 10 a\u00f1os de experiencia en el periodismo, se especializa en pol\u00edtica nacional y an\u00e1lisis socioecon\u00f3mico. Su enfoque cr\u00edtico y riguroso aporta una perspectiva \u00fanica a cada art\u00edculo.\",\"sameAs\":[\"https:\/\/www.diario21.tv\/noticias\/\"],\"url\":\"https:\/\/www.diario21.tv\/noticias\/author\/juan-perez\/\"}]}<\/script>\n<!-- \/ Yoast SEO plugin. -->","yoast_head_json":{"title":"Ni\u00f1o de 12 a\u00f1os muere tras caer de un acantilado en Cantabria mientras jugaba al escondite - Diario 21","robots":{"index":"index","follow":"follow","max-snippet":"max-snippet:-1","max-image-preview":"max-image-preview:large","max-video-preview":"max-video-preview:-1"},"canonical":"https:\/\/www.diario21.tv\/noticias\/nino-de-12-anos-muere-tras-caer-de-un-acantilado-en-cantabria-mientras-jugaba-al-escondite\/","og_locale":"es_ES","og_type":"article","og_title":"Ni\u00f1o de 12 a\u00f1os muere tras caer de un acantilado en Cantabria mientras jugaba al escondite - Diario 21","og_description":"Fallece el ni\u00f1o de 12 a\u00f1os tras precipitarse de un acantilado en Cantabria durante un juego de escondite El tr\u00e1gico suceso ocurri\u00f3 en la tarde de ... Seguir leyendo &rarr;","og_url":"https:\/\/www.diario21.tv\/noticias\/nino-de-12-anos-muere-tras-caer-de-un-acantilado-en-cantabria-mientras-jugaba-al-escondite\/","og_site_name":"Diario 21","article_published_time":"2025-08-09T15:43:51+00:00","article_modified_time":"2025-08-09T15:43:52+00:00","og_image":[{"width":1200,"height":840,"url":"https:\/\/www.diario21.tv\/noticias\/wp-content\/uploads\/2025\/08\/Nino-de-12-anos-muere-tras-caer-de-un-acantilado.jpg","type":"image\/jpeg"}],"author":"Juan P\u00e9rez","twitter_card":"summary_large_image","twitter_misc":{"Escrito por":"Juan P\u00e9rez","Tiempo de lectura":"2 minutos"},"schema":{"@context":"https:\/\/schema.org","@graph":[{"@type":"WebPage","@id":"https:\/\/www.diario21.tv\/noticias\/nino-de-12-anos-muere-tras-caer-de-un-acantilado-en-cantabria-mientras-jugaba-al-escondite\/","url":"https:\/\/www.diario21.tv\/noticias\/nino-de-12-anos-muere-tras-caer-de-un-acantilado-en-cantabria-mientras-jugaba-al-escondite\/","name":"Ni\u00f1o de 12 a\u00f1os muere tras caer de un acantilado en Cantabria mientras jugaba al escondite - Diario 21","isPartOf":{"@id":"https:\/\/www.diario21.tv\/noticias\/#website"},"primaryImageOfPage":{"@id":"https:\/\/www.diario21.tv\/noticias\/nino-de-12-anos-muere-tras-caer-de-un-acantilado-en-cantabria-mientras-jugaba-al-escondite\/#primaryimage"},"image":{"@id":"https:\/\/www.diario21.tv\/noticias\/nino-de-12-anos-muere-tras-caer-de-un-acantilado-en-cantabria-mientras-jugaba-al-escondite\/#primaryimage"},"thumbnailUrl":"https:\/\/www.diario21.tv\/noticias\/wp-content\/uploads\/2025\/08\/Nino-de-12-anos-muere-tras-caer-de-un-acantilado.jpg","datePublished":"2025-08-09T15:43:51+00:00","dateModified":"2025-08-09T15:43:52+00:00","author":{"@id":"https:\/\/www.diario21.tv\/noticias\/#\/schema\/person\/dfb778f73814d8f09f302618446a526b"},"breadcrumb":{"@id":"https:\/\/www.diario21.tv\/noticias\/nino-de-12-anos-muere-tras-caer-de-un-acantilado-en-cantabria-mientras-jugaba-al-escondite\/#breadcrumb"},"inLanguage":"es-AR","potentialAction":[{"@type":"ReadAction","target":["https:\/\/www.diario21.tv\/noticias\/nino-de-12-anos-muere-tras-caer-de-un-acantilado-en-cantabria-mientras-jugaba-al-escondite\/"]}]},{"@type":"ImageObject","inLanguage":"es-AR","@id":"https:\/\/www.diario21.tv\/noticias\/nino-de-12-anos-muere-tras-caer-de-un-acantilado-en-cantabria-mientras-jugaba-al-escondite\/#primaryimage","url":"https:\/\/www.diario21.tv\/noticias\/wp-content\/uploads\/2025\/08\/Nino-de-12-anos-muere-tras-caer-de-un-acantilado.jpg","contentUrl":"https:\/\/www.diario21.tv\/noticias\/wp-content\/uploads\/2025\/08\/Nino-de-12-anos-muere-tras-caer-de-un-acantilado.jpg","width":1200,"height":840,"caption":"Muere el menor de 12 a\u00f1os que cay\u00f3 ayer por un acantilado en Cantabria cuando jugaba al escondite"},{"@type":"BreadcrumbList","@id":"https:\/\/www.diario21.tv\/noticias\/nino-de-12-anos-muere-tras-caer-de-un-acantilado-en-cantabria-mientras-jugaba-al-escondite\/#breadcrumb","itemListElement":[{"@type":"ListItem","position":1,"name":"Accueil","item":"https:\/\/www.diario21.tv\/noticias\/"},{"@type":"ListItem","position":2,"name":"Ni\u00f1o de 12 a\u00f1os muere tras caer de un acantilado en Cantabria mientras jugaba al escondite"}]},{"@type":"WebSite","@id":"https:\/\/www.diario21.tv\/noticias\/#website","url":"https:\/\/www.diario21.tv\/noticias\/","name":"Diario 21","description":"","potentialAction":[{"@type":"SearchAction","target":{"@type":"EntryPoint","urlTemplate":"https:\/\/www.diario21.tv\/noticias\/?s={search_term_string}"},"query-input":{"@type":"PropertyValueSpecification","valueRequired":true,"valueName":"search_term_string"}}],"inLanguage":"es-AR"},{"@type":"Person","@id":"https:\/\/www.diario21.tv\/noticias\/#\/schema\/person\/dfb778f73814d8f09f302618446a526b","name":"Juan P\u00e9rez","image":{"@type":"ImageObject","inLanguage":"es-AR","@id":"https:\/\/www.diario21.tv\/noticias\/#\/schema\/person\/image\/","url":"https:\/\/secure.gravatar.com\/avatar\/c478a405bd10621167f4c3167cc770f5?s=96&d=mm&r=g","contentUrl":"https:\/\/secure.gravatar.com\/avatar\/c478a405bd10621167f4c3167cc770f5?s=96&d=mm&r=g","caption":"Juan P\u00e9rez"},"description":"Juan P\u00e9rez es el redactor en jefe de Diario 21. Con m\u00e1s de 10 a\u00f1os de experiencia en el periodismo, se especializa en pol\u00edtica nacional y an\u00e1lisis socioecon\u00f3mico. Su enfoque cr\u00edtico y riguroso aporta una perspectiva \u00fanica a cada art\u00edculo.","sameAs":["https:\/\/www.diario21.tv\/noticias\/"],"url":"https:\/\/www.diario21.tv\/noticias\/author\/juan-perez\/"}]}},"_links":{"self":[{"href":"https:\/\/www.diario21.tv\/noticias\/wp-json\/wp\/v2\/posts\/4102"}],"collection":[{"href":"https:\/\/www.diario21.tv\/noticias\/wp-json\/wp\/v2\/posts"}],"about":[{"href":"https:\/\/www.diario21.tv\/noticias\/wp-json\/wp\/v2\/types\/post"}],"author":[{"embeddable":true,"href":"https:\/\/www.diario21.tv\/noticias\/wp-json\/wp\/v2\/users\/20"}],"replies":[{"embeddable":true,"href":"https:\/\/www.diario21.tv\/noticias\/wp-json\/wp\/v2\/comments?post=4102"}],"version-history":[{"count":1,"href":"https:\/\/www.diario21.tv\/noticias\/wp-json\/wp\/v2\/posts\/4102\/revisions"}],"predecessor-version":[{"id":4104,"href":"https:\/\/www.diario21.tv\/noticias\/wp-json\/wp\/v2\/posts\/4102\/revisions\/4104"}],"wp:featuredmedia":[{"embeddable":true,"href":"https:\/\/www.diario21.tv\/noticias\/wp-json\/wp\/v2\/media\/4103"}],"wp:attachment":[{"href":"https:\/\/www.diario21.tv\/noticias\/wp-json\/wp\/v2\/media?parent=4102"}],"wp:term":[{"taxonomy":"category","embeddable":true,"href":"https:\/\/www.diario21.tv\/noticias\/wp-json\/wp\/v2\/categories?post=4102"},{"taxonomy":"post_tag","embeddable":true,"href":"https:\/\/www.diario21.tv\/noticias\/wp-json\/wp\/v2\/tags?post=4102"}],"curies":[{"name":"wp","href":"https:\/\/api.w.org\/{rel}","templated":true}]}}