{"id":4099,"date":"2025-08-09T09:41:24","date_gmt":"2025-08-09T09:41:24","guid":{"rendered":"https:\/\/www.diario21.tv\/noticias\/tragedia-en-cordoba-nino-de-tres-anos-muere-tras-caer-en-piscina\/"},"modified":"2025-08-09T09:41:25","modified_gmt":"2025-08-09T09:41:25","slug":"tragedia-en-cordoba-nino-de-tres-anos-muere-tras-caer-en-piscina","status":"publish","type":"post","link":"https:\/\/www.diario21.tv\/noticias\/tragedia-en-cordoba-nino-de-tres-anos-muere-tras-caer-en-piscina\/","title":{"rendered":"Tragedia en C\u00f3rdoba: Ni\u00f1o de tres a\u00f1os muere tras caer en piscina"},"content":{"rendered":"<h2>Muerte Tr\u00e1gica de un Infante en C\u00f3rdoba<\/h2>\n<p>En un lamentable suceso en C\u00f3rdoba, un peque\u00f1o de apenas tres a\u00f1os ha perdido la vida despu\u00e9s de caer en la piscina de una vivienda. Este tr\u00e1gico evento ha conmocionado a la comunidad local y ha puesto de relieve la importancia de la vigilancia constante de los ni\u00f1os peque\u00f1os.<\/p>\n<h3>Detalles del Incidente<\/h3>\n<p>El incidente ocurri\u00f3 a \u00faltima hora de la tarde cuando, por razones que a\u00fan se investigan, el ni\u00f1o accedi\u00f3 a la zona de la piscina sin la supervisi\u00f3n de un adulto. Fue en ese momento desafortunado que el menor cay\u00f3 al agua. A pesar de los esfuerzos r\u00e1pidos por rescatarlo, los resultados fueron desoladores.<\/p>\n<p>Las autoridades fueron alertadas inmediatamente, y los servicios de emergencia llegaron al lugar sin demora. El peque\u00f1o fue trasladado de urgencia al hospital m\u00e1s cercano en un intento desesperado por salvar su vida. Desafortunadamente, a pesar de los esfuerzos m\u00e9dicos, el ni\u00f1o fue declarado fallecido poco despu\u00e9s de su llegada al centro m\u00e9dico.<\/p>\n<h3>Reacciones y Consecuencias<\/h3>\n<p>La noticia del fallecimiento ha generado una profunda tristeza en la comunidad. Vecinos y conocidos de la familia han empezado a mostrar su apoyo y a enviar condolencias, reconociendo la profunda p\u00e9rdida que representa la muerte de un ni\u00f1o tan joven.<\/p>\n<p>Por otro lado, este tr\u00e1gico suceso ha impulsado a las autoridades locales a recordar y reforzar las medidas de seguridad necesarias alrededor de piscinas y \u00e1reas de juego para ni\u00f1os. Se hacen llamados a los padres y cuidadores para que mantengan una vigilancia constante y efectiva, especialmente en lugares donde hay riesgos evidentes para los m\u00e1s peque\u00f1os.<\/p>\n<h3>Investigaci\u00f3n en Curso<\/h3>\n<p>Actualmente, la polic\u00eda est\u00e1 llevando a cabo una investigaci\u00f3n para determinar las circunstancias exactas que llevaron a este fatal accidente. Se est\u00e1 examinando si hubo alg\u00fan descuido o falta de medidas de seguridad que pudieran haber contribuido al incidente. Los resultados de esta investigaci\u00f3n ser\u00e1n cruciales para entender mejor c\u00f3mo prevenir que sucesos similares ocurran en el futuro.<\/p>\n<p>Este doloroso incidente sirve como un sombr\u00edo recordatorio de la vulnerabilidad de los ni\u00f1os y la constante necesidad de protecci\u00f3n y atenci\u00f3n hacia ellos. La comunidad de C\u00f3rdoba, mientras llora la p\u00e9rdida, busca tambi\u00e9n aprender y fortalecer las pr\u00e1cticas de seguridad para asegurar el bienestar de todos sus miembros m\u00e1s j\u00f3venes.<\/p>\n\n\n<div class=\"kk-star-ratings kksr-auto kksr-align-left kksr-valign-bottom\"\n    data-payload='{&quot;align&quot;:&quot;left&quot;,&quot;id&quot;:&quot;4099&quot;,&quot;slug&quot;:&quot;default&quot;,&quot;valign&quot;:&quot;bottom&quot;,&quot;ignore&quot;:&quot;&quot;,&quot;reference&quot;:&quot;auto&quot;,&quot;class&quot;:&quot;&quot;,&quot;count&quot;:&quot;0&quot;,&quot;legendonly&quot;:&quot;&quot;,&quot;readonly&quot;:&quot;&quot;,&quot;score&quot;:&quot;0&quot;,&quot;starsonly&quot;:&quot;&quot;,&quot;best&quot;:&quot;5&quot;,&quot;gap&quot;:&quot;5&quot;,&quot;greet&quot;:&quot;Valora este post&quot;,&quot;legend&quot;:&quot;0\\\/5 - (0 votes)&quot;,&quot;size&quot;:&quot;22&quot;,&quot;title&quot;:&quot;Tragedia en C\u00f3rdoba: Ni\u00f1o de tres a\u00f1os muere tras caer en piscina&quot;,&quot;width&quot;:&quot;0&quot;,&quot;_legend&quot;:&quot;{score}\\\/{best} - ({count} {votes})&quot;,&quot;font_factor&quot;:&quot;1.25&quot;}'>\n            \n<div class=\"kksr-stars\">\n    \n<div class=\"kksr-stars-inactive\">\n            <div class=\"kksr-star\" data-star=\"1\" style=\"padding-right: 5px\">\n            \n\n<div class=\"kksr-icon\" style=\"width: 22px; height: 22px;\"><\/div>\n        <\/div>\n            <div class=\"kksr-star\" data-star=\"2\" style=\"padding-right: 5px\">\n            \n\n<div class=\"kksr-icon\" style=\"width: 22px; height: 22px;\"><\/div>\n        <\/div>\n            <div class=\"kksr-star\" data-star=\"3\" style=\"padding-right: 5px\">\n            \n\n<div class=\"kksr-icon\" style=\"width: 22px; height: 22px;\"><\/div>\n        <\/div>\n            <div class=\"kksr-star\" data-star=\"4\" style=\"padding-right: 5px\">\n            \n\n<div class=\"kksr-icon\" style=\"width: 22px; height: 22px;\"><\/div>\n        <\/div>\n            <div class=\"kksr-star\" data-star=\"5\" style=\"padding-right: 5px\">\n            \n\n<div class=\"kksr-icon\" style=\"width: 22px; height: 22px;\"><\/div>\n        <\/div>\n    <\/div>\n    \n<div class=\"kksr-stars-active\" style=\"width: 0px;\">\n            <div class=\"kksr-star\" style=\"padding-right: 5px\">\n            \n\n<div class=\"kksr-icon\" style=\"width: 22px; height: 22px;\"><\/div>\n        <\/div>\n            <div class=\"kksr-star\" style=\"padding-right: 5px\">\n            \n\n<div class=\"kksr-icon\" style=\"width: 22px; height: 22px;\"><\/div>\n        <\/div>\n            <div class=\"kksr-star\" style=\"padding-right: 5px\">\n            \n\n<div class=\"kksr-icon\" style=\"width: 22px; height: 22px;\"><\/div>\n        <\/div>\n            <div class=\"kksr-star\" style=\"padding-right: 5px\">\n            \n\n<div class=\"kksr-icon\" style=\"width: 22px; height: 22px;\"><\/div>\n        <\/div>\n            <div class=\"kksr-star\" style=\"padding-right: 5px\">\n            \n\n<div class=\"kksr-icon\" style=\"width: 22px; height: 22px;\"><\/div>\n        <\/div>\n    <\/div>\n<\/div>\n                \n\n<div class=\"kksr-legend\" style=\"font-size: 17.6px;\">\n            <span class=\"kksr-muted\">Valora este post<\/span>\n    <\/div>\n    <\/div>\n","protected":false},"excerpt":{"rendered":"<p>Muerte Tr\u00e1gica de un Infante en C\u00f3rdoba En un lamentable suceso en C\u00f3rdoba, un peque\u00f1o de apenas tres a\u00f1os ha perdido la vida despu\u00e9s de caer &#8230; <a title=\"Tragedia en C\u00f3rdoba: Ni\u00f1o de tres a\u00f1os muere tras caer en piscina\" class=\"read-more\" href=\"https:\/\/www.diario21.tv\/noticias\/tragedia-en-cordoba-nino-de-tres-anos-muere-tras-caer-en-piscina\/\" aria-label=\"Leer m\u00e1s sobre Tragedia en C\u00f3rdoba: Ni\u00f1o de tres a\u00f1os muere tras caer en piscina\">Seguir leyendo &rarr;<\/a><\/p>\n","protected":false},"author":20,"featured_media":4100,"comment_status":"open","ping_status":"open","sticky":false,"template":"","format":"standard","meta":{"footnotes":""},"categories":[13],"tags":[],"class_list":["post-4099","post","type-post","status-publish","format-standard","has-post-thumbnail","hentry","category-portada"],"yoast_head":"<!-- This site is optimized with the Yoast SEO plugin v25.6 - https:\/\/yoast.com\/wordpress\/plugins\/seo\/ -->\n<title>Tragedia en C\u00f3rdoba: Ni\u00f1o de tres a\u00f1os muere tras caer en piscina - Diario 21<\/title>\n<meta name=\"robots\" content=\"index, follow, max-snippet:-1, max-image-preview:large, max-video-preview:-1\" \/>\n<link rel=\"canonical\" href=\"https:\/\/www.diario21.tv\/noticias\/tragedia-en-cordoba-nino-de-tres-anos-muere-tras-caer-en-piscina\/\" \/>\n<meta property=\"og:locale\" content=\"es_ES\" \/>\n<meta property=\"og:type\" content=\"article\" \/>\n<meta property=\"og:title\" content=\"Tragedia en C\u00f3rdoba: Ni\u00f1o de tres a\u00f1os muere tras caer en piscina - Diario 21\" \/>\n<meta property=\"og:description\" content=\"Muerte Tr\u00e1gica de un Infante en C\u00f3rdoba En un lamentable suceso en C\u00f3rdoba, un peque\u00f1o de apenas tres a\u00f1os ha perdido la vida despu\u00e9s de caer ... Seguir leyendo &rarr;\" \/>\n<meta property=\"og:url\" content=\"https:\/\/www.diario21.tv\/noticias\/tragedia-en-cordoba-nino-de-tres-anos-muere-tras-caer-en-piscina\/\" \/>\n<meta property=\"og:site_name\" content=\"Diario 21\" \/>\n<meta property=\"article:published_time\" content=\"2025-08-09T09:41:24+00:00\" \/>\n<meta property=\"article:modified_time\" content=\"2025-08-09T09:41:25+00:00\" \/>\n<meta property=\"og:image\" content=\"https:\/\/www.diario21.tv\/noticias\/wp-content\/uploads\/2025\/08\/Tragedia-en-Cordoba-Nino-de-tres-anos-muere-tras-caer.jpg\" \/>\n\t<meta property=\"og:image:width\" content=\"1200\" \/>\n\t<meta property=\"og:image:height\" content=\"840\" \/>\n\t<meta property=\"og:image:type\" content=\"image\/jpeg\" \/>\n<meta name=\"author\" content=\"Juan P\u00e9rez\" \/>\n<meta name=\"twitter:card\" content=\"summary_large_image\" \/>\n<meta name=\"twitter:label1\" content=\"Escrito por\" \/>\n\t<meta name=\"twitter:data1\" content=\"Juan P\u00e9rez\" \/>\n\t<meta name=\"twitter:label2\" content=\"Tiempo de lectura\" \/>\n\t<meta name=\"twitter:data2\" content=\"2 minutos\" \/>\n<script type=\"application\/ld+json\" class=\"yoast-schema-graph\">{\"@context\":\"https:\/\/schema.org\",\"@graph\":[{\"@type\":\"WebPage\",\"@id\":\"https:\/\/www.diario21.tv\/noticias\/tragedia-en-cordoba-nino-de-tres-anos-muere-tras-caer-en-piscina\/\",\"url\":\"https:\/\/www.diario21.tv\/noticias\/tragedia-en-cordoba-nino-de-tres-anos-muere-tras-caer-en-piscina\/\",\"name\":\"Tragedia en C\u00f3rdoba: Ni\u00f1o de tres a\u00f1os muere tras caer en piscina - Diario 21\",\"isPartOf\":{\"@id\":\"https:\/\/www.diario21.tv\/noticias\/#website\"},\"primaryImageOfPage\":{\"@id\":\"https:\/\/www.diario21.tv\/noticias\/tragedia-en-cordoba-nino-de-tres-anos-muere-tras-caer-en-piscina\/#primaryimage\"},\"image\":{\"@id\":\"https:\/\/www.diario21.tv\/noticias\/tragedia-en-cordoba-nino-de-tres-anos-muere-tras-caer-en-piscina\/#primaryimage\"},\"thumbnailUrl\":\"https:\/\/www.diario21.tv\/noticias\/wp-content\/uploads\/2025\/08\/Tragedia-en-Cordoba-Nino-de-tres-anos-muere-tras-caer.jpg\",\"datePublished\":\"2025-08-09T09:41:24+00:00\",\"dateModified\":\"2025-08-09T09:41:25+00:00\",\"author\":{\"@id\":\"https:\/\/www.diario21.tv\/noticias\/#\/schema\/person\/dfb778f73814d8f09f302618446a526b\"},\"breadcrumb\":{\"@id\":\"https:\/\/www.diario21.tv\/noticias\/tragedia-en-cordoba-nino-de-tres-anos-muere-tras-caer-en-piscina\/#breadcrumb\"},\"inLanguage\":\"es-AR\",\"potentialAction\":[{\"@type\":\"ReadAction\",\"target\":[\"https:\/\/www.diario21.tv\/noticias\/tragedia-en-cordoba-nino-de-tres-anos-muere-tras-caer-en-piscina\/\"]}]},{\"@type\":\"ImageObject\",\"inLanguage\":\"es-AR\",\"@id\":\"https:\/\/www.diario21.tv\/noticias\/tragedia-en-cordoba-nino-de-tres-anos-muere-tras-caer-en-piscina\/#primaryimage\",\"url\":\"https:\/\/www.diario21.tv\/noticias\/wp-content\/uploads\/2025\/08\/Tragedia-en-Cordoba-Nino-de-tres-anos-muere-tras-caer.jpg\",\"contentUrl\":\"https:\/\/www.diario21.tv\/noticias\/wp-content\/uploads\/2025\/08\/Tragedia-en-Cordoba-Nino-de-tres-anos-muere-tras-caer.jpg\",\"width\":1200,\"height\":840,\"caption\":\"Muere un ni\u00f1o de tres a\u00f1os tras caer a una piscina en C\u00f3rdoba\"},{\"@type\":\"BreadcrumbList\",\"@id\":\"https:\/\/www.diario21.tv\/noticias\/tragedia-en-cordoba-nino-de-tres-anos-muere-tras-caer-en-piscina\/#breadcrumb\",\"itemListElement\":[{\"@type\":\"ListItem\",\"position\":1,\"name\":\"Accueil\",\"item\":\"https:\/\/www.diario21.tv\/noticias\/\"},{\"@type\":\"ListItem\",\"position\":2,\"name\":\"Tragedia en C\u00f3rdoba: Ni\u00f1o de tres a\u00f1os muere tras caer en piscina\"}]},{\"@type\":\"WebSite\",\"@id\":\"https:\/\/www.diario21.tv\/noticias\/#website\",\"url\":\"https:\/\/www.diario21.tv\/noticias\/\",\"name\":\"Diario 21\",\"description\":\"\",\"potentialAction\":[{\"@type\":\"SearchAction\",\"target\":{\"@type\":\"EntryPoint\",\"urlTemplate\":\"https:\/\/www.diario21.tv\/noticias\/?s={search_term_string}\"},\"query-input\":{\"@type\":\"PropertyValueSpecification\",\"valueRequired\":true,\"valueName\":\"search_term_string\"}}],\"inLanguage\":\"es-AR\"},{\"@type\":\"Person\",\"@id\":\"https:\/\/www.diario21.tv\/noticias\/#\/schema\/person\/dfb778f73814d8f09f302618446a526b\",\"name\":\"Juan P\u00e9rez\",\"image\":{\"@type\":\"ImageObject\",\"inLanguage\":\"es-AR\",\"@id\":\"https:\/\/www.diario21.tv\/noticias\/#\/schema\/person\/image\/\",\"url\":\"https:\/\/secure.gravatar.com\/avatar\/c478a405bd10621167f4c3167cc770f5?s=96&d=mm&r=g\",\"contentUrl\":\"https:\/\/secure.gravatar.com\/avatar\/c478a405bd10621167f4c3167cc770f5?s=96&d=mm&r=g\",\"caption\":\"Juan P\u00e9rez\"},\"description\":\"Juan P\u00e9rez es el redactor en jefe de Diario 21. Con m\u00e1s de 10 a\u00f1os de experiencia en el periodismo, se especializa en pol\u00edtica nacional y an\u00e1lisis socioecon\u00f3mico. Su enfoque cr\u00edtico y riguroso aporta una perspectiva \u00fanica a cada art\u00edculo.\",\"sameAs\":[\"https:\/\/www.diario21.tv\/noticias\/\"],\"url\":\"https:\/\/www.diario21.tv\/noticias\/author\/juan-perez\/\"}]}<\/script>\n<!-- \/ Yoast SEO plugin. -->","yoast_head_json":{"title":"Tragedia en C\u00f3rdoba: Ni\u00f1o de tres a\u00f1os muere tras caer en piscina - Diario 21","robots":{"index":"index","follow":"follow","max-snippet":"max-snippet:-1","max-image-preview":"max-image-preview:large","max-video-preview":"max-video-preview:-1"},"canonical":"https:\/\/www.diario21.tv\/noticias\/tragedia-en-cordoba-nino-de-tres-anos-muere-tras-caer-en-piscina\/","og_locale":"es_ES","og_type":"article","og_title":"Tragedia en C\u00f3rdoba: Ni\u00f1o de tres a\u00f1os muere tras caer en piscina - Diario 21","og_description":"Muerte Tr\u00e1gica de un Infante en C\u00f3rdoba En un lamentable suceso en C\u00f3rdoba, un peque\u00f1o de apenas tres a\u00f1os ha perdido la vida despu\u00e9s de caer ... Seguir leyendo &rarr;","og_url":"https:\/\/www.diario21.tv\/noticias\/tragedia-en-cordoba-nino-de-tres-anos-muere-tras-caer-en-piscina\/","og_site_name":"Diario 21","article_published_time":"2025-08-09T09:41:24+00:00","article_modified_time":"2025-08-09T09:41:25+00:00","og_image":[{"width":1200,"height":840,"url":"https:\/\/www.diario21.tv\/noticias\/wp-content\/uploads\/2025\/08\/Tragedia-en-Cordoba-Nino-de-tres-anos-muere-tras-caer.jpg","type":"image\/jpeg"}],"author":"Juan P\u00e9rez","twitter_card":"summary_large_image","twitter_misc":{"Escrito por":"Juan P\u00e9rez","Tiempo de lectura":"2 minutos"},"schema":{"@context":"https:\/\/schema.org","@graph":[{"@type":"WebPage","@id":"https:\/\/www.diario21.tv\/noticias\/tragedia-en-cordoba-nino-de-tres-anos-muere-tras-caer-en-piscina\/","url":"https:\/\/www.diario21.tv\/noticias\/tragedia-en-cordoba-nino-de-tres-anos-muere-tras-caer-en-piscina\/","name":"Tragedia en C\u00f3rdoba: Ni\u00f1o de tres a\u00f1os muere tras caer en piscina - Diario 21","isPartOf":{"@id":"https:\/\/www.diario21.tv\/noticias\/#website"},"primaryImageOfPage":{"@id":"https:\/\/www.diario21.tv\/noticias\/tragedia-en-cordoba-nino-de-tres-anos-muere-tras-caer-en-piscina\/#primaryimage"},"image":{"@id":"https:\/\/www.diario21.tv\/noticias\/tragedia-en-cordoba-nino-de-tres-anos-muere-tras-caer-en-piscina\/#primaryimage"},"thumbnailUrl":"https:\/\/www.diario21.tv\/noticias\/wp-content\/uploads\/2025\/08\/Tragedia-en-Cordoba-Nino-de-tres-anos-muere-tras-caer.jpg","datePublished":"2025-08-09T09:41:24+00:00","dateModified":"2025-08-09T09:41:25+00:00","author":{"@id":"https:\/\/www.diario21.tv\/noticias\/#\/schema\/person\/dfb778f73814d8f09f302618446a526b"},"breadcrumb":{"@id":"https:\/\/www.diario21.tv\/noticias\/tragedia-en-cordoba-nino-de-tres-anos-muere-tras-caer-en-piscina\/#breadcrumb"},"inLanguage":"es-AR","potentialAction":[{"@type":"ReadAction","target":["https:\/\/www.diario21.tv\/noticias\/tragedia-en-cordoba-nino-de-tres-anos-muere-tras-caer-en-piscina\/"]}]},{"@type":"ImageObject","inLanguage":"es-AR","@id":"https:\/\/www.diario21.tv\/noticias\/tragedia-en-cordoba-nino-de-tres-anos-muere-tras-caer-en-piscina\/#primaryimage","url":"https:\/\/www.diario21.tv\/noticias\/wp-content\/uploads\/2025\/08\/Tragedia-en-Cordoba-Nino-de-tres-anos-muere-tras-caer.jpg","contentUrl":"https:\/\/www.diario21.tv\/noticias\/wp-content\/uploads\/2025\/08\/Tragedia-en-Cordoba-Nino-de-tres-anos-muere-tras-caer.jpg","width":1200,"height":840,"caption":"Muere un ni\u00f1o de tres a\u00f1os tras caer a una piscina en C\u00f3rdoba"},{"@type":"BreadcrumbList","@id":"https:\/\/www.diario21.tv\/noticias\/tragedia-en-cordoba-nino-de-tres-anos-muere-tras-caer-en-piscina\/#breadcrumb","itemListElement":[{"@type":"ListItem","position":1,"name":"Accueil","item":"https:\/\/www.diario21.tv\/noticias\/"},{"@type":"ListItem","position":2,"name":"Tragedia en C\u00f3rdoba: Ni\u00f1o de tres a\u00f1os muere tras caer en piscina"}]},{"@type":"WebSite","@id":"https:\/\/www.diario21.tv\/noticias\/#website","url":"https:\/\/www.diario21.tv\/noticias\/","name":"Diario 21","description":"","potentialAction":[{"@type":"SearchAction","target":{"@type":"EntryPoint","urlTemplate":"https:\/\/www.diario21.tv\/noticias\/?s={search_term_string}"},"query-input":{"@type":"PropertyValueSpecification","valueRequired":true,"valueName":"search_term_string"}}],"inLanguage":"es-AR"},{"@type":"Person","@id":"https:\/\/www.diario21.tv\/noticias\/#\/schema\/person\/dfb778f73814d8f09f302618446a526b","name":"Juan P\u00e9rez","image":{"@type":"ImageObject","inLanguage":"es-AR","@id":"https:\/\/www.diario21.tv\/noticias\/#\/schema\/person\/image\/","url":"https:\/\/secure.gravatar.com\/avatar\/c478a405bd10621167f4c3167cc770f5?s=96&d=mm&r=g","contentUrl":"https:\/\/secure.gravatar.com\/avatar\/c478a405bd10621167f4c3167cc770f5?s=96&d=mm&r=g","caption":"Juan P\u00e9rez"},"description":"Juan P\u00e9rez es el redactor en jefe de Diario 21. Con m\u00e1s de 10 a\u00f1os de experiencia en el periodismo, se especializa en pol\u00edtica nacional y an\u00e1lisis socioecon\u00f3mico. Su enfoque cr\u00edtico y riguroso aporta una perspectiva \u00fanica a cada art\u00edculo.","sameAs":["https:\/\/www.diario21.tv\/noticias\/"],"url":"https:\/\/www.diario21.tv\/noticias\/author\/juan-perez\/"}]}},"_links":{"self":[{"href":"https:\/\/www.diario21.tv\/noticias\/wp-json\/wp\/v2\/posts\/4099"}],"collection":[{"href":"https:\/\/www.diario21.tv\/noticias\/wp-json\/wp\/v2\/posts"}],"about":[{"href":"https:\/\/www.diario21.tv\/noticias\/wp-json\/wp\/v2\/types\/post"}],"author":[{"embeddable":true,"href":"https:\/\/www.diario21.tv\/noticias\/wp-json\/wp\/v2\/users\/20"}],"replies":[{"embeddable":true,"href":"https:\/\/www.diario21.tv\/noticias\/wp-json\/wp\/v2\/comments?post=4099"}],"version-history":[{"count":1,"href":"https:\/\/www.diario21.tv\/noticias\/wp-json\/wp\/v2\/posts\/4099\/revisions"}],"predecessor-version":[{"id":4101,"href":"https:\/\/www.diario21.tv\/noticias\/wp-json\/wp\/v2\/posts\/4099\/revisions\/4101"}],"wp:featuredmedia":[{"embeddable":true,"href":"https:\/\/www.diario21.tv\/noticias\/wp-json\/wp\/v2\/media\/4100"}],"wp:attachment":[{"href":"https:\/\/www.diario21.tv\/noticias\/wp-json\/wp\/v2\/media?parent=4099"}],"wp:term":[{"taxonomy":"category","embeddable":true,"href":"https:\/\/www.diario21.tv\/noticias\/wp-json\/wp\/v2\/categories?post=4099"},{"taxonomy":"post_tag","embeddable":true,"href":"https:\/\/www.diario21.tv\/noticias\/wp-json\/wp\/v2\/tags?post=4099"}],"curies":[{"name":"wp","href":"https:\/\/api.w.org\/{rel}","templated":true}]}}