{"id":4090,"date":"2025-08-08T15:30:08","date_gmt":"2025-08-08T15:30:08","guid":{"rendered":"https:\/\/www.diario21.tv\/noticias\/impactante-hallazgo-en-malaga-encuentran-cadaver-de-mujer-en-la-playa\/"},"modified":"2025-08-08T15:30:09","modified_gmt":"2025-08-08T15:30:09","slug":"impactante-hallazgo-en-malaga-encuentran-cadaver-de-mujer-en-la-playa","status":"publish","type":"post","link":"https:\/\/www.diario21.tv\/noticias\/impactante-hallazgo-en-malaga-encuentran-cadaver-de-mujer-en-la-playa\/","title":{"rendered":"\u00a1Impactante hallazgo en M\u00e1laga! Encuentran cad\u00e1ver de mujer en la playa"},"content":{"rendered":"<h2>Descubrimiento Tr\u00e1gico en la Costa Malague\u00f1a<\/h2>\n<p>En un giro sombr\u00edo de eventos en la provincia de M\u00e1laga, las autoridades confirmaron el hallazgo del cuerpo sin vida de una mujer en una de sus playas m\u00e1s conocidas. Este descubrimiento ha conmocionado a la comunidad local y ha iniciado una serie de investigaciones para esclarecer las circunstancias que rodean el suceso.<\/p>\n<h3>Detalles del Hallazgo<\/h3>\n<p>El cuerpo fue encontrado en las primeras horas de la ma\u00f1ana por un grupo de personas que paseaban por la playa. Inmediatamente, se dio aviso a la polic\u00eda local, que acudi\u00f3 al lugar para confirmar la situaci\u00f3n y acordonar el \u00e1rea. La escena fue resguardada para permitir que los expertos realizaran las investigaciones necesarias sin contaminar posibles evidencias.<\/p>\n<h3>Identificaci\u00f3n y Autopsia<\/h3>\n<p>Hasta el momento, la identidad de la mujer no ha sido divulgada, ya que las autoridades est\u00e1n en proceso de notificar a los familiares m\u00e1s cercanos. La autopsia, que se espera sea realizada en los pr\u00f3ximos d\u00edas, ser\u00e1 crucial para determinar la causa exacta de la muerte y proporcionar m\u00e1s detalles sobre los \u00faltimos momentos de la mujer.<\/p>\n<h3>Reacciones de la Comunidad<\/h3>\n<p>El impacto del hallazgo ha resonado profundamente entre los residentes y visitantes de M\u00e1laga. Muchos expresaron su preocupaci\u00f3n y tristeza por el evento, y han ofrecido su colaboraci\u00f3n para ayudar en lo que sea necesario. Las autoridades han pedido calma y respeto hacia la privacidad de la familia de la fallecida durante este dif\u00edcil momento.<\/p>\n<h3>Investigaci\u00f3n en Curso<\/h3>\n<p>La polic\u00eda ha iniciado una investigaci\u00f3n exhaustiva para determinar si se trat\u00f3 de un accidente, un suicidio o un acto de violencia. Se est\u00e1n revisando c\u00e1maras de seguridad cercanas y se ha pedido a testigos que puedan haber visto algo inusual que se acerquen a declarar.<\/p>\n<p>Este tr\u00e1gico suceso ha dejado una marca en la comunidad de M\u00e1laga, mientras todos esperan respuestas sobre lo ocurrido. Las autoridades han asegurado que har\u00e1n todo lo posible para esclarecer este lamentable evento y han reiterado su compromiso con la seguridad de todos los ciudadanos y visitantes de la regi\u00f3n.<\/p>\n\n\n<div class=\"kk-star-ratings kksr-auto kksr-align-left kksr-valign-bottom\"\n    data-payload='{&quot;align&quot;:&quot;left&quot;,&quot;id&quot;:&quot;4090&quot;,&quot;slug&quot;:&quot;default&quot;,&quot;valign&quot;:&quot;bottom&quot;,&quot;ignore&quot;:&quot;&quot;,&quot;reference&quot;:&quot;auto&quot;,&quot;class&quot;:&quot;&quot;,&quot;count&quot;:&quot;0&quot;,&quot;legendonly&quot;:&quot;&quot;,&quot;readonly&quot;:&quot;&quot;,&quot;score&quot;:&quot;0&quot;,&quot;starsonly&quot;:&quot;&quot;,&quot;best&quot;:&quot;5&quot;,&quot;gap&quot;:&quot;5&quot;,&quot;greet&quot;:&quot;Valora este post&quot;,&quot;legend&quot;:&quot;0\\\/5 - (0 votes)&quot;,&quot;size&quot;:&quot;22&quot;,&quot;title&quot;:&quot;\u00a1Impactante hallazgo en M\u00e1laga! Encuentran cad\u00e1ver de mujer en la playa&quot;,&quot;width&quot;:&quot;0&quot;,&quot;_legend&quot;:&quot;{score}\\\/{best} - ({count} {votes})&quot;,&quot;font_factor&quot;:&quot;1.25&quot;}'>\n            \n<div class=\"kksr-stars\">\n    \n<div class=\"kksr-stars-inactive\">\n            <div class=\"kksr-star\" data-star=\"1\" style=\"padding-right: 5px\">\n            \n\n<div class=\"kksr-icon\" style=\"width: 22px; height: 22px;\"><\/div>\n        <\/div>\n            <div class=\"kksr-star\" data-star=\"2\" style=\"padding-right: 5px\">\n            \n\n<div class=\"kksr-icon\" style=\"width: 22px; height: 22px;\"><\/div>\n        <\/div>\n            <div class=\"kksr-star\" data-star=\"3\" style=\"padding-right: 5px\">\n            \n\n<div class=\"kksr-icon\" style=\"width: 22px; height: 22px;\"><\/div>\n        <\/div>\n            <div class=\"kksr-star\" data-star=\"4\" style=\"padding-right: 5px\">\n            \n\n<div class=\"kksr-icon\" style=\"width: 22px; height: 22px;\"><\/div>\n        <\/div>\n            <div class=\"kksr-star\" data-star=\"5\" style=\"padding-right: 5px\">\n            \n\n<div class=\"kksr-icon\" style=\"width: 22px; height: 22px;\"><\/div>\n        <\/div>\n    <\/div>\n    \n<div class=\"kksr-stars-active\" style=\"width: 0px;\">\n            <div class=\"kksr-star\" style=\"padding-right: 5px\">\n            \n\n<div class=\"kksr-icon\" style=\"width: 22px; height: 22px;\"><\/div>\n        <\/div>\n            <div class=\"kksr-star\" style=\"padding-right: 5px\">\n            \n\n<div class=\"kksr-icon\" style=\"width: 22px; height: 22px;\"><\/div>\n        <\/div>\n            <div class=\"kksr-star\" style=\"padding-right: 5px\">\n            \n\n<div class=\"kksr-icon\" style=\"width: 22px; height: 22px;\"><\/div>\n        <\/div>\n            <div class=\"kksr-star\" style=\"padding-right: 5px\">\n            \n\n<div class=\"kksr-icon\" style=\"width: 22px; height: 22px;\"><\/div>\n        <\/div>\n            <div class=\"kksr-star\" style=\"padding-right: 5px\">\n            \n\n<div class=\"kksr-icon\" style=\"width: 22px; height: 22px;\"><\/div>\n        <\/div>\n    <\/div>\n<\/div>\n                \n\n<div class=\"kksr-legend\" style=\"font-size: 17.6px;\">\n            <span class=\"kksr-muted\">Valora este post<\/span>\n    <\/div>\n    <\/div>\n","protected":false},"excerpt":{"rendered":"<p>Descubrimiento Tr\u00e1gico en la Costa Malague\u00f1a En un giro sombr\u00edo de eventos en la provincia de M\u00e1laga, las autoridades confirmaron el hallazgo del cuerpo sin vida &#8230; <a title=\"\u00a1Impactante hallazgo en M\u00e1laga! Encuentran cad\u00e1ver de mujer en la playa\" class=\"read-more\" href=\"https:\/\/www.diario21.tv\/noticias\/impactante-hallazgo-en-malaga-encuentran-cadaver-de-mujer-en-la-playa\/\" aria-label=\"Leer m\u00e1s sobre \u00a1Impactante hallazgo en M\u00e1laga! Encuentran cad\u00e1ver de mujer en la playa\">Seguir leyendo &rarr;<\/a><\/p>\n","protected":false},"author":20,"featured_media":4091,"comment_status":"open","ping_status":"open","sticky":false,"template":"","format":"standard","meta":{"footnotes":""},"categories":[13],"tags":[],"class_list":["post-4090","post","type-post","status-publish","format-standard","has-post-thumbnail","hentry","category-portada"],"yoast_head":"<!-- This site is optimized with the Yoast SEO plugin v25.6 - https:\/\/yoast.com\/wordpress\/plugins\/seo\/ -->\n<title>\u00a1Impactante hallazgo en M\u00e1laga! Encuentran cad\u00e1ver de mujer en la playa - Diario 21<\/title>\n<meta name=\"robots\" content=\"index, follow, max-snippet:-1, max-image-preview:large, max-video-preview:-1\" \/>\n<link rel=\"canonical\" href=\"https:\/\/www.diario21.tv\/noticias\/impactante-hallazgo-en-malaga-encuentran-cadaver-de-mujer-en-la-playa\/\" \/>\n<meta property=\"og:locale\" content=\"es_ES\" \/>\n<meta property=\"og:type\" content=\"article\" \/>\n<meta property=\"og:title\" content=\"\u00a1Impactante hallazgo en M\u00e1laga! Encuentran cad\u00e1ver de mujer en la playa - Diario 21\" \/>\n<meta property=\"og:description\" content=\"Descubrimiento Tr\u00e1gico en la Costa Malague\u00f1a En un giro sombr\u00edo de eventos en la provincia de M\u00e1laga, las autoridades confirmaron el hallazgo del cuerpo sin vida ... Seguir leyendo &rarr;\" \/>\n<meta property=\"og:url\" content=\"https:\/\/www.diario21.tv\/noticias\/impactante-hallazgo-en-malaga-encuentran-cadaver-de-mujer-en-la-playa\/\" \/>\n<meta property=\"og:site_name\" content=\"Diario 21\" \/>\n<meta property=\"article:published_time\" content=\"2025-08-08T15:30:08+00:00\" \/>\n<meta property=\"article:modified_time\" content=\"2025-08-08T15:30:09+00:00\" \/>\n<meta property=\"og:image\" content=\"https:\/\/www.diario21.tv\/noticias\/wp-content\/uploads\/2025\/08\/\u00a1Impactante-hallazgo-en-Malaga-Encuentran-cadaver-de-mujer-en-la.jpg\" \/>\n\t<meta property=\"og:image:width\" content=\"1200\" \/>\n\t<meta property=\"og:image:height\" content=\"840\" \/>\n\t<meta property=\"og:image:type\" content=\"image\/jpeg\" \/>\n<meta name=\"author\" content=\"Juan P\u00e9rez\" \/>\n<meta name=\"twitter:card\" content=\"summary_large_image\" \/>\n<meta name=\"twitter:label1\" content=\"Escrito por\" \/>\n\t<meta name=\"twitter:data1\" content=\"Juan P\u00e9rez\" \/>\n\t<meta name=\"twitter:label2\" content=\"Tiempo de lectura\" \/>\n\t<meta name=\"twitter:data2\" content=\"2 minutos\" \/>\n<script type=\"application\/ld+json\" class=\"yoast-schema-graph\">{\"@context\":\"https:\/\/schema.org\",\"@graph\":[{\"@type\":\"WebPage\",\"@id\":\"https:\/\/www.diario21.tv\/noticias\/impactante-hallazgo-en-malaga-encuentran-cadaver-de-mujer-en-la-playa\/\",\"url\":\"https:\/\/www.diario21.tv\/noticias\/impactante-hallazgo-en-malaga-encuentran-cadaver-de-mujer-en-la-playa\/\",\"name\":\"\u00a1Impactante hallazgo en M\u00e1laga! Encuentran cad\u00e1ver de mujer en la playa - Diario 21\",\"isPartOf\":{\"@id\":\"https:\/\/www.diario21.tv\/noticias\/#website\"},\"primaryImageOfPage\":{\"@id\":\"https:\/\/www.diario21.tv\/noticias\/impactante-hallazgo-en-malaga-encuentran-cadaver-de-mujer-en-la-playa\/#primaryimage\"},\"image\":{\"@id\":\"https:\/\/www.diario21.tv\/noticias\/impactante-hallazgo-en-malaga-encuentran-cadaver-de-mujer-en-la-playa\/#primaryimage\"},\"thumbnailUrl\":\"https:\/\/www.diario21.tv\/noticias\/wp-content\/uploads\/2025\/08\/\u00a1Impactante-hallazgo-en-Malaga-Encuentran-cadaver-de-mujer-en-la.jpg\",\"datePublished\":\"2025-08-08T15:30:08+00:00\",\"dateModified\":\"2025-08-08T15:30:09+00:00\",\"author\":{\"@id\":\"https:\/\/www.diario21.tv\/noticias\/#\/schema\/person\/dfb778f73814d8f09f302618446a526b\"},\"breadcrumb\":{\"@id\":\"https:\/\/www.diario21.tv\/noticias\/impactante-hallazgo-en-malaga-encuentran-cadaver-de-mujer-en-la-playa\/#breadcrumb\"},\"inLanguage\":\"es-AR\",\"potentialAction\":[{\"@type\":\"ReadAction\",\"target\":[\"https:\/\/www.diario21.tv\/noticias\/impactante-hallazgo-en-malaga-encuentran-cadaver-de-mujer-en-la-playa\/\"]}]},{\"@type\":\"ImageObject\",\"inLanguage\":\"es-AR\",\"@id\":\"https:\/\/www.diario21.tv\/noticias\/impactante-hallazgo-en-malaga-encuentran-cadaver-de-mujer-en-la-playa\/#primaryimage\",\"url\":\"https:\/\/www.diario21.tv\/noticias\/wp-content\/uploads\/2025\/08\/\u00a1Impactante-hallazgo-en-Malaga-Encuentran-cadaver-de-mujer-en-la.jpg\",\"contentUrl\":\"https:\/\/www.diario21.tv\/noticias\/wp-content\/uploads\/2025\/08\/\u00a1Impactante-hallazgo-en-Malaga-Encuentran-cadaver-de-mujer-en-la.jpg\",\"width\":1200,\"height\":840,\"caption\":\"Hallan el cad\u00e1ver de una mujer en una playa de M\u00e1laga\"},{\"@type\":\"BreadcrumbList\",\"@id\":\"https:\/\/www.diario21.tv\/noticias\/impactante-hallazgo-en-malaga-encuentran-cadaver-de-mujer-en-la-playa\/#breadcrumb\",\"itemListElement\":[{\"@type\":\"ListItem\",\"position\":1,\"name\":\"Accueil\",\"item\":\"https:\/\/www.diario21.tv\/noticias\/\"},{\"@type\":\"ListItem\",\"position\":2,\"name\":\"\u00a1Impactante hallazgo en M\u00e1laga! Encuentran cad\u00e1ver de mujer en la playa\"}]},{\"@type\":\"WebSite\",\"@id\":\"https:\/\/www.diario21.tv\/noticias\/#website\",\"url\":\"https:\/\/www.diario21.tv\/noticias\/\",\"name\":\"Diario 21\",\"description\":\"\",\"potentialAction\":[{\"@type\":\"SearchAction\",\"target\":{\"@type\":\"EntryPoint\",\"urlTemplate\":\"https:\/\/www.diario21.tv\/noticias\/?s={search_term_string}\"},\"query-input\":{\"@type\":\"PropertyValueSpecification\",\"valueRequired\":true,\"valueName\":\"search_term_string\"}}],\"inLanguage\":\"es-AR\"},{\"@type\":\"Person\",\"@id\":\"https:\/\/www.diario21.tv\/noticias\/#\/schema\/person\/dfb778f73814d8f09f302618446a526b\",\"name\":\"Juan P\u00e9rez\",\"image\":{\"@type\":\"ImageObject\",\"inLanguage\":\"es-AR\",\"@id\":\"https:\/\/www.diario21.tv\/noticias\/#\/schema\/person\/image\/\",\"url\":\"https:\/\/secure.gravatar.com\/avatar\/c478a405bd10621167f4c3167cc770f5?s=96&d=mm&r=g\",\"contentUrl\":\"https:\/\/secure.gravatar.com\/avatar\/c478a405bd10621167f4c3167cc770f5?s=96&d=mm&r=g\",\"caption\":\"Juan P\u00e9rez\"},\"description\":\"Juan P\u00e9rez es el redactor en jefe de Diario 21. Con m\u00e1s de 10 a\u00f1os de experiencia en el periodismo, se especializa en pol\u00edtica nacional y an\u00e1lisis socioecon\u00f3mico. Su enfoque cr\u00edtico y riguroso aporta una perspectiva \u00fanica a cada art\u00edculo.\",\"sameAs\":[\"https:\/\/www.diario21.tv\/noticias\/\"],\"url\":\"https:\/\/www.diario21.tv\/noticias\/author\/juan-perez\/\"}]}<\/script>\n<!-- \/ Yoast SEO plugin. -->","yoast_head_json":{"title":"\u00a1Impactante hallazgo en M\u00e1laga! Encuentran cad\u00e1ver de mujer en la playa - Diario 21","robots":{"index":"index","follow":"follow","max-snippet":"max-snippet:-1","max-image-preview":"max-image-preview:large","max-video-preview":"max-video-preview:-1"},"canonical":"https:\/\/www.diario21.tv\/noticias\/impactante-hallazgo-en-malaga-encuentran-cadaver-de-mujer-en-la-playa\/","og_locale":"es_ES","og_type":"article","og_title":"\u00a1Impactante hallazgo en M\u00e1laga! Encuentran cad\u00e1ver de mujer en la playa - Diario 21","og_description":"Descubrimiento Tr\u00e1gico en la Costa Malague\u00f1a En un giro sombr\u00edo de eventos en la provincia de M\u00e1laga, las autoridades confirmaron el hallazgo del cuerpo sin vida ... Seguir leyendo &rarr;","og_url":"https:\/\/www.diario21.tv\/noticias\/impactante-hallazgo-en-malaga-encuentran-cadaver-de-mujer-en-la-playa\/","og_site_name":"Diario 21","article_published_time":"2025-08-08T15:30:08+00:00","article_modified_time":"2025-08-08T15:30:09+00:00","og_image":[{"width":1200,"height":840,"url":"https:\/\/www.diario21.tv\/noticias\/wp-content\/uploads\/2025\/08\/\u00a1Impactante-hallazgo-en-Malaga-Encuentran-cadaver-de-mujer-en-la.jpg","type":"image\/jpeg"}],"author":"Juan P\u00e9rez","twitter_card":"summary_large_image","twitter_misc":{"Escrito por":"Juan P\u00e9rez","Tiempo de lectura":"2 minutos"},"schema":{"@context":"https:\/\/schema.org","@graph":[{"@type":"WebPage","@id":"https:\/\/www.diario21.tv\/noticias\/impactante-hallazgo-en-malaga-encuentran-cadaver-de-mujer-en-la-playa\/","url":"https:\/\/www.diario21.tv\/noticias\/impactante-hallazgo-en-malaga-encuentran-cadaver-de-mujer-en-la-playa\/","name":"\u00a1Impactante hallazgo en M\u00e1laga! Encuentran cad\u00e1ver de mujer en la playa - Diario 21","isPartOf":{"@id":"https:\/\/www.diario21.tv\/noticias\/#website"},"primaryImageOfPage":{"@id":"https:\/\/www.diario21.tv\/noticias\/impactante-hallazgo-en-malaga-encuentran-cadaver-de-mujer-en-la-playa\/#primaryimage"},"image":{"@id":"https:\/\/www.diario21.tv\/noticias\/impactante-hallazgo-en-malaga-encuentran-cadaver-de-mujer-en-la-playa\/#primaryimage"},"thumbnailUrl":"https:\/\/www.diario21.tv\/noticias\/wp-content\/uploads\/2025\/08\/\u00a1Impactante-hallazgo-en-Malaga-Encuentran-cadaver-de-mujer-en-la.jpg","datePublished":"2025-08-08T15:30:08+00:00","dateModified":"2025-08-08T15:30:09+00:00","author":{"@id":"https:\/\/www.diario21.tv\/noticias\/#\/schema\/person\/dfb778f73814d8f09f302618446a526b"},"breadcrumb":{"@id":"https:\/\/www.diario21.tv\/noticias\/impactante-hallazgo-en-malaga-encuentran-cadaver-de-mujer-en-la-playa\/#breadcrumb"},"inLanguage":"es-AR","potentialAction":[{"@type":"ReadAction","target":["https:\/\/www.diario21.tv\/noticias\/impactante-hallazgo-en-malaga-encuentran-cadaver-de-mujer-en-la-playa\/"]}]},{"@type":"ImageObject","inLanguage":"es-AR","@id":"https:\/\/www.diario21.tv\/noticias\/impactante-hallazgo-en-malaga-encuentran-cadaver-de-mujer-en-la-playa\/#primaryimage","url":"https:\/\/www.diario21.tv\/noticias\/wp-content\/uploads\/2025\/08\/\u00a1Impactante-hallazgo-en-Malaga-Encuentran-cadaver-de-mujer-en-la.jpg","contentUrl":"https:\/\/www.diario21.tv\/noticias\/wp-content\/uploads\/2025\/08\/\u00a1Impactante-hallazgo-en-Malaga-Encuentran-cadaver-de-mujer-en-la.jpg","width":1200,"height":840,"caption":"Hallan el cad\u00e1ver de una mujer en una playa de M\u00e1laga"},{"@type":"BreadcrumbList","@id":"https:\/\/www.diario21.tv\/noticias\/impactante-hallazgo-en-malaga-encuentran-cadaver-de-mujer-en-la-playa\/#breadcrumb","itemListElement":[{"@type":"ListItem","position":1,"name":"Accueil","item":"https:\/\/www.diario21.tv\/noticias\/"},{"@type":"ListItem","position":2,"name":"\u00a1Impactante hallazgo en M\u00e1laga! Encuentran cad\u00e1ver de mujer en la playa"}]},{"@type":"WebSite","@id":"https:\/\/www.diario21.tv\/noticias\/#website","url":"https:\/\/www.diario21.tv\/noticias\/","name":"Diario 21","description":"","potentialAction":[{"@type":"SearchAction","target":{"@type":"EntryPoint","urlTemplate":"https:\/\/www.diario21.tv\/noticias\/?s={search_term_string}"},"query-input":{"@type":"PropertyValueSpecification","valueRequired":true,"valueName":"search_term_string"}}],"inLanguage":"es-AR"},{"@type":"Person","@id":"https:\/\/www.diario21.tv\/noticias\/#\/schema\/person\/dfb778f73814d8f09f302618446a526b","name":"Juan P\u00e9rez","image":{"@type":"ImageObject","inLanguage":"es-AR","@id":"https:\/\/www.diario21.tv\/noticias\/#\/schema\/person\/image\/","url":"https:\/\/secure.gravatar.com\/avatar\/c478a405bd10621167f4c3167cc770f5?s=96&d=mm&r=g","contentUrl":"https:\/\/secure.gravatar.com\/avatar\/c478a405bd10621167f4c3167cc770f5?s=96&d=mm&r=g","caption":"Juan P\u00e9rez"},"description":"Juan P\u00e9rez es el redactor en jefe de Diario 21. Con m\u00e1s de 10 a\u00f1os de experiencia en el periodismo, se especializa en pol\u00edtica nacional y an\u00e1lisis socioecon\u00f3mico. Su enfoque cr\u00edtico y riguroso aporta una perspectiva \u00fanica a cada art\u00edculo.","sameAs":["https:\/\/www.diario21.tv\/noticias\/"],"url":"https:\/\/www.diario21.tv\/noticias\/author\/juan-perez\/"}]}},"_links":{"self":[{"href":"https:\/\/www.diario21.tv\/noticias\/wp-json\/wp\/v2\/posts\/4090"}],"collection":[{"href":"https:\/\/www.diario21.tv\/noticias\/wp-json\/wp\/v2\/posts"}],"about":[{"href":"https:\/\/www.diario21.tv\/noticias\/wp-json\/wp\/v2\/types\/post"}],"author":[{"embeddable":true,"href":"https:\/\/www.diario21.tv\/noticias\/wp-json\/wp\/v2\/users\/20"}],"replies":[{"embeddable":true,"href":"https:\/\/www.diario21.tv\/noticias\/wp-json\/wp\/v2\/comments?post=4090"}],"version-history":[{"count":1,"href":"https:\/\/www.diario21.tv\/noticias\/wp-json\/wp\/v2\/posts\/4090\/revisions"}],"predecessor-version":[{"id":4092,"href":"https:\/\/www.diario21.tv\/noticias\/wp-json\/wp\/v2\/posts\/4090\/revisions\/4092"}],"wp:featuredmedia":[{"embeddable":true,"href":"https:\/\/www.diario21.tv\/noticias\/wp-json\/wp\/v2\/media\/4091"}],"wp:attachment":[{"href":"https:\/\/www.diario21.tv\/noticias\/wp-json\/wp\/v2\/media?parent=4090"}],"wp:term":[{"taxonomy":"category","embeddable":true,"href":"https:\/\/www.diario21.tv\/noticias\/wp-json\/wp\/v2\/categories?post=4090"},{"taxonomy":"post_tag","embeddable":true,"href":"https:\/\/www.diario21.tv\/noticias\/wp-json\/wp\/v2\/tags?post=4090"}],"curies":[{"name":"wp","href":"https:\/\/api.w.org\/{rel}","templated":true}]}}