{"id":4087,"date":"2025-08-08T09:29:28","date_gmt":"2025-08-08T09:29:28","guid":{"rendered":"https:\/\/www.diario21.tv\/noticias\/espana-cerca-de-lograr-que-el-50-de-bebes-sean-amamantados-hasta-los-6-meses\/"},"modified":"2025-08-08T09:29:29","modified_gmt":"2025-08-08T09:29:29","slug":"espana-cerca-de-lograr-que-el-50-de-bebes-sean-amamantados-hasta-los-6-meses","status":"publish","type":"post","link":"https:\/\/www.diario21.tv\/noticias\/espana-cerca-de-lograr-que-el-50-de-bebes-sean-amamantados-hasta-los-6-meses\/","title":{"rendered":"Espa\u00f1a cerca de lograr que el 50% de beb\u00e9s sean amamantados hasta los 6 meses"},"content":{"rendered":"<h2>Espa\u00f1a se Acerca al Objetivo de Lactancia Materna Prolongada<\/h2>\n<p>Espa\u00f1a est\u00e1 a punto de alcanzar un hito significativo en el \u00e1mbito de la salud infantil. La pr\u00e1ctica de la lactancia materna exclusiva durante los primeros seis meses de vida del beb\u00e9 est\u00e1 cada vez m\u00e1s cerca de involucrar al 50% de los reci\u00e9n nacidos, un objetivo que resalta la importancia de este h\u00e1bito nutricional para el desarrollo y salud de los infantes.<\/p>\n<h3>Avances en la Lactancia Materna<\/h3>\n<p>Durante los \u00faltimos a\u00f1os, Espa\u00f1a ha visto un incremento notable en la tasa de lactancia materna exclusiva. Este esfuerzo se alinea con las recomendaciones de organizaciones de salud globales como la Organizaci\u00f3n Mundial de la Salud (OMS), que sugiere la lactancia materna exclusiva hasta los seis meses de edad del ni\u00f1o. Los expertos en salud destacan que amamantar no solo proporciona todos los nutrientes necesarios para un desarrollo infantil saludable sino que tambi\u00e9n fortalece el v\u00ednculo entre la madre y el beb\u00e9, y ofrece beneficios inmunol\u00f3gicos que protegen al ni\u00f1o de enfermedades comunes.<\/p>\n<h3>Impulso Institucional y Educativo<\/h3>\n<p>El impulso hacia la expansi\u00f3n de la lactancia materna en Espa\u00f1a no ha ocurrido por casualidad. Instituciones gubernamentales, junto con organizaciones de salud p\u00fablica, han intensificado sus campa\u00f1as de concienciaci\u00f3n sobre los beneficios de la lactancia materna. Adem\u00e1s, se han implementado pol\u00edticas para facilitar este proceso, como la mejora en los permisos de maternidad y la creaci\u00f3n de \u00e1reas de lactancia en lugares p\u00fablicos y privados.<\/p>\n<p>Las iniciativas educativas tambi\u00e9n han jugado un papel crucial. Se han desarrollado programas para informar y educar a las madres sobre c\u00f3mo amamantar efectivamente y sobre los beneficios a largo plazo de esta pr\u00e1ctica. Estos programas no solo est\u00e1n dirigidos a las madres, sino tambi\u00e9n a los profesionales de la salud, quienes son esenciales en el proceso de asesoramiento y apoyo a las familias.<\/p>\n<h3>Desaf\u00edos y Perspectivas Futuras<\/h3>\n<p>A pesar de los progresos, a\u00fan existen desaf\u00edos que superar. La falta de apoyo en algunos entornos laborales y la prevalencia de mitos y desinformaci\u00f3n sobre la lactancia materna siguen siendo obst\u00e1culos significativos. Adem\u00e1s, la presi\u00f3n social y las expectativas culturales a veces pueden desanimar a las madres de seguir amamantando.<\/p>\n<p>Mirando hacia el futuro, las autoridades sanitarias y las organizaciones involucradas en la promoci\u00f3n de la lactancia materna est\u00e1n enfocadas en superar estos desaf\u00edos. El objetivo es no solo alcanzar, sino superar la meta del 50%, asegurando que la mayor\u00eda de los beb\u00e9s en Espa\u00f1a puedan beneficiarse de la lactancia materna exclusiva durante sus primeros seis meses de vida.<\/p>\n<p>Con estas medidas, Espa\u00f1a se esfuerza por establecer un nuevo est\u00e1ndar en la atenci\u00f3n y nutrici\u00f3n infantil, promoviendo pr\u00e1cticas saludables que tendr\u00e1n un impacto positivo en las generaciones futuras.<\/p>\n\n\n<div class=\"kk-star-ratings kksr-auto kksr-align-left kksr-valign-bottom\"\n    data-payload='{&quot;align&quot;:&quot;left&quot;,&quot;id&quot;:&quot;4087&quot;,&quot;slug&quot;:&quot;default&quot;,&quot;valign&quot;:&quot;bottom&quot;,&quot;ignore&quot;:&quot;&quot;,&quot;reference&quot;:&quot;auto&quot;,&quot;class&quot;:&quot;&quot;,&quot;count&quot;:&quot;0&quot;,&quot;legendonly&quot;:&quot;&quot;,&quot;readonly&quot;:&quot;&quot;,&quot;score&quot;:&quot;0&quot;,&quot;starsonly&quot;:&quot;&quot;,&quot;best&quot;:&quot;5&quot;,&quot;gap&quot;:&quot;5&quot;,&quot;greet&quot;:&quot;Valora este post&quot;,&quot;legend&quot;:&quot;0\\\/5 - (0 votes)&quot;,&quot;size&quot;:&quot;22&quot;,&quot;title&quot;:&quot;Espa\u00f1a cerca de lograr que el 50% de beb\u00e9s sean amamantados hasta los 6 meses&quot;,&quot;width&quot;:&quot;0&quot;,&quot;_legend&quot;:&quot;{score}\\\/{best} - ({count} {votes})&quot;,&quot;font_factor&quot;:&quot;1.25&quot;}'>\n            \n<div class=\"kksr-stars\">\n    \n<div class=\"kksr-stars-inactive\">\n            <div class=\"kksr-star\" data-star=\"1\" style=\"padding-right: 5px\">\n            \n\n<div class=\"kksr-icon\" style=\"width: 22px; height: 22px;\"><\/div>\n        <\/div>\n            <div class=\"kksr-star\" data-star=\"2\" style=\"padding-right: 5px\">\n            \n\n<div class=\"kksr-icon\" style=\"width: 22px; height: 22px;\"><\/div>\n        <\/div>\n            <div class=\"kksr-star\" data-star=\"3\" style=\"padding-right: 5px\">\n            \n\n<div class=\"kksr-icon\" style=\"width: 22px; height: 22px;\"><\/div>\n        <\/div>\n            <div class=\"kksr-star\" data-star=\"4\" style=\"padding-right: 5px\">\n            \n\n<div class=\"kksr-icon\" style=\"width: 22px; height: 22px;\"><\/div>\n        <\/div>\n            <div class=\"kksr-star\" data-star=\"5\" style=\"padding-right: 5px\">\n            \n\n<div class=\"kksr-icon\" style=\"width: 22px; height: 22px;\"><\/div>\n        <\/div>\n    <\/div>\n    \n<div class=\"kksr-stars-active\" style=\"width: 0px;\">\n            <div class=\"kksr-star\" style=\"padding-right: 5px\">\n            \n\n<div class=\"kksr-icon\" style=\"width: 22px; height: 22px;\"><\/div>\n        <\/div>\n            <div class=\"kksr-star\" style=\"padding-right: 5px\">\n            \n\n<div class=\"kksr-icon\" style=\"width: 22px; height: 22px;\"><\/div>\n        <\/div>\n            <div class=\"kksr-star\" style=\"padding-right: 5px\">\n            \n\n<div class=\"kksr-icon\" style=\"width: 22px; height: 22px;\"><\/div>\n        <\/div>\n            <div class=\"kksr-star\" style=\"padding-right: 5px\">\n            \n\n<div class=\"kksr-icon\" style=\"width: 22px; height: 22px;\"><\/div>\n        <\/div>\n            <div class=\"kksr-star\" style=\"padding-right: 5px\">\n            \n\n<div class=\"kksr-icon\" style=\"width: 22px; height: 22px;\"><\/div>\n        <\/div>\n    <\/div>\n<\/div>\n                \n\n<div class=\"kksr-legend\" style=\"font-size: 17.6px;\">\n            <span class=\"kksr-muted\">Valora este post<\/span>\n    <\/div>\n    <\/div>\n","protected":false},"excerpt":{"rendered":"<p>Espa\u00f1a se Acerca al Objetivo de Lactancia Materna Prolongada Espa\u00f1a est\u00e1 a punto de alcanzar un hito significativo en el \u00e1mbito de la salud infantil. La &#8230; <a title=\"Espa\u00f1a cerca de lograr que el 50% de beb\u00e9s sean amamantados hasta los 6 meses\" class=\"read-more\" href=\"https:\/\/www.diario21.tv\/noticias\/espana-cerca-de-lograr-que-el-50-de-bebes-sean-amamantados-hasta-los-6-meses\/\" aria-label=\"Leer m\u00e1s sobre Espa\u00f1a cerca de lograr que el 50% de beb\u00e9s sean amamantados hasta los 6 meses\">Seguir leyendo &rarr;<\/a><\/p>\n","protected":false},"author":20,"featured_media":4088,"comment_status":"open","ping_status":"open","sticky":false,"template":"","format":"standard","meta":{"footnotes":""},"categories":[13],"tags":[],"class_list":["post-4087","post","type-post","status-publish","format-standard","has-post-thumbnail","hentry","category-portada"],"yoast_head":"<!-- This site is optimized with the Yoast SEO plugin v25.6 - https:\/\/yoast.com\/wordpress\/plugins\/seo\/ -->\n<title>Espa\u00f1a cerca de lograr que el 50% de beb\u00e9s sean amamantados hasta los 6 meses - Diario 21<\/title>\n<meta name=\"robots\" content=\"index, follow, max-snippet:-1, max-image-preview:large, max-video-preview:-1\" \/>\n<link rel=\"canonical\" href=\"https:\/\/www.diario21.tv\/noticias\/espana-cerca-de-lograr-que-el-50-de-bebes-sean-amamantados-hasta-los-6-meses\/\" \/>\n<meta property=\"og:locale\" content=\"es_ES\" \/>\n<meta property=\"og:type\" content=\"article\" \/>\n<meta property=\"og:title\" content=\"Espa\u00f1a cerca de lograr que el 50% de beb\u00e9s sean amamantados hasta los 6 meses - Diario 21\" \/>\n<meta property=\"og:description\" content=\"Espa\u00f1a se Acerca al Objetivo de Lactancia Materna Prolongada Espa\u00f1a est\u00e1 a punto de alcanzar un hito significativo en el \u00e1mbito de la salud infantil. La ... Seguir leyendo &rarr;\" \/>\n<meta property=\"og:url\" content=\"https:\/\/www.diario21.tv\/noticias\/espana-cerca-de-lograr-que-el-50-de-bebes-sean-amamantados-hasta-los-6-meses\/\" \/>\n<meta property=\"og:site_name\" content=\"Diario 21\" \/>\n<meta property=\"article:published_time\" content=\"2025-08-08T09:29:28+00:00\" \/>\n<meta property=\"article:modified_time\" content=\"2025-08-08T09:29:29+00:00\" \/>\n<meta property=\"og:image\" content=\"https:\/\/www.diario21.tv\/noticias\/wp-content\/uploads\/2025\/08\/Espana-cerca-de-lograr-que-el-50-de-bebes-sean.JPG\" \/>\n\t<meta property=\"og:image:width\" content=\"1200\" \/>\n\t<meta property=\"og:image:height\" content=\"840\" \/>\n\t<meta property=\"og:image:type\" content=\"image\/jpeg\" \/>\n<meta name=\"author\" content=\"Juan P\u00e9rez\" \/>\n<meta name=\"twitter:card\" content=\"summary_large_image\" \/>\n<meta name=\"twitter:label1\" content=\"Escrito por\" \/>\n\t<meta name=\"twitter:data1\" content=\"Juan P\u00e9rez\" \/>\n\t<meta name=\"twitter:label2\" content=\"Tiempo de lectura\" \/>\n\t<meta name=\"twitter:data2\" content=\"2 minutos\" \/>\n<script type=\"application\/ld+json\" class=\"yoast-schema-graph\">{\"@context\":\"https:\/\/schema.org\",\"@graph\":[{\"@type\":\"WebPage\",\"@id\":\"https:\/\/www.diario21.tv\/noticias\/espana-cerca-de-lograr-que-el-50-de-bebes-sean-amamantados-hasta-los-6-meses\/\",\"url\":\"https:\/\/www.diario21.tv\/noticias\/espana-cerca-de-lograr-que-el-50-de-bebes-sean-amamantados-hasta-los-6-meses\/\",\"name\":\"Espa\u00f1a cerca de lograr que el 50% de beb\u00e9s sean amamantados hasta los 6 meses - Diario 21\",\"isPartOf\":{\"@id\":\"https:\/\/www.diario21.tv\/noticias\/#website\"},\"primaryImageOfPage\":{\"@id\":\"https:\/\/www.diario21.tv\/noticias\/espana-cerca-de-lograr-que-el-50-de-bebes-sean-amamantados-hasta-los-6-meses\/#primaryimage\"},\"image\":{\"@id\":\"https:\/\/www.diario21.tv\/noticias\/espana-cerca-de-lograr-que-el-50-de-bebes-sean-amamantados-hasta-los-6-meses\/#primaryimage\"},\"thumbnailUrl\":\"https:\/\/www.diario21.tv\/noticias\/wp-content\/uploads\/2025\/08\/Espana-cerca-de-lograr-que-el-50-de-bebes-sean.JPG\",\"datePublished\":\"2025-08-08T09:29:28+00:00\",\"dateModified\":\"2025-08-08T09:29:29+00:00\",\"author\":{\"@id\":\"https:\/\/www.diario21.tv\/noticias\/#\/schema\/person\/dfb778f73814d8f09f302618446a526b\"},\"breadcrumb\":{\"@id\":\"https:\/\/www.diario21.tv\/noticias\/espana-cerca-de-lograr-que-el-50-de-bebes-sean-amamantados-hasta-los-6-meses\/#breadcrumb\"},\"inLanguage\":\"es-AR\",\"potentialAction\":[{\"@type\":\"ReadAction\",\"target\":[\"https:\/\/www.diario21.tv\/noticias\/espana-cerca-de-lograr-que-el-50-de-bebes-sean-amamantados-hasta-los-6-meses\/\"]}]},{\"@type\":\"ImageObject\",\"inLanguage\":\"es-AR\",\"@id\":\"https:\/\/www.diario21.tv\/noticias\/espana-cerca-de-lograr-que-el-50-de-bebes-sean-amamantados-hasta-los-6-meses\/#primaryimage\",\"url\":\"https:\/\/www.diario21.tv\/noticias\/wp-content\/uploads\/2025\/08\/Espana-cerca-de-lograr-que-el-50-de-bebes-sean.JPG\",\"contentUrl\":\"https:\/\/www.diario21.tv\/noticias\/wp-content\/uploads\/2025\/08\/Espana-cerca-de-lograr-que-el-50-de-bebes-sean.JPG\",\"width\":1200,\"height\":840,\"caption\":\"Espa\u00f1a roza la meta de que la mitad de beb\u00e9s reciba lactancia materna los seis primeros meses\"},{\"@type\":\"BreadcrumbList\",\"@id\":\"https:\/\/www.diario21.tv\/noticias\/espana-cerca-de-lograr-que-el-50-de-bebes-sean-amamantados-hasta-los-6-meses\/#breadcrumb\",\"itemListElement\":[{\"@type\":\"ListItem\",\"position\":1,\"name\":\"Accueil\",\"item\":\"https:\/\/www.diario21.tv\/noticias\/\"},{\"@type\":\"ListItem\",\"position\":2,\"name\":\"Espa\u00f1a cerca de lograr que el 50% de beb\u00e9s sean amamantados hasta los 6 meses\"}]},{\"@type\":\"WebSite\",\"@id\":\"https:\/\/www.diario21.tv\/noticias\/#website\",\"url\":\"https:\/\/www.diario21.tv\/noticias\/\",\"name\":\"Diario 21\",\"description\":\"\",\"potentialAction\":[{\"@type\":\"SearchAction\",\"target\":{\"@type\":\"EntryPoint\",\"urlTemplate\":\"https:\/\/www.diario21.tv\/noticias\/?s={search_term_string}\"},\"query-input\":{\"@type\":\"PropertyValueSpecification\",\"valueRequired\":true,\"valueName\":\"search_term_string\"}}],\"inLanguage\":\"es-AR\"},{\"@type\":\"Person\",\"@id\":\"https:\/\/www.diario21.tv\/noticias\/#\/schema\/person\/dfb778f73814d8f09f302618446a526b\",\"name\":\"Juan P\u00e9rez\",\"image\":{\"@type\":\"ImageObject\",\"inLanguage\":\"es-AR\",\"@id\":\"https:\/\/www.diario21.tv\/noticias\/#\/schema\/person\/image\/\",\"url\":\"https:\/\/secure.gravatar.com\/avatar\/c478a405bd10621167f4c3167cc770f5?s=96&d=mm&r=g\",\"contentUrl\":\"https:\/\/secure.gravatar.com\/avatar\/c478a405bd10621167f4c3167cc770f5?s=96&d=mm&r=g\",\"caption\":\"Juan P\u00e9rez\"},\"description\":\"Juan P\u00e9rez es el redactor en jefe de Diario 21. Con m\u00e1s de 10 a\u00f1os de experiencia en el periodismo, se especializa en pol\u00edtica nacional y an\u00e1lisis socioecon\u00f3mico. Su enfoque cr\u00edtico y riguroso aporta una perspectiva \u00fanica a cada art\u00edculo.\",\"sameAs\":[\"https:\/\/www.diario21.tv\/noticias\/\"],\"url\":\"https:\/\/www.diario21.tv\/noticias\/author\/juan-perez\/\"}]}<\/script>\n<!-- \/ Yoast SEO plugin. -->","yoast_head_json":{"title":"Espa\u00f1a cerca de lograr que el 50% de beb\u00e9s sean amamantados hasta los 6 meses - Diario 21","robots":{"index":"index","follow":"follow","max-snippet":"max-snippet:-1","max-image-preview":"max-image-preview:large","max-video-preview":"max-video-preview:-1"},"canonical":"https:\/\/www.diario21.tv\/noticias\/espana-cerca-de-lograr-que-el-50-de-bebes-sean-amamantados-hasta-los-6-meses\/","og_locale":"es_ES","og_type":"article","og_title":"Espa\u00f1a cerca de lograr que el 50% de beb\u00e9s sean amamantados hasta los 6 meses - Diario 21","og_description":"Espa\u00f1a se Acerca al Objetivo de Lactancia Materna Prolongada Espa\u00f1a est\u00e1 a punto de alcanzar un hito significativo en el \u00e1mbito de la salud infantil. La ... Seguir leyendo &rarr;","og_url":"https:\/\/www.diario21.tv\/noticias\/espana-cerca-de-lograr-que-el-50-de-bebes-sean-amamantados-hasta-los-6-meses\/","og_site_name":"Diario 21","article_published_time":"2025-08-08T09:29:28+00:00","article_modified_time":"2025-08-08T09:29:29+00:00","og_image":[{"width":1200,"height":840,"url":"https:\/\/www.diario21.tv\/noticias\/wp-content\/uploads\/2025\/08\/Espana-cerca-de-lograr-que-el-50-de-bebes-sean.JPG","type":"image\/jpeg"}],"author":"Juan P\u00e9rez","twitter_card":"summary_large_image","twitter_misc":{"Escrito por":"Juan P\u00e9rez","Tiempo de lectura":"2 minutos"},"schema":{"@context":"https:\/\/schema.org","@graph":[{"@type":"WebPage","@id":"https:\/\/www.diario21.tv\/noticias\/espana-cerca-de-lograr-que-el-50-de-bebes-sean-amamantados-hasta-los-6-meses\/","url":"https:\/\/www.diario21.tv\/noticias\/espana-cerca-de-lograr-que-el-50-de-bebes-sean-amamantados-hasta-los-6-meses\/","name":"Espa\u00f1a cerca de lograr que el 50% de beb\u00e9s sean amamantados hasta los 6 meses - Diario 21","isPartOf":{"@id":"https:\/\/www.diario21.tv\/noticias\/#website"},"primaryImageOfPage":{"@id":"https:\/\/www.diario21.tv\/noticias\/espana-cerca-de-lograr-que-el-50-de-bebes-sean-amamantados-hasta-los-6-meses\/#primaryimage"},"image":{"@id":"https:\/\/www.diario21.tv\/noticias\/espana-cerca-de-lograr-que-el-50-de-bebes-sean-amamantados-hasta-los-6-meses\/#primaryimage"},"thumbnailUrl":"https:\/\/www.diario21.tv\/noticias\/wp-content\/uploads\/2025\/08\/Espana-cerca-de-lograr-que-el-50-de-bebes-sean.JPG","datePublished":"2025-08-08T09:29:28+00:00","dateModified":"2025-08-08T09:29:29+00:00","author":{"@id":"https:\/\/www.diario21.tv\/noticias\/#\/schema\/person\/dfb778f73814d8f09f302618446a526b"},"breadcrumb":{"@id":"https:\/\/www.diario21.tv\/noticias\/espana-cerca-de-lograr-que-el-50-de-bebes-sean-amamantados-hasta-los-6-meses\/#breadcrumb"},"inLanguage":"es-AR","potentialAction":[{"@type":"ReadAction","target":["https:\/\/www.diario21.tv\/noticias\/espana-cerca-de-lograr-que-el-50-de-bebes-sean-amamantados-hasta-los-6-meses\/"]}]},{"@type":"ImageObject","inLanguage":"es-AR","@id":"https:\/\/www.diario21.tv\/noticias\/espana-cerca-de-lograr-que-el-50-de-bebes-sean-amamantados-hasta-los-6-meses\/#primaryimage","url":"https:\/\/www.diario21.tv\/noticias\/wp-content\/uploads\/2025\/08\/Espana-cerca-de-lograr-que-el-50-de-bebes-sean.JPG","contentUrl":"https:\/\/www.diario21.tv\/noticias\/wp-content\/uploads\/2025\/08\/Espana-cerca-de-lograr-que-el-50-de-bebes-sean.JPG","width":1200,"height":840,"caption":"Espa\u00f1a roza la meta de que la mitad de beb\u00e9s reciba lactancia materna los seis primeros meses"},{"@type":"BreadcrumbList","@id":"https:\/\/www.diario21.tv\/noticias\/espana-cerca-de-lograr-que-el-50-de-bebes-sean-amamantados-hasta-los-6-meses\/#breadcrumb","itemListElement":[{"@type":"ListItem","position":1,"name":"Accueil","item":"https:\/\/www.diario21.tv\/noticias\/"},{"@type":"ListItem","position":2,"name":"Espa\u00f1a cerca de lograr que el 50% de beb\u00e9s sean amamantados hasta los 6 meses"}]},{"@type":"WebSite","@id":"https:\/\/www.diario21.tv\/noticias\/#website","url":"https:\/\/www.diario21.tv\/noticias\/","name":"Diario 21","description":"","potentialAction":[{"@type":"SearchAction","target":{"@type":"EntryPoint","urlTemplate":"https:\/\/www.diario21.tv\/noticias\/?s={search_term_string}"},"query-input":{"@type":"PropertyValueSpecification","valueRequired":true,"valueName":"search_term_string"}}],"inLanguage":"es-AR"},{"@type":"Person","@id":"https:\/\/www.diario21.tv\/noticias\/#\/schema\/person\/dfb778f73814d8f09f302618446a526b","name":"Juan P\u00e9rez","image":{"@type":"ImageObject","inLanguage":"es-AR","@id":"https:\/\/www.diario21.tv\/noticias\/#\/schema\/person\/image\/","url":"https:\/\/secure.gravatar.com\/avatar\/c478a405bd10621167f4c3167cc770f5?s=96&d=mm&r=g","contentUrl":"https:\/\/secure.gravatar.com\/avatar\/c478a405bd10621167f4c3167cc770f5?s=96&d=mm&r=g","caption":"Juan P\u00e9rez"},"description":"Juan P\u00e9rez es el redactor en jefe de Diario 21. Con m\u00e1s de 10 a\u00f1os de experiencia en el periodismo, se especializa en pol\u00edtica nacional y an\u00e1lisis socioecon\u00f3mico. Su enfoque cr\u00edtico y riguroso aporta una perspectiva \u00fanica a cada art\u00edculo.","sameAs":["https:\/\/www.diario21.tv\/noticias\/"],"url":"https:\/\/www.diario21.tv\/noticias\/author\/juan-perez\/"}]}},"_links":{"self":[{"href":"https:\/\/www.diario21.tv\/noticias\/wp-json\/wp\/v2\/posts\/4087"}],"collection":[{"href":"https:\/\/www.diario21.tv\/noticias\/wp-json\/wp\/v2\/posts"}],"about":[{"href":"https:\/\/www.diario21.tv\/noticias\/wp-json\/wp\/v2\/types\/post"}],"author":[{"embeddable":true,"href":"https:\/\/www.diario21.tv\/noticias\/wp-json\/wp\/v2\/users\/20"}],"replies":[{"embeddable":true,"href":"https:\/\/www.diario21.tv\/noticias\/wp-json\/wp\/v2\/comments?post=4087"}],"version-history":[{"count":1,"href":"https:\/\/www.diario21.tv\/noticias\/wp-json\/wp\/v2\/posts\/4087\/revisions"}],"predecessor-version":[{"id":4089,"href":"https:\/\/www.diario21.tv\/noticias\/wp-json\/wp\/v2\/posts\/4087\/revisions\/4089"}],"wp:featuredmedia":[{"embeddable":true,"href":"https:\/\/www.diario21.tv\/noticias\/wp-json\/wp\/v2\/media\/4088"}],"wp:attachment":[{"href":"https:\/\/www.diario21.tv\/noticias\/wp-json\/wp\/v2\/media?parent=4087"}],"wp:term":[{"taxonomy":"category","embeddable":true,"href":"https:\/\/www.diario21.tv\/noticias\/wp-json\/wp\/v2\/categories?post=4087"},{"taxonomy":"post_tag","embeddable":true,"href":"https:\/\/www.diario21.tv\/noticias\/wp-json\/wp\/v2\/tags?post=4087"}],"curies":[{"name":"wp","href":"https:\/\/api.w.org\/{rel}","templated":true}]}}