{"id":4069,"date":"2025-08-06T15:17:48","date_gmt":"2025-08-06T15:17:48","guid":{"rendered":"https:\/\/www.diario21.tv\/noticias\/impactante-el-pueblo-gitano-enfrenta-discriminacion-normalizada-cada-dia\/"},"modified":"2025-08-06T15:17:49","modified_gmt":"2025-08-06T15:17:49","slug":"impactante-el-pueblo-gitano-enfrenta-discriminacion-normalizada-cada-dia","status":"publish","type":"post","link":"https:\/\/www.diario21.tv\/noticias\/impactante-el-pueblo-gitano-enfrenta-discriminacion-normalizada-cada-dia\/","title":{"rendered":"\u00a1Impactante! El pueblo gitano enfrenta discriminaci\u00f3n normalizada cada d\u00eda"},"content":{"rendered":"<h2>El Pueblo Gitano: V\u00edctima de una Discriminaci\u00f3n Habitual y Aceptada Socialmente<\/h2>\n<p>El pueblo gitano, a lo largo de su historia, ha sido objeto de una marginaci\u00f3n que parece haberse incrustado de manera profunda en la sociedad. Esta discriminaci\u00f3n, lejos de ser un asunto de tiempos pasados, sigue siendo una problem\u00e1tica muy presente y, lo que es m\u00e1s preocupante, normalmente aceptada como parte del d\u00eda a d\u00eda en muchas culturas.<\/p>\n<h3>Ra\u00edces Profundas del Prejuicio<\/h3>\n<p>Hist\u00f3ricamente, los gitanos han enfrentado una variedad de estereotipos negativos, que van desde ser vistos como ladrones hasta ser considerados como personas no confiables o socialmente indeseables. Estos prejuicios se han transmitido de generaci\u00f3n en generaci\u00f3n, y aunque en teor\u00eda la mayor\u00eda de las sociedades modernas rechazan la discriminaci\u00f3n, en la pr\u00e1ctica, estos estereotipos siguen influyendo en la forma en que se trata al pueblo gitano.<\/p>\n<h3>Manifestaciones de la Discriminaci\u00f3n<\/h3>\n<p>La discriminaci\u00f3n contra los gitanos se manifiesta de m\u00faltiples maneras. En el \u00e1mbito de la educaci\u00f3n, por ejemplo, los ni\u00f1os gitanos a menudo enfrentan segregaci\u00f3n y un acceso limitado a recursos de calidad, lo que perpet\u00faa un ciclo de desventaja educativa y econ\u00f3mica. En el mercado laboral, los prejuicios pueden llevar a una menor tasa de empleo entre los gitanos, as\u00ed como a trabajos de menor calidad y remuneraci\u00f3n.<\/p>\n<p>En lo que respecta a la vivienda, muchas comunidades gitanas viven en condiciones subest\u00e1ndares, en asentamientos que frecuentemente carecen de servicios b\u00e1sicos como agua potable, electricidad y saneamiento adecuado. Adem\u00e1s, la representaci\u00f3n de los gitanos en los medios de comunicaci\u00f3n y en la cultura popular muchas veces sigue siendo unidimensional y peyorativa, lo que perpet\u00faa una imagen negativa y estigmatizada.<\/p>\n<h3>La Necesidad de Cambio<\/h3>\n<p>Es imperativo que se reconozca y se aborde esta discriminaci\u00f3n arraigada contra el pueblo gitano. Esto implica no solo cambiar las pol\u00edticas y pr\u00e1cticas institucionales que sostienen la desigualdad, sino tambi\u00e9n desafiar las actitudes y creencias individuales que perpet\u00faan el prejuicio y la exclusi\u00f3n.<\/p>\n<p>La educaci\u00f3n juega un papel crucial en este proceso, no solo en t\u00e9rminos de mejorar la educaci\u00f3n ofrecida a los ni\u00f1os gitanos, sino tambi\u00e9n en educar al p\u00fablico en general sobre la rica historia y cultura del pueblo gitano. Adem\u00e1s, es fundamental que los medios de comunicaci\u00f3n presenten representaciones m\u00e1s precisas y diversas de la comunidad gitana, ayudando a desmontar los estereotipos da\u00f1inos.<\/p>\n<h3>Conclusi\u00f3n<\/h3>\n<p>Aunque el camino hacia la igualdad y la aceptaci\u00f3n completa es largo y complejo, es esencial que la sociedad en su conjunto se comprometa a hacer cambios significativos. Solo a trav\u00e9s de un esfuerzo concertado para entender y valorar la diversidad del pueblo gitano, se puede esperar superar la discriminaci\u00f3n que ha sido, por demasiado tiempo, una parte &#8220;normal&#8221; de su vida cotidiana.<\/p>\n\n\n<div class=\"kk-star-ratings kksr-auto kksr-align-left kksr-valign-bottom\"\n    data-payload='{&quot;align&quot;:&quot;left&quot;,&quot;id&quot;:&quot;4069&quot;,&quot;slug&quot;:&quot;default&quot;,&quot;valign&quot;:&quot;bottom&quot;,&quot;ignore&quot;:&quot;&quot;,&quot;reference&quot;:&quot;auto&quot;,&quot;class&quot;:&quot;&quot;,&quot;count&quot;:&quot;0&quot;,&quot;legendonly&quot;:&quot;&quot;,&quot;readonly&quot;:&quot;&quot;,&quot;score&quot;:&quot;0&quot;,&quot;starsonly&quot;:&quot;&quot;,&quot;best&quot;:&quot;5&quot;,&quot;gap&quot;:&quot;5&quot;,&quot;greet&quot;:&quot;Valora este post&quot;,&quot;legend&quot;:&quot;0\\\/5 - (0 votes)&quot;,&quot;size&quot;:&quot;22&quot;,&quot;title&quot;:&quot;\u00a1Impactante! El pueblo gitano enfrenta discriminaci\u00f3n normalizada cada d\u00eda&quot;,&quot;width&quot;:&quot;0&quot;,&quot;_legend&quot;:&quot;{score}\\\/{best} - ({count} {votes})&quot;,&quot;font_factor&quot;:&quot;1.25&quot;}'>\n            \n<div class=\"kksr-stars\">\n    \n<div class=\"kksr-stars-inactive\">\n            <div class=\"kksr-star\" data-star=\"1\" style=\"padding-right: 5px\">\n            \n\n<div class=\"kksr-icon\" style=\"width: 22px; height: 22px;\"><\/div>\n        <\/div>\n            <div class=\"kksr-star\" data-star=\"2\" style=\"padding-right: 5px\">\n            \n\n<div class=\"kksr-icon\" style=\"width: 22px; height: 22px;\"><\/div>\n        <\/div>\n            <div class=\"kksr-star\" data-star=\"3\" style=\"padding-right: 5px\">\n            \n\n<div class=\"kksr-icon\" style=\"width: 22px; height: 22px;\"><\/div>\n        <\/div>\n            <div class=\"kksr-star\" data-star=\"4\" style=\"padding-right: 5px\">\n            \n\n<div class=\"kksr-icon\" style=\"width: 22px; height: 22px;\"><\/div>\n        <\/div>\n            <div class=\"kksr-star\" data-star=\"5\" style=\"padding-right: 5px\">\n            \n\n<div class=\"kksr-icon\" style=\"width: 22px; height: 22px;\"><\/div>\n        <\/div>\n    <\/div>\n    \n<div class=\"kksr-stars-active\" style=\"width: 0px;\">\n            <div class=\"kksr-star\" style=\"padding-right: 5px\">\n            \n\n<div class=\"kksr-icon\" style=\"width: 22px; height: 22px;\"><\/div>\n        <\/div>\n            <div class=\"kksr-star\" style=\"padding-right: 5px\">\n            \n\n<div class=\"kksr-icon\" style=\"width: 22px; height: 22px;\"><\/div>\n        <\/div>\n            <div class=\"kksr-star\" style=\"padding-right: 5px\">\n            \n\n<div class=\"kksr-icon\" style=\"width: 22px; height: 22px;\"><\/div>\n        <\/div>\n            <div class=\"kksr-star\" style=\"padding-right: 5px\">\n            \n\n<div class=\"kksr-icon\" style=\"width: 22px; height: 22px;\"><\/div>\n        <\/div>\n            <div class=\"kksr-star\" style=\"padding-right: 5px\">\n            \n\n<div class=\"kksr-icon\" style=\"width: 22px; height: 22px;\"><\/div>\n        <\/div>\n    <\/div>\n<\/div>\n                \n\n<div class=\"kksr-legend\" style=\"font-size: 17.6px;\">\n            <span class=\"kksr-muted\">Valora este post<\/span>\n    <\/div>\n    <\/div>\n","protected":false},"excerpt":{"rendered":"<p>El Pueblo Gitano: V\u00edctima de una Discriminaci\u00f3n Habitual y Aceptada Socialmente El pueblo gitano, a lo largo de su historia, ha sido objeto de una marginaci\u00f3n &#8230; <a title=\"\u00a1Impactante! El pueblo gitano enfrenta discriminaci\u00f3n normalizada cada d\u00eda\" class=\"read-more\" href=\"https:\/\/www.diario21.tv\/noticias\/impactante-el-pueblo-gitano-enfrenta-discriminacion-normalizada-cada-dia\/\" aria-label=\"Leer m\u00e1s sobre \u00a1Impactante! El pueblo gitano enfrenta discriminaci\u00f3n normalizada cada d\u00eda\">Seguir leyendo &rarr;<\/a><\/p>\n","protected":false},"author":20,"featured_media":4070,"comment_status":"open","ping_status":"open","sticky":false,"template":"","format":"standard","meta":{"footnotes":""},"categories":[13],"tags":[],"class_list":["post-4069","post","type-post","status-publish","format-standard","has-post-thumbnail","hentry","category-portada"],"yoast_head":"<!-- This site is optimized with the Yoast SEO plugin v25.6 - https:\/\/yoast.com\/wordpress\/plugins\/seo\/ -->\n<title>\u00a1Impactante! El pueblo gitano enfrenta discriminaci\u00f3n normalizada cada d\u00eda - Diario 21<\/title>\n<meta name=\"robots\" content=\"index, follow, max-snippet:-1, max-image-preview:large, max-video-preview:-1\" \/>\n<link rel=\"canonical\" href=\"https:\/\/www.diario21.tv\/noticias\/impactante-el-pueblo-gitano-enfrenta-discriminacion-normalizada-cada-dia\/\" \/>\n<meta property=\"og:locale\" content=\"es_ES\" \/>\n<meta property=\"og:type\" content=\"article\" \/>\n<meta property=\"og:title\" content=\"\u00a1Impactante! El pueblo gitano enfrenta discriminaci\u00f3n normalizada cada d\u00eda - Diario 21\" \/>\n<meta property=\"og:description\" content=\"El Pueblo Gitano: V\u00edctima de una Discriminaci\u00f3n Habitual y Aceptada Socialmente El pueblo gitano, a lo largo de su historia, ha sido objeto de una marginaci\u00f3n ... Seguir leyendo &rarr;\" \/>\n<meta property=\"og:url\" content=\"https:\/\/www.diario21.tv\/noticias\/impactante-el-pueblo-gitano-enfrenta-discriminacion-normalizada-cada-dia\/\" \/>\n<meta property=\"og:site_name\" content=\"Diario 21\" \/>\n<meta property=\"article:published_time\" content=\"2025-08-06T15:17:48+00:00\" \/>\n<meta property=\"article:modified_time\" content=\"2025-08-06T15:17:49+00:00\" \/>\n<meta property=\"og:image\" content=\"https:\/\/www.diario21.tv\/noticias\/wp-content\/uploads\/2025\/08\/\u00a1Impactante-El-pueblo-gitano-enfrenta-discriminacion-normalizada-cada-dia.jpg\" \/>\n\t<meta property=\"og:image:width\" content=\"1200\" \/>\n\t<meta property=\"og:image:height\" content=\"840\" \/>\n\t<meta property=\"og:image:type\" content=\"image\/jpeg\" \/>\n<meta name=\"author\" content=\"Juan P\u00e9rez\" \/>\n<meta name=\"twitter:card\" content=\"summary_large_image\" \/>\n<meta name=\"twitter:label1\" content=\"Escrito por\" \/>\n\t<meta name=\"twitter:data1\" content=\"Juan P\u00e9rez\" \/>\n\t<meta name=\"twitter:label2\" content=\"Tiempo de lectura\" \/>\n\t<meta name=\"twitter:data2\" content=\"2 minutos\" \/>\n<script type=\"application\/ld+json\" class=\"yoast-schema-graph\">{\"@context\":\"https:\/\/schema.org\",\"@graph\":[{\"@type\":\"WebPage\",\"@id\":\"https:\/\/www.diario21.tv\/noticias\/impactante-el-pueblo-gitano-enfrenta-discriminacion-normalizada-cada-dia\/\",\"url\":\"https:\/\/www.diario21.tv\/noticias\/impactante-el-pueblo-gitano-enfrenta-discriminacion-normalizada-cada-dia\/\",\"name\":\"\u00a1Impactante! El pueblo gitano enfrenta discriminaci\u00f3n normalizada cada d\u00eda - Diario 21\",\"isPartOf\":{\"@id\":\"https:\/\/www.diario21.tv\/noticias\/#website\"},\"primaryImageOfPage\":{\"@id\":\"https:\/\/www.diario21.tv\/noticias\/impactante-el-pueblo-gitano-enfrenta-discriminacion-normalizada-cada-dia\/#primaryimage\"},\"image\":{\"@id\":\"https:\/\/www.diario21.tv\/noticias\/impactante-el-pueblo-gitano-enfrenta-discriminacion-normalizada-cada-dia\/#primaryimage\"},\"thumbnailUrl\":\"https:\/\/www.diario21.tv\/noticias\/wp-content\/uploads\/2025\/08\/\u00a1Impactante-El-pueblo-gitano-enfrenta-discriminacion-normalizada-cada-dia.jpg\",\"datePublished\":\"2025-08-06T15:17:48+00:00\",\"dateModified\":\"2025-08-06T15:17:49+00:00\",\"author\":{\"@id\":\"https:\/\/www.diario21.tv\/noticias\/#\/schema\/person\/dfb778f73814d8f09f302618446a526b\"},\"breadcrumb\":{\"@id\":\"https:\/\/www.diario21.tv\/noticias\/impactante-el-pueblo-gitano-enfrenta-discriminacion-normalizada-cada-dia\/#breadcrumb\"},\"inLanguage\":\"es-AR\",\"potentialAction\":[{\"@type\":\"ReadAction\",\"target\":[\"https:\/\/www.diario21.tv\/noticias\/impactante-el-pueblo-gitano-enfrenta-discriminacion-normalizada-cada-dia\/\"]}]},{\"@type\":\"ImageObject\",\"inLanguage\":\"es-AR\",\"@id\":\"https:\/\/www.diario21.tv\/noticias\/impactante-el-pueblo-gitano-enfrenta-discriminacion-normalizada-cada-dia\/#primaryimage\",\"url\":\"https:\/\/www.diario21.tv\/noticias\/wp-content\/uploads\/2025\/08\/\u00a1Impactante-El-pueblo-gitano-enfrenta-discriminacion-normalizada-cada-dia.jpg\",\"contentUrl\":\"https:\/\/www.diario21.tv\/noticias\/wp-content\/uploads\/2025\/08\/\u00a1Impactante-El-pueblo-gitano-enfrenta-discriminacion-normalizada-cada-dia.jpg\",\"width\":1200,\"height\":840,\"caption\":\"Una discriminaci\u00f3n \u00abcotidiana y normalizada\u00bb somete al pueblo gitano\"},{\"@type\":\"BreadcrumbList\",\"@id\":\"https:\/\/www.diario21.tv\/noticias\/impactante-el-pueblo-gitano-enfrenta-discriminacion-normalizada-cada-dia\/#breadcrumb\",\"itemListElement\":[{\"@type\":\"ListItem\",\"position\":1,\"name\":\"Accueil\",\"item\":\"https:\/\/www.diario21.tv\/noticias\/\"},{\"@type\":\"ListItem\",\"position\":2,\"name\":\"\u00a1Impactante! El pueblo gitano enfrenta discriminaci\u00f3n normalizada cada d\u00eda\"}]},{\"@type\":\"WebSite\",\"@id\":\"https:\/\/www.diario21.tv\/noticias\/#website\",\"url\":\"https:\/\/www.diario21.tv\/noticias\/\",\"name\":\"Diario 21\",\"description\":\"\",\"potentialAction\":[{\"@type\":\"SearchAction\",\"target\":{\"@type\":\"EntryPoint\",\"urlTemplate\":\"https:\/\/www.diario21.tv\/noticias\/?s={search_term_string}\"},\"query-input\":{\"@type\":\"PropertyValueSpecification\",\"valueRequired\":true,\"valueName\":\"search_term_string\"}}],\"inLanguage\":\"es-AR\"},{\"@type\":\"Person\",\"@id\":\"https:\/\/www.diario21.tv\/noticias\/#\/schema\/person\/dfb778f73814d8f09f302618446a526b\",\"name\":\"Juan P\u00e9rez\",\"image\":{\"@type\":\"ImageObject\",\"inLanguage\":\"es-AR\",\"@id\":\"https:\/\/www.diario21.tv\/noticias\/#\/schema\/person\/image\/\",\"url\":\"https:\/\/secure.gravatar.com\/avatar\/c478a405bd10621167f4c3167cc770f5?s=96&d=mm&r=g\",\"contentUrl\":\"https:\/\/secure.gravatar.com\/avatar\/c478a405bd10621167f4c3167cc770f5?s=96&d=mm&r=g\",\"caption\":\"Juan P\u00e9rez\"},\"description\":\"Juan P\u00e9rez es el redactor en jefe de Diario 21. Con m\u00e1s de 10 a\u00f1os de experiencia en el periodismo, se especializa en pol\u00edtica nacional y an\u00e1lisis socioecon\u00f3mico. Su enfoque cr\u00edtico y riguroso aporta una perspectiva \u00fanica a cada art\u00edculo.\",\"sameAs\":[\"https:\/\/www.diario21.tv\/noticias\/\"],\"url\":\"https:\/\/www.diario21.tv\/noticias\/author\/juan-perez\/\"}]}<\/script>\n<!-- \/ Yoast SEO plugin. -->","yoast_head_json":{"title":"\u00a1Impactante! El pueblo gitano enfrenta discriminaci\u00f3n normalizada cada d\u00eda - Diario 21","robots":{"index":"index","follow":"follow","max-snippet":"max-snippet:-1","max-image-preview":"max-image-preview:large","max-video-preview":"max-video-preview:-1"},"canonical":"https:\/\/www.diario21.tv\/noticias\/impactante-el-pueblo-gitano-enfrenta-discriminacion-normalizada-cada-dia\/","og_locale":"es_ES","og_type":"article","og_title":"\u00a1Impactante! El pueblo gitano enfrenta discriminaci\u00f3n normalizada cada d\u00eda - Diario 21","og_description":"El Pueblo Gitano: V\u00edctima de una Discriminaci\u00f3n Habitual y Aceptada Socialmente El pueblo gitano, a lo largo de su historia, ha sido objeto de una marginaci\u00f3n ... Seguir leyendo &rarr;","og_url":"https:\/\/www.diario21.tv\/noticias\/impactante-el-pueblo-gitano-enfrenta-discriminacion-normalizada-cada-dia\/","og_site_name":"Diario 21","article_published_time":"2025-08-06T15:17:48+00:00","article_modified_time":"2025-08-06T15:17:49+00:00","og_image":[{"width":1200,"height":840,"url":"https:\/\/www.diario21.tv\/noticias\/wp-content\/uploads\/2025\/08\/\u00a1Impactante-El-pueblo-gitano-enfrenta-discriminacion-normalizada-cada-dia.jpg","type":"image\/jpeg"}],"author":"Juan P\u00e9rez","twitter_card":"summary_large_image","twitter_misc":{"Escrito por":"Juan P\u00e9rez","Tiempo de lectura":"2 minutos"},"schema":{"@context":"https:\/\/schema.org","@graph":[{"@type":"WebPage","@id":"https:\/\/www.diario21.tv\/noticias\/impactante-el-pueblo-gitano-enfrenta-discriminacion-normalizada-cada-dia\/","url":"https:\/\/www.diario21.tv\/noticias\/impactante-el-pueblo-gitano-enfrenta-discriminacion-normalizada-cada-dia\/","name":"\u00a1Impactante! El pueblo gitano enfrenta discriminaci\u00f3n normalizada cada d\u00eda - Diario 21","isPartOf":{"@id":"https:\/\/www.diario21.tv\/noticias\/#website"},"primaryImageOfPage":{"@id":"https:\/\/www.diario21.tv\/noticias\/impactante-el-pueblo-gitano-enfrenta-discriminacion-normalizada-cada-dia\/#primaryimage"},"image":{"@id":"https:\/\/www.diario21.tv\/noticias\/impactante-el-pueblo-gitano-enfrenta-discriminacion-normalizada-cada-dia\/#primaryimage"},"thumbnailUrl":"https:\/\/www.diario21.tv\/noticias\/wp-content\/uploads\/2025\/08\/\u00a1Impactante-El-pueblo-gitano-enfrenta-discriminacion-normalizada-cada-dia.jpg","datePublished":"2025-08-06T15:17:48+00:00","dateModified":"2025-08-06T15:17:49+00:00","author":{"@id":"https:\/\/www.diario21.tv\/noticias\/#\/schema\/person\/dfb778f73814d8f09f302618446a526b"},"breadcrumb":{"@id":"https:\/\/www.diario21.tv\/noticias\/impactante-el-pueblo-gitano-enfrenta-discriminacion-normalizada-cada-dia\/#breadcrumb"},"inLanguage":"es-AR","potentialAction":[{"@type":"ReadAction","target":["https:\/\/www.diario21.tv\/noticias\/impactante-el-pueblo-gitano-enfrenta-discriminacion-normalizada-cada-dia\/"]}]},{"@type":"ImageObject","inLanguage":"es-AR","@id":"https:\/\/www.diario21.tv\/noticias\/impactante-el-pueblo-gitano-enfrenta-discriminacion-normalizada-cada-dia\/#primaryimage","url":"https:\/\/www.diario21.tv\/noticias\/wp-content\/uploads\/2025\/08\/\u00a1Impactante-El-pueblo-gitano-enfrenta-discriminacion-normalizada-cada-dia.jpg","contentUrl":"https:\/\/www.diario21.tv\/noticias\/wp-content\/uploads\/2025\/08\/\u00a1Impactante-El-pueblo-gitano-enfrenta-discriminacion-normalizada-cada-dia.jpg","width":1200,"height":840,"caption":"Una discriminaci\u00f3n \u00abcotidiana y normalizada\u00bb somete al pueblo gitano"},{"@type":"BreadcrumbList","@id":"https:\/\/www.diario21.tv\/noticias\/impactante-el-pueblo-gitano-enfrenta-discriminacion-normalizada-cada-dia\/#breadcrumb","itemListElement":[{"@type":"ListItem","position":1,"name":"Accueil","item":"https:\/\/www.diario21.tv\/noticias\/"},{"@type":"ListItem","position":2,"name":"\u00a1Impactante! El pueblo gitano enfrenta discriminaci\u00f3n normalizada cada d\u00eda"}]},{"@type":"WebSite","@id":"https:\/\/www.diario21.tv\/noticias\/#website","url":"https:\/\/www.diario21.tv\/noticias\/","name":"Diario 21","description":"","potentialAction":[{"@type":"SearchAction","target":{"@type":"EntryPoint","urlTemplate":"https:\/\/www.diario21.tv\/noticias\/?s={search_term_string}"},"query-input":{"@type":"PropertyValueSpecification","valueRequired":true,"valueName":"search_term_string"}}],"inLanguage":"es-AR"},{"@type":"Person","@id":"https:\/\/www.diario21.tv\/noticias\/#\/schema\/person\/dfb778f73814d8f09f302618446a526b","name":"Juan P\u00e9rez","image":{"@type":"ImageObject","inLanguage":"es-AR","@id":"https:\/\/www.diario21.tv\/noticias\/#\/schema\/person\/image\/","url":"https:\/\/secure.gravatar.com\/avatar\/c478a405bd10621167f4c3167cc770f5?s=96&d=mm&r=g","contentUrl":"https:\/\/secure.gravatar.com\/avatar\/c478a405bd10621167f4c3167cc770f5?s=96&d=mm&r=g","caption":"Juan P\u00e9rez"},"description":"Juan P\u00e9rez es el redactor en jefe de Diario 21. Con m\u00e1s de 10 a\u00f1os de experiencia en el periodismo, se especializa en pol\u00edtica nacional y an\u00e1lisis socioecon\u00f3mico. Su enfoque cr\u00edtico y riguroso aporta una perspectiva \u00fanica a cada art\u00edculo.","sameAs":["https:\/\/www.diario21.tv\/noticias\/"],"url":"https:\/\/www.diario21.tv\/noticias\/author\/juan-perez\/"}]}},"_links":{"self":[{"href":"https:\/\/www.diario21.tv\/noticias\/wp-json\/wp\/v2\/posts\/4069"}],"collection":[{"href":"https:\/\/www.diario21.tv\/noticias\/wp-json\/wp\/v2\/posts"}],"about":[{"href":"https:\/\/www.diario21.tv\/noticias\/wp-json\/wp\/v2\/types\/post"}],"author":[{"embeddable":true,"href":"https:\/\/www.diario21.tv\/noticias\/wp-json\/wp\/v2\/users\/20"}],"replies":[{"embeddable":true,"href":"https:\/\/www.diario21.tv\/noticias\/wp-json\/wp\/v2\/comments?post=4069"}],"version-history":[{"count":1,"href":"https:\/\/www.diario21.tv\/noticias\/wp-json\/wp\/v2\/posts\/4069\/revisions"}],"predecessor-version":[{"id":4071,"href":"https:\/\/www.diario21.tv\/noticias\/wp-json\/wp\/v2\/posts\/4069\/revisions\/4071"}],"wp:featuredmedia":[{"embeddable":true,"href":"https:\/\/www.diario21.tv\/noticias\/wp-json\/wp\/v2\/media\/4070"}],"wp:attachment":[{"href":"https:\/\/www.diario21.tv\/noticias\/wp-json\/wp\/v2\/media?parent=4069"}],"wp:term":[{"taxonomy":"category","embeddable":true,"href":"https:\/\/www.diario21.tv\/noticias\/wp-json\/wp\/v2\/categories?post=4069"},{"taxonomy":"post_tag","embeddable":true,"href":"https:\/\/www.diario21.tv\/noticias\/wp-json\/wp\/v2\/tags?post=4069"}],"curies":[{"name":"wp","href":"https:\/\/api.w.org\/{rel}","templated":true}]}}