{"id":4060,"date":"2025-08-05T21:08:08","date_gmt":"2025-08-05T21:08:08","guid":{"rendered":"https:\/\/www.diario21.tv\/noticias\/sabias-esto-la-dgt-revela-3-excepciones-sorprendentes-sobre-el-uso-del-casco-en-bici\/"},"modified":"2025-08-05T21:08:10","modified_gmt":"2025-08-05T21:08:10","slug":"sabias-esto-la-dgt-revela-3-excepciones-sorprendentes-sobre-el-uso-del-casco-en-bici","status":"publish","type":"post","link":"https:\/\/www.diario21.tv\/noticias\/sabias-esto-la-dgt-revela-3-excepciones-sorprendentes-sobre-el-uso-del-casco-en-bici\/","title":{"rendered":"\u00bfSab\u00edas esto? La DGT revela 3 excepciones sorprendentes sobre el uso del casco en bici"},"content":{"rendered":"<h2>\u00bfEs Necesario Usar Casco al Montar en Bicicleta?<\/h2>\n<p>Cuando se trata de montar en bicicleta, una de las preguntas m\u00e1s comunes entre los ciclistas es sobre la obligatoriedad del uso de casco. La Direcci\u00f3n General de Tr\u00e1fico (DGT) especifica claramente que, si bien el uso del casco es generalmente recomendado para la seguridad del ciclista, existen ciertas excepciones a esta regla que no son ampliamente conocidas.<\/p>\n<h3>Las Excepciones a la Regla<\/h3>\n<p>Aunque la normativa vigente impone el uso del casco de forma casi universal, la DGT reconoce tres situaciones espec\u00edficas en las que los ciclistas est\u00e1n exentos de esta obligaci\u00f3n. Estas excepciones fueron establecidas considerando diversos factores que pueden influir en la experiencia de ciclismo.<\/p>\n<h3>1. Circunstancias Clim\u00e1ticas Extremas<\/h3>\n<p>Uno de los casos en los que se permite a los ciclistas no llevar casco es durante condiciones meteorol\u00f3gicas extremas. Si bien la normativa no especifica detalladamente qu\u00e9 condiciones se consideran extremas, generalmente se refiere a situaciones de altas temperaturas que podr\u00edan causar un golpe de calor si se lleva puesto el casco. Esto se considera especialmente relevante en \u00e1reas con climas c\u00e1lidos, donde las temperaturas pueden alcanzar niveles que comprometen la salud del ciclista.<\/p>\n<h3>2. Ascensos Pronunciados<\/h3>\n<p>Otra excepci\u00f3n notable es durante los ascensos pronunciados. En tramos de subida donde el esfuerzo f\u00edsico es considerablemente mayor, se permite a los ciclistas prescindir del casco. La raz\u00f3n detr\u00e1s de esta excepci\u00f3n es que el uso del casco puede incrementar la fatiga y dificultar la respiraci\u00f3n, lo cual, combinado con el esfuerzo del ascenso, podr\u00eda poner en riesgo la salud del ciclista.<\/p>\n<h3>3. \u00c1reas Urbanas<\/h3>\n<p>La \u00faltima excepci\u00f3n aplica a los ciclistas que circulan por \u00e1reas urbanas, pero solo si son mayores de edad. En ciudades y poblados, los ciclistas adultos tienen la opci\u00f3n de decidir si usan o no el casco, d\u00e1ndoles as\u00ed una flexibilidad que no se contempla en carreteras o zonas rurales. Esta excepci\u00f3n busca equilibrar la seguridad con la practicidad y comodidad en entornos urbanos, donde los riesgos pueden ser distintos a los de otras \u00e1reas.<\/p>\n<h2>Conclusi\u00f3n<\/h2>\n<p>La DGT recalca la importancia del uso del casco como medida de protecci\u00f3n fundamental para los ciclistas. Sin embargo, reconoce que en ciertas situaciones espec\u00edficas, el uso de este puede ser opcional. Estas excepciones tienen como fin adaptarse a las condiciones y circunstancias particulares en las que se encuentra el ciclista, siempre con el objetivo de preservar su seguridad y bienestar. A pesar de estas excepciones, es crucial que cada ciclista eval\u00fae con responsabilidad las condiciones bajo las cuales decide no utilizar casco, priorizando siempre su seguridad personal.<\/p>\n\n\n<div class=\"kk-star-ratings kksr-auto kksr-align-left kksr-valign-bottom\"\n    data-payload='{&quot;align&quot;:&quot;left&quot;,&quot;id&quot;:&quot;4060&quot;,&quot;slug&quot;:&quot;default&quot;,&quot;valign&quot;:&quot;bottom&quot;,&quot;ignore&quot;:&quot;&quot;,&quot;reference&quot;:&quot;auto&quot;,&quot;class&quot;:&quot;&quot;,&quot;count&quot;:&quot;0&quot;,&quot;legendonly&quot;:&quot;&quot;,&quot;readonly&quot;:&quot;&quot;,&quot;score&quot;:&quot;0&quot;,&quot;starsonly&quot;:&quot;&quot;,&quot;best&quot;:&quot;5&quot;,&quot;gap&quot;:&quot;5&quot;,&quot;greet&quot;:&quot;Valora este post&quot;,&quot;legend&quot;:&quot;0\\\/5 - (0 votes)&quot;,&quot;size&quot;:&quot;22&quot;,&quot;title&quot;:&quot;\u00bfSab\u00edas esto? La DGT revela 3 excepciones sorprendentes sobre el uso del casco en bici&quot;,&quot;width&quot;:&quot;0&quot;,&quot;_legend&quot;:&quot;{score}\\\/{best} - ({count} {votes})&quot;,&quot;font_factor&quot;:&quot;1.25&quot;}'>\n            \n<div class=\"kksr-stars\">\n    \n<div class=\"kksr-stars-inactive\">\n            <div class=\"kksr-star\" data-star=\"1\" style=\"padding-right: 5px\">\n            \n\n<div class=\"kksr-icon\" style=\"width: 22px; height: 22px;\"><\/div>\n        <\/div>\n            <div class=\"kksr-star\" data-star=\"2\" style=\"padding-right: 5px\">\n            \n\n<div class=\"kksr-icon\" style=\"width: 22px; height: 22px;\"><\/div>\n        <\/div>\n            <div class=\"kksr-star\" data-star=\"3\" style=\"padding-right: 5px\">\n            \n\n<div class=\"kksr-icon\" style=\"width: 22px; height: 22px;\"><\/div>\n        <\/div>\n            <div class=\"kksr-star\" data-star=\"4\" style=\"padding-right: 5px\">\n            \n\n<div class=\"kksr-icon\" style=\"width: 22px; height: 22px;\"><\/div>\n        <\/div>\n            <div class=\"kksr-star\" data-star=\"5\" style=\"padding-right: 5px\">\n            \n\n<div class=\"kksr-icon\" style=\"width: 22px; height: 22px;\"><\/div>\n        <\/div>\n    <\/div>\n    \n<div class=\"kksr-stars-active\" style=\"width: 0px;\">\n            <div class=\"kksr-star\" style=\"padding-right: 5px\">\n            \n\n<div class=\"kksr-icon\" style=\"width: 22px; height: 22px;\"><\/div>\n        <\/div>\n            <div class=\"kksr-star\" style=\"padding-right: 5px\">\n            \n\n<div class=\"kksr-icon\" style=\"width: 22px; height: 22px;\"><\/div>\n        <\/div>\n            <div class=\"kksr-star\" style=\"padding-right: 5px\">\n            \n\n<div class=\"kksr-icon\" style=\"width: 22px; height: 22px;\"><\/div>\n        <\/div>\n            <div class=\"kksr-star\" style=\"padding-right: 5px\">\n            \n\n<div class=\"kksr-icon\" style=\"width: 22px; height: 22px;\"><\/div>\n        <\/div>\n            <div class=\"kksr-star\" style=\"padding-right: 5px\">\n            \n\n<div class=\"kksr-icon\" style=\"width: 22px; height: 22px;\"><\/div>\n        <\/div>\n    <\/div>\n<\/div>\n                \n\n<div class=\"kksr-legend\" style=\"font-size: 17.6px;\">\n            <span class=\"kksr-muted\">Valora este post<\/span>\n    <\/div>\n    <\/div>\n","protected":false},"excerpt":{"rendered":"<p>\u00bfEs Necesario Usar Casco al Montar en Bicicleta? Cuando se trata de montar en bicicleta, una de las preguntas m\u00e1s comunes entre los ciclistas es sobre &#8230; <a title=\"\u00bfSab\u00edas esto? La DGT revela 3 excepciones sorprendentes sobre el uso del casco en bici\" class=\"read-more\" href=\"https:\/\/www.diario21.tv\/noticias\/sabias-esto-la-dgt-revela-3-excepciones-sorprendentes-sobre-el-uso-del-casco-en-bici\/\" aria-label=\"Leer m\u00e1s sobre \u00bfSab\u00edas esto? La DGT revela 3 excepciones sorprendentes sobre el uso del casco en bici\">Seguir leyendo &rarr;<\/a><\/p>\n","protected":false},"author":20,"featured_media":4061,"comment_status":"open","ping_status":"open","sticky":false,"template":"","format":"standard","meta":{"footnotes":""},"categories":[13],"tags":[],"class_list":["post-4060","post","type-post","status-publish","format-standard","has-post-thumbnail","hentry","category-portada"],"yoast_head":"<!-- This site is optimized with the Yoast SEO plugin v25.6 - https:\/\/yoast.com\/wordpress\/plugins\/seo\/ -->\n<title>\u00bfSab\u00edas esto? La DGT revela 3 excepciones sorprendentes sobre el uso del casco en bici - Diario 21<\/title>\n<meta name=\"robots\" content=\"index, follow, max-snippet:-1, max-image-preview:large, max-video-preview:-1\" \/>\n<link rel=\"canonical\" href=\"https:\/\/www.diario21.tv\/noticias\/sabias-esto-la-dgt-revela-3-excepciones-sorprendentes-sobre-el-uso-del-casco-en-bici\/\" \/>\n<meta property=\"og:locale\" content=\"es_ES\" \/>\n<meta property=\"og:type\" content=\"article\" \/>\n<meta property=\"og:title\" content=\"\u00bfSab\u00edas esto? La DGT revela 3 excepciones sorprendentes sobre el uso del casco en bici - Diario 21\" \/>\n<meta property=\"og:description\" content=\"\u00bfEs Necesario Usar Casco al Montar en Bicicleta? Cuando se trata de montar en bicicleta, una de las preguntas m\u00e1s comunes entre los ciclistas es sobre ... Seguir leyendo &rarr;\" \/>\n<meta property=\"og:url\" content=\"https:\/\/www.diario21.tv\/noticias\/sabias-esto-la-dgt-revela-3-excepciones-sorprendentes-sobre-el-uso-del-casco-en-bici\/\" \/>\n<meta property=\"og:site_name\" content=\"Diario 21\" \/>\n<meta property=\"article:published_time\" content=\"2025-08-05T21:08:08+00:00\" \/>\n<meta property=\"article:modified_time\" content=\"2025-08-05T21:08:10+00:00\" \/>\n<meta property=\"og:image\" content=\"https:\/\/www.diario21.tv\/noticias\/wp-content\/uploads\/2025\/08\/\u00bfSabias-esto-La-DGT-revela-3-excepciones-sorprendentes-sobre-el.JPG\" \/>\n\t<meta property=\"og:image:width\" content=\"1200\" \/>\n\t<meta property=\"og:image:height\" content=\"837\" \/>\n\t<meta property=\"og:image:type\" content=\"image\/jpeg\" \/>\n<meta name=\"author\" content=\"Juan P\u00e9rez\" \/>\n<meta name=\"twitter:card\" content=\"summary_large_image\" \/>\n<meta name=\"twitter:label1\" content=\"Escrito por\" \/>\n\t<meta name=\"twitter:data1\" content=\"Juan P\u00e9rez\" \/>\n\t<meta name=\"twitter:label2\" content=\"Tiempo de lectura\" \/>\n\t<meta name=\"twitter:data2\" content=\"2 minutos\" \/>\n<script type=\"application\/ld+json\" class=\"yoast-schema-graph\">{\"@context\":\"https:\/\/schema.org\",\"@graph\":[{\"@type\":\"WebPage\",\"@id\":\"https:\/\/www.diario21.tv\/noticias\/sabias-esto-la-dgt-revela-3-excepciones-sorprendentes-sobre-el-uso-del-casco-en-bici\/\",\"url\":\"https:\/\/www.diario21.tv\/noticias\/sabias-esto-la-dgt-revela-3-excepciones-sorprendentes-sobre-el-uso-del-casco-en-bici\/\",\"name\":\"\u00bfSab\u00edas esto? La DGT revela 3 excepciones sorprendentes sobre el uso del casco en bici - Diario 21\",\"isPartOf\":{\"@id\":\"https:\/\/www.diario21.tv\/noticias\/#website\"},\"primaryImageOfPage\":{\"@id\":\"https:\/\/www.diario21.tv\/noticias\/sabias-esto-la-dgt-revela-3-excepciones-sorprendentes-sobre-el-uso-del-casco-en-bici\/#primaryimage\"},\"image\":{\"@id\":\"https:\/\/www.diario21.tv\/noticias\/sabias-esto-la-dgt-revela-3-excepciones-sorprendentes-sobre-el-uso-del-casco-en-bici\/#primaryimage\"},\"thumbnailUrl\":\"https:\/\/www.diario21.tv\/noticias\/wp-content\/uploads\/2025\/08\/\u00bfSabias-esto-La-DGT-revela-3-excepciones-sorprendentes-sobre-el.JPG\",\"datePublished\":\"2025-08-05T21:08:08+00:00\",\"dateModified\":\"2025-08-05T21:08:10+00:00\",\"author\":{\"@id\":\"https:\/\/www.diario21.tv\/noticias\/#\/schema\/person\/dfb778f73814d8f09f302618446a526b\"},\"breadcrumb\":{\"@id\":\"https:\/\/www.diario21.tv\/noticias\/sabias-esto-la-dgt-revela-3-excepciones-sorprendentes-sobre-el-uso-del-casco-en-bici\/#breadcrumb\"},\"inLanguage\":\"es-AR\",\"potentialAction\":[{\"@type\":\"ReadAction\",\"target\":[\"https:\/\/www.diario21.tv\/noticias\/sabias-esto-la-dgt-revela-3-excepciones-sorprendentes-sobre-el-uso-del-casco-en-bici\/\"]}]},{\"@type\":\"ImageObject\",\"inLanguage\":\"es-AR\",\"@id\":\"https:\/\/www.diario21.tv\/noticias\/sabias-esto-la-dgt-revela-3-excepciones-sorprendentes-sobre-el-uso-del-casco-en-bici\/#primaryimage\",\"url\":\"https:\/\/www.diario21.tv\/noticias\/wp-content\/uploads\/2025\/08\/\u00bfSabias-esto-La-DGT-revela-3-excepciones-sorprendentes-sobre-el.JPG\",\"contentUrl\":\"https:\/\/www.diario21.tv\/noticias\/wp-content\/uploads\/2025\/08\/\u00bfSabias-esto-La-DGT-revela-3-excepciones-sorprendentes-sobre-el.JPG\",\"width\":1200,\"height\":837,\"caption\":\"\u00bfEs obligatorio el casco en bici? La DGT aclara las tres excepciones que casi nadie conoce\"},{\"@type\":\"BreadcrumbList\",\"@id\":\"https:\/\/www.diario21.tv\/noticias\/sabias-esto-la-dgt-revela-3-excepciones-sorprendentes-sobre-el-uso-del-casco-en-bici\/#breadcrumb\",\"itemListElement\":[{\"@type\":\"ListItem\",\"position\":1,\"name\":\"Accueil\",\"item\":\"https:\/\/www.diario21.tv\/noticias\/\"},{\"@type\":\"ListItem\",\"position\":2,\"name\":\"\u00bfSab\u00edas esto? La DGT revela 3 excepciones sorprendentes sobre el uso del casco en bici\"}]},{\"@type\":\"WebSite\",\"@id\":\"https:\/\/www.diario21.tv\/noticias\/#website\",\"url\":\"https:\/\/www.diario21.tv\/noticias\/\",\"name\":\"Diario 21\",\"description\":\"\",\"potentialAction\":[{\"@type\":\"SearchAction\",\"target\":{\"@type\":\"EntryPoint\",\"urlTemplate\":\"https:\/\/www.diario21.tv\/noticias\/?s={search_term_string}\"},\"query-input\":{\"@type\":\"PropertyValueSpecification\",\"valueRequired\":true,\"valueName\":\"search_term_string\"}}],\"inLanguage\":\"es-AR\"},{\"@type\":\"Person\",\"@id\":\"https:\/\/www.diario21.tv\/noticias\/#\/schema\/person\/dfb778f73814d8f09f302618446a526b\",\"name\":\"Juan P\u00e9rez\",\"image\":{\"@type\":\"ImageObject\",\"inLanguage\":\"es-AR\",\"@id\":\"https:\/\/www.diario21.tv\/noticias\/#\/schema\/person\/image\/\",\"url\":\"https:\/\/secure.gravatar.com\/avatar\/c478a405bd10621167f4c3167cc770f5?s=96&d=mm&r=g\",\"contentUrl\":\"https:\/\/secure.gravatar.com\/avatar\/c478a405bd10621167f4c3167cc770f5?s=96&d=mm&r=g\",\"caption\":\"Juan P\u00e9rez\"},\"description\":\"Juan P\u00e9rez es el redactor en jefe de Diario 21. Con m\u00e1s de 10 a\u00f1os de experiencia en el periodismo, se especializa en pol\u00edtica nacional y an\u00e1lisis socioecon\u00f3mico. Su enfoque cr\u00edtico y riguroso aporta una perspectiva \u00fanica a cada art\u00edculo.\",\"sameAs\":[\"https:\/\/www.diario21.tv\/noticias\/\"],\"url\":\"https:\/\/www.diario21.tv\/noticias\/author\/juan-perez\/\"}]}<\/script>\n<!-- \/ Yoast SEO plugin. -->","yoast_head_json":{"title":"\u00bfSab\u00edas esto? La DGT revela 3 excepciones sorprendentes sobre el uso del casco en bici - Diario 21","robots":{"index":"index","follow":"follow","max-snippet":"max-snippet:-1","max-image-preview":"max-image-preview:large","max-video-preview":"max-video-preview:-1"},"canonical":"https:\/\/www.diario21.tv\/noticias\/sabias-esto-la-dgt-revela-3-excepciones-sorprendentes-sobre-el-uso-del-casco-en-bici\/","og_locale":"es_ES","og_type":"article","og_title":"\u00bfSab\u00edas esto? La DGT revela 3 excepciones sorprendentes sobre el uso del casco en bici - Diario 21","og_description":"\u00bfEs Necesario Usar Casco al Montar en Bicicleta? Cuando se trata de montar en bicicleta, una de las preguntas m\u00e1s comunes entre los ciclistas es sobre ... Seguir leyendo &rarr;","og_url":"https:\/\/www.diario21.tv\/noticias\/sabias-esto-la-dgt-revela-3-excepciones-sorprendentes-sobre-el-uso-del-casco-en-bici\/","og_site_name":"Diario 21","article_published_time":"2025-08-05T21:08:08+00:00","article_modified_time":"2025-08-05T21:08:10+00:00","og_image":[{"width":1200,"height":837,"url":"https:\/\/www.diario21.tv\/noticias\/wp-content\/uploads\/2025\/08\/\u00bfSabias-esto-La-DGT-revela-3-excepciones-sorprendentes-sobre-el.JPG","type":"image\/jpeg"}],"author":"Juan P\u00e9rez","twitter_card":"summary_large_image","twitter_misc":{"Escrito por":"Juan P\u00e9rez","Tiempo de lectura":"2 minutos"},"schema":{"@context":"https:\/\/schema.org","@graph":[{"@type":"WebPage","@id":"https:\/\/www.diario21.tv\/noticias\/sabias-esto-la-dgt-revela-3-excepciones-sorprendentes-sobre-el-uso-del-casco-en-bici\/","url":"https:\/\/www.diario21.tv\/noticias\/sabias-esto-la-dgt-revela-3-excepciones-sorprendentes-sobre-el-uso-del-casco-en-bici\/","name":"\u00bfSab\u00edas esto? La DGT revela 3 excepciones sorprendentes sobre el uso del casco en bici - Diario 21","isPartOf":{"@id":"https:\/\/www.diario21.tv\/noticias\/#website"},"primaryImageOfPage":{"@id":"https:\/\/www.diario21.tv\/noticias\/sabias-esto-la-dgt-revela-3-excepciones-sorprendentes-sobre-el-uso-del-casco-en-bici\/#primaryimage"},"image":{"@id":"https:\/\/www.diario21.tv\/noticias\/sabias-esto-la-dgt-revela-3-excepciones-sorprendentes-sobre-el-uso-del-casco-en-bici\/#primaryimage"},"thumbnailUrl":"https:\/\/www.diario21.tv\/noticias\/wp-content\/uploads\/2025\/08\/\u00bfSabias-esto-La-DGT-revela-3-excepciones-sorprendentes-sobre-el.JPG","datePublished":"2025-08-05T21:08:08+00:00","dateModified":"2025-08-05T21:08:10+00:00","author":{"@id":"https:\/\/www.diario21.tv\/noticias\/#\/schema\/person\/dfb778f73814d8f09f302618446a526b"},"breadcrumb":{"@id":"https:\/\/www.diario21.tv\/noticias\/sabias-esto-la-dgt-revela-3-excepciones-sorprendentes-sobre-el-uso-del-casco-en-bici\/#breadcrumb"},"inLanguage":"es-AR","potentialAction":[{"@type":"ReadAction","target":["https:\/\/www.diario21.tv\/noticias\/sabias-esto-la-dgt-revela-3-excepciones-sorprendentes-sobre-el-uso-del-casco-en-bici\/"]}]},{"@type":"ImageObject","inLanguage":"es-AR","@id":"https:\/\/www.diario21.tv\/noticias\/sabias-esto-la-dgt-revela-3-excepciones-sorprendentes-sobre-el-uso-del-casco-en-bici\/#primaryimage","url":"https:\/\/www.diario21.tv\/noticias\/wp-content\/uploads\/2025\/08\/\u00bfSabias-esto-La-DGT-revela-3-excepciones-sorprendentes-sobre-el.JPG","contentUrl":"https:\/\/www.diario21.tv\/noticias\/wp-content\/uploads\/2025\/08\/\u00bfSabias-esto-La-DGT-revela-3-excepciones-sorprendentes-sobre-el.JPG","width":1200,"height":837,"caption":"\u00bfEs obligatorio el casco en bici? La DGT aclara las tres excepciones que casi nadie conoce"},{"@type":"BreadcrumbList","@id":"https:\/\/www.diario21.tv\/noticias\/sabias-esto-la-dgt-revela-3-excepciones-sorprendentes-sobre-el-uso-del-casco-en-bici\/#breadcrumb","itemListElement":[{"@type":"ListItem","position":1,"name":"Accueil","item":"https:\/\/www.diario21.tv\/noticias\/"},{"@type":"ListItem","position":2,"name":"\u00bfSab\u00edas esto? La DGT revela 3 excepciones sorprendentes sobre el uso del casco en bici"}]},{"@type":"WebSite","@id":"https:\/\/www.diario21.tv\/noticias\/#website","url":"https:\/\/www.diario21.tv\/noticias\/","name":"Diario 21","description":"","potentialAction":[{"@type":"SearchAction","target":{"@type":"EntryPoint","urlTemplate":"https:\/\/www.diario21.tv\/noticias\/?s={search_term_string}"},"query-input":{"@type":"PropertyValueSpecification","valueRequired":true,"valueName":"search_term_string"}}],"inLanguage":"es-AR"},{"@type":"Person","@id":"https:\/\/www.diario21.tv\/noticias\/#\/schema\/person\/dfb778f73814d8f09f302618446a526b","name":"Juan P\u00e9rez","image":{"@type":"ImageObject","inLanguage":"es-AR","@id":"https:\/\/www.diario21.tv\/noticias\/#\/schema\/person\/image\/","url":"https:\/\/secure.gravatar.com\/avatar\/c478a405bd10621167f4c3167cc770f5?s=96&d=mm&r=g","contentUrl":"https:\/\/secure.gravatar.com\/avatar\/c478a405bd10621167f4c3167cc770f5?s=96&d=mm&r=g","caption":"Juan P\u00e9rez"},"description":"Juan P\u00e9rez es el redactor en jefe de Diario 21. Con m\u00e1s de 10 a\u00f1os de experiencia en el periodismo, se especializa en pol\u00edtica nacional y an\u00e1lisis socioecon\u00f3mico. Su enfoque cr\u00edtico y riguroso aporta una perspectiva \u00fanica a cada art\u00edculo.","sameAs":["https:\/\/www.diario21.tv\/noticias\/"],"url":"https:\/\/www.diario21.tv\/noticias\/author\/juan-perez\/"}]}},"_links":{"self":[{"href":"https:\/\/www.diario21.tv\/noticias\/wp-json\/wp\/v2\/posts\/4060"}],"collection":[{"href":"https:\/\/www.diario21.tv\/noticias\/wp-json\/wp\/v2\/posts"}],"about":[{"href":"https:\/\/www.diario21.tv\/noticias\/wp-json\/wp\/v2\/types\/post"}],"author":[{"embeddable":true,"href":"https:\/\/www.diario21.tv\/noticias\/wp-json\/wp\/v2\/users\/20"}],"replies":[{"embeddable":true,"href":"https:\/\/www.diario21.tv\/noticias\/wp-json\/wp\/v2\/comments?post=4060"}],"version-history":[{"count":1,"href":"https:\/\/www.diario21.tv\/noticias\/wp-json\/wp\/v2\/posts\/4060\/revisions"}],"predecessor-version":[{"id":4062,"href":"https:\/\/www.diario21.tv\/noticias\/wp-json\/wp\/v2\/posts\/4060\/revisions\/4062"}],"wp:featuredmedia":[{"embeddable":true,"href":"https:\/\/www.diario21.tv\/noticias\/wp-json\/wp\/v2\/media\/4061"}],"wp:attachment":[{"href":"https:\/\/www.diario21.tv\/noticias\/wp-json\/wp\/v2\/media?parent=4060"}],"wp:term":[{"taxonomy":"category","embeddable":true,"href":"https:\/\/www.diario21.tv\/noticias\/wp-json\/wp\/v2\/categories?post=4060"},{"taxonomy":"post_tag","embeddable":true,"href":"https:\/\/www.diario21.tv\/noticias\/wp-json\/wp\/v2\/tags?post=4060"}],"curies":[{"name":"wp","href":"https:\/\/api.w.org\/{rel}","templated":true}]}}