{"id":4057,"date":"2025-08-05T15:07:26","date_gmt":"2025-08-05T15:07:26","guid":{"rendered":"https:\/\/www.diario21.tv\/noticias\/descubre-que-supermercados-y-tiendas-abren-el-15-de-agosto-horarios-de-mercadona-el-corte-ingles-y-otros\/"},"modified":"2025-08-05T15:07:27","modified_gmt":"2025-08-05T15:07:27","slug":"descubre-que-supermercados-y-tiendas-abren-el-15-de-agosto-horarios-de-mercadona-el-corte-ingles-y-otros","status":"publish","type":"post","link":"https:\/\/www.diario21.tv\/noticias\/descubre-que-supermercados-y-tiendas-abren-el-15-de-agosto-horarios-de-mercadona-el-corte-ingles-y-otros\/","title":{"rendered":"\u00a1Descubre qu\u00e9 supermercados y tiendas abren el 15 de agosto! Horarios de Mercadona, El Corte Ingl\u00e9s y otros."},"content":{"rendered":"<h2>Establecimientos Comerciales Disponibles el 15 de Agosto: Horarios de Mercadona, El Corte Ingl\u00e9s, Entre Otros<\/h2>\n<p>El 15 de agosto, una fecha marcada en el calendario por ser festivo en gran parte de Espa\u00f1a, presenta siempre la duda sobre qu\u00e9 tiendas y supermercados estar\u00e1n operativos. En esta ocasi\u00f3n, te proporcionamos una gu\u00eda detallada de los horarios y aperturas de algunos de los principales establecimientos como Mercadona, El Corte Ingl\u00e9s, y otros.<\/p>\n<h3>Mercadona<\/h3>\n<p>\nMercadona, una de las cadenas de supermercados m\u00e1s extendidas en el pa\u00eds, ajusta sus horarios durante los d\u00edas festivos. Este 15 de agosto, la mayor\u00eda de las sucursales de Mercadona estar\u00e1n cerradas, aunque puede haber excepciones en ciertas \u00e1reas tur\u00edsticas o ciudades grandes. Es recomendable consultar la p\u00e1gina web de Mercadona o su app m\u00f3vil para confirmar el horario espec\u00edfico de la tienda m\u00e1s cercana.<\/p>\n<h3>El Corte Ingl\u00e9s<\/h3>\n<p>\nEl Corte Ingl\u00e9s, conocido por su amplia variedad de productos y servicios, generalmente abre durante los festivos nacionales. Este a\u00f1o, en el d\u00eda de la Asunci\u00f3n de la Virgen, la mayor\u00eda de sus centros estar\u00e1n operativos, aunque con horarios posiblemente reducidos. Las horas exactas de operaci\u00f3n pueden variar dependiendo de la ubicaci\u00f3n, por lo que es aconsejable verificar directamente en su sitio web o llamar al centro deseado.<\/p>\n<h3>Otras Cadenas y Establecimientos<\/h3>\n<p>\nAdem\u00e1s de Mercadona y El Corte Ingl\u00e9s, otros supermercados y tiendas grandes como Carrefour y Lidl tambi\u00e9n adaptan sus horarios en d\u00edas festivos. Carrefour suele ofrecer un horario m\u00e1s extendido, incluso en festivos, pero es prudente confirmar en su sitio web oficial o contactar con la tienda local. Lidl, por otro lado, podr\u00eda optar por un horario reducido, cerrando sus puertas en ciertas localidades.<\/p>\n<h3>Compras Locales y Tiendas de Barrio<\/h3>\n<p>\nLas tiendas m\u00e1s peque\u00f1as y los comercios locales podr\u00edan seguir un enfoque diferente. Algunas podr\u00edan cerrar completamente, mientras que otras podr\u00edan abrir durante horas limitadas. Si prefieres apoyar a los comerciantes locales en un d\u00eda festivo, una buena idea es visitarlos o llamarles unos d\u00edas antes para conocer sus planes de apertura.<\/p>\n<h3>Consejos para Compras Efectivas<\/h3>\n<p>\nPara evitar inconvenientes, planifica tus compras con antelaci\u00f3n, especialmente si necesitas productos espec\u00edficos que solo se encuentran en determinados establecimientos. Durante festivos como el 15 de agosto, es aconsejable verificar los horarios de apertura con antelaci\u00f3n y considerar la posibilidad de realizar compras previas.<\/p>\n<p>Al planear tu d\u00eda festivo, ten en cuenta estos detalles para asegurarte de que puedas obtener todo lo necesario sin contratiempos. El 15 de agosto no tiene por qu\u00e9 ser un d\u00eda complicado para tus compras si te organizas de manera adecuada y confirmas la informaci\u00f3n con anticipaci\u00f3n.<\/p>\n\n\n<div class=\"kk-star-ratings kksr-auto kksr-align-left kksr-valign-bottom\"\n    data-payload='{&quot;align&quot;:&quot;left&quot;,&quot;id&quot;:&quot;4057&quot;,&quot;slug&quot;:&quot;default&quot;,&quot;valign&quot;:&quot;bottom&quot;,&quot;ignore&quot;:&quot;&quot;,&quot;reference&quot;:&quot;auto&quot;,&quot;class&quot;:&quot;&quot;,&quot;count&quot;:&quot;1&quot;,&quot;legendonly&quot;:&quot;&quot;,&quot;readonly&quot;:&quot;&quot;,&quot;score&quot;:&quot;5&quot;,&quot;starsonly&quot;:&quot;&quot;,&quot;best&quot;:&quot;5&quot;,&quot;gap&quot;:&quot;5&quot;,&quot;greet&quot;:&quot;Valora este post&quot;,&quot;legend&quot;:&quot;5\\\/5 - (1 vote)&quot;,&quot;size&quot;:&quot;22&quot;,&quot;title&quot;:&quot;\u00a1Descubre qu\u00e9 supermercados y tiendas abren el 15 de agosto! Horarios de Mercadona, El Corte Ingl\u00e9s y otros.&quot;,&quot;width&quot;:&quot;132.5&quot;,&quot;_legend&quot;:&quot;{score}\\\/{best} - ({count} {votes})&quot;,&quot;font_factor&quot;:&quot;1.25&quot;}'>\n            \n<div class=\"kksr-stars\">\n    \n<div class=\"kksr-stars-inactive\">\n            <div class=\"kksr-star\" data-star=\"1\" style=\"padding-right: 5px\">\n            \n\n<div class=\"kksr-icon\" style=\"width: 22px; height: 22px;\"><\/div>\n        <\/div>\n            <div class=\"kksr-star\" data-star=\"2\" style=\"padding-right: 5px\">\n            \n\n<div class=\"kksr-icon\" style=\"width: 22px; height: 22px;\"><\/div>\n        <\/div>\n            <div class=\"kksr-star\" data-star=\"3\" style=\"padding-right: 5px\">\n            \n\n<div class=\"kksr-icon\" style=\"width: 22px; height: 22px;\"><\/div>\n        <\/div>\n            <div class=\"kksr-star\" data-star=\"4\" style=\"padding-right: 5px\">\n            \n\n<div class=\"kksr-icon\" style=\"width: 22px; height: 22px;\"><\/div>\n        <\/div>\n            <div class=\"kksr-star\" data-star=\"5\" style=\"padding-right: 5px\">\n            \n\n<div class=\"kksr-icon\" style=\"width: 22px; height: 22px;\"><\/div>\n        <\/div>\n    <\/div>\n    \n<div class=\"kksr-stars-active\" style=\"width: 132.5px;\">\n            <div class=\"kksr-star\" style=\"padding-right: 5px\">\n            \n\n<div class=\"kksr-icon\" style=\"width: 22px; height: 22px;\"><\/div>\n        <\/div>\n            <div class=\"kksr-star\" style=\"padding-right: 5px\">\n            \n\n<div class=\"kksr-icon\" style=\"width: 22px; height: 22px;\"><\/div>\n        <\/div>\n            <div class=\"kksr-star\" style=\"padding-right: 5px\">\n            \n\n<div class=\"kksr-icon\" style=\"width: 22px; height: 22px;\"><\/div>\n        <\/div>\n            <div class=\"kksr-star\" style=\"padding-right: 5px\">\n            \n\n<div class=\"kksr-icon\" style=\"width: 22px; height: 22px;\"><\/div>\n        <\/div>\n            <div class=\"kksr-star\" style=\"padding-right: 5px\">\n            \n\n<div class=\"kksr-icon\" style=\"width: 22px; height: 22px;\"><\/div>\n        <\/div>\n    <\/div>\n<\/div>\n                \n\n<div class=\"kksr-legend\" style=\"font-size: 17.6px;\">\n            5\/5 - (1 vote)    <\/div>\n    <\/div>\n","protected":false},"excerpt":{"rendered":"<p>Establecimientos Comerciales Disponibles el 15 de Agosto: Horarios de Mercadona, El Corte Ingl\u00e9s, Entre Otros El 15 de agosto, una fecha marcada en el calendario por &#8230; <a title=\"\u00a1Descubre qu\u00e9 supermercados y tiendas abren el 15 de agosto! Horarios de Mercadona, El Corte Ingl\u00e9s y otros.\" class=\"read-more\" href=\"https:\/\/www.diario21.tv\/noticias\/descubre-que-supermercados-y-tiendas-abren-el-15-de-agosto-horarios-de-mercadona-el-corte-ingles-y-otros\/\" aria-label=\"Leer m\u00e1s sobre \u00a1Descubre qu\u00e9 supermercados y tiendas abren el 15 de agosto! Horarios de Mercadona, El Corte Ingl\u00e9s y otros.\">Seguir leyendo &rarr;<\/a><\/p>\n","protected":false},"author":20,"featured_media":4058,"comment_status":"open","ping_status":"open","sticky":false,"template":"","format":"standard","meta":{"footnotes":""},"categories":[13],"tags":[],"class_list":["post-4057","post","type-post","status-publish","format-standard","has-post-thumbnail","hentry","category-portada"],"yoast_head":"<!-- This site is optimized with the Yoast SEO plugin v25.6 - https:\/\/yoast.com\/wordpress\/plugins\/seo\/ -->\n<title>\u00a1Descubre qu\u00e9 supermercados y tiendas abren el 15 de agosto! Horarios de Mercadona, El Corte Ingl\u00e9s y otros. - Diario 21<\/title>\n<meta name=\"robots\" content=\"index, follow, max-snippet:-1, max-image-preview:large, max-video-preview:-1\" \/>\n<link rel=\"canonical\" href=\"https:\/\/www.diario21.tv\/noticias\/descubre-que-supermercados-y-tiendas-abren-el-15-de-agosto-horarios-de-mercadona-el-corte-ingles-y-otros\/\" \/>\n<meta property=\"og:locale\" content=\"es_ES\" \/>\n<meta property=\"og:type\" content=\"article\" \/>\n<meta property=\"og:title\" content=\"\u00a1Descubre qu\u00e9 supermercados y tiendas abren el 15 de agosto! Horarios de Mercadona, El Corte Ingl\u00e9s y otros. - Diario 21\" \/>\n<meta property=\"og:description\" content=\"Establecimientos Comerciales Disponibles el 15 de Agosto: Horarios de Mercadona, El Corte Ingl\u00e9s, Entre Otros El 15 de agosto, una fecha marcada en el calendario por ... Seguir leyendo &rarr;\" \/>\n<meta property=\"og:url\" content=\"https:\/\/www.diario21.tv\/noticias\/descubre-que-supermercados-y-tiendas-abren-el-15-de-agosto-horarios-de-mercadona-el-corte-ingles-y-otros\/\" \/>\n<meta property=\"og:site_name\" content=\"Diario 21\" \/>\n<meta property=\"article:published_time\" content=\"2025-08-05T15:07:26+00:00\" \/>\n<meta property=\"article:modified_time\" content=\"2025-08-05T15:07:27+00:00\" \/>\n<meta property=\"og:image\" content=\"https:\/\/www.diario21.tv\/noticias\/wp-content\/uploads\/2025\/08\/\u00a1Descubre-que-supermercados-y-tiendas-abren-el-15-de-agosto.jpg\" \/>\n\t<meta property=\"og:image:width\" content=\"1200\" \/>\n\t<meta property=\"og:image:height\" content=\"840\" \/>\n\t<meta property=\"og:image:type\" content=\"image\/jpeg\" \/>\n<meta name=\"author\" content=\"Juan P\u00e9rez\" \/>\n<meta name=\"twitter:card\" content=\"summary_large_image\" \/>\n<meta name=\"twitter:label1\" content=\"Escrito por\" \/>\n\t<meta name=\"twitter:data1\" content=\"Juan P\u00e9rez\" \/>\n\t<meta name=\"twitter:label2\" content=\"Tiempo de lectura\" \/>\n\t<meta name=\"twitter:data2\" content=\"2 minutos\" \/>\n<script type=\"application\/ld+json\" class=\"yoast-schema-graph\">{\"@context\":\"https:\/\/schema.org\",\"@graph\":[{\"@type\":\"WebPage\",\"@id\":\"https:\/\/www.diario21.tv\/noticias\/descubre-que-supermercados-y-tiendas-abren-el-15-de-agosto-horarios-de-mercadona-el-corte-ingles-y-otros\/\",\"url\":\"https:\/\/www.diario21.tv\/noticias\/descubre-que-supermercados-y-tiendas-abren-el-15-de-agosto-horarios-de-mercadona-el-corte-ingles-y-otros\/\",\"name\":\"\u00a1Descubre qu\u00e9 supermercados y tiendas abren el 15 de agosto! Horarios de Mercadona, El Corte Ingl\u00e9s y otros. - Diario 21\",\"isPartOf\":{\"@id\":\"https:\/\/www.diario21.tv\/noticias\/#website\"},\"primaryImageOfPage\":{\"@id\":\"https:\/\/www.diario21.tv\/noticias\/descubre-que-supermercados-y-tiendas-abren-el-15-de-agosto-horarios-de-mercadona-el-corte-ingles-y-otros\/#primaryimage\"},\"image\":{\"@id\":\"https:\/\/www.diario21.tv\/noticias\/descubre-que-supermercados-y-tiendas-abren-el-15-de-agosto-horarios-de-mercadona-el-corte-ingles-y-otros\/#primaryimage\"},\"thumbnailUrl\":\"https:\/\/www.diario21.tv\/noticias\/wp-content\/uploads\/2025\/08\/\u00a1Descubre-que-supermercados-y-tiendas-abren-el-15-de-agosto.jpg\",\"datePublished\":\"2025-08-05T15:07:26+00:00\",\"dateModified\":\"2025-08-05T15:07:27+00:00\",\"author\":{\"@id\":\"https:\/\/www.diario21.tv\/noticias\/#\/schema\/person\/dfb778f73814d8f09f302618446a526b\"},\"breadcrumb\":{\"@id\":\"https:\/\/www.diario21.tv\/noticias\/descubre-que-supermercados-y-tiendas-abren-el-15-de-agosto-horarios-de-mercadona-el-corte-ingles-y-otros\/#breadcrumb\"},\"inLanguage\":\"es-AR\",\"potentialAction\":[{\"@type\":\"ReadAction\",\"target\":[\"https:\/\/www.diario21.tv\/noticias\/descubre-que-supermercados-y-tiendas-abren-el-15-de-agosto-horarios-de-mercadona-el-corte-ingles-y-otros\/\"]}]},{\"@type\":\"ImageObject\",\"inLanguage\":\"es-AR\",\"@id\":\"https:\/\/www.diario21.tv\/noticias\/descubre-que-supermercados-y-tiendas-abren-el-15-de-agosto-horarios-de-mercadona-el-corte-ingles-y-otros\/#primaryimage\",\"url\":\"https:\/\/www.diario21.tv\/noticias\/wp-content\/uploads\/2025\/08\/\u00a1Descubre-que-supermercados-y-tiendas-abren-el-15-de-agosto.jpg\",\"contentUrl\":\"https:\/\/www.diario21.tv\/noticias\/wp-content\/uploads\/2025\/08\/\u00a1Descubre-que-supermercados-y-tiendas-abren-el-15-de-agosto.jpg\",\"width\":1200,\"height\":840,\"caption\":\"Supermercados y tiendas abiertas el 15 de agosto: horarios de Mercadona, El Corte Ingl\u00e9s y m\u00e1s\"},{\"@type\":\"BreadcrumbList\",\"@id\":\"https:\/\/www.diario21.tv\/noticias\/descubre-que-supermercados-y-tiendas-abren-el-15-de-agosto-horarios-de-mercadona-el-corte-ingles-y-otros\/#breadcrumb\",\"itemListElement\":[{\"@type\":\"ListItem\",\"position\":1,\"name\":\"Accueil\",\"item\":\"https:\/\/www.diario21.tv\/noticias\/\"},{\"@type\":\"ListItem\",\"position\":2,\"name\":\"\u00a1Descubre qu\u00e9 supermercados y tiendas abren el 15 de agosto! Horarios de Mercadona, El Corte Ingl\u00e9s y otros.\"}]},{\"@type\":\"WebSite\",\"@id\":\"https:\/\/www.diario21.tv\/noticias\/#website\",\"url\":\"https:\/\/www.diario21.tv\/noticias\/\",\"name\":\"Diario 21\",\"description\":\"\",\"potentialAction\":[{\"@type\":\"SearchAction\",\"target\":{\"@type\":\"EntryPoint\",\"urlTemplate\":\"https:\/\/www.diario21.tv\/noticias\/?s={search_term_string}\"},\"query-input\":{\"@type\":\"PropertyValueSpecification\",\"valueRequired\":true,\"valueName\":\"search_term_string\"}}],\"inLanguage\":\"es-AR\"},{\"@type\":\"Person\",\"@id\":\"https:\/\/www.diario21.tv\/noticias\/#\/schema\/person\/dfb778f73814d8f09f302618446a526b\",\"name\":\"Juan P\u00e9rez\",\"image\":{\"@type\":\"ImageObject\",\"inLanguage\":\"es-AR\",\"@id\":\"https:\/\/www.diario21.tv\/noticias\/#\/schema\/person\/image\/\",\"url\":\"https:\/\/secure.gravatar.com\/avatar\/c478a405bd10621167f4c3167cc770f5?s=96&d=mm&r=g\",\"contentUrl\":\"https:\/\/secure.gravatar.com\/avatar\/c478a405bd10621167f4c3167cc770f5?s=96&d=mm&r=g\",\"caption\":\"Juan P\u00e9rez\"},\"description\":\"Juan P\u00e9rez es el redactor en jefe de Diario 21. Con m\u00e1s de 10 a\u00f1os de experiencia en el periodismo, se especializa en pol\u00edtica nacional y an\u00e1lisis socioecon\u00f3mico. Su enfoque cr\u00edtico y riguroso aporta una perspectiva \u00fanica a cada art\u00edculo.\",\"sameAs\":[\"https:\/\/www.diario21.tv\/noticias\/\"],\"url\":\"https:\/\/www.diario21.tv\/noticias\/author\/juan-perez\/\"}]}<\/script>\n<!-- \/ Yoast SEO plugin. -->","yoast_head_json":{"title":"\u00a1Descubre qu\u00e9 supermercados y tiendas abren el 15 de agosto! Horarios de Mercadona, El Corte Ingl\u00e9s y otros. - Diario 21","robots":{"index":"index","follow":"follow","max-snippet":"max-snippet:-1","max-image-preview":"max-image-preview:large","max-video-preview":"max-video-preview:-1"},"canonical":"https:\/\/www.diario21.tv\/noticias\/descubre-que-supermercados-y-tiendas-abren-el-15-de-agosto-horarios-de-mercadona-el-corte-ingles-y-otros\/","og_locale":"es_ES","og_type":"article","og_title":"\u00a1Descubre qu\u00e9 supermercados y tiendas abren el 15 de agosto! Horarios de Mercadona, El Corte Ingl\u00e9s y otros. - Diario 21","og_description":"Establecimientos Comerciales Disponibles el 15 de Agosto: Horarios de Mercadona, El Corte Ingl\u00e9s, Entre Otros El 15 de agosto, una fecha marcada en el calendario por ... Seguir leyendo &rarr;","og_url":"https:\/\/www.diario21.tv\/noticias\/descubre-que-supermercados-y-tiendas-abren-el-15-de-agosto-horarios-de-mercadona-el-corte-ingles-y-otros\/","og_site_name":"Diario 21","article_published_time":"2025-08-05T15:07:26+00:00","article_modified_time":"2025-08-05T15:07:27+00:00","og_image":[{"width":1200,"height":840,"url":"https:\/\/www.diario21.tv\/noticias\/wp-content\/uploads\/2025\/08\/\u00a1Descubre-que-supermercados-y-tiendas-abren-el-15-de-agosto.jpg","type":"image\/jpeg"}],"author":"Juan P\u00e9rez","twitter_card":"summary_large_image","twitter_misc":{"Escrito por":"Juan P\u00e9rez","Tiempo de lectura":"2 minutos"},"schema":{"@context":"https:\/\/schema.org","@graph":[{"@type":"WebPage","@id":"https:\/\/www.diario21.tv\/noticias\/descubre-que-supermercados-y-tiendas-abren-el-15-de-agosto-horarios-de-mercadona-el-corte-ingles-y-otros\/","url":"https:\/\/www.diario21.tv\/noticias\/descubre-que-supermercados-y-tiendas-abren-el-15-de-agosto-horarios-de-mercadona-el-corte-ingles-y-otros\/","name":"\u00a1Descubre qu\u00e9 supermercados y tiendas abren el 15 de agosto! Horarios de Mercadona, El Corte Ingl\u00e9s y otros. - Diario 21","isPartOf":{"@id":"https:\/\/www.diario21.tv\/noticias\/#website"},"primaryImageOfPage":{"@id":"https:\/\/www.diario21.tv\/noticias\/descubre-que-supermercados-y-tiendas-abren-el-15-de-agosto-horarios-de-mercadona-el-corte-ingles-y-otros\/#primaryimage"},"image":{"@id":"https:\/\/www.diario21.tv\/noticias\/descubre-que-supermercados-y-tiendas-abren-el-15-de-agosto-horarios-de-mercadona-el-corte-ingles-y-otros\/#primaryimage"},"thumbnailUrl":"https:\/\/www.diario21.tv\/noticias\/wp-content\/uploads\/2025\/08\/\u00a1Descubre-que-supermercados-y-tiendas-abren-el-15-de-agosto.jpg","datePublished":"2025-08-05T15:07:26+00:00","dateModified":"2025-08-05T15:07:27+00:00","author":{"@id":"https:\/\/www.diario21.tv\/noticias\/#\/schema\/person\/dfb778f73814d8f09f302618446a526b"},"breadcrumb":{"@id":"https:\/\/www.diario21.tv\/noticias\/descubre-que-supermercados-y-tiendas-abren-el-15-de-agosto-horarios-de-mercadona-el-corte-ingles-y-otros\/#breadcrumb"},"inLanguage":"es-AR","potentialAction":[{"@type":"ReadAction","target":["https:\/\/www.diario21.tv\/noticias\/descubre-que-supermercados-y-tiendas-abren-el-15-de-agosto-horarios-de-mercadona-el-corte-ingles-y-otros\/"]}]},{"@type":"ImageObject","inLanguage":"es-AR","@id":"https:\/\/www.diario21.tv\/noticias\/descubre-que-supermercados-y-tiendas-abren-el-15-de-agosto-horarios-de-mercadona-el-corte-ingles-y-otros\/#primaryimage","url":"https:\/\/www.diario21.tv\/noticias\/wp-content\/uploads\/2025\/08\/\u00a1Descubre-que-supermercados-y-tiendas-abren-el-15-de-agosto.jpg","contentUrl":"https:\/\/www.diario21.tv\/noticias\/wp-content\/uploads\/2025\/08\/\u00a1Descubre-que-supermercados-y-tiendas-abren-el-15-de-agosto.jpg","width":1200,"height":840,"caption":"Supermercados y tiendas abiertas el 15 de agosto: horarios de Mercadona, El Corte Ingl\u00e9s y m\u00e1s"},{"@type":"BreadcrumbList","@id":"https:\/\/www.diario21.tv\/noticias\/descubre-que-supermercados-y-tiendas-abren-el-15-de-agosto-horarios-de-mercadona-el-corte-ingles-y-otros\/#breadcrumb","itemListElement":[{"@type":"ListItem","position":1,"name":"Accueil","item":"https:\/\/www.diario21.tv\/noticias\/"},{"@type":"ListItem","position":2,"name":"\u00a1Descubre qu\u00e9 supermercados y tiendas abren el 15 de agosto! Horarios de Mercadona, El Corte Ingl\u00e9s y otros."}]},{"@type":"WebSite","@id":"https:\/\/www.diario21.tv\/noticias\/#website","url":"https:\/\/www.diario21.tv\/noticias\/","name":"Diario 21","description":"","potentialAction":[{"@type":"SearchAction","target":{"@type":"EntryPoint","urlTemplate":"https:\/\/www.diario21.tv\/noticias\/?s={search_term_string}"},"query-input":{"@type":"PropertyValueSpecification","valueRequired":true,"valueName":"search_term_string"}}],"inLanguage":"es-AR"},{"@type":"Person","@id":"https:\/\/www.diario21.tv\/noticias\/#\/schema\/person\/dfb778f73814d8f09f302618446a526b","name":"Juan P\u00e9rez","image":{"@type":"ImageObject","inLanguage":"es-AR","@id":"https:\/\/www.diario21.tv\/noticias\/#\/schema\/person\/image\/","url":"https:\/\/secure.gravatar.com\/avatar\/c478a405bd10621167f4c3167cc770f5?s=96&d=mm&r=g","contentUrl":"https:\/\/secure.gravatar.com\/avatar\/c478a405bd10621167f4c3167cc770f5?s=96&d=mm&r=g","caption":"Juan P\u00e9rez"},"description":"Juan P\u00e9rez es el redactor en jefe de Diario 21. Con m\u00e1s de 10 a\u00f1os de experiencia en el periodismo, se especializa en pol\u00edtica nacional y an\u00e1lisis socioecon\u00f3mico. Su enfoque cr\u00edtico y riguroso aporta una perspectiva \u00fanica a cada art\u00edculo.","sameAs":["https:\/\/www.diario21.tv\/noticias\/"],"url":"https:\/\/www.diario21.tv\/noticias\/author\/juan-perez\/"}]}},"_links":{"self":[{"href":"https:\/\/www.diario21.tv\/noticias\/wp-json\/wp\/v2\/posts\/4057"}],"collection":[{"href":"https:\/\/www.diario21.tv\/noticias\/wp-json\/wp\/v2\/posts"}],"about":[{"href":"https:\/\/www.diario21.tv\/noticias\/wp-json\/wp\/v2\/types\/post"}],"author":[{"embeddable":true,"href":"https:\/\/www.diario21.tv\/noticias\/wp-json\/wp\/v2\/users\/20"}],"replies":[{"embeddable":true,"href":"https:\/\/www.diario21.tv\/noticias\/wp-json\/wp\/v2\/comments?post=4057"}],"version-history":[{"count":1,"href":"https:\/\/www.diario21.tv\/noticias\/wp-json\/wp\/v2\/posts\/4057\/revisions"}],"predecessor-version":[{"id":4059,"href":"https:\/\/www.diario21.tv\/noticias\/wp-json\/wp\/v2\/posts\/4057\/revisions\/4059"}],"wp:featuredmedia":[{"embeddable":true,"href":"https:\/\/www.diario21.tv\/noticias\/wp-json\/wp\/v2\/media\/4058"}],"wp:attachment":[{"href":"https:\/\/www.diario21.tv\/noticias\/wp-json\/wp\/v2\/media?parent=4057"}],"wp:term":[{"taxonomy":"category","embeddable":true,"href":"https:\/\/www.diario21.tv\/noticias\/wp-json\/wp\/v2\/categories?post=4057"},{"taxonomy":"post_tag","embeddable":true,"href":"https:\/\/www.diario21.tv\/noticias\/wp-json\/wp\/v2\/tags?post=4057"}],"curies":[{"name":"wp","href":"https:\/\/api.w.org\/{rel}","templated":true}]}}