{"id":4036,"date":"2025-08-03T14:46:46","date_gmt":"2025-08-03T14:46:46","guid":{"rendered":"https:\/\/www.diario21.tv\/noticias\/escandalo-en-burgos-hombre-arrestado-por-filmar-en-secreto-a-amigos-y-familiares-en-su-bano\/"},"modified":"2025-08-03T14:46:48","modified_gmt":"2025-08-03T14:46:48","slug":"escandalo-en-burgos-hombre-arrestado-por-filmar-en-secreto-a-amigos-y-familiares-en-su-bano","status":"publish","type":"post","link":"https:\/\/www.diario21.tv\/noticias\/escandalo-en-burgos-hombre-arrestado-por-filmar-en-secreto-a-amigos-y-familiares-en-su-bano\/","title":{"rendered":"\u00a1Esc\u00e1ndalo en Burgos! Hombre arrestado por filmar en secreto a amigos y familiares en su ba\u00f1o"},"content":{"rendered":"<h2>Sucesos en Burgos: Arrestan a un individuo por filmaciones ocultas en su domicilio<\/h2>\n<p>En un reciente operativo policial en la ciudad de Burgos, un hombre ha sido arrestado tras ser acusado de capturar im\u00e1genes en v\u00eddeo de sus amigos y familiares sin su consentimiento, mientras estos utilizaban el ba\u00f1o de su casa. Este suceso ha generado inquietud en la comunidad, resaltando la importancia de la privacidad y la seguridad personal en espacios privados.<\/p>\n<h3>Detalles del arresto y la investigaci\u00f3n<\/h3>\n<p>El sujeto, cuya identidad no ha sido divulgada para preservar el proceso legal, fue detenido luego de que evidencias concluyentes llegaran a manos de las autoridades. La investigaci\u00f3n comenz\u00f3 tras una denuncia inicial de una de las v\u00edctimas, quien descubri\u00f3 una c\u00e1mara oculta estrat\u00e9gicamente en el ba\u00f1o principal de la vivienda del acusado. Seg\u00fan fuentes policiales, el dispositivo estaba camuflado de tal manera que no era perceptible para quienes hac\u00edan uso del aseo.<\/p>\n<p>Tras el hallazgo, se realiz\u00f3 un registro en la propiedad del implicado, donde se encontraron m\u00faltiples soportes de almacenamiento digital que conten\u00edan horas de grabaciones de video. Los an\u00e1lisis preliminares sugieren que las filmaciones datan de varios meses atr\u00e1s, lo que indica que esta violaci\u00f3n de la privacidad no fue un acto aislado, sino una pr\u00e1ctica prolongada en el tiempo.<\/p>\n<h3>Reacciones y medidas legales<\/h3>\n<p>La comunidad de Burgos ha reaccionado con estupor y preocupaci\u00f3n ante este incidente. Vecinos y conocidos de las v\u00edctimas expresaron su desconcierto y repudio ante la falta de respeto hacia la intimidad y la confianza depositada en el ahora detenido. Por otro lado, las autoridades han reforzado la importancia de denunciar este tipo de delitos, que a menudo permanecen ocultos por la verg\u00fcenza o el miedo a las represalias.<\/p>\n<p>El acusado enfrenta varios cargos relacionados con la invasi\u00f3n de la privacidad y la producci\u00f3n de material ilegal, delitos que son severamente penalizados bajo la ley espa\u00f1ola. Adem\u00e1s, se est\u00e1 proporcionando asistencia psicol\u00f3gica a las v\u00edctimas para ayudarlas a superar el trauma experimentado.<\/p>\n<p>Este caso sirve como un crudo recordatorio de los riesgos asociados con la tecnolog\u00eda cuando se usa inapropiadamente y subraya la necesidad de estar siempre vigilantes y proteger la privacidad personal y la de nuestros seres queridos.<\/p>\n\n\n<div class=\"kk-star-ratings kksr-auto kksr-align-left kksr-valign-bottom\"\n    data-payload='{&quot;align&quot;:&quot;left&quot;,&quot;id&quot;:&quot;4036&quot;,&quot;slug&quot;:&quot;default&quot;,&quot;valign&quot;:&quot;bottom&quot;,&quot;ignore&quot;:&quot;&quot;,&quot;reference&quot;:&quot;auto&quot;,&quot;class&quot;:&quot;&quot;,&quot;count&quot;:&quot;0&quot;,&quot;legendonly&quot;:&quot;&quot;,&quot;readonly&quot;:&quot;&quot;,&quot;score&quot;:&quot;0&quot;,&quot;starsonly&quot;:&quot;&quot;,&quot;best&quot;:&quot;5&quot;,&quot;gap&quot;:&quot;5&quot;,&quot;greet&quot;:&quot;Valora este post&quot;,&quot;legend&quot;:&quot;0\\\/5 - (0 votes)&quot;,&quot;size&quot;:&quot;22&quot;,&quot;title&quot;:&quot;\u00a1Esc\u00e1ndalo en Burgos! Hombre arrestado por filmar en secreto a amigos y familiares en su ba\u00f1o&quot;,&quot;width&quot;:&quot;0&quot;,&quot;_legend&quot;:&quot;{score}\\\/{best} - ({count} {votes})&quot;,&quot;font_factor&quot;:&quot;1.25&quot;}'>\n            \n<div class=\"kksr-stars\">\n    \n<div class=\"kksr-stars-inactive\">\n            <div class=\"kksr-star\" data-star=\"1\" style=\"padding-right: 5px\">\n            \n\n<div class=\"kksr-icon\" style=\"width: 22px; height: 22px;\"><\/div>\n        <\/div>\n            <div class=\"kksr-star\" data-star=\"2\" style=\"padding-right: 5px\">\n            \n\n<div class=\"kksr-icon\" style=\"width: 22px; height: 22px;\"><\/div>\n        <\/div>\n            <div class=\"kksr-star\" data-star=\"3\" style=\"padding-right: 5px\">\n            \n\n<div class=\"kksr-icon\" style=\"width: 22px; height: 22px;\"><\/div>\n        <\/div>\n            <div class=\"kksr-star\" data-star=\"4\" style=\"padding-right: 5px\">\n            \n\n<div class=\"kksr-icon\" style=\"width: 22px; height: 22px;\"><\/div>\n        <\/div>\n            <div class=\"kksr-star\" data-star=\"5\" style=\"padding-right: 5px\">\n            \n\n<div class=\"kksr-icon\" style=\"width: 22px; height: 22px;\"><\/div>\n        <\/div>\n    <\/div>\n    \n<div class=\"kksr-stars-active\" style=\"width: 0px;\">\n            <div class=\"kksr-star\" style=\"padding-right: 5px\">\n            \n\n<div class=\"kksr-icon\" style=\"width: 22px; height: 22px;\"><\/div>\n        <\/div>\n            <div class=\"kksr-star\" style=\"padding-right: 5px\">\n            \n\n<div class=\"kksr-icon\" style=\"width: 22px; height: 22px;\"><\/div>\n        <\/div>\n            <div class=\"kksr-star\" style=\"padding-right: 5px\">\n            \n\n<div class=\"kksr-icon\" style=\"width: 22px; height: 22px;\"><\/div>\n        <\/div>\n            <div class=\"kksr-star\" style=\"padding-right: 5px\">\n            \n\n<div class=\"kksr-icon\" style=\"width: 22px; height: 22px;\"><\/div>\n        <\/div>\n            <div class=\"kksr-star\" style=\"padding-right: 5px\">\n            \n\n<div class=\"kksr-icon\" style=\"width: 22px; height: 22px;\"><\/div>\n        <\/div>\n    <\/div>\n<\/div>\n                \n\n<div class=\"kksr-legend\" style=\"font-size: 17.6px;\">\n            <span class=\"kksr-muted\">Valora este post<\/span>\n    <\/div>\n    <\/div>\n","protected":false},"excerpt":{"rendered":"<p>Sucesos en Burgos: Arrestan a un individuo por filmaciones ocultas en su domicilio En un reciente operativo policial en la ciudad de Burgos, un hombre ha &#8230; <a title=\"\u00a1Esc\u00e1ndalo en Burgos! Hombre arrestado por filmar en secreto a amigos y familiares en su ba\u00f1o\" class=\"read-more\" href=\"https:\/\/www.diario21.tv\/noticias\/escandalo-en-burgos-hombre-arrestado-por-filmar-en-secreto-a-amigos-y-familiares-en-su-bano\/\" aria-label=\"Leer m\u00e1s sobre \u00a1Esc\u00e1ndalo en Burgos! Hombre arrestado por filmar en secreto a amigos y familiares en su ba\u00f1o\">Seguir leyendo &rarr;<\/a><\/p>\n","protected":false},"author":20,"featured_media":4037,"comment_status":"open","ping_status":"open","sticky":false,"template":"","format":"standard","meta":{"footnotes":""},"categories":[13],"tags":[],"class_list":["post-4036","post","type-post","status-publish","format-standard","has-post-thumbnail","hentry","category-portada"],"yoast_head":"<!-- This site is optimized with the Yoast SEO plugin v25.6 - https:\/\/yoast.com\/wordpress\/plugins\/seo\/ -->\n<title>\u00a1Esc\u00e1ndalo en Burgos! Hombre arrestado por filmar en secreto a amigos y familiares en su ba\u00f1o - Diario 21<\/title>\n<meta name=\"robots\" content=\"index, follow, max-snippet:-1, max-image-preview:large, max-video-preview:-1\" \/>\n<link rel=\"canonical\" href=\"https:\/\/www.diario21.tv\/noticias\/escandalo-en-burgos-hombre-arrestado-por-filmar-en-secreto-a-amigos-y-familiares-en-su-bano\/\" \/>\n<meta property=\"og:locale\" content=\"es_ES\" \/>\n<meta property=\"og:type\" content=\"article\" \/>\n<meta property=\"og:title\" content=\"\u00a1Esc\u00e1ndalo en Burgos! Hombre arrestado por filmar en secreto a amigos y familiares en su ba\u00f1o - Diario 21\" \/>\n<meta property=\"og:description\" content=\"Sucesos en Burgos: Arrestan a un individuo por filmaciones ocultas en su domicilio En un reciente operativo policial en la ciudad de Burgos, un hombre ha ... Seguir leyendo &rarr;\" \/>\n<meta property=\"og:url\" content=\"https:\/\/www.diario21.tv\/noticias\/escandalo-en-burgos-hombre-arrestado-por-filmar-en-secreto-a-amigos-y-familiares-en-su-bano\/\" \/>\n<meta property=\"og:site_name\" content=\"Diario 21\" \/>\n<meta property=\"article:published_time\" content=\"2025-08-03T14:46:46+00:00\" \/>\n<meta property=\"article:modified_time\" content=\"2025-08-03T14:46:48+00:00\" \/>\n<meta property=\"og:image\" content=\"https:\/\/www.diario21.tv\/noticias\/wp-content\/uploads\/2025\/08\/\u00a1Escandalo-en-Burgos-Hombre-arrestado-por-filmar-en-secreto-a.jpg\" \/>\n\t<meta property=\"og:image:width\" content=\"1920\" \/>\n\t<meta property=\"og:image:height\" content=\"1080\" \/>\n\t<meta property=\"og:image:type\" content=\"image\/jpeg\" \/>\n<meta name=\"author\" content=\"Juan P\u00e9rez\" \/>\n<meta name=\"twitter:card\" content=\"summary_large_image\" \/>\n<meta name=\"twitter:label1\" content=\"Escrito por\" \/>\n\t<meta name=\"twitter:data1\" content=\"Juan P\u00e9rez\" \/>\n\t<meta name=\"twitter:label2\" content=\"Tiempo de lectura\" \/>\n\t<meta name=\"twitter:data2\" content=\"2 minutos\" \/>\n<script type=\"application\/ld+json\" class=\"yoast-schema-graph\">{\"@context\":\"https:\/\/schema.org\",\"@graph\":[{\"@type\":\"WebPage\",\"@id\":\"https:\/\/www.diario21.tv\/noticias\/escandalo-en-burgos-hombre-arrestado-por-filmar-en-secreto-a-amigos-y-familiares-en-su-bano\/\",\"url\":\"https:\/\/www.diario21.tv\/noticias\/escandalo-en-burgos-hombre-arrestado-por-filmar-en-secreto-a-amigos-y-familiares-en-su-bano\/\",\"name\":\"\u00a1Esc\u00e1ndalo en Burgos! Hombre arrestado por filmar en secreto a amigos y familiares en su ba\u00f1o - Diario 21\",\"isPartOf\":{\"@id\":\"https:\/\/www.diario21.tv\/noticias\/#website\"},\"primaryImageOfPage\":{\"@id\":\"https:\/\/www.diario21.tv\/noticias\/escandalo-en-burgos-hombre-arrestado-por-filmar-en-secreto-a-amigos-y-familiares-en-su-bano\/#primaryimage\"},\"image\":{\"@id\":\"https:\/\/www.diario21.tv\/noticias\/escandalo-en-burgos-hombre-arrestado-por-filmar-en-secreto-a-amigos-y-familiares-en-su-bano\/#primaryimage\"},\"thumbnailUrl\":\"https:\/\/www.diario21.tv\/noticias\/wp-content\/uploads\/2025\/08\/\u00a1Escandalo-en-Burgos-Hombre-arrestado-por-filmar-en-secreto-a.jpg\",\"datePublished\":\"2025-08-03T14:46:46+00:00\",\"dateModified\":\"2025-08-03T14:46:48+00:00\",\"author\":{\"@id\":\"https:\/\/www.diario21.tv\/noticias\/#\/schema\/person\/dfb778f73814d8f09f302618446a526b\"},\"breadcrumb\":{\"@id\":\"https:\/\/www.diario21.tv\/noticias\/escandalo-en-burgos-hombre-arrestado-por-filmar-en-secreto-a-amigos-y-familiares-en-su-bano\/#breadcrumb\"},\"inLanguage\":\"es-AR\",\"potentialAction\":[{\"@type\":\"ReadAction\",\"target\":[\"https:\/\/www.diario21.tv\/noticias\/escandalo-en-burgos-hombre-arrestado-por-filmar-en-secreto-a-amigos-y-familiares-en-su-bano\/\"]}]},{\"@type\":\"ImageObject\",\"inLanguage\":\"es-AR\",\"@id\":\"https:\/\/www.diario21.tv\/noticias\/escandalo-en-burgos-hombre-arrestado-por-filmar-en-secreto-a-amigos-y-familiares-en-su-bano\/#primaryimage\",\"url\":\"https:\/\/www.diario21.tv\/noticias\/wp-content\/uploads\/2025\/08\/\u00a1Escandalo-en-Burgos-Hombre-arrestado-por-filmar-en-secreto-a.jpg\",\"contentUrl\":\"https:\/\/www.diario21.tv\/noticias\/wp-content\/uploads\/2025\/08\/\u00a1Escandalo-en-Burgos-Hombre-arrestado-por-filmar-en-secreto-a.jpg\",\"width\":1920,\"height\":1080,\"caption\":\"Detenido un hombre en Burgos por grabar en secreto a familiares y amigos en su ba\u00f1o\"},{\"@type\":\"BreadcrumbList\",\"@id\":\"https:\/\/www.diario21.tv\/noticias\/escandalo-en-burgos-hombre-arrestado-por-filmar-en-secreto-a-amigos-y-familiares-en-su-bano\/#breadcrumb\",\"itemListElement\":[{\"@type\":\"ListItem\",\"position\":1,\"name\":\"Accueil\",\"item\":\"https:\/\/www.diario21.tv\/noticias\/\"},{\"@type\":\"ListItem\",\"position\":2,\"name\":\"\u00a1Esc\u00e1ndalo en Burgos! Hombre arrestado por filmar en secreto a amigos y familiares en su ba\u00f1o\"}]},{\"@type\":\"WebSite\",\"@id\":\"https:\/\/www.diario21.tv\/noticias\/#website\",\"url\":\"https:\/\/www.diario21.tv\/noticias\/\",\"name\":\"Diario 21\",\"description\":\"\",\"potentialAction\":[{\"@type\":\"SearchAction\",\"target\":{\"@type\":\"EntryPoint\",\"urlTemplate\":\"https:\/\/www.diario21.tv\/noticias\/?s={search_term_string}\"},\"query-input\":{\"@type\":\"PropertyValueSpecification\",\"valueRequired\":true,\"valueName\":\"search_term_string\"}}],\"inLanguage\":\"es-AR\"},{\"@type\":\"Person\",\"@id\":\"https:\/\/www.diario21.tv\/noticias\/#\/schema\/person\/dfb778f73814d8f09f302618446a526b\",\"name\":\"Juan P\u00e9rez\",\"image\":{\"@type\":\"ImageObject\",\"inLanguage\":\"es-AR\",\"@id\":\"https:\/\/www.diario21.tv\/noticias\/#\/schema\/person\/image\/\",\"url\":\"https:\/\/secure.gravatar.com\/avatar\/c478a405bd10621167f4c3167cc770f5?s=96&d=mm&r=g\",\"contentUrl\":\"https:\/\/secure.gravatar.com\/avatar\/c478a405bd10621167f4c3167cc770f5?s=96&d=mm&r=g\",\"caption\":\"Juan P\u00e9rez\"},\"description\":\"Juan P\u00e9rez es el redactor en jefe de Diario 21. Con m\u00e1s de 10 a\u00f1os de experiencia en el periodismo, se especializa en pol\u00edtica nacional y an\u00e1lisis socioecon\u00f3mico. Su enfoque cr\u00edtico y riguroso aporta una perspectiva \u00fanica a cada art\u00edculo.\",\"sameAs\":[\"https:\/\/www.diario21.tv\/noticias\/\"],\"url\":\"https:\/\/www.diario21.tv\/noticias\/author\/juan-perez\/\"}]}<\/script>\n<!-- \/ Yoast SEO plugin. -->","yoast_head_json":{"title":"\u00a1Esc\u00e1ndalo en Burgos! Hombre arrestado por filmar en secreto a amigos y familiares en su ba\u00f1o - Diario 21","robots":{"index":"index","follow":"follow","max-snippet":"max-snippet:-1","max-image-preview":"max-image-preview:large","max-video-preview":"max-video-preview:-1"},"canonical":"https:\/\/www.diario21.tv\/noticias\/escandalo-en-burgos-hombre-arrestado-por-filmar-en-secreto-a-amigos-y-familiares-en-su-bano\/","og_locale":"es_ES","og_type":"article","og_title":"\u00a1Esc\u00e1ndalo en Burgos! Hombre arrestado por filmar en secreto a amigos y familiares en su ba\u00f1o - Diario 21","og_description":"Sucesos en Burgos: Arrestan a un individuo por filmaciones ocultas en su domicilio En un reciente operativo policial en la ciudad de Burgos, un hombre ha ... Seguir leyendo &rarr;","og_url":"https:\/\/www.diario21.tv\/noticias\/escandalo-en-burgos-hombre-arrestado-por-filmar-en-secreto-a-amigos-y-familiares-en-su-bano\/","og_site_name":"Diario 21","article_published_time":"2025-08-03T14:46:46+00:00","article_modified_time":"2025-08-03T14:46:48+00:00","og_image":[{"width":1920,"height":1080,"url":"https:\/\/www.diario21.tv\/noticias\/wp-content\/uploads\/2025\/08\/\u00a1Escandalo-en-Burgos-Hombre-arrestado-por-filmar-en-secreto-a.jpg","type":"image\/jpeg"}],"author":"Juan P\u00e9rez","twitter_card":"summary_large_image","twitter_misc":{"Escrito por":"Juan P\u00e9rez","Tiempo de lectura":"2 minutos"},"schema":{"@context":"https:\/\/schema.org","@graph":[{"@type":"WebPage","@id":"https:\/\/www.diario21.tv\/noticias\/escandalo-en-burgos-hombre-arrestado-por-filmar-en-secreto-a-amigos-y-familiares-en-su-bano\/","url":"https:\/\/www.diario21.tv\/noticias\/escandalo-en-burgos-hombre-arrestado-por-filmar-en-secreto-a-amigos-y-familiares-en-su-bano\/","name":"\u00a1Esc\u00e1ndalo en Burgos! Hombre arrestado por filmar en secreto a amigos y familiares en su ba\u00f1o - Diario 21","isPartOf":{"@id":"https:\/\/www.diario21.tv\/noticias\/#website"},"primaryImageOfPage":{"@id":"https:\/\/www.diario21.tv\/noticias\/escandalo-en-burgos-hombre-arrestado-por-filmar-en-secreto-a-amigos-y-familiares-en-su-bano\/#primaryimage"},"image":{"@id":"https:\/\/www.diario21.tv\/noticias\/escandalo-en-burgos-hombre-arrestado-por-filmar-en-secreto-a-amigos-y-familiares-en-su-bano\/#primaryimage"},"thumbnailUrl":"https:\/\/www.diario21.tv\/noticias\/wp-content\/uploads\/2025\/08\/\u00a1Escandalo-en-Burgos-Hombre-arrestado-por-filmar-en-secreto-a.jpg","datePublished":"2025-08-03T14:46:46+00:00","dateModified":"2025-08-03T14:46:48+00:00","author":{"@id":"https:\/\/www.diario21.tv\/noticias\/#\/schema\/person\/dfb778f73814d8f09f302618446a526b"},"breadcrumb":{"@id":"https:\/\/www.diario21.tv\/noticias\/escandalo-en-burgos-hombre-arrestado-por-filmar-en-secreto-a-amigos-y-familiares-en-su-bano\/#breadcrumb"},"inLanguage":"es-AR","potentialAction":[{"@type":"ReadAction","target":["https:\/\/www.diario21.tv\/noticias\/escandalo-en-burgos-hombre-arrestado-por-filmar-en-secreto-a-amigos-y-familiares-en-su-bano\/"]}]},{"@type":"ImageObject","inLanguage":"es-AR","@id":"https:\/\/www.diario21.tv\/noticias\/escandalo-en-burgos-hombre-arrestado-por-filmar-en-secreto-a-amigos-y-familiares-en-su-bano\/#primaryimage","url":"https:\/\/www.diario21.tv\/noticias\/wp-content\/uploads\/2025\/08\/\u00a1Escandalo-en-Burgos-Hombre-arrestado-por-filmar-en-secreto-a.jpg","contentUrl":"https:\/\/www.diario21.tv\/noticias\/wp-content\/uploads\/2025\/08\/\u00a1Escandalo-en-Burgos-Hombre-arrestado-por-filmar-en-secreto-a.jpg","width":1920,"height":1080,"caption":"Detenido un hombre en Burgos por grabar en secreto a familiares y amigos en su ba\u00f1o"},{"@type":"BreadcrumbList","@id":"https:\/\/www.diario21.tv\/noticias\/escandalo-en-burgos-hombre-arrestado-por-filmar-en-secreto-a-amigos-y-familiares-en-su-bano\/#breadcrumb","itemListElement":[{"@type":"ListItem","position":1,"name":"Accueil","item":"https:\/\/www.diario21.tv\/noticias\/"},{"@type":"ListItem","position":2,"name":"\u00a1Esc\u00e1ndalo en Burgos! Hombre arrestado por filmar en secreto a amigos y familiares en su ba\u00f1o"}]},{"@type":"WebSite","@id":"https:\/\/www.diario21.tv\/noticias\/#website","url":"https:\/\/www.diario21.tv\/noticias\/","name":"Diario 21","description":"","potentialAction":[{"@type":"SearchAction","target":{"@type":"EntryPoint","urlTemplate":"https:\/\/www.diario21.tv\/noticias\/?s={search_term_string}"},"query-input":{"@type":"PropertyValueSpecification","valueRequired":true,"valueName":"search_term_string"}}],"inLanguage":"es-AR"},{"@type":"Person","@id":"https:\/\/www.diario21.tv\/noticias\/#\/schema\/person\/dfb778f73814d8f09f302618446a526b","name":"Juan P\u00e9rez","image":{"@type":"ImageObject","inLanguage":"es-AR","@id":"https:\/\/www.diario21.tv\/noticias\/#\/schema\/person\/image\/","url":"https:\/\/secure.gravatar.com\/avatar\/c478a405bd10621167f4c3167cc770f5?s=96&d=mm&r=g","contentUrl":"https:\/\/secure.gravatar.com\/avatar\/c478a405bd10621167f4c3167cc770f5?s=96&d=mm&r=g","caption":"Juan P\u00e9rez"},"description":"Juan P\u00e9rez es el redactor en jefe de Diario 21. Con m\u00e1s de 10 a\u00f1os de experiencia en el periodismo, se especializa en pol\u00edtica nacional y an\u00e1lisis socioecon\u00f3mico. Su enfoque cr\u00edtico y riguroso aporta una perspectiva \u00fanica a cada art\u00edculo.","sameAs":["https:\/\/www.diario21.tv\/noticias\/"],"url":"https:\/\/www.diario21.tv\/noticias\/author\/juan-perez\/"}]}},"_links":{"self":[{"href":"https:\/\/www.diario21.tv\/noticias\/wp-json\/wp\/v2\/posts\/4036"}],"collection":[{"href":"https:\/\/www.diario21.tv\/noticias\/wp-json\/wp\/v2\/posts"}],"about":[{"href":"https:\/\/www.diario21.tv\/noticias\/wp-json\/wp\/v2\/types\/post"}],"author":[{"embeddable":true,"href":"https:\/\/www.diario21.tv\/noticias\/wp-json\/wp\/v2\/users\/20"}],"replies":[{"embeddable":true,"href":"https:\/\/www.diario21.tv\/noticias\/wp-json\/wp\/v2\/comments?post=4036"}],"version-history":[{"count":1,"href":"https:\/\/www.diario21.tv\/noticias\/wp-json\/wp\/v2\/posts\/4036\/revisions"}],"predecessor-version":[{"id":4038,"href":"https:\/\/www.diario21.tv\/noticias\/wp-json\/wp\/v2\/posts\/4036\/revisions\/4038"}],"wp:featuredmedia":[{"embeddable":true,"href":"https:\/\/www.diario21.tv\/noticias\/wp-json\/wp\/v2\/media\/4037"}],"wp:attachment":[{"href":"https:\/\/www.diario21.tv\/noticias\/wp-json\/wp\/v2\/media?parent=4036"}],"wp:term":[{"taxonomy":"category","embeddable":true,"href":"https:\/\/www.diario21.tv\/noticias\/wp-json\/wp\/v2\/categories?post=4036"},{"taxonomy":"post_tag","embeddable":true,"href":"https:\/\/www.diario21.tv\/noticias\/wp-json\/wp\/v2\/tags?post=4036"}],"curies":[{"name":"wp","href":"https:\/\/api.w.org\/{rel}","templated":true}]}}