{"id":4021,"date":"2025-08-02T08:37:32","date_gmt":"2025-08-02T08:37:32","guid":{"rendered":"https:\/\/www.diario21.tv\/noticias\/tragedia-en-salou-dos-hermanos-britanicos-de-11-y-13-anos-mueren-ahogados-en-la-playa\/"},"modified":"2025-08-02T08:37:33","modified_gmt":"2025-08-02T08:37:33","slug":"tragedia-en-salou-dos-hermanos-britanicos-de-11-y-13-anos-mueren-ahogados-en-la-playa","status":"publish","type":"post","link":"https:\/\/www.diario21.tv\/noticias\/tragedia-en-salou-dos-hermanos-britanicos-de-11-y-13-anos-mueren-ahogados-en-la-playa\/","title":{"rendered":"Tragedia en Salou: Dos hermanos brit\u00e1nicos de 11 y 13 a\u00f1os mueren ahogados en la playa"},"content":{"rendered":"<h2>Tr\u00e1gico Ahogamiento de Dos J\u00f3venes Hermanos Brit\u00e1nicos en Salou<\/h2>\n<p>En un lamentable suceso, dos hermanos brit\u00e1nicos, de 11 y 13 a\u00f1os, perdieron la vida al ahogarse mientras se encontraban en una playa de Salou, una popular localidad costera en Espa\u00f1a. Este tr\u00e1gico evento ha conmocionado tanto a la comunidad local como a la comunidad internacional.<\/p>\n<h3>Detalles del Incidente<\/h3>\n<p>Los hechos ocurrieron durante una jornada en la que los dos j\u00f3venes, acompa\u00f1ados de su familia, decidieron pasar el d\u00eda en la playa. Seg\u00fan informes preliminares, los hermanos estaban jugando en el agua cuando, por razones a\u00fan no determinadas, comenzaron a tener dificultades para mantenerse a flote.<\/p>\n<p>A pesar de los esfuerzos de rescate realizados por los servicios de emergencia, que acudieron r\u00e1pidamente al lugar, desafortunadamente ambos ni\u00f1os fueron declarados fallecidos en la escena. La r\u00e1pida intervenci\u00f3n incluy\u00f3 a socorristas de la playa y otros ba\u00f1istas que intentaron ayudar a los menores tan pronto como se percataron de la situaci\u00f3n cr\u00edtica en la que se encontraban.<\/p>\n<h3>Reacciones y Consecuencias<\/h3>\n<p>La noticia de la muerte de los dos hermanos ha generado una profunda tristeza y numerosas muestras de condolencias hacia la familia afectada. La comunidad brit\u00e1nica en Salou, as\u00ed como los residentes y visitantes habituales de la zona, se han visto particularmente conmovidos por este suceso.<\/p>\n<p>Las autoridades locales han iniciado una investigaci\u00f3n para determinar las circunstancias exactas detr\u00e1s del tr\u00e1gico incidente. Paralelamente, se est\u00e1n revisando las medidas de seguridad existentes en las playas de la zona para prevenir futuros accidentes de este tipo. Se ha hecho un llamado a todos los padres y tutores para que mantengan una vigilancia constante de los ni\u00f1os mientras disfrutan de actividades acu\u00e1ticas.<\/p>\n<p>Este tr\u00e1gico suceso sirve como un doloroso recordatorio de los peligros potenciales que pueden presentarse en entornos acu\u00e1ticos, y la importancia de adherirse estrictamente a las normas de seguridad en la playa. Las autoridades han reiterado su compromiso de garantizar que las playas ofrezcan un entorno seguro para todos los visitantes, haciendo hincapi\u00e9 en la necesidad de una supervisi\u00f3n adecuada y medidas de precauci\u00f3n robustas.<\/p>\n<h3>Respuesta de la Comunidad y Apoyo<\/h3>\n<p>La comunidad en Salou y los alrededores se ha unido para ofrecer su apoyo y solidaridad a la familia de los ni\u00f1os fallecidos en estos momentos dif\u00edciles. Se han organizado vigilias y momentos de recuerdo, donde residentes y turistas pueden expresar sus respetos y apoyo a la familia doliente.<\/p>\n<p>Este incidente ha dejado una marca indeleble en la comunidad de Salou y ha reavivado el debate sobre la seguridad en las playas, especialmente durante los meses de mayor afluencia tur\u00edstica. La esperanza es que este tr\u00e1gico evento pueda conducir a mejoras significativas en las medidas de seguridad y en la concienciaci\u00f3n p\u00fablica sobre los riesgos asociados con el agua, para evitar que sucesos como este se repitan en el futuro.<\/p>\n\n\n<div class=\"kk-star-ratings kksr-auto kksr-align-left kksr-valign-bottom\"\n    data-payload='{&quot;align&quot;:&quot;left&quot;,&quot;id&quot;:&quot;4021&quot;,&quot;slug&quot;:&quot;default&quot;,&quot;valign&quot;:&quot;bottom&quot;,&quot;ignore&quot;:&quot;&quot;,&quot;reference&quot;:&quot;auto&quot;,&quot;class&quot;:&quot;&quot;,&quot;count&quot;:&quot;0&quot;,&quot;legendonly&quot;:&quot;&quot;,&quot;readonly&quot;:&quot;&quot;,&quot;score&quot;:&quot;0&quot;,&quot;starsonly&quot;:&quot;&quot;,&quot;best&quot;:&quot;5&quot;,&quot;gap&quot;:&quot;5&quot;,&quot;greet&quot;:&quot;Valora este post&quot;,&quot;legend&quot;:&quot;0\\\/5 - (0 votes)&quot;,&quot;size&quot;:&quot;22&quot;,&quot;title&quot;:&quot;Tragedia en Salou: Dos hermanos brit\u00e1nicos de 11 y 13 a\u00f1os mueren ahogados en la playa&quot;,&quot;width&quot;:&quot;0&quot;,&quot;_legend&quot;:&quot;{score}\\\/{best} - ({count} {votes})&quot;,&quot;font_factor&quot;:&quot;1.25&quot;}'>\n            \n<div class=\"kksr-stars\">\n    \n<div class=\"kksr-stars-inactive\">\n            <div class=\"kksr-star\" data-star=\"1\" style=\"padding-right: 5px\">\n            \n\n<div class=\"kksr-icon\" style=\"width: 22px; height: 22px;\"><\/div>\n        <\/div>\n            <div class=\"kksr-star\" data-star=\"2\" style=\"padding-right: 5px\">\n            \n\n<div class=\"kksr-icon\" style=\"width: 22px; height: 22px;\"><\/div>\n        <\/div>\n            <div class=\"kksr-star\" data-star=\"3\" style=\"padding-right: 5px\">\n            \n\n<div class=\"kksr-icon\" style=\"width: 22px; height: 22px;\"><\/div>\n        <\/div>\n            <div class=\"kksr-star\" data-star=\"4\" style=\"padding-right: 5px\">\n            \n\n<div class=\"kksr-icon\" style=\"width: 22px; height: 22px;\"><\/div>\n        <\/div>\n            <div class=\"kksr-star\" data-star=\"5\" style=\"padding-right: 5px\">\n            \n\n<div class=\"kksr-icon\" style=\"width: 22px; height: 22px;\"><\/div>\n        <\/div>\n    <\/div>\n    \n<div class=\"kksr-stars-active\" style=\"width: 0px;\">\n            <div class=\"kksr-star\" style=\"padding-right: 5px\">\n            \n\n<div class=\"kksr-icon\" style=\"width: 22px; height: 22px;\"><\/div>\n        <\/div>\n            <div class=\"kksr-star\" style=\"padding-right: 5px\">\n            \n\n<div class=\"kksr-icon\" style=\"width: 22px; height: 22px;\"><\/div>\n        <\/div>\n            <div class=\"kksr-star\" style=\"padding-right: 5px\">\n            \n\n<div class=\"kksr-icon\" style=\"width: 22px; height: 22px;\"><\/div>\n        <\/div>\n            <div class=\"kksr-star\" style=\"padding-right: 5px\">\n            \n\n<div class=\"kksr-icon\" style=\"width: 22px; height: 22px;\"><\/div>\n        <\/div>\n            <div class=\"kksr-star\" style=\"padding-right: 5px\">\n            \n\n<div class=\"kksr-icon\" style=\"width: 22px; height: 22px;\"><\/div>\n        <\/div>\n    <\/div>\n<\/div>\n                \n\n<div class=\"kksr-legend\" style=\"font-size: 17.6px;\">\n            <span class=\"kksr-muted\">Valora este post<\/span>\n    <\/div>\n    <\/div>\n","protected":false},"excerpt":{"rendered":"<p>Tr\u00e1gico Ahogamiento de Dos J\u00f3venes Hermanos Brit\u00e1nicos en Salou En un lamentable suceso, dos hermanos brit\u00e1nicos, de 11 y 13 a\u00f1os, perdieron la vida al ahogarse &#8230; <a title=\"Tragedia en Salou: Dos hermanos brit\u00e1nicos de 11 y 13 a\u00f1os mueren ahogados en la playa\" class=\"read-more\" href=\"https:\/\/www.diario21.tv\/noticias\/tragedia-en-salou-dos-hermanos-britanicos-de-11-y-13-anos-mueren-ahogados-en-la-playa\/\" aria-label=\"Leer m\u00e1s sobre Tragedia en Salou: Dos hermanos brit\u00e1nicos de 11 y 13 a\u00f1os mueren ahogados en la playa\">Seguir leyendo &rarr;<\/a><\/p>\n","protected":false},"author":20,"featured_media":4022,"comment_status":"open","ping_status":"open","sticky":false,"template":"","format":"standard","meta":{"footnotes":""},"categories":[13],"tags":[],"class_list":["post-4021","post","type-post","status-publish","format-standard","has-post-thumbnail","hentry","category-portada"],"yoast_head":"<!-- This site is optimized with the Yoast SEO plugin v25.6 - https:\/\/yoast.com\/wordpress\/plugins\/seo\/ -->\n<title>Tragedia en Salou: Dos hermanos brit\u00e1nicos de 11 y 13 a\u00f1os mueren ahogados en la playa - Diario 21<\/title>\n<meta name=\"robots\" content=\"index, follow, max-snippet:-1, max-image-preview:large, max-video-preview:-1\" \/>\n<link rel=\"canonical\" href=\"https:\/\/www.diario21.tv\/noticias\/tragedia-en-salou-dos-hermanos-britanicos-de-11-y-13-anos-mueren-ahogados-en-la-playa\/\" \/>\n<meta property=\"og:locale\" content=\"es_ES\" \/>\n<meta property=\"og:type\" content=\"article\" \/>\n<meta property=\"og:title\" content=\"Tragedia en Salou: Dos hermanos brit\u00e1nicos de 11 y 13 a\u00f1os mueren ahogados en la playa - Diario 21\" \/>\n<meta property=\"og:description\" content=\"Tr\u00e1gico Ahogamiento de Dos J\u00f3venes Hermanos Brit\u00e1nicos en Salou En un lamentable suceso, dos hermanos brit\u00e1nicos, de 11 y 13 a\u00f1os, perdieron la vida al ahogarse ... Seguir leyendo &rarr;\" \/>\n<meta property=\"og:url\" content=\"https:\/\/www.diario21.tv\/noticias\/tragedia-en-salou-dos-hermanos-britanicos-de-11-y-13-anos-mueren-ahogados-en-la-playa\/\" \/>\n<meta property=\"og:site_name\" content=\"Diario 21\" \/>\n<meta property=\"article:published_time\" content=\"2025-08-02T08:37:32+00:00\" \/>\n<meta property=\"article:modified_time\" content=\"2025-08-02T08:37:33+00:00\" \/>\n<meta property=\"og:image\" content=\"https:\/\/www.diario21.tv\/noticias\/wp-content\/uploads\/2025\/08\/Tragedia-en-Salou-Dos-hermanos-britanicos-de-11-y-13.jpg\" \/>\n\t<meta property=\"og:image:width\" content=\"1200\" \/>\n\t<meta property=\"og:image:height\" content=\"840\" \/>\n\t<meta property=\"og:image:type\" content=\"image\/jpeg\" \/>\n<meta name=\"author\" content=\"Juan P\u00e9rez\" \/>\n<meta name=\"twitter:card\" content=\"summary_large_image\" \/>\n<meta name=\"twitter:label1\" content=\"Escrito por\" \/>\n\t<meta name=\"twitter:data1\" content=\"Juan P\u00e9rez\" \/>\n\t<meta name=\"twitter:label2\" content=\"Tiempo de lectura\" \/>\n\t<meta name=\"twitter:data2\" content=\"3 minutos\" \/>\n<script type=\"application\/ld+json\" class=\"yoast-schema-graph\">{\"@context\":\"https:\/\/schema.org\",\"@graph\":[{\"@type\":\"WebPage\",\"@id\":\"https:\/\/www.diario21.tv\/noticias\/tragedia-en-salou-dos-hermanos-britanicos-de-11-y-13-anos-mueren-ahogados-en-la-playa\/\",\"url\":\"https:\/\/www.diario21.tv\/noticias\/tragedia-en-salou-dos-hermanos-britanicos-de-11-y-13-anos-mueren-ahogados-en-la-playa\/\",\"name\":\"Tragedia en Salou: Dos hermanos brit\u00e1nicos de 11 y 13 a\u00f1os mueren ahogados en la playa - Diario 21\",\"isPartOf\":{\"@id\":\"https:\/\/www.diario21.tv\/noticias\/#website\"},\"primaryImageOfPage\":{\"@id\":\"https:\/\/www.diario21.tv\/noticias\/tragedia-en-salou-dos-hermanos-britanicos-de-11-y-13-anos-mueren-ahogados-en-la-playa\/#primaryimage\"},\"image\":{\"@id\":\"https:\/\/www.diario21.tv\/noticias\/tragedia-en-salou-dos-hermanos-britanicos-de-11-y-13-anos-mueren-ahogados-en-la-playa\/#primaryimage\"},\"thumbnailUrl\":\"https:\/\/www.diario21.tv\/noticias\/wp-content\/uploads\/2025\/08\/Tragedia-en-Salou-Dos-hermanos-britanicos-de-11-y-13.jpg\",\"datePublished\":\"2025-08-02T08:37:32+00:00\",\"dateModified\":\"2025-08-02T08:37:33+00:00\",\"author\":{\"@id\":\"https:\/\/www.diario21.tv\/noticias\/#\/schema\/person\/dfb778f73814d8f09f302618446a526b\"},\"breadcrumb\":{\"@id\":\"https:\/\/www.diario21.tv\/noticias\/tragedia-en-salou-dos-hermanos-britanicos-de-11-y-13-anos-mueren-ahogados-en-la-playa\/#breadcrumb\"},\"inLanguage\":\"es-AR\",\"potentialAction\":[{\"@type\":\"ReadAction\",\"target\":[\"https:\/\/www.diario21.tv\/noticias\/tragedia-en-salou-dos-hermanos-britanicos-de-11-y-13-anos-mueren-ahogados-en-la-playa\/\"]}]},{\"@type\":\"ImageObject\",\"inLanguage\":\"es-AR\",\"@id\":\"https:\/\/www.diario21.tv\/noticias\/tragedia-en-salou-dos-hermanos-britanicos-de-11-y-13-anos-mueren-ahogados-en-la-playa\/#primaryimage\",\"url\":\"https:\/\/www.diario21.tv\/noticias\/wp-content\/uploads\/2025\/08\/Tragedia-en-Salou-Dos-hermanos-britanicos-de-11-y-13.jpg\",\"contentUrl\":\"https:\/\/www.diario21.tv\/noticias\/wp-content\/uploads\/2025\/08\/Tragedia-en-Salou-Dos-hermanos-britanicos-de-11-y-13.jpg\",\"width\":1200,\"height\":840,\"caption\":\"Mueren ahogados dos hermanos brit\u00e1nicos de 11 y 13 a\u00f1os en una playa de Salou\"},{\"@type\":\"BreadcrumbList\",\"@id\":\"https:\/\/www.diario21.tv\/noticias\/tragedia-en-salou-dos-hermanos-britanicos-de-11-y-13-anos-mueren-ahogados-en-la-playa\/#breadcrumb\",\"itemListElement\":[{\"@type\":\"ListItem\",\"position\":1,\"name\":\"Accueil\",\"item\":\"https:\/\/www.diario21.tv\/noticias\/\"},{\"@type\":\"ListItem\",\"position\":2,\"name\":\"Tragedia en Salou: Dos hermanos brit\u00e1nicos de 11 y 13 a\u00f1os mueren ahogados en la playa\"}]},{\"@type\":\"WebSite\",\"@id\":\"https:\/\/www.diario21.tv\/noticias\/#website\",\"url\":\"https:\/\/www.diario21.tv\/noticias\/\",\"name\":\"Diario 21\",\"description\":\"\",\"potentialAction\":[{\"@type\":\"SearchAction\",\"target\":{\"@type\":\"EntryPoint\",\"urlTemplate\":\"https:\/\/www.diario21.tv\/noticias\/?s={search_term_string}\"},\"query-input\":{\"@type\":\"PropertyValueSpecification\",\"valueRequired\":true,\"valueName\":\"search_term_string\"}}],\"inLanguage\":\"es-AR\"},{\"@type\":\"Person\",\"@id\":\"https:\/\/www.diario21.tv\/noticias\/#\/schema\/person\/dfb778f73814d8f09f302618446a526b\",\"name\":\"Juan P\u00e9rez\",\"image\":{\"@type\":\"ImageObject\",\"inLanguage\":\"es-AR\",\"@id\":\"https:\/\/www.diario21.tv\/noticias\/#\/schema\/person\/image\/\",\"url\":\"https:\/\/secure.gravatar.com\/avatar\/c478a405bd10621167f4c3167cc770f5?s=96&d=mm&r=g\",\"contentUrl\":\"https:\/\/secure.gravatar.com\/avatar\/c478a405bd10621167f4c3167cc770f5?s=96&d=mm&r=g\",\"caption\":\"Juan P\u00e9rez\"},\"description\":\"Juan P\u00e9rez es el redactor en jefe de Diario 21. Con m\u00e1s de 10 a\u00f1os de experiencia en el periodismo, se especializa en pol\u00edtica nacional y an\u00e1lisis socioecon\u00f3mico. Su enfoque cr\u00edtico y riguroso aporta una perspectiva \u00fanica a cada art\u00edculo.\",\"sameAs\":[\"https:\/\/www.diario21.tv\/noticias\/\"],\"url\":\"https:\/\/www.diario21.tv\/noticias\/author\/juan-perez\/\"}]}<\/script>\n<!-- \/ Yoast SEO plugin. -->","yoast_head_json":{"title":"Tragedia en Salou: Dos hermanos brit\u00e1nicos de 11 y 13 a\u00f1os mueren ahogados en la playa - Diario 21","robots":{"index":"index","follow":"follow","max-snippet":"max-snippet:-1","max-image-preview":"max-image-preview:large","max-video-preview":"max-video-preview:-1"},"canonical":"https:\/\/www.diario21.tv\/noticias\/tragedia-en-salou-dos-hermanos-britanicos-de-11-y-13-anos-mueren-ahogados-en-la-playa\/","og_locale":"es_ES","og_type":"article","og_title":"Tragedia en Salou: Dos hermanos brit\u00e1nicos de 11 y 13 a\u00f1os mueren ahogados en la playa - Diario 21","og_description":"Tr\u00e1gico Ahogamiento de Dos J\u00f3venes Hermanos Brit\u00e1nicos en Salou En un lamentable suceso, dos hermanos brit\u00e1nicos, de 11 y 13 a\u00f1os, perdieron la vida al ahogarse ... Seguir leyendo &rarr;","og_url":"https:\/\/www.diario21.tv\/noticias\/tragedia-en-salou-dos-hermanos-britanicos-de-11-y-13-anos-mueren-ahogados-en-la-playa\/","og_site_name":"Diario 21","article_published_time":"2025-08-02T08:37:32+00:00","article_modified_time":"2025-08-02T08:37:33+00:00","og_image":[{"width":1200,"height":840,"url":"https:\/\/www.diario21.tv\/noticias\/wp-content\/uploads\/2025\/08\/Tragedia-en-Salou-Dos-hermanos-britanicos-de-11-y-13.jpg","type":"image\/jpeg"}],"author":"Juan P\u00e9rez","twitter_card":"summary_large_image","twitter_misc":{"Escrito por":"Juan P\u00e9rez","Tiempo de lectura":"3 minutos"},"schema":{"@context":"https:\/\/schema.org","@graph":[{"@type":"WebPage","@id":"https:\/\/www.diario21.tv\/noticias\/tragedia-en-salou-dos-hermanos-britanicos-de-11-y-13-anos-mueren-ahogados-en-la-playa\/","url":"https:\/\/www.diario21.tv\/noticias\/tragedia-en-salou-dos-hermanos-britanicos-de-11-y-13-anos-mueren-ahogados-en-la-playa\/","name":"Tragedia en Salou: Dos hermanos brit\u00e1nicos de 11 y 13 a\u00f1os mueren ahogados en la playa - Diario 21","isPartOf":{"@id":"https:\/\/www.diario21.tv\/noticias\/#website"},"primaryImageOfPage":{"@id":"https:\/\/www.diario21.tv\/noticias\/tragedia-en-salou-dos-hermanos-britanicos-de-11-y-13-anos-mueren-ahogados-en-la-playa\/#primaryimage"},"image":{"@id":"https:\/\/www.diario21.tv\/noticias\/tragedia-en-salou-dos-hermanos-britanicos-de-11-y-13-anos-mueren-ahogados-en-la-playa\/#primaryimage"},"thumbnailUrl":"https:\/\/www.diario21.tv\/noticias\/wp-content\/uploads\/2025\/08\/Tragedia-en-Salou-Dos-hermanos-britanicos-de-11-y-13.jpg","datePublished":"2025-08-02T08:37:32+00:00","dateModified":"2025-08-02T08:37:33+00:00","author":{"@id":"https:\/\/www.diario21.tv\/noticias\/#\/schema\/person\/dfb778f73814d8f09f302618446a526b"},"breadcrumb":{"@id":"https:\/\/www.diario21.tv\/noticias\/tragedia-en-salou-dos-hermanos-britanicos-de-11-y-13-anos-mueren-ahogados-en-la-playa\/#breadcrumb"},"inLanguage":"es-AR","potentialAction":[{"@type":"ReadAction","target":["https:\/\/www.diario21.tv\/noticias\/tragedia-en-salou-dos-hermanos-britanicos-de-11-y-13-anos-mueren-ahogados-en-la-playa\/"]}]},{"@type":"ImageObject","inLanguage":"es-AR","@id":"https:\/\/www.diario21.tv\/noticias\/tragedia-en-salou-dos-hermanos-britanicos-de-11-y-13-anos-mueren-ahogados-en-la-playa\/#primaryimage","url":"https:\/\/www.diario21.tv\/noticias\/wp-content\/uploads\/2025\/08\/Tragedia-en-Salou-Dos-hermanos-britanicos-de-11-y-13.jpg","contentUrl":"https:\/\/www.diario21.tv\/noticias\/wp-content\/uploads\/2025\/08\/Tragedia-en-Salou-Dos-hermanos-britanicos-de-11-y-13.jpg","width":1200,"height":840,"caption":"Mueren ahogados dos hermanos brit\u00e1nicos de 11 y 13 a\u00f1os en una playa de Salou"},{"@type":"BreadcrumbList","@id":"https:\/\/www.diario21.tv\/noticias\/tragedia-en-salou-dos-hermanos-britanicos-de-11-y-13-anos-mueren-ahogados-en-la-playa\/#breadcrumb","itemListElement":[{"@type":"ListItem","position":1,"name":"Accueil","item":"https:\/\/www.diario21.tv\/noticias\/"},{"@type":"ListItem","position":2,"name":"Tragedia en Salou: Dos hermanos brit\u00e1nicos de 11 y 13 a\u00f1os mueren ahogados en la playa"}]},{"@type":"WebSite","@id":"https:\/\/www.diario21.tv\/noticias\/#website","url":"https:\/\/www.diario21.tv\/noticias\/","name":"Diario 21","description":"","potentialAction":[{"@type":"SearchAction","target":{"@type":"EntryPoint","urlTemplate":"https:\/\/www.diario21.tv\/noticias\/?s={search_term_string}"},"query-input":{"@type":"PropertyValueSpecification","valueRequired":true,"valueName":"search_term_string"}}],"inLanguage":"es-AR"},{"@type":"Person","@id":"https:\/\/www.diario21.tv\/noticias\/#\/schema\/person\/dfb778f73814d8f09f302618446a526b","name":"Juan P\u00e9rez","image":{"@type":"ImageObject","inLanguage":"es-AR","@id":"https:\/\/www.diario21.tv\/noticias\/#\/schema\/person\/image\/","url":"https:\/\/secure.gravatar.com\/avatar\/c478a405bd10621167f4c3167cc770f5?s=96&d=mm&r=g","contentUrl":"https:\/\/secure.gravatar.com\/avatar\/c478a405bd10621167f4c3167cc770f5?s=96&d=mm&r=g","caption":"Juan P\u00e9rez"},"description":"Juan P\u00e9rez es el redactor en jefe de Diario 21. Con m\u00e1s de 10 a\u00f1os de experiencia en el periodismo, se especializa en pol\u00edtica nacional y an\u00e1lisis socioecon\u00f3mico. Su enfoque cr\u00edtico y riguroso aporta una perspectiva \u00fanica a cada art\u00edculo.","sameAs":["https:\/\/www.diario21.tv\/noticias\/"],"url":"https:\/\/www.diario21.tv\/noticias\/author\/juan-perez\/"}]}},"_links":{"self":[{"href":"https:\/\/www.diario21.tv\/noticias\/wp-json\/wp\/v2\/posts\/4021"}],"collection":[{"href":"https:\/\/www.diario21.tv\/noticias\/wp-json\/wp\/v2\/posts"}],"about":[{"href":"https:\/\/www.diario21.tv\/noticias\/wp-json\/wp\/v2\/types\/post"}],"author":[{"embeddable":true,"href":"https:\/\/www.diario21.tv\/noticias\/wp-json\/wp\/v2\/users\/20"}],"replies":[{"embeddable":true,"href":"https:\/\/www.diario21.tv\/noticias\/wp-json\/wp\/v2\/comments?post=4021"}],"version-history":[{"count":1,"href":"https:\/\/www.diario21.tv\/noticias\/wp-json\/wp\/v2\/posts\/4021\/revisions"}],"predecessor-version":[{"id":4023,"href":"https:\/\/www.diario21.tv\/noticias\/wp-json\/wp\/v2\/posts\/4021\/revisions\/4023"}],"wp:featuredmedia":[{"embeddable":true,"href":"https:\/\/www.diario21.tv\/noticias\/wp-json\/wp\/v2\/media\/4022"}],"wp:attachment":[{"href":"https:\/\/www.diario21.tv\/noticias\/wp-json\/wp\/v2\/media?parent=4021"}],"wp:term":[{"taxonomy":"category","embeddable":true,"href":"https:\/\/www.diario21.tv\/noticias\/wp-json\/wp\/v2\/categories?post=4021"},{"taxonomy":"post_tag","embeddable":true,"href":"https:\/\/www.diario21.tv\/noticias\/wp-json\/wp\/v2\/tags?post=4021"}],"curies":[{"name":"wp","href":"https:\/\/api.w.org\/{rel}","templated":true}]}}