{"id":3994,"date":"2025-07-31T02:17:02","date_gmt":"2025-07-31T02:17:02","guid":{"rendered":"https:\/\/www.diario21.tv\/noticias\/impactante-intento-de-asesinato-en-alicante-hombre-detenido-por-incendiar-casa-con-pareja-dentro\/"},"modified":"2025-07-31T02:17:03","modified_gmt":"2025-07-31T02:17:03","slug":"impactante-intento-de-asesinato-en-alicante-hombre-detenido-por-incendiar-casa-con-pareja-dentro","status":"publish","type":"post","link":"https:\/\/www.diario21.tv\/noticias\/impactante-intento-de-asesinato-en-alicante-hombre-detenido-por-incendiar-casa-con-pareja-dentro\/","title":{"rendered":"\u00a1Impactante intento de asesinato en Alicante! Hombre detenido por incendiar casa con pareja dentro"},"content":{"rendered":"<h2>Arresto tras un intento de homicidio incendiario en Alicante<\/h2>\n<p>Un hombre ha sido aprehendido por las autoridades despu\u00e9s de que presuntamente intentara matar a su pareja prendiendo fuego a la vivienda en la que resid\u00eda la pareja, ubicada en Alicante. Este grave incidente ha conmocionado a la comunidad local y ha puesto de manifiesto los peligros del abuso dom\u00e9stico.<\/p>\n<h3>Detalles del incidente<\/h3>\n<p>Los hechos se desencadenaron en la noche del pasado s\u00e1bado, cuando el sospechoso, cuya identidad no ha sido revelada por motivos legales, supuestamente inici\u00f3 un incendio de manera deliberada mientras su pareja se encontraba dentro de la casa. Afortunadamente, la r\u00e1pida intervenci\u00f3n de los servicios de emergencia permiti\u00f3 que la v\u00edctima fuera rescatada a tiempo y se evitaran tragedias mayores.<\/p>\n<p>La polic\u00eda fue alertada por vecinos que notaron el fuego y los gritos provenientes de la vivienda siniestrada. Al llegar al lugar, los bomberos trabajaron arduamente para controlar y extinguir las llamas, mientras que los param\u00e9dicos atend\u00edan a la v\u00edctima, quien sufri\u00f3 efectos por la inhalaci\u00f3n de humo pero, por fortuna, se encuentra fuera de peligro seg\u00fan los \u00faltimos informes m\u00e9dicos.<\/p>\n<h3>Investigaci\u00f3n y arresto<\/h3>\n<p>El presunto agresor fue detenido en el acto, gracias a la colaboraci\u00f3n de testigos y la r\u00e1pida respuesta de la polic\u00eda. Actualmente, se encuentra bajo custodia policial mientras se llevan a cabo las investigaciones pertinentes. Las autoridades han indicado que el hombre enfrentar\u00e1 cargos por intento de homicidio y podr\u00eda enfrentar una pena significativa si es encontrado culpable.<\/p>\n<p>Este caso ha resaltado la importancia de la prevenci\u00f3n y la intervenci\u00f3n en situaciones de violencia dom\u00e9stica, y ha reforzado la necesidad de que las v\u00edctimas busquen ayuda y protecci\u00f3n a la primera se\u00f1al de peligro. Las autoridades locales han reiterado su compromiso con la lucha contra la violencia dom\u00e9stica y han puesto a disposici\u00f3n recursos y apoyo para quienes los necesiten.<\/p>\n<h3>Reacciones de la comunidad<\/h3>\n<p>La comunidad de Alicante ha reaccionado con consternaci\u00f3n y apoyo hacia la v\u00edctima. Diversas organizaciones locales han expresado su solidaridad y han ofrecido asistencia, tanto legal como psicol\u00f3gica, a aquellos afectados por actos de violencia. Adem\u00e1s, este incidente ha impulsado el debate sobre las medidas de seguridad y prevenci\u00f3n en casos de violencia intrafamiliar.<\/p>\n<h3>Conclusi\u00f3n<\/h3>\n<p>Mientras la v\u00edctima se recupera del trauma y las lesiones f\u00edsicas, la comunidad y las autoridades contin\u00faan trabajando juntas para prevenir futuros incidentes y asegurar que el agresor sea llevado ante la justicia. Este caso sirve como un recordatorio sombr\u00edo de los peligros de la violencia dom\u00e9stica y la necesidad de permanecer vigilantes y comprometidos en la protecci\u00f3n de los m\u00e1s vulnerables en nuestra sociedad.<\/p>\n\n\n<div class=\"kk-star-ratings kksr-auto kksr-align-left kksr-valign-bottom\"\n    data-payload='{&quot;align&quot;:&quot;left&quot;,&quot;id&quot;:&quot;3994&quot;,&quot;slug&quot;:&quot;default&quot;,&quot;valign&quot;:&quot;bottom&quot;,&quot;ignore&quot;:&quot;&quot;,&quot;reference&quot;:&quot;auto&quot;,&quot;class&quot;:&quot;&quot;,&quot;count&quot;:&quot;0&quot;,&quot;legendonly&quot;:&quot;&quot;,&quot;readonly&quot;:&quot;&quot;,&quot;score&quot;:&quot;0&quot;,&quot;starsonly&quot;:&quot;&quot;,&quot;best&quot;:&quot;5&quot;,&quot;gap&quot;:&quot;5&quot;,&quot;greet&quot;:&quot;Valora este post&quot;,&quot;legend&quot;:&quot;0\\\/5 - (0 votes)&quot;,&quot;size&quot;:&quot;22&quot;,&quot;title&quot;:&quot;\u00a1Impactante intento de asesinato en Alicante! Hombre detenido por incendiar casa con pareja dentro&quot;,&quot;width&quot;:&quot;0&quot;,&quot;_legend&quot;:&quot;{score}\\\/{best} - ({count} {votes})&quot;,&quot;font_factor&quot;:&quot;1.25&quot;}'>\n            \n<div class=\"kksr-stars\">\n    \n<div class=\"kksr-stars-inactive\">\n            <div class=\"kksr-star\" data-star=\"1\" style=\"padding-right: 5px\">\n            \n\n<div class=\"kksr-icon\" style=\"width: 22px; height: 22px;\"><\/div>\n        <\/div>\n            <div class=\"kksr-star\" data-star=\"2\" style=\"padding-right: 5px\">\n            \n\n<div class=\"kksr-icon\" style=\"width: 22px; height: 22px;\"><\/div>\n        <\/div>\n            <div class=\"kksr-star\" data-star=\"3\" style=\"padding-right: 5px\">\n            \n\n<div class=\"kksr-icon\" style=\"width: 22px; height: 22px;\"><\/div>\n        <\/div>\n            <div class=\"kksr-star\" data-star=\"4\" style=\"padding-right: 5px\">\n            \n\n<div class=\"kksr-icon\" style=\"width: 22px; height: 22px;\"><\/div>\n        <\/div>\n            <div class=\"kksr-star\" data-star=\"5\" style=\"padding-right: 5px\">\n            \n\n<div class=\"kksr-icon\" style=\"width: 22px; height: 22px;\"><\/div>\n        <\/div>\n    <\/div>\n    \n<div class=\"kksr-stars-active\" style=\"width: 0px;\">\n            <div class=\"kksr-star\" style=\"padding-right: 5px\">\n            \n\n<div class=\"kksr-icon\" style=\"width: 22px; height: 22px;\"><\/div>\n        <\/div>\n            <div class=\"kksr-star\" style=\"padding-right: 5px\">\n            \n\n<div class=\"kksr-icon\" style=\"width: 22px; height: 22px;\"><\/div>\n        <\/div>\n            <div class=\"kksr-star\" style=\"padding-right: 5px\">\n            \n\n<div class=\"kksr-icon\" style=\"width: 22px; height: 22px;\"><\/div>\n        <\/div>\n            <div class=\"kksr-star\" style=\"padding-right: 5px\">\n            \n\n<div class=\"kksr-icon\" style=\"width: 22px; height: 22px;\"><\/div>\n        <\/div>\n            <div class=\"kksr-star\" style=\"padding-right: 5px\">\n            \n\n<div class=\"kksr-icon\" style=\"width: 22px; height: 22px;\"><\/div>\n        <\/div>\n    <\/div>\n<\/div>\n                \n\n<div class=\"kksr-legend\" style=\"font-size: 17.6px;\">\n            <span class=\"kksr-muted\">Valora este post<\/span>\n    <\/div>\n    <\/div>\n","protected":false},"excerpt":{"rendered":"<p>Arresto tras un intento de homicidio incendiario en Alicante Un hombre ha sido aprehendido por las autoridades despu\u00e9s de que presuntamente intentara matar a su pareja &#8230; <a title=\"\u00a1Impactante intento de asesinato en Alicante! Hombre detenido por incendiar casa con pareja dentro\" class=\"read-more\" href=\"https:\/\/www.diario21.tv\/noticias\/impactante-intento-de-asesinato-en-alicante-hombre-detenido-por-incendiar-casa-con-pareja-dentro\/\" aria-label=\"Leer m\u00e1s sobre \u00a1Impactante intento de asesinato en Alicante! Hombre detenido por incendiar casa con pareja dentro\">Seguir leyendo &rarr;<\/a><\/p>\n","protected":false},"author":20,"featured_media":3995,"comment_status":"open","ping_status":"open","sticky":false,"template":"","format":"standard","meta":{"footnotes":""},"categories":[13],"tags":[],"class_list":["post-3994","post","type-post","status-publish","format-standard","has-post-thumbnail","hentry","category-portada"],"yoast_head":"<!-- This site is optimized with the Yoast SEO plugin v25.6 - https:\/\/yoast.com\/wordpress\/plugins\/seo\/ -->\n<title>\u00a1Impactante intento de asesinato en Alicante! Hombre detenido por incendiar casa con pareja dentro - Diario 21<\/title>\n<meta name=\"robots\" content=\"index, follow, max-snippet:-1, max-image-preview:large, max-video-preview:-1\" \/>\n<link rel=\"canonical\" href=\"https:\/\/www.diario21.tv\/noticias\/impactante-intento-de-asesinato-en-alicante-hombre-detenido-por-incendiar-casa-con-pareja-dentro\/\" \/>\n<meta property=\"og:locale\" content=\"es_ES\" \/>\n<meta property=\"og:type\" content=\"article\" \/>\n<meta property=\"og:title\" content=\"\u00a1Impactante intento de asesinato en Alicante! Hombre detenido por incendiar casa con pareja dentro - Diario 21\" \/>\n<meta property=\"og:description\" content=\"Arresto tras un intento de homicidio incendiario en Alicante Un hombre ha sido aprehendido por las autoridades despu\u00e9s de que presuntamente intentara matar a su pareja ... Seguir leyendo &rarr;\" \/>\n<meta property=\"og:url\" content=\"https:\/\/www.diario21.tv\/noticias\/impactante-intento-de-asesinato-en-alicante-hombre-detenido-por-incendiar-casa-con-pareja-dentro\/\" \/>\n<meta property=\"og:site_name\" content=\"Diario 21\" \/>\n<meta property=\"article:published_time\" content=\"2025-07-31T02:17:02+00:00\" \/>\n<meta property=\"article:modified_time\" content=\"2025-07-31T02:17:03+00:00\" \/>\n<meta property=\"og:image\" content=\"https:\/\/www.diario21.tv\/noticias\/wp-content\/uploads\/2025\/07\/\u00a1Impactante-intento-de-asesinato-en-Alicante-Hombre-detenido-por-incendiar.jpg\" \/>\n\t<meta property=\"og:image:width\" content=\"1200\" \/>\n\t<meta property=\"og:image:height\" content=\"840\" \/>\n\t<meta property=\"og:image:type\" content=\"image\/jpeg\" \/>\n<meta name=\"author\" content=\"Juan P\u00e9rez\" \/>\n<meta name=\"twitter:card\" content=\"summary_large_image\" \/>\n<meta name=\"twitter:label1\" content=\"Escrito por\" \/>\n\t<meta name=\"twitter:data1\" content=\"Juan P\u00e9rez\" \/>\n\t<meta name=\"twitter:label2\" content=\"Tiempo de lectura\" \/>\n\t<meta name=\"twitter:data2\" content=\"2 minutos\" \/>\n<script type=\"application\/ld+json\" class=\"yoast-schema-graph\">{\"@context\":\"https:\/\/schema.org\",\"@graph\":[{\"@type\":\"WebPage\",\"@id\":\"https:\/\/www.diario21.tv\/noticias\/impactante-intento-de-asesinato-en-alicante-hombre-detenido-por-incendiar-casa-con-pareja-dentro\/\",\"url\":\"https:\/\/www.diario21.tv\/noticias\/impactante-intento-de-asesinato-en-alicante-hombre-detenido-por-incendiar-casa-con-pareja-dentro\/\",\"name\":\"\u00a1Impactante intento de asesinato en Alicante! Hombre detenido por incendiar casa con pareja dentro - Diario 21\",\"isPartOf\":{\"@id\":\"https:\/\/www.diario21.tv\/noticias\/#website\"},\"primaryImageOfPage\":{\"@id\":\"https:\/\/www.diario21.tv\/noticias\/impactante-intento-de-asesinato-en-alicante-hombre-detenido-por-incendiar-casa-con-pareja-dentro\/#primaryimage\"},\"image\":{\"@id\":\"https:\/\/www.diario21.tv\/noticias\/impactante-intento-de-asesinato-en-alicante-hombre-detenido-por-incendiar-casa-con-pareja-dentro\/#primaryimage\"},\"thumbnailUrl\":\"https:\/\/www.diario21.tv\/noticias\/wp-content\/uploads\/2025\/07\/\u00a1Impactante-intento-de-asesinato-en-Alicante-Hombre-detenido-por-incendiar.jpg\",\"datePublished\":\"2025-07-31T02:17:02+00:00\",\"dateModified\":\"2025-07-31T02:17:03+00:00\",\"author\":{\"@id\":\"https:\/\/www.diario21.tv\/noticias\/#\/schema\/person\/dfb778f73814d8f09f302618446a526b\"},\"breadcrumb\":{\"@id\":\"https:\/\/www.diario21.tv\/noticias\/impactante-intento-de-asesinato-en-alicante-hombre-detenido-por-incendiar-casa-con-pareja-dentro\/#breadcrumb\"},\"inLanguage\":\"es-AR\",\"potentialAction\":[{\"@type\":\"ReadAction\",\"target\":[\"https:\/\/www.diario21.tv\/noticias\/impactante-intento-de-asesinato-en-alicante-hombre-detenido-por-incendiar-casa-con-pareja-dentro\/\"]}]},{\"@type\":\"ImageObject\",\"inLanguage\":\"es-AR\",\"@id\":\"https:\/\/www.diario21.tv\/noticias\/impactante-intento-de-asesinato-en-alicante-hombre-detenido-por-incendiar-casa-con-pareja-dentro\/#primaryimage\",\"url\":\"https:\/\/www.diario21.tv\/noticias\/wp-content\/uploads\/2025\/07\/\u00a1Impactante-intento-de-asesinato-en-Alicante-Hombre-detenido-por-incendiar.jpg\",\"contentUrl\":\"https:\/\/www.diario21.tv\/noticias\/wp-content\/uploads\/2025\/07\/\u00a1Impactante-intento-de-asesinato-en-Alicante-Hombre-detenido-por-incendiar.jpg\",\"width\":1200,\"height\":840,\"caption\":\"Detenido despu\u00e9s de intentar asesinar a su pareja incendiando su casa en Alicante\"},{\"@type\":\"BreadcrumbList\",\"@id\":\"https:\/\/www.diario21.tv\/noticias\/impactante-intento-de-asesinato-en-alicante-hombre-detenido-por-incendiar-casa-con-pareja-dentro\/#breadcrumb\",\"itemListElement\":[{\"@type\":\"ListItem\",\"position\":1,\"name\":\"Accueil\",\"item\":\"https:\/\/www.diario21.tv\/noticias\/\"},{\"@type\":\"ListItem\",\"position\":2,\"name\":\"\u00a1Impactante intento de asesinato en Alicante! Hombre detenido por incendiar casa con pareja dentro\"}]},{\"@type\":\"WebSite\",\"@id\":\"https:\/\/www.diario21.tv\/noticias\/#website\",\"url\":\"https:\/\/www.diario21.tv\/noticias\/\",\"name\":\"Diario 21\",\"description\":\"\",\"potentialAction\":[{\"@type\":\"SearchAction\",\"target\":{\"@type\":\"EntryPoint\",\"urlTemplate\":\"https:\/\/www.diario21.tv\/noticias\/?s={search_term_string}\"},\"query-input\":{\"@type\":\"PropertyValueSpecification\",\"valueRequired\":true,\"valueName\":\"search_term_string\"}}],\"inLanguage\":\"es-AR\"},{\"@type\":\"Person\",\"@id\":\"https:\/\/www.diario21.tv\/noticias\/#\/schema\/person\/dfb778f73814d8f09f302618446a526b\",\"name\":\"Juan P\u00e9rez\",\"image\":{\"@type\":\"ImageObject\",\"inLanguage\":\"es-AR\",\"@id\":\"https:\/\/www.diario21.tv\/noticias\/#\/schema\/person\/image\/\",\"url\":\"https:\/\/secure.gravatar.com\/avatar\/c478a405bd10621167f4c3167cc770f5?s=96&d=mm&r=g\",\"contentUrl\":\"https:\/\/secure.gravatar.com\/avatar\/c478a405bd10621167f4c3167cc770f5?s=96&d=mm&r=g\",\"caption\":\"Juan P\u00e9rez\"},\"description\":\"Juan P\u00e9rez es el redactor en jefe de Diario 21. Con m\u00e1s de 10 a\u00f1os de experiencia en el periodismo, se especializa en pol\u00edtica nacional y an\u00e1lisis socioecon\u00f3mico. Su enfoque cr\u00edtico y riguroso aporta una perspectiva \u00fanica a cada art\u00edculo.\",\"sameAs\":[\"https:\/\/www.diario21.tv\/noticias\/\"],\"url\":\"https:\/\/www.diario21.tv\/noticias\/author\/juan-perez\/\"}]}<\/script>\n<!-- \/ Yoast SEO plugin. -->","yoast_head_json":{"title":"\u00a1Impactante intento de asesinato en Alicante! Hombre detenido por incendiar casa con pareja dentro - Diario 21","robots":{"index":"index","follow":"follow","max-snippet":"max-snippet:-1","max-image-preview":"max-image-preview:large","max-video-preview":"max-video-preview:-1"},"canonical":"https:\/\/www.diario21.tv\/noticias\/impactante-intento-de-asesinato-en-alicante-hombre-detenido-por-incendiar-casa-con-pareja-dentro\/","og_locale":"es_ES","og_type":"article","og_title":"\u00a1Impactante intento de asesinato en Alicante! Hombre detenido por incendiar casa con pareja dentro - Diario 21","og_description":"Arresto tras un intento de homicidio incendiario en Alicante Un hombre ha sido aprehendido por las autoridades despu\u00e9s de que presuntamente intentara matar a su pareja ... Seguir leyendo &rarr;","og_url":"https:\/\/www.diario21.tv\/noticias\/impactante-intento-de-asesinato-en-alicante-hombre-detenido-por-incendiar-casa-con-pareja-dentro\/","og_site_name":"Diario 21","article_published_time":"2025-07-31T02:17:02+00:00","article_modified_time":"2025-07-31T02:17:03+00:00","og_image":[{"width":1200,"height":840,"url":"https:\/\/www.diario21.tv\/noticias\/wp-content\/uploads\/2025\/07\/\u00a1Impactante-intento-de-asesinato-en-Alicante-Hombre-detenido-por-incendiar.jpg","type":"image\/jpeg"}],"author":"Juan P\u00e9rez","twitter_card":"summary_large_image","twitter_misc":{"Escrito por":"Juan P\u00e9rez","Tiempo de lectura":"2 minutos"},"schema":{"@context":"https:\/\/schema.org","@graph":[{"@type":"WebPage","@id":"https:\/\/www.diario21.tv\/noticias\/impactante-intento-de-asesinato-en-alicante-hombre-detenido-por-incendiar-casa-con-pareja-dentro\/","url":"https:\/\/www.diario21.tv\/noticias\/impactante-intento-de-asesinato-en-alicante-hombre-detenido-por-incendiar-casa-con-pareja-dentro\/","name":"\u00a1Impactante intento de asesinato en Alicante! Hombre detenido por incendiar casa con pareja dentro - Diario 21","isPartOf":{"@id":"https:\/\/www.diario21.tv\/noticias\/#website"},"primaryImageOfPage":{"@id":"https:\/\/www.diario21.tv\/noticias\/impactante-intento-de-asesinato-en-alicante-hombre-detenido-por-incendiar-casa-con-pareja-dentro\/#primaryimage"},"image":{"@id":"https:\/\/www.diario21.tv\/noticias\/impactante-intento-de-asesinato-en-alicante-hombre-detenido-por-incendiar-casa-con-pareja-dentro\/#primaryimage"},"thumbnailUrl":"https:\/\/www.diario21.tv\/noticias\/wp-content\/uploads\/2025\/07\/\u00a1Impactante-intento-de-asesinato-en-Alicante-Hombre-detenido-por-incendiar.jpg","datePublished":"2025-07-31T02:17:02+00:00","dateModified":"2025-07-31T02:17:03+00:00","author":{"@id":"https:\/\/www.diario21.tv\/noticias\/#\/schema\/person\/dfb778f73814d8f09f302618446a526b"},"breadcrumb":{"@id":"https:\/\/www.diario21.tv\/noticias\/impactante-intento-de-asesinato-en-alicante-hombre-detenido-por-incendiar-casa-con-pareja-dentro\/#breadcrumb"},"inLanguage":"es-AR","potentialAction":[{"@type":"ReadAction","target":["https:\/\/www.diario21.tv\/noticias\/impactante-intento-de-asesinato-en-alicante-hombre-detenido-por-incendiar-casa-con-pareja-dentro\/"]}]},{"@type":"ImageObject","inLanguage":"es-AR","@id":"https:\/\/www.diario21.tv\/noticias\/impactante-intento-de-asesinato-en-alicante-hombre-detenido-por-incendiar-casa-con-pareja-dentro\/#primaryimage","url":"https:\/\/www.diario21.tv\/noticias\/wp-content\/uploads\/2025\/07\/\u00a1Impactante-intento-de-asesinato-en-Alicante-Hombre-detenido-por-incendiar.jpg","contentUrl":"https:\/\/www.diario21.tv\/noticias\/wp-content\/uploads\/2025\/07\/\u00a1Impactante-intento-de-asesinato-en-Alicante-Hombre-detenido-por-incendiar.jpg","width":1200,"height":840,"caption":"Detenido despu\u00e9s de intentar asesinar a su pareja incendiando su casa en Alicante"},{"@type":"BreadcrumbList","@id":"https:\/\/www.diario21.tv\/noticias\/impactante-intento-de-asesinato-en-alicante-hombre-detenido-por-incendiar-casa-con-pareja-dentro\/#breadcrumb","itemListElement":[{"@type":"ListItem","position":1,"name":"Accueil","item":"https:\/\/www.diario21.tv\/noticias\/"},{"@type":"ListItem","position":2,"name":"\u00a1Impactante intento de asesinato en Alicante! Hombre detenido por incendiar casa con pareja dentro"}]},{"@type":"WebSite","@id":"https:\/\/www.diario21.tv\/noticias\/#website","url":"https:\/\/www.diario21.tv\/noticias\/","name":"Diario 21","description":"","potentialAction":[{"@type":"SearchAction","target":{"@type":"EntryPoint","urlTemplate":"https:\/\/www.diario21.tv\/noticias\/?s={search_term_string}"},"query-input":{"@type":"PropertyValueSpecification","valueRequired":true,"valueName":"search_term_string"}}],"inLanguage":"es-AR"},{"@type":"Person","@id":"https:\/\/www.diario21.tv\/noticias\/#\/schema\/person\/dfb778f73814d8f09f302618446a526b","name":"Juan P\u00e9rez","image":{"@type":"ImageObject","inLanguage":"es-AR","@id":"https:\/\/www.diario21.tv\/noticias\/#\/schema\/person\/image\/","url":"https:\/\/secure.gravatar.com\/avatar\/c478a405bd10621167f4c3167cc770f5?s=96&d=mm&r=g","contentUrl":"https:\/\/secure.gravatar.com\/avatar\/c478a405bd10621167f4c3167cc770f5?s=96&d=mm&r=g","caption":"Juan P\u00e9rez"},"description":"Juan P\u00e9rez es el redactor en jefe de Diario 21. Con m\u00e1s de 10 a\u00f1os de experiencia en el periodismo, se especializa en pol\u00edtica nacional y an\u00e1lisis socioecon\u00f3mico. Su enfoque cr\u00edtico y riguroso aporta una perspectiva \u00fanica a cada art\u00edculo.","sameAs":["https:\/\/www.diario21.tv\/noticias\/"],"url":"https:\/\/www.diario21.tv\/noticias\/author\/juan-perez\/"}]}},"_links":{"self":[{"href":"https:\/\/www.diario21.tv\/noticias\/wp-json\/wp\/v2\/posts\/3994"}],"collection":[{"href":"https:\/\/www.diario21.tv\/noticias\/wp-json\/wp\/v2\/posts"}],"about":[{"href":"https:\/\/www.diario21.tv\/noticias\/wp-json\/wp\/v2\/types\/post"}],"author":[{"embeddable":true,"href":"https:\/\/www.diario21.tv\/noticias\/wp-json\/wp\/v2\/users\/20"}],"replies":[{"embeddable":true,"href":"https:\/\/www.diario21.tv\/noticias\/wp-json\/wp\/v2\/comments?post=3994"}],"version-history":[{"count":1,"href":"https:\/\/www.diario21.tv\/noticias\/wp-json\/wp\/v2\/posts\/3994\/revisions"}],"predecessor-version":[{"id":3996,"href":"https:\/\/www.diario21.tv\/noticias\/wp-json\/wp\/v2\/posts\/3994\/revisions\/3996"}],"wp:featuredmedia":[{"embeddable":true,"href":"https:\/\/www.diario21.tv\/noticias\/wp-json\/wp\/v2\/media\/3995"}],"wp:attachment":[{"href":"https:\/\/www.diario21.tv\/noticias\/wp-json\/wp\/v2\/media?parent=3994"}],"wp:term":[{"taxonomy":"category","embeddable":true,"href":"https:\/\/www.diario21.tv\/noticias\/wp-json\/wp\/v2\/categories?post=3994"},{"taxonomy":"post_tag","embeddable":true,"href":"https:\/\/www.diario21.tv\/noticias\/wp-json\/wp\/v2\/tags?post=3994"}],"curies":[{"name":"wp","href":"https:\/\/api.w.org\/{rel}","templated":true}]}}