{"id":3991,"date":"2025-07-30T20:16:23","date_gmt":"2025-07-30T20:16:23","guid":{"rendered":"https:\/\/www.diario21.tv\/noticias\/alerta-las-olas-de-calor-intensifican-el-aislamiento-y-la-soledad-en-aumento\/"},"modified":"2025-07-30T20:16:24","modified_gmt":"2025-07-30T20:16:24","slug":"alerta-las-olas-de-calor-intensifican-el-aislamiento-y-la-soledad-en-aumento","status":"publish","type":"post","link":"https:\/\/www.diario21.tv\/noticias\/alerta-las-olas-de-calor-intensifican-el-aislamiento-y-la-soledad-en-aumento\/","title":{"rendered":"\u00a1Alerta! Las olas de calor intensifican el aislamiento y la soledad en aumento"},"content":{"rendered":"<h2>Aumento de Casos de Soledad Debido a las Olas de Calor<\/h2>\n<p>Las olas de calor, fen\u00f3menos cada vez m\u00e1s frecuentes y severos debido al cambio clim\u00e1tico, no solo representan un riesgo para la salud f\u00edsica, sino que tambi\u00e9n est\u00e1n intensificando problemas de aislamiento social y soledad entre la poblaci\u00f3n. Este fen\u00f3meno, que se manifiesta con altas temperaturas durante per\u00edodos prolongados, obliga a muchas personas a permanecer en sus hogares para evitar los riesgos asociados al calor extremo. <\/p>\n<h3>Impacto del Calor en la Vida Social<\/h3>\n<p>Cuando las temperaturas alcanzan niveles cr\u00edticos, las recomendaciones habituales incluyen evitar actividades al aire libre y buscar refugio en espacios climatizados. Esto puede reducir significativamente la interacci\u00f3n social, especialmente entre aquellos que viven solos o en comunidades donde no es com\u00fan el uso de aire acondicionado. Los ancianos y personas con condiciones de salud preexistentes, quienes son particularmente vulnerables al calor, se encuentran entre los m\u00e1s afectados, ya que pueden verse obligados a pasar d\u00edas o incluso semanas sin contacto significativo con otras personas.<\/p>\n<h3>Consecuencias del Aislamiento<\/h3>\n<p>La falta de interacci\u00f3n social no solo afecta el estado de \u00e1nimo, sino que tambi\u00e9n tiene implicaciones serias para la salud mental y f\u00edsica. El aislamiento prolongado ha sido vinculado con un aumento en la probabilidad de problemas como la depresi\u00f3n, la ansiedad y otras condiciones psicol\u00f3gicas. Adem\u00e1s, la soledad no deseada puede exacerbar enfermedades cr\u00f3nicas y aumentar el riesgo de mortalidad.<\/p>\n<h3>Medidas de Prevenci\u00f3n y Mitigaci\u00f3n<\/h3>\n<p>Ante esta problem\u00e1tica, es crucial desarrollar estrategias para mitigar los efectos del calor extremo, especialmente en lo que respecta al bienestar social y emocional de las personas m\u00e1s vulnerables. Estas estrategias pueden incluir la creaci\u00f3n de centros de enfriamiento comunitarios que no solo proporcionen alivio del calor, sino que tambi\u00e9n ofrezcan un espacio para la interacci\u00f3n social segura.<\/p>\n<p>Otras medidas pueden enfocarse en la educaci\u00f3n y la concienciaci\u00f3n sobre los riesgos del calor extremo y la importancia de mantener conexiones sociales, incluso durante los per\u00edodos de altas temperaturas. Adem\u00e1s, los servicios de apoyo comunitario pueden adaptarse para realizar comprobaciones regulares a las personas en riesgo de aislamiento, asegurando que tengan acceso a ayuda y compa\u00f1\u00eda durante las olas de calor.<\/p>\n<h3>Conclusi\u00f3n<\/h3>\n<p>Mientras las olas de calor contin\u00faan siendo un desaf\u00edo cada vez mayor debido al cambio clim\u00e1tico, es fundamental reconocer y abordar las repercusiones menos visibles pero igualmente graves que estas tienen en la vida social de las personas. La implementaci\u00f3n de medidas proactivas y el fortalecimiento de las redes de apoyo comunitario no solo pueden ayudar a proteger la salud f\u00edsica de individuos vulnerables, sino tambi\u00e9n su bienestar emocional y social en tiempos de crisis clim\u00e1tica.<\/p>\n\n\n<div class=\"kk-star-ratings kksr-auto kksr-align-left kksr-valign-bottom\"\n    data-payload='{&quot;align&quot;:&quot;left&quot;,&quot;id&quot;:&quot;3991&quot;,&quot;slug&quot;:&quot;default&quot;,&quot;valign&quot;:&quot;bottom&quot;,&quot;ignore&quot;:&quot;&quot;,&quot;reference&quot;:&quot;auto&quot;,&quot;class&quot;:&quot;&quot;,&quot;count&quot;:&quot;0&quot;,&quot;legendonly&quot;:&quot;&quot;,&quot;readonly&quot;:&quot;&quot;,&quot;score&quot;:&quot;0&quot;,&quot;starsonly&quot;:&quot;&quot;,&quot;best&quot;:&quot;5&quot;,&quot;gap&quot;:&quot;5&quot;,&quot;greet&quot;:&quot;Valora este post&quot;,&quot;legend&quot;:&quot;0\\\/5 - (0 votes)&quot;,&quot;size&quot;:&quot;22&quot;,&quot;title&quot;:&quot;\u00a1Alerta! Las olas de calor intensifican el aislamiento y la soledad en aumento&quot;,&quot;width&quot;:&quot;0&quot;,&quot;_legend&quot;:&quot;{score}\\\/{best} - ({count} {votes})&quot;,&quot;font_factor&quot;:&quot;1.25&quot;}'>\n            \n<div class=\"kksr-stars\">\n    \n<div class=\"kksr-stars-inactive\">\n            <div class=\"kksr-star\" data-star=\"1\" style=\"padding-right: 5px\">\n            \n\n<div class=\"kksr-icon\" style=\"width: 22px; height: 22px;\"><\/div>\n        <\/div>\n            <div class=\"kksr-star\" data-star=\"2\" style=\"padding-right: 5px\">\n            \n\n<div class=\"kksr-icon\" style=\"width: 22px; height: 22px;\"><\/div>\n        <\/div>\n            <div class=\"kksr-star\" data-star=\"3\" style=\"padding-right: 5px\">\n            \n\n<div class=\"kksr-icon\" style=\"width: 22px; height: 22px;\"><\/div>\n        <\/div>\n            <div class=\"kksr-star\" data-star=\"4\" style=\"padding-right: 5px\">\n            \n\n<div class=\"kksr-icon\" style=\"width: 22px; height: 22px;\"><\/div>\n        <\/div>\n            <div class=\"kksr-star\" data-star=\"5\" style=\"padding-right: 5px\">\n            \n\n<div class=\"kksr-icon\" style=\"width: 22px; height: 22px;\"><\/div>\n        <\/div>\n    <\/div>\n    \n<div class=\"kksr-stars-active\" style=\"width: 0px;\">\n            <div class=\"kksr-star\" style=\"padding-right: 5px\">\n            \n\n<div class=\"kksr-icon\" style=\"width: 22px; height: 22px;\"><\/div>\n        <\/div>\n            <div class=\"kksr-star\" style=\"padding-right: 5px\">\n            \n\n<div class=\"kksr-icon\" style=\"width: 22px; height: 22px;\"><\/div>\n        <\/div>\n            <div class=\"kksr-star\" style=\"padding-right: 5px\">\n            \n\n<div class=\"kksr-icon\" style=\"width: 22px; height: 22px;\"><\/div>\n        <\/div>\n            <div class=\"kksr-star\" style=\"padding-right: 5px\">\n            \n\n<div class=\"kksr-icon\" style=\"width: 22px; height: 22px;\"><\/div>\n        <\/div>\n            <div class=\"kksr-star\" style=\"padding-right: 5px\">\n            \n\n<div class=\"kksr-icon\" style=\"width: 22px; height: 22px;\"><\/div>\n        <\/div>\n    <\/div>\n<\/div>\n                \n\n<div class=\"kksr-legend\" style=\"font-size: 17.6px;\">\n            <span class=\"kksr-muted\">Valora este post<\/span>\n    <\/div>\n    <\/div>\n","protected":false},"excerpt":{"rendered":"<p>Aumento de Casos de Soledad Debido a las Olas de Calor Las olas de calor, fen\u00f3menos cada vez m\u00e1s frecuentes y severos debido al cambio clim\u00e1tico, &#8230; <a title=\"\u00a1Alerta! Las olas de calor intensifican el aislamiento y la soledad en aumento\" class=\"read-more\" href=\"https:\/\/www.diario21.tv\/noticias\/alerta-las-olas-de-calor-intensifican-el-aislamiento-y-la-soledad-en-aumento\/\" aria-label=\"Leer m\u00e1s sobre \u00a1Alerta! Las olas de calor intensifican el aislamiento y la soledad en aumento\">Seguir leyendo &rarr;<\/a><\/p>\n","protected":false},"author":20,"featured_media":3992,"comment_status":"open","ping_status":"open","sticky":false,"template":"","format":"standard","meta":{"footnotes":""},"categories":[13],"tags":[],"class_list":["post-3991","post","type-post","status-publish","format-standard","has-post-thumbnail","hentry","category-portada"],"yoast_head":"<!-- This site is optimized with the Yoast SEO plugin v25.6 - https:\/\/yoast.com\/wordpress\/plugins\/seo\/ -->\n<title>\u00a1Alerta! Las olas de calor intensifican el aislamiento y la soledad en aumento - Diario 21<\/title>\n<meta name=\"robots\" content=\"index, follow, max-snippet:-1, max-image-preview:large, max-video-preview:-1\" \/>\n<link rel=\"canonical\" href=\"https:\/\/www.diario21.tv\/noticias\/alerta-las-olas-de-calor-intensifican-el-aislamiento-y-la-soledad-en-aumento\/\" \/>\n<meta property=\"og:locale\" content=\"es_ES\" \/>\n<meta property=\"og:type\" content=\"article\" \/>\n<meta property=\"og:title\" content=\"\u00a1Alerta! Las olas de calor intensifican el aislamiento y la soledad en aumento - Diario 21\" \/>\n<meta property=\"og:description\" content=\"Aumento de Casos de Soledad Debido a las Olas de Calor Las olas de calor, fen\u00f3menos cada vez m\u00e1s frecuentes y severos debido al cambio clim\u00e1tico, ... Seguir leyendo &rarr;\" \/>\n<meta property=\"og:url\" content=\"https:\/\/www.diario21.tv\/noticias\/alerta-las-olas-de-calor-intensifican-el-aislamiento-y-la-soledad-en-aumento\/\" \/>\n<meta property=\"og:site_name\" content=\"Diario 21\" \/>\n<meta property=\"article:published_time\" content=\"2025-07-30T20:16:23+00:00\" \/>\n<meta property=\"article:modified_time\" content=\"2025-07-30T20:16:24+00:00\" \/>\n<meta property=\"og:image\" content=\"https:\/\/www.diario21.tv\/noticias\/wp-content\/uploads\/2025\/07\/\u00a1Alerta-Las-olas-de-calor-intensifican-el-aislamiento-y-la.jpg\" \/>\n\t<meta property=\"og:image:width\" content=\"1200\" \/>\n\t<meta property=\"og:image:height\" content=\"840\" \/>\n\t<meta property=\"og:image:type\" content=\"image\/jpeg\" \/>\n<meta name=\"author\" content=\"Juan P\u00e9rez\" \/>\n<meta name=\"twitter:card\" content=\"summary_large_image\" \/>\n<meta name=\"twitter:label1\" content=\"Escrito por\" \/>\n\t<meta name=\"twitter:data1\" content=\"Juan P\u00e9rez\" \/>\n\t<meta name=\"twitter:label2\" content=\"Tiempo de lectura\" \/>\n\t<meta name=\"twitter:data2\" content=\"2 minutos\" \/>\n<script type=\"application\/ld+json\" class=\"yoast-schema-graph\">{\"@context\":\"https:\/\/schema.org\",\"@graph\":[{\"@type\":\"WebPage\",\"@id\":\"https:\/\/www.diario21.tv\/noticias\/alerta-las-olas-de-calor-intensifican-el-aislamiento-y-la-soledad-en-aumento\/\",\"url\":\"https:\/\/www.diario21.tv\/noticias\/alerta-las-olas-de-calor-intensifican-el-aislamiento-y-la-soledad-en-aumento\/\",\"name\":\"\u00a1Alerta! Las olas de calor intensifican el aislamiento y la soledad en aumento - Diario 21\",\"isPartOf\":{\"@id\":\"https:\/\/www.diario21.tv\/noticias\/#website\"},\"primaryImageOfPage\":{\"@id\":\"https:\/\/www.diario21.tv\/noticias\/alerta-las-olas-de-calor-intensifican-el-aislamiento-y-la-soledad-en-aumento\/#primaryimage\"},\"image\":{\"@id\":\"https:\/\/www.diario21.tv\/noticias\/alerta-las-olas-de-calor-intensifican-el-aislamiento-y-la-soledad-en-aumento\/#primaryimage\"},\"thumbnailUrl\":\"https:\/\/www.diario21.tv\/noticias\/wp-content\/uploads\/2025\/07\/\u00a1Alerta-Las-olas-de-calor-intensifican-el-aislamiento-y-la.jpg\",\"datePublished\":\"2025-07-30T20:16:23+00:00\",\"dateModified\":\"2025-07-30T20:16:24+00:00\",\"author\":{\"@id\":\"https:\/\/www.diario21.tv\/noticias\/#\/schema\/person\/dfb778f73814d8f09f302618446a526b\"},\"breadcrumb\":{\"@id\":\"https:\/\/www.diario21.tv\/noticias\/alerta-las-olas-de-calor-intensifican-el-aislamiento-y-la-soledad-en-aumento\/#breadcrumb\"},\"inLanguage\":\"es-AR\",\"potentialAction\":[{\"@type\":\"ReadAction\",\"target\":[\"https:\/\/www.diario21.tv\/noticias\/alerta-las-olas-de-calor-intensifican-el-aislamiento-y-la-soledad-en-aumento\/\"]}]},{\"@type\":\"ImageObject\",\"inLanguage\":\"es-AR\",\"@id\":\"https:\/\/www.diario21.tv\/noticias\/alerta-las-olas-de-calor-intensifican-el-aislamiento-y-la-soledad-en-aumento\/#primaryimage\",\"url\":\"https:\/\/www.diario21.tv\/noticias\/wp-content\/uploads\/2025\/07\/\u00a1Alerta-Las-olas-de-calor-intensifican-el-aislamiento-y-la.jpg\",\"contentUrl\":\"https:\/\/www.diario21.tv\/noticias\/wp-content\/uploads\/2025\/07\/\u00a1Alerta-Las-olas-de-calor-intensifican-el-aislamiento-y-la.jpg\",\"width\":1200,\"height\":840,\"caption\":\"Las olas de calor aumentan los casos de aislamiento y la soledad no deseada\"},{\"@type\":\"BreadcrumbList\",\"@id\":\"https:\/\/www.diario21.tv\/noticias\/alerta-las-olas-de-calor-intensifican-el-aislamiento-y-la-soledad-en-aumento\/#breadcrumb\",\"itemListElement\":[{\"@type\":\"ListItem\",\"position\":1,\"name\":\"Accueil\",\"item\":\"https:\/\/www.diario21.tv\/noticias\/\"},{\"@type\":\"ListItem\",\"position\":2,\"name\":\"\u00a1Alerta! Las olas de calor intensifican el aislamiento y la soledad en aumento\"}]},{\"@type\":\"WebSite\",\"@id\":\"https:\/\/www.diario21.tv\/noticias\/#website\",\"url\":\"https:\/\/www.diario21.tv\/noticias\/\",\"name\":\"Diario 21\",\"description\":\"\",\"potentialAction\":[{\"@type\":\"SearchAction\",\"target\":{\"@type\":\"EntryPoint\",\"urlTemplate\":\"https:\/\/www.diario21.tv\/noticias\/?s={search_term_string}\"},\"query-input\":{\"@type\":\"PropertyValueSpecification\",\"valueRequired\":true,\"valueName\":\"search_term_string\"}}],\"inLanguage\":\"es-AR\"},{\"@type\":\"Person\",\"@id\":\"https:\/\/www.diario21.tv\/noticias\/#\/schema\/person\/dfb778f73814d8f09f302618446a526b\",\"name\":\"Juan P\u00e9rez\",\"image\":{\"@type\":\"ImageObject\",\"inLanguage\":\"es-AR\",\"@id\":\"https:\/\/www.diario21.tv\/noticias\/#\/schema\/person\/image\/\",\"url\":\"https:\/\/secure.gravatar.com\/avatar\/c478a405bd10621167f4c3167cc770f5?s=96&d=mm&r=g\",\"contentUrl\":\"https:\/\/secure.gravatar.com\/avatar\/c478a405bd10621167f4c3167cc770f5?s=96&d=mm&r=g\",\"caption\":\"Juan P\u00e9rez\"},\"description\":\"Juan P\u00e9rez es el redactor en jefe de Diario 21. Con m\u00e1s de 10 a\u00f1os de experiencia en el periodismo, se especializa en pol\u00edtica nacional y an\u00e1lisis socioecon\u00f3mico. Su enfoque cr\u00edtico y riguroso aporta una perspectiva \u00fanica a cada art\u00edculo.\",\"sameAs\":[\"https:\/\/www.diario21.tv\/noticias\/\"],\"url\":\"https:\/\/www.diario21.tv\/noticias\/author\/juan-perez\/\"}]}<\/script>\n<!-- \/ Yoast SEO plugin. -->","yoast_head_json":{"title":"\u00a1Alerta! Las olas de calor intensifican el aislamiento y la soledad en aumento - Diario 21","robots":{"index":"index","follow":"follow","max-snippet":"max-snippet:-1","max-image-preview":"max-image-preview:large","max-video-preview":"max-video-preview:-1"},"canonical":"https:\/\/www.diario21.tv\/noticias\/alerta-las-olas-de-calor-intensifican-el-aislamiento-y-la-soledad-en-aumento\/","og_locale":"es_ES","og_type":"article","og_title":"\u00a1Alerta! Las olas de calor intensifican el aislamiento y la soledad en aumento - Diario 21","og_description":"Aumento de Casos de Soledad Debido a las Olas de Calor Las olas de calor, fen\u00f3menos cada vez m\u00e1s frecuentes y severos debido al cambio clim\u00e1tico, ... Seguir leyendo &rarr;","og_url":"https:\/\/www.diario21.tv\/noticias\/alerta-las-olas-de-calor-intensifican-el-aislamiento-y-la-soledad-en-aumento\/","og_site_name":"Diario 21","article_published_time":"2025-07-30T20:16:23+00:00","article_modified_time":"2025-07-30T20:16:24+00:00","og_image":[{"width":1200,"height":840,"url":"https:\/\/www.diario21.tv\/noticias\/wp-content\/uploads\/2025\/07\/\u00a1Alerta-Las-olas-de-calor-intensifican-el-aislamiento-y-la.jpg","type":"image\/jpeg"}],"author":"Juan P\u00e9rez","twitter_card":"summary_large_image","twitter_misc":{"Escrito por":"Juan P\u00e9rez","Tiempo de lectura":"2 minutos"},"schema":{"@context":"https:\/\/schema.org","@graph":[{"@type":"WebPage","@id":"https:\/\/www.diario21.tv\/noticias\/alerta-las-olas-de-calor-intensifican-el-aislamiento-y-la-soledad-en-aumento\/","url":"https:\/\/www.diario21.tv\/noticias\/alerta-las-olas-de-calor-intensifican-el-aislamiento-y-la-soledad-en-aumento\/","name":"\u00a1Alerta! Las olas de calor intensifican el aislamiento y la soledad en aumento - Diario 21","isPartOf":{"@id":"https:\/\/www.diario21.tv\/noticias\/#website"},"primaryImageOfPage":{"@id":"https:\/\/www.diario21.tv\/noticias\/alerta-las-olas-de-calor-intensifican-el-aislamiento-y-la-soledad-en-aumento\/#primaryimage"},"image":{"@id":"https:\/\/www.diario21.tv\/noticias\/alerta-las-olas-de-calor-intensifican-el-aislamiento-y-la-soledad-en-aumento\/#primaryimage"},"thumbnailUrl":"https:\/\/www.diario21.tv\/noticias\/wp-content\/uploads\/2025\/07\/\u00a1Alerta-Las-olas-de-calor-intensifican-el-aislamiento-y-la.jpg","datePublished":"2025-07-30T20:16:23+00:00","dateModified":"2025-07-30T20:16:24+00:00","author":{"@id":"https:\/\/www.diario21.tv\/noticias\/#\/schema\/person\/dfb778f73814d8f09f302618446a526b"},"breadcrumb":{"@id":"https:\/\/www.diario21.tv\/noticias\/alerta-las-olas-de-calor-intensifican-el-aislamiento-y-la-soledad-en-aumento\/#breadcrumb"},"inLanguage":"es-AR","potentialAction":[{"@type":"ReadAction","target":["https:\/\/www.diario21.tv\/noticias\/alerta-las-olas-de-calor-intensifican-el-aislamiento-y-la-soledad-en-aumento\/"]}]},{"@type":"ImageObject","inLanguage":"es-AR","@id":"https:\/\/www.diario21.tv\/noticias\/alerta-las-olas-de-calor-intensifican-el-aislamiento-y-la-soledad-en-aumento\/#primaryimage","url":"https:\/\/www.diario21.tv\/noticias\/wp-content\/uploads\/2025\/07\/\u00a1Alerta-Las-olas-de-calor-intensifican-el-aislamiento-y-la.jpg","contentUrl":"https:\/\/www.diario21.tv\/noticias\/wp-content\/uploads\/2025\/07\/\u00a1Alerta-Las-olas-de-calor-intensifican-el-aislamiento-y-la.jpg","width":1200,"height":840,"caption":"Las olas de calor aumentan los casos de aislamiento y la soledad no deseada"},{"@type":"BreadcrumbList","@id":"https:\/\/www.diario21.tv\/noticias\/alerta-las-olas-de-calor-intensifican-el-aislamiento-y-la-soledad-en-aumento\/#breadcrumb","itemListElement":[{"@type":"ListItem","position":1,"name":"Accueil","item":"https:\/\/www.diario21.tv\/noticias\/"},{"@type":"ListItem","position":2,"name":"\u00a1Alerta! Las olas de calor intensifican el aislamiento y la soledad en aumento"}]},{"@type":"WebSite","@id":"https:\/\/www.diario21.tv\/noticias\/#website","url":"https:\/\/www.diario21.tv\/noticias\/","name":"Diario 21","description":"","potentialAction":[{"@type":"SearchAction","target":{"@type":"EntryPoint","urlTemplate":"https:\/\/www.diario21.tv\/noticias\/?s={search_term_string}"},"query-input":{"@type":"PropertyValueSpecification","valueRequired":true,"valueName":"search_term_string"}}],"inLanguage":"es-AR"},{"@type":"Person","@id":"https:\/\/www.diario21.tv\/noticias\/#\/schema\/person\/dfb778f73814d8f09f302618446a526b","name":"Juan P\u00e9rez","image":{"@type":"ImageObject","inLanguage":"es-AR","@id":"https:\/\/www.diario21.tv\/noticias\/#\/schema\/person\/image\/","url":"https:\/\/secure.gravatar.com\/avatar\/c478a405bd10621167f4c3167cc770f5?s=96&d=mm&r=g","contentUrl":"https:\/\/secure.gravatar.com\/avatar\/c478a405bd10621167f4c3167cc770f5?s=96&d=mm&r=g","caption":"Juan P\u00e9rez"},"description":"Juan P\u00e9rez es el redactor en jefe de Diario 21. Con m\u00e1s de 10 a\u00f1os de experiencia en el periodismo, se especializa en pol\u00edtica nacional y an\u00e1lisis socioecon\u00f3mico. Su enfoque cr\u00edtico y riguroso aporta una perspectiva \u00fanica a cada art\u00edculo.","sameAs":["https:\/\/www.diario21.tv\/noticias\/"],"url":"https:\/\/www.diario21.tv\/noticias\/author\/juan-perez\/"}]}},"_links":{"self":[{"href":"https:\/\/www.diario21.tv\/noticias\/wp-json\/wp\/v2\/posts\/3991"}],"collection":[{"href":"https:\/\/www.diario21.tv\/noticias\/wp-json\/wp\/v2\/posts"}],"about":[{"href":"https:\/\/www.diario21.tv\/noticias\/wp-json\/wp\/v2\/types\/post"}],"author":[{"embeddable":true,"href":"https:\/\/www.diario21.tv\/noticias\/wp-json\/wp\/v2\/users\/20"}],"replies":[{"embeddable":true,"href":"https:\/\/www.diario21.tv\/noticias\/wp-json\/wp\/v2\/comments?post=3991"}],"version-history":[{"count":1,"href":"https:\/\/www.diario21.tv\/noticias\/wp-json\/wp\/v2\/posts\/3991\/revisions"}],"predecessor-version":[{"id":3993,"href":"https:\/\/www.diario21.tv\/noticias\/wp-json\/wp\/v2\/posts\/3991\/revisions\/3993"}],"wp:featuredmedia":[{"embeddable":true,"href":"https:\/\/www.diario21.tv\/noticias\/wp-json\/wp\/v2\/media\/3992"}],"wp:attachment":[{"href":"https:\/\/www.diario21.tv\/noticias\/wp-json\/wp\/v2\/media?parent=3991"}],"wp:term":[{"taxonomy":"category","embeddable":true,"href":"https:\/\/www.diario21.tv\/noticias\/wp-json\/wp\/v2\/categories?post=3991"},{"taxonomy":"post_tag","embeddable":true,"href":"https:\/\/www.diario21.tv\/noticias\/wp-json\/wp\/v2\/tags?post=3991"}],"curies":[{"name":"wp","href":"https:\/\/api.w.org\/{rel}","templated":true}]}}