{"id":3973,"date":"2025-07-29T01:58:47","date_gmt":"2025-07-29T01:58:47","guid":{"rendered":"https:\/\/www.diario21.tv\/noticias\/arcuri-y-su-hijo-salen-escoltados-por-la-policia-tras-custodia-decidida-por-juana-rivas\/"},"modified":"2025-07-29T01:58:48","modified_gmt":"2025-07-29T01:58:48","slug":"arcuri-y-su-hijo-salen-escoltados-por-la-policia-tras-custodia-decidida-por-juana-rivas","status":"publish","type":"post","link":"https:\/\/www.diario21.tv\/noticias\/arcuri-y-su-hijo-salen-escoltados-por-la-policia-tras-custodia-decidida-por-juana-rivas\/","title":{"rendered":"Arcuri y su hijo salen escoltados por la polic\u00eda tras custodia decidida por Juana Rivas"},"content":{"rendered":"<h2>Arcuri sale de los tribunales con su hijo bajo protecci\u00f3n policial despu\u00e9s de que Juana Rivas entregara al ni\u00f1o<\/h2>\n<p>Francesco Arcuri, acompa\u00f1ado por su hijo, ha abandonado las instalaciones judiciales resguardado por efectivos de la Polic\u00eda, tras la entrega del menor por parte de Juana Rivas. Este hecho marca un nuevo episodio en el largo y complicado proceso legal que ha capturado la atenci\u00f3n p\u00fablica y medi\u00e1tica en Espa\u00f1a.<\/p>\n<p>El traslado de la custodia del ni\u00f1o se realiz\u00f3 en un ambiente tenso y bajo estrictas medidas de seguridad. Arcuri, quien ha estado en el centro de una batalla legal por la custodia que ha durado varios a\u00f1os, recibi\u00f3 finalmente a su hijo de manos de Rivas, quien ha luchado por retener la custodia del menor alegando preocupaciones por su bienestar.<\/p>\n<h3>Contexto del caso<\/h3>\n<p>La disputa comenz\u00f3 hace varios a\u00f1os cuando Juana Rivas, alegando ser v\u00edctima de violencia dom\u00e9stica, se neg\u00f3 a devolver a sus hijos a Italia, donde resid\u00edan, lo que desencaden\u00f3 una serie de acciones legales en ambos pa\u00edses. Rivas ha mantenido que su principal motivaci\u00f3n es proteger a sus hijos de un ambiente que considera perjudicial para ellos. Arcuri, por su parte, ha negado repetidamente estas acusaciones y ha seguido los canales legales para reclamar la custodia de sus hijos.<\/p>\n<p>El caso ha suscitado un amplio debate p\u00fablico y ha dividido opiniones en Espa\u00f1a y m\u00e1s all\u00e1 de sus fronteras, poniendo en relieve temas como la violencia dom\u00e9stica, los derechos de custodia y el bienestar infantil.<\/p>\n<h3>Medidas de seguridad durante la entrega<\/h3>\n<p>Dada la alta tensi\u00f3n y el gran inter\u00e9s medi\u00e1tico en el caso, la entrega del menor se llev\u00f3 a cabo con un notable despliegue de seguridad. Agentes de la polic\u00eda estuvieron presentes para asegurar que el proceso se desarrollara sin incidentes y para proteger a las partes involucradas.<\/p>\n<p>Tras la entrega, Arcuri y su hijo fueron escoltados r\u00e1pidamente fuera de los juzgados para evitar cualquier confrontaci\u00f3n potencial y garantizar su seguridad. La salida fue r\u00e1pida y organizada, reflejando la seriedad con la que las autoridades han tratado el caso.<\/p>\n<h3>Reacciones y consecuencias<\/h3>\n<p>La entrega del menor no pone fin a la controversia ni a las disputas legales. Se espera que haya m\u00e1s desarrollos mientras ambas partes contin\u00faan navegando por las implicaciones legales y personales de este complejo caso. Los defensores de Juana Rivas expresan preocupaci\u00f3n por el impacto emocional y psicol\u00f3gico que los continuos procedimientos legales pueden tener en el ni\u00f1o.<\/p>\n<p>Mientras tanto, el caso seguir\u00e1 siendo objeto de an\u00e1lisis y discusi\u00f3n, no solo en t\u00e9rminos de los detalles legales espec\u00edficos, sino tambi\u00e9n en lo que respecta a las mayores implicaciones sociales y legales relacionadas con la protecci\u00f3n de los ni\u00f1os y las v\u00edctimas de violencia dom\u00e9stica.<\/p>\n<p>As\u00ed, mientras Francesco Arcuri y su hijo abandonan el tribunal, muchas preguntas permanecen sin respuesta, y muchas m\u00e1s seguramente surgir\u00e1n a medida que el caso contin\u00fae desarroll\u00e1ndose en el tiempo.<\/p>\n\n\n<div class=\"kk-star-ratings kksr-auto kksr-align-left kksr-valign-bottom\"\n    data-payload='{&quot;align&quot;:&quot;left&quot;,&quot;id&quot;:&quot;3973&quot;,&quot;slug&quot;:&quot;default&quot;,&quot;valign&quot;:&quot;bottom&quot;,&quot;ignore&quot;:&quot;&quot;,&quot;reference&quot;:&quot;auto&quot;,&quot;class&quot;:&quot;&quot;,&quot;count&quot;:&quot;0&quot;,&quot;legendonly&quot;:&quot;&quot;,&quot;readonly&quot;:&quot;&quot;,&quot;score&quot;:&quot;0&quot;,&quot;starsonly&quot;:&quot;&quot;,&quot;best&quot;:&quot;5&quot;,&quot;gap&quot;:&quot;5&quot;,&quot;greet&quot;:&quot;Valora este post&quot;,&quot;legend&quot;:&quot;0\\\/5 - (0 votes)&quot;,&quot;size&quot;:&quot;22&quot;,&quot;title&quot;:&quot;Arcuri y su hijo salen escoltados por la polic\u00eda tras custodia decidida por Juana Rivas&quot;,&quot;width&quot;:&quot;0&quot;,&quot;_legend&quot;:&quot;{score}\\\/{best} - ({count} {votes})&quot;,&quot;font_factor&quot;:&quot;1.25&quot;}'>\n            \n<div class=\"kksr-stars\">\n    \n<div class=\"kksr-stars-inactive\">\n            <div class=\"kksr-star\" data-star=\"1\" style=\"padding-right: 5px\">\n            \n\n<div class=\"kksr-icon\" style=\"width: 22px; height: 22px;\"><\/div>\n        <\/div>\n            <div class=\"kksr-star\" data-star=\"2\" style=\"padding-right: 5px\">\n            \n\n<div class=\"kksr-icon\" style=\"width: 22px; height: 22px;\"><\/div>\n        <\/div>\n            <div class=\"kksr-star\" data-star=\"3\" style=\"padding-right: 5px\">\n            \n\n<div class=\"kksr-icon\" style=\"width: 22px; height: 22px;\"><\/div>\n        <\/div>\n            <div class=\"kksr-star\" data-star=\"4\" style=\"padding-right: 5px\">\n            \n\n<div class=\"kksr-icon\" style=\"width: 22px; height: 22px;\"><\/div>\n        <\/div>\n            <div class=\"kksr-star\" data-star=\"5\" style=\"padding-right: 5px\">\n            \n\n<div class=\"kksr-icon\" style=\"width: 22px; height: 22px;\"><\/div>\n        <\/div>\n    <\/div>\n    \n<div class=\"kksr-stars-active\" style=\"width: 0px;\">\n            <div class=\"kksr-star\" style=\"padding-right: 5px\">\n            \n\n<div class=\"kksr-icon\" style=\"width: 22px; height: 22px;\"><\/div>\n        <\/div>\n            <div class=\"kksr-star\" style=\"padding-right: 5px\">\n            \n\n<div class=\"kksr-icon\" style=\"width: 22px; height: 22px;\"><\/div>\n        <\/div>\n            <div class=\"kksr-star\" style=\"padding-right: 5px\">\n            \n\n<div class=\"kksr-icon\" style=\"width: 22px; height: 22px;\"><\/div>\n        <\/div>\n            <div class=\"kksr-star\" style=\"padding-right: 5px\">\n            \n\n<div class=\"kksr-icon\" style=\"width: 22px; height: 22px;\"><\/div>\n        <\/div>\n            <div class=\"kksr-star\" style=\"padding-right: 5px\">\n            \n\n<div class=\"kksr-icon\" style=\"width: 22px; height: 22px;\"><\/div>\n        <\/div>\n    <\/div>\n<\/div>\n                \n\n<div class=\"kksr-legend\" style=\"font-size: 17.6px;\">\n            <span class=\"kksr-muted\">Valora este post<\/span>\n    <\/div>\n    <\/div>\n","protected":false},"excerpt":{"rendered":"<p>Arcuri sale de los tribunales con su hijo bajo protecci\u00f3n policial despu\u00e9s de que Juana Rivas entregara al ni\u00f1o Francesco Arcuri, acompa\u00f1ado por su hijo, ha &#8230; <a title=\"Arcuri y su hijo salen escoltados por la polic\u00eda tras custodia decidida por Juana Rivas\" class=\"read-more\" href=\"https:\/\/www.diario21.tv\/noticias\/arcuri-y-su-hijo-salen-escoltados-por-la-policia-tras-custodia-decidida-por-juana-rivas\/\" aria-label=\"Leer m\u00e1s sobre Arcuri y su hijo salen escoltados por la polic\u00eda tras custodia decidida por Juana Rivas\">Seguir leyendo &rarr;<\/a><\/p>\n","protected":false},"author":20,"featured_media":3974,"comment_status":"open","ping_status":"open","sticky":false,"template":"","format":"standard","meta":{"footnotes":""},"categories":[13],"tags":[],"class_list":["post-3973","post","type-post","status-publish","format-standard","has-post-thumbnail","hentry","category-portada"],"yoast_head":"<!-- This site is optimized with the Yoast SEO plugin v25.6 - https:\/\/yoast.com\/wordpress\/plugins\/seo\/ -->\n<title>Arcuri y su hijo salen escoltados por la polic\u00eda tras custodia decidida por Juana Rivas - Diario 21<\/title>\n<meta name=\"robots\" content=\"index, follow, max-snippet:-1, max-image-preview:large, max-video-preview:-1\" \/>\n<link rel=\"canonical\" href=\"https:\/\/www.diario21.tv\/noticias\/arcuri-y-su-hijo-salen-escoltados-por-la-policia-tras-custodia-decidida-por-juana-rivas\/\" \/>\n<meta property=\"og:locale\" content=\"es_ES\" \/>\n<meta property=\"og:type\" content=\"article\" \/>\n<meta property=\"og:title\" content=\"Arcuri y su hijo salen escoltados por la polic\u00eda tras custodia decidida por Juana Rivas - Diario 21\" \/>\n<meta property=\"og:description\" content=\"Arcuri sale de los tribunales con su hijo bajo protecci\u00f3n policial despu\u00e9s de que Juana Rivas entregara al ni\u00f1o Francesco Arcuri, acompa\u00f1ado por su hijo, ha ... Seguir leyendo &rarr;\" \/>\n<meta property=\"og:url\" content=\"https:\/\/www.diario21.tv\/noticias\/arcuri-y-su-hijo-salen-escoltados-por-la-policia-tras-custodia-decidida-por-juana-rivas\/\" \/>\n<meta property=\"og:site_name\" content=\"Diario 21\" \/>\n<meta property=\"article:published_time\" content=\"2025-07-29T01:58:47+00:00\" \/>\n<meta property=\"article:modified_time\" content=\"2025-07-29T01:58:48+00:00\" \/>\n<meta property=\"og:image\" content=\"https:\/\/www.diario21.tv\/noticias\/wp-content\/uploads\/2025\/07\/Arcuri-y-su-hijo-salen-escoltados-por-la-policia-tras.JPG\" \/>\n\t<meta property=\"og:image:width\" content=\"1200\" \/>\n\t<meta property=\"og:image:height\" content=\"840\" \/>\n\t<meta property=\"og:image:type\" content=\"image\/jpeg\" \/>\n<meta name=\"author\" content=\"Juan P\u00e9rez\" \/>\n<meta name=\"twitter:card\" content=\"summary_large_image\" \/>\n<meta name=\"twitter:label1\" content=\"Escrito por\" \/>\n\t<meta name=\"twitter:data1\" content=\"Juan P\u00e9rez\" \/>\n\t<meta name=\"twitter:label2\" content=\"Tiempo de lectura\" \/>\n\t<meta name=\"twitter:data2\" content=\"3 minutos\" \/>\n<script type=\"application\/ld+json\" class=\"yoast-schema-graph\">{\"@context\":\"https:\/\/schema.org\",\"@graph\":[{\"@type\":\"WebPage\",\"@id\":\"https:\/\/www.diario21.tv\/noticias\/arcuri-y-su-hijo-salen-escoltados-por-la-policia-tras-custodia-decidida-por-juana-rivas\/\",\"url\":\"https:\/\/www.diario21.tv\/noticias\/arcuri-y-su-hijo-salen-escoltados-por-la-policia-tras-custodia-decidida-por-juana-rivas\/\",\"name\":\"Arcuri y su hijo salen escoltados por la polic\u00eda tras custodia decidida por Juana Rivas - Diario 21\",\"isPartOf\":{\"@id\":\"https:\/\/www.diario21.tv\/noticias\/#website\"},\"primaryImageOfPage\":{\"@id\":\"https:\/\/www.diario21.tv\/noticias\/arcuri-y-su-hijo-salen-escoltados-por-la-policia-tras-custodia-decidida-por-juana-rivas\/#primaryimage\"},\"image\":{\"@id\":\"https:\/\/www.diario21.tv\/noticias\/arcuri-y-su-hijo-salen-escoltados-por-la-policia-tras-custodia-decidida-por-juana-rivas\/#primaryimage\"},\"thumbnailUrl\":\"https:\/\/www.diario21.tv\/noticias\/wp-content\/uploads\/2025\/07\/Arcuri-y-su-hijo-salen-escoltados-por-la-policia-tras.JPG\",\"datePublished\":\"2025-07-29T01:58:47+00:00\",\"dateModified\":\"2025-07-29T01:58:48+00:00\",\"author\":{\"@id\":\"https:\/\/www.diario21.tv\/noticias\/#\/schema\/person\/dfb778f73814d8f09f302618446a526b\"},\"breadcrumb\":{\"@id\":\"https:\/\/www.diario21.tv\/noticias\/arcuri-y-su-hijo-salen-escoltados-por-la-policia-tras-custodia-decidida-por-juana-rivas\/#breadcrumb\"},\"inLanguage\":\"es-AR\",\"potentialAction\":[{\"@type\":\"ReadAction\",\"target\":[\"https:\/\/www.diario21.tv\/noticias\/arcuri-y-su-hijo-salen-escoltados-por-la-policia-tras-custodia-decidida-por-juana-rivas\/\"]}]},{\"@type\":\"ImageObject\",\"inLanguage\":\"es-AR\",\"@id\":\"https:\/\/www.diario21.tv\/noticias\/arcuri-y-su-hijo-salen-escoltados-por-la-policia-tras-custodia-decidida-por-juana-rivas\/#primaryimage\",\"url\":\"https:\/\/www.diario21.tv\/noticias\/wp-content\/uploads\/2025\/07\/Arcuri-y-su-hijo-salen-escoltados-por-la-policia-tras.JPG\",\"contentUrl\":\"https:\/\/www.diario21.tv\/noticias\/wp-content\/uploads\/2025\/07\/Arcuri-y-su-hijo-salen-escoltados-por-la-policia-tras.JPG\",\"width\":1200,\"height\":840,\"caption\":\"Arcuri abandona con su hijo los juzgados escoltado por la Polic\u00eda tras la entrega del menor por Juana Rivas\"},{\"@type\":\"BreadcrumbList\",\"@id\":\"https:\/\/www.diario21.tv\/noticias\/arcuri-y-su-hijo-salen-escoltados-por-la-policia-tras-custodia-decidida-por-juana-rivas\/#breadcrumb\",\"itemListElement\":[{\"@type\":\"ListItem\",\"position\":1,\"name\":\"Accueil\",\"item\":\"https:\/\/www.diario21.tv\/noticias\/\"},{\"@type\":\"ListItem\",\"position\":2,\"name\":\"Arcuri y su hijo salen escoltados por la polic\u00eda tras custodia decidida por Juana Rivas\"}]},{\"@type\":\"WebSite\",\"@id\":\"https:\/\/www.diario21.tv\/noticias\/#website\",\"url\":\"https:\/\/www.diario21.tv\/noticias\/\",\"name\":\"Diario 21\",\"description\":\"\",\"potentialAction\":[{\"@type\":\"SearchAction\",\"target\":{\"@type\":\"EntryPoint\",\"urlTemplate\":\"https:\/\/www.diario21.tv\/noticias\/?s={search_term_string}\"},\"query-input\":{\"@type\":\"PropertyValueSpecification\",\"valueRequired\":true,\"valueName\":\"search_term_string\"}}],\"inLanguage\":\"es-AR\"},{\"@type\":\"Person\",\"@id\":\"https:\/\/www.diario21.tv\/noticias\/#\/schema\/person\/dfb778f73814d8f09f302618446a526b\",\"name\":\"Juan P\u00e9rez\",\"image\":{\"@type\":\"ImageObject\",\"inLanguage\":\"es-AR\",\"@id\":\"https:\/\/www.diario21.tv\/noticias\/#\/schema\/person\/image\/\",\"url\":\"https:\/\/secure.gravatar.com\/avatar\/c478a405bd10621167f4c3167cc770f5?s=96&d=mm&r=g\",\"contentUrl\":\"https:\/\/secure.gravatar.com\/avatar\/c478a405bd10621167f4c3167cc770f5?s=96&d=mm&r=g\",\"caption\":\"Juan P\u00e9rez\"},\"description\":\"Juan P\u00e9rez es el redactor en jefe de Diario 21. Con m\u00e1s de 10 a\u00f1os de experiencia en el periodismo, se especializa en pol\u00edtica nacional y an\u00e1lisis socioecon\u00f3mico. Su enfoque cr\u00edtico y riguroso aporta una perspectiva \u00fanica a cada art\u00edculo.\",\"sameAs\":[\"https:\/\/www.diario21.tv\/noticias\/\"],\"url\":\"https:\/\/www.diario21.tv\/noticias\/author\/juan-perez\/\"}]}<\/script>\n<!-- \/ Yoast SEO plugin. -->","yoast_head_json":{"title":"Arcuri y su hijo salen escoltados por la polic\u00eda tras custodia decidida por Juana Rivas - Diario 21","robots":{"index":"index","follow":"follow","max-snippet":"max-snippet:-1","max-image-preview":"max-image-preview:large","max-video-preview":"max-video-preview:-1"},"canonical":"https:\/\/www.diario21.tv\/noticias\/arcuri-y-su-hijo-salen-escoltados-por-la-policia-tras-custodia-decidida-por-juana-rivas\/","og_locale":"es_ES","og_type":"article","og_title":"Arcuri y su hijo salen escoltados por la polic\u00eda tras custodia decidida por Juana Rivas - Diario 21","og_description":"Arcuri sale de los tribunales con su hijo bajo protecci\u00f3n policial despu\u00e9s de que Juana Rivas entregara al ni\u00f1o Francesco Arcuri, acompa\u00f1ado por su hijo, ha ... Seguir leyendo &rarr;","og_url":"https:\/\/www.diario21.tv\/noticias\/arcuri-y-su-hijo-salen-escoltados-por-la-policia-tras-custodia-decidida-por-juana-rivas\/","og_site_name":"Diario 21","article_published_time":"2025-07-29T01:58:47+00:00","article_modified_time":"2025-07-29T01:58:48+00:00","og_image":[{"width":1200,"height":840,"url":"https:\/\/www.diario21.tv\/noticias\/wp-content\/uploads\/2025\/07\/Arcuri-y-su-hijo-salen-escoltados-por-la-policia-tras.JPG","type":"image\/jpeg"}],"author":"Juan P\u00e9rez","twitter_card":"summary_large_image","twitter_misc":{"Escrito por":"Juan P\u00e9rez","Tiempo de lectura":"3 minutos"},"schema":{"@context":"https:\/\/schema.org","@graph":[{"@type":"WebPage","@id":"https:\/\/www.diario21.tv\/noticias\/arcuri-y-su-hijo-salen-escoltados-por-la-policia-tras-custodia-decidida-por-juana-rivas\/","url":"https:\/\/www.diario21.tv\/noticias\/arcuri-y-su-hijo-salen-escoltados-por-la-policia-tras-custodia-decidida-por-juana-rivas\/","name":"Arcuri y su hijo salen escoltados por la polic\u00eda tras custodia decidida por Juana Rivas - Diario 21","isPartOf":{"@id":"https:\/\/www.diario21.tv\/noticias\/#website"},"primaryImageOfPage":{"@id":"https:\/\/www.diario21.tv\/noticias\/arcuri-y-su-hijo-salen-escoltados-por-la-policia-tras-custodia-decidida-por-juana-rivas\/#primaryimage"},"image":{"@id":"https:\/\/www.diario21.tv\/noticias\/arcuri-y-su-hijo-salen-escoltados-por-la-policia-tras-custodia-decidida-por-juana-rivas\/#primaryimage"},"thumbnailUrl":"https:\/\/www.diario21.tv\/noticias\/wp-content\/uploads\/2025\/07\/Arcuri-y-su-hijo-salen-escoltados-por-la-policia-tras.JPG","datePublished":"2025-07-29T01:58:47+00:00","dateModified":"2025-07-29T01:58:48+00:00","author":{"@id":"https:\/\/www.diario21.tv\/noticias\/#\/schema\/person\/dfb778f73814d8f09f302618446a526b"},"breadcrumb":{"@id":"https:\/\/www.diario21.tv\/noticias\/arcuri-y-su-hijo-salen-escoltados-por-la-policia-tras-custodia-decidida-por-juana-rivas\/#breadcrumb"},"inLanguage":"es-AR","potentialAction":[{"@type":"ReadAction","target":["https:\/\/www.diario21.tv\/noticias\/arcuri-y-su-hijo-salen-escoltados-por-la-policia-tras-custodia-decidida-por-juana-rivas\/"]}]},{"@type":"ImageObject","inLanguage":"es-AR","@id":"https:\/\/www.diario21.tv\/noticias\/arcuri-y-su-hijo-salen-escoltados-por-la-policia-tras-custodia-decidida-por-juana-rivas\/#primaryimage","url":"https:\/\/www.diario21.tv\/noticias\/wp-content\/uploads\/2025\/07\/Arcuri-y-su-hijo-salen-escoltados-por-la-policia-tras.JPG","contentUrl":"https:\/\/www.diario21.tv\/noticias\/wp-content\/uploads\/2025\/07\/Arcuri-y-su-hijo-salen-escoltados-por-la-policia-tras.JPG","width":1200,"height":840,"caption":"Arcuri abandona con su hijo los juzgados escoltado por la Polic\u00eda tras la entrega del menor por Juana Rivas"},{"@type":"BreadcrumbList","@id":"https:\/\/www.diario21.tv\/noticias\/arcuri-y-su-hijo-salen-escoltados-por-la-policia-tras-custodia-decidida-por-juana-rivas\/#breadcrumb","itemListElement":[{"@type":"ListItem","position":1,"name":"Accueil","item":"https:\/\/www.diario21.tv\/noticias\/"},{"@type":"ListItem","position":2,"name":"Arcuri y su hijo salen escoltados por la polic\u00eda tras custodia decidida por Juana Rivas"}]},{"@type":"WebSite","@id":"https:\/\/www.diario21.tv\/noticias\/#website","url":"https:\/\/www.diario21.tv\/noticias\/","name":"Diario 21","description":"","potentialAction":[{"@type":"SearchAction","target":{"@type":"EntryPoint","urlTemplate":"https:\/\/www.diario21.tv\/noticias\/?s={search_term_string}"},"query-input":{"@type":"PropertyValueSpecification","valueRequired":true,"valueName":"search_term_string"}}],"inLanguage":"es-AR"},{"@type":"Person","@id":"https:\/\/www.diario21.tv\/noticias\/#\/schema\/person\/dfb778f73814d8f09f302618446a526b","name":"Juan P\u00e9rez","image":{"@type":"ImageObject","inLanguage":"es-AR","@id":"https:\/\/www.diario21.tv\/noticias\/#\/schema\/person\/image\/","url":"https:\/\/secure.gravatar.com\/avatar\/c478a405bd10621167f4c3167cc770f5?s=96&d=mm&r=g","contentUrl":"https:\/\/secure.gravatar.com\/avatar\/c478a405bd10621167f4c3167cc770f5?s=96&d=mm&r=g","caption":"Juan P\u00e9rez"},"description":"Juan P\u00e9rez es el redactor en jefe de Diario 21. Con m\u00e1s de 10 a\u00f1os de experiencia en el periodismo, se especializa en pol\u00edtica nacional y an\u00e1lisis socioecon\u00f3mico. Su enfoque cr\u00edtico y riguroso aporta una perspectiva \u00fanica a cada art\u00edculo.","sameAs":["https:\/\/www.diario21.tv\/noticias\/"],"url":"https:\/\/www.diario21.tv\/noticias\/author\/juan-perez\/"}]}},"_links":{"self":[{"href":"https:\/\/www.diario21.tv\/noticias\/wp-json\/wp\/v2\/posts\/3973"}],"collection":[{"href":"https:\/\/www.diario21.tv\/noticias\/wp-json\/wp\/v2\/posts"}],"about":[{"href":"https:\/\/www.diario21.tv\/noticias\/wp-json\/wp\/v2\/types\/post"}],"author":[{"embeddable":true,"href":"https:\/\/www.diario21.tv\/noticias\/wp-json\/wp\/v2\/users\/20"}],"replies":[{"embeddable":true,"href":"https:\/\/www.diario21.tv\/noticias\/wp-json\/wp\/v2\/comments?post=3973"}],"version-history":[{"count":1,"href":"https:\/\/www.diario21.tv\/noticias\/wp-json\/wp\/v2\/posts\/3973\/revisions"}],"predecessor-version":[{"id":3975,"href":"https:\/\/www.diario21.tv\/noticias\/wp-json\/wp\/v2\/posts\/3973\/revisions\/3975"}],"wp:featuredmedia":[{"embeddable":true,"href":"https:\/\/www.diario21.tv\/noticias\/wp-json\/wp\/v2\/media\/3974"}],"wp:attachment":[{"href":"https:\/\/www.diario21.tv\/noticias\/wp-json\/wp\/v2\/media?parent=3973"}],"wp:term":[{"taxonomy":"category","embeddable":true,"href":"https:\/\/www.diario21.tv\/noticias\/wp-json\/wp\/v2\/categories?post=3973"},{"taxonomy":"post_tag","embeddable":true,"href":"https:\/\/www.diario21.tv\/noticias\/wp-json\/wp\/v2\/tags?post=3973"}],"curies":[{"name":"wp","href":"https:\/\/api.w.org\/{rel}","templated":true}]}}