{"id":3961,"date":"2025-07-28T01:44:31","date_gmt":"2025-07-28T01:44:31","guid":{"rendered":"https:\/\/www.diario21.tv\/noticias\/atencion-mercadona-transforma-un-servicio-esencial-desde-el-28-de-julio\/"},"modified":"2025-07-28T01:44:31","modified_gmt":"2025-07-28T01:44:31","slug":"atencion-mercadona-transforma-un-servicio-esencial-desde-el-28-de-julio","status":"publish","type":"post","link":"https:\/\/www.diario21.tv\/noticias\/atencion-mercadona-transforma-un-servicio-esencial-desde-el-28-de-julio\/","title":{"rendered":"\u00a1Atenci\u00f3n! Mercadona transforma un servicio esencial desde el 28 de julio"},"content":{"rendered":"<h2>Mercadona Implementa Cambios Significativos en Servicio Esencial a Partir del 28 de Julio<\/h2>\n<p>Mercadona, uno de los principales supermercados de Espa\u00f1a, ha anunciado recientemente que realizar\u00e1 un cambio significativo en uno de sus servicios m\u00e1s importantes a partir del 28 de julio. Este cambio est\u00e1 destinado a mejorar la experiencia de compra de sus clientes y optimizar los procesos internos.<\/p>\n<h3>Detalles del Cambio<\/h3>\n<p>Aunque la compa\u00f1\u00eda no ha especificado todos los detalles exactos del cambio, se sabe que afectar\u00e1 directamente a c\u00f3mo los clientes utilizan uno de los servicios m\u00e1s populares de la cadena. Mercadona ha asegurado que este ajuste traer\u00e1 beneficios tanto para la operatividad de sus establecimientos como para la comodidad y satisfacci\u00f3n de sus compradores.<\/p>\n<h3>Reacciones Anticipadas<\/h3>\n<p>La noticia ha generado una mezcla de expectativas entre los consumidores habituales. Algunos expresan entusiasmo ante la posibilidad de una mejora en el servicio, mientras que otros se muestran cautelosos, esperando a ver la implementaci\u00f3n real antes de formar una opini\u00f3n definitiva. <\/p>\n<p>Mercadona ha comunicado que ha tomado esta decisi\u00f3n basada en estudios y feedback recibido de sus clientes, lo que sugiere que el cambio podr\u00eda ser bien recibido por la mayor\u00eda una vez implementado.<\/p>\n<h3>Impacto en la Experiencia del Cliente<\/h3>\n<p>La cadena de supermercados ha destacado que uno de los principales objetivos de este cambio es mejorar la experiencia de compra. Esto podr\u00eda traducirse en procesos m\u00e1s r\u00e1pidos, una mayor disponibilidad de productos o incluso mejoras en la atenci\u00f3n al cliente. Sin embargo, a\u00fan queda por ver cu\u00e1les ser\u00e1n las mejoras espec\u00edficas y c\u00f3mo se percibir\u00e1n por parte de los usuarios.<\/p>\n<h3>Conclusi\u00f3n<\/h3>\n<p>Mercadona contin\u00faa demostrando su compromiso con la innovaci\u00f3n y la mejora continua, buscando siempre adaptarse a las necesidades de sus clientes y al entorno cambiante del mercado. Este pr\u00f3ximo cambio, que se implementar\u00e1 a partir del 28 de julio, es un reflejo de su esfuerzo por mantenerse a la vanguardia en el sector de supermercados en Espa\u00f1a. Los clientes est\u00e1n a la espera de experimentar y evaluar los nuevos ajustes para determinar si efectivamente constituyen una mejora en su experiencia de compra habitual.<\/p>\n\n\n<div class=\"kk-star-ratings kksr-auto kksr-align-left kksr-valign-bottom\"\n    data-payload='{&quot;align&quot;:&quot;left&quot;,&quot;id&quot;:&quot;3961&quot;,&quot;slug&quot;:&quot;default&quot;,&quot;valign&quot;:&quot;bottom&quot;,&quot;ignore&quot;:&quot;&quot;,&quot;reference&quot;:&quot;auto&quot;,&quot;class&quot;:&quot;&quot;,&quot;count&quot;:&quot;0&quot;,&quot;legendonly&quot;:&quot;&quot;,&quot;readonly&quot;:&quot;&quot;,&quot;score&quot;:&quot;0&quot;,&quot;starsonly&quot;:&quot;&quot;,&quot;best&quot;:&quot;5&quot;,&quot;gap&quot;:&quot;5&quot;,&quot;greet&quot;:&quot;Valora este post&quot;,&quot;legend&quot;:&quot;0\\\/5 - (0 votes)&quot;,&quot;size&quot;:&quot;22&quot;,&quot;title&quot;:&quot;\u00a1Atenci\u00f3n! Mercadona transforma un servicio esencial desde el 28 de julio&quot;,&quot;width&quot;:&quot;0&quot;,&quot;_legend&quot;:&quot;{score}\\\/{best} - ({count} {votes})&quot;,&quot;font_factor&quot;:&quot;1.25&quot;}'>\n            \n<div class=\"kksr-stars\">\n    \n<div class=\"kksr-stars-inactive\">\n            <div class=\"kksr-star\" data-star=\"1\" style=\"padding-right: 5px\">\n            \n\n<div class=\"kksr-icon\" style=\"width: 22px; height: 22px;\"><\/div>\n        <\/div>\n            <div class=\"kksr-star\" data-star=\"2\" style=\"padding-right: 5px\">\n            \n\n<div class=\"kksr-icon\" style=\"width: 22px; height: 22px;\"><\/div>\n        <\/div>\n            <div class=\"kksr-star\" data-star=\"3\" style=\"padding-right: 5px\">\n            \n\n<div class=\"kksr-icon\" style=\"width: 22px; height: 22px;\"><\/div>\n        <\/div>\n            <div class=\"kksr-star\" data-star=\"4\" style=\"padding-right: 5px\">\n            \n\n<div class=\"kksr-icon\" style=\"width: 22px; height: 22px;\"><\/div>\n        <\/div>\n            <div class=\"kksr-star\" data-star=\"5\" style=\"padding-right: 5px\">\n            \n\n<div class=\"kksr-icon\" style=\"width: 22px; height: 22px;\"><\/div>\n        <\/div>\n    <\/div>\n    \n<div class=\"kksr-stars-active\" style=\"width: 0px;\">\n            <div class=\"kksr-star\" style=\"padding-right: 5px\">\n            \n\n<div class=\"kksr-icon\" style=\"width: 22px; height: 22px;\"><\/div>\n        <\/div>\n            <div class=\"kksr-star\" style=\"padding-right: 5px\">\n            \n\n<div class=\"kksr-icon\" style=\"width: 22px; height: 22px;\"><\/div>\n        <\/div>\n            <div class=\"kksr-star\" style=\"padding-right: 5px\">\n            \n\n<div class=\"kksr-icon\" style=\"width: 22px; height: 22px;\"><\/div>\n        <\/div>\n            <div class=\"kksr-star\" style=\"padding-right: 5px\">\n            \n\n<div class=\"kksr-icon\" style=\"width: 22px; height: 22px;\"><\/div>\n        <\/div>\n            <div class=\"kksr-star\" style=\"padding-right: 5px\">\n            \n\n<div class=\"kksr-icon\" style=\"width: 22px; height: 22px;\"><\/div>\n        <\/div>\n    <\/div>\n<\/div>\n                \n\n<div class=\"kksr-legend\" style=\"font-size: 17.6px;\">\n            <span class=\"kksr-muted\">Valora este post<\/span>\n    <\/div>\n    <\/div>\n","protected":false},"excerpt":{"rendered":"<p>Mercadona Implementa Cambios Significativos en Servicio Esencial a Partir del 28 de Julio Mercadona, uno de los principales supermercados de Espa\u00f1a, ha anunciado recientemente que realizar\u00e1 &#8230; <a title=\"\u00a1Atenci\u00f3n! Mercadona transforma un servicio esencial desde el 28 de julio\" class=\"read-more\" href=\"https:\/\/www.diario21.tv\/noticias\/atencion-mercadona-transforma-un-servicio-esencial-desde-el-28-de-julio\/\" aria-label=\"Leer m\u00e1s sobre \u00a1Atenci\u00f3n! Mercadona transforma un servicio esencial desde el 28 de julio\">Seguir leyendo &rarr;<\/a><\/p>\n","protected":false},"author":20,"featured_media":3962,"comment_status":"open","ping_status":"open","sticky":false,"template":"","format":"standard","meta":{"footnotes":""},"categories":[13],"tags":[],"class_list":["post-3961","post","type-post","status-publish","format-standard","has-post-thumbnail","hentry","category-portada"],"yoast_head":"<!-- This site is optimized with the Yoast SEO plugin v25.6 - https:\/\/yoast.com\/wordpress\/plugins\/seo\/ -->\n<title>\u00a1Atenci\u00f3n! Mercadona transforma un servicio esencial desde el 28 de julio - Diario 21<\/title>\n<meta name=\"robots\" content=\"index, follow, max-snippet:-1, max-image-preview:large, max-video-preview:-1\" \/>\n<link rel=\"canonical\" href=\"https:\/\/www.diario21.tv\/noticias\/atencion-mercadona-transforma-un-servicio-esencial-desde-el-28-de-julio\/\" \/>\n<meta property=\"og:locale\" content=\"es_ES\" \/>\n<meta property=\"og:type\" content=\"article\" \/>\n<meta property=\"og:title\" content=\"\u00a1Atenci\u00f3n! Mercadona transforma un servicio esencial desde el 28 de julio - Diario 21\" \/>\n<meta property=\"og:description\" content=\"Mercadona Implementa Cambios Significativos en Servicio Esencial a Partir del 28 de Julio Mercadona, uno de los principales supermercados de Espa\u00f1a, ha anunciado recientemente que realizar\u00e1 ... Seguir leyendo &rarr;\" \/>\n<meta property=\"og:url\" content=\"https:\/\/www.diario21.tv\/noticias\/atencion-mercadona-transforma-un-servicio-esencial-desde-el-28-de-julio\/\" \/>\n<meta property=\"og:site_name\" content=\"Diario 21\" \/>\n<meta property=\"article:published_time\" content=\"2025-07-28T01:44:31+00:00\" \/>\n<meta property=\"og:image\" content=\"https:\/\/www.diario21.tv\/noticias\/wp-content\/uploads\/2025\/07\/\u00a1Atencion-Mercadona-transforma-un-servicio-esencial-desde-el-28-de.jpg\" \/>\n\t<meta property=\"og:image:width\" content=\"1200\" \/>\n\t<meta property=\"og:image:height\" content=\"840\" \/>\n\t<meta property=\"og:image:type\" content=\"image\/jpeg\" \/>\n<meta name=\"author\" content=\"Juan P\u00e9rez\" \/>\n<meta name=\"twitter:card\" content=\"summary_large_image\" \/>\n<meta name=\"twitter:label1\" content=\"Escrito por\" \/>\n\t<meta name=\"twitter:data1\" content=\"Juan P\u00e9rez\" \/>\n\t<meta name=\"twitter:label2\" content=\"Tiempo de lectura\" \/>\n\t<meta name=\"twitter:data2\" content=\"2 minutos\" \/>\n<script type=\"application\/ld+json\" class=\"yoast-schema-graph\">{\"@context\":\"https:\/\/schema.org\",\"@graph\":[{\"@type\":\"WebPage\",\"@id\":\"https:\/\/www.diario21.tv\/noticias\/atencion-mercadona-transforma-un-servicio-esencial-desde-el-28-de-julio\/\",\"url\":\"https:\/\/www.diario21.tv\/noticias\/atencion-mercadona-transforma-un-servicio-esencial-desde-el-28-de-julio\/\",\"name\":\"\u00a1Atenci\u00f3n! Mercadona transforma un servicio esencial desde el 28 de julio - Diario 21\",\"isPartOf\":{\"@id\":\"https:\/\/www.diario21.tv\/noticias\/#website\"},\"primaryImageOfPage\":{\"@id\":\"https:\/\/www.diario21.tv\/noticias\/atencion-mercadona-transforma-un-servicio-esencial-desde-el-28-de-julio\/#primaryimage\"},\"image\":{\"@id\":\"https:\/\/www.diario21.tv\/noticias\/atencion-mercadona-transforma-un-servicio-esencial-desde-el-28-de-julio\/#primaryimage\"},\"thumbnailUrl\":\"https:\/\/www.diario21.tv\/noticias\/wp-content\/uploads\/2025\/07\/\u00a1Atencion-Mercadona-transforma-un-servicio-esencial-desde-el-28-de.jpg\",\"datePublished\":\"2025-07-28T01:44:31+00:00\",\"author\":{\"@id\":\"https:\/\/www.diario21.tv\/noticias\/#\/schema\/person\/dfb778f73814d8f09f302618446a526b\"},\"breadcrumb\":{\"@id\":\"https:\/\/www.diario21.tv\/noticias\/atencion-mercadona-transforma-un-servicio-esencial-desde-el-28-de-julio\/#breadcrumb\"},\"inLanguage\":\"es-AR\",\"potentialAction\":[{\"@type\":\"ReadAction\",\"target\":[\"https:\/\/www.diario21.tv\/noticias\/atencion-mercadona-transforma-un-servicio-esencial-desde-el-28-de-julio\/\"]}]},{\"@type\":\"ImageObject\",\"inLanguage\":\"es-AR\",\"@id\":\"https:\/\/www.diario21.tv\/noticias\/atencion-mercadona-transforma-un-servicio-esencial-desde-el-28-de-julio\/#primaryimage\",\"url\":\"https:\/\/www.diario21.tv\/noticias\/wp-content\/uploads\/2025\/07\/\u00a1Atencion-Mercadona-transforma-un-servicio-esencial-desde-el-28-de.jpg\",\"contentUrl\":\"https:\/\/www.diario21.tv\/noticias\/wp-content\/uploads\/2025\/07\/\u00a1Atencion-Mercadona-transforma-un-servicio-esencial-desde-el-28-de.jpg\",\"width\":1200,\"height\":840,\"caption\":\"Mercadona anuncia un importante cambio en uno de sus servicios clave a partir del 28 de julio\"},{\"@type\":\"BreadcrumbList\",\"@id\":\"https:\/\/www.diario21.tv\/noticias\/atencion-mercadona-transforma-un-servicio-esencial-desde-el-28-de-julio\/#breadcrumb\",\"itemListElement\":[{\"@type\":\"ListItem\",\"position\":1,\"name\":\"Accueil\",\"item\":\"https:\/\/www.diario21.tv\/noticias\/\"},{\"@type\":\"ListItem\",\"position\":2,\"name\":\"\u00a1Atenci\u00f3n! Mercadona transforma un servicio esencial desde el 28 de julio\"}]},{\"@type\":\"WebSite\",\"@id\":\"https:\/\/www.diario21.tv\/noticias\/#website\",\"url\":\"https:\/\/www.diario21.tv\/noticias\/\",\"name\":\"Diario 21\",\"description\":\"\",\"potentialAction\":[{\"@type\":\"SearchAction\",\"target\":{\"@type\":\"EntryPoint\",\"urlTemplate\":\"https:\/\/www.diario21.tv\/noticias\/?s={search_term_string}\"},\"query-input\":{\"@type\":\"PropertyValueSpecification\",\"valueRequired\":true,\"valueName\":\"search_term_string\"}}],\"inLanguage\":\"es-AR\"},{\"@type\":\"Person\",\"@id\":\"https:\/\/www.diario21.tv\/noticias\/#\/schema\/person\/dfb778f73814d8f09f302618446a526b\",\"name\":\"Juan P\u00e9rez\",\"image\":{\"@type\":\"ImageObject\",\"inLanguage\":\"es-AR\",\"@id\":\"https:\/\/www.diario21.tv\/noticias\/#\/schema\/person\/image\/\",\"url\":\"https:\/\/secure.gravatar.com\/avatar\/c478a405bd10621167f4c3167cc770f5?s=96&d=mm&r=g\",\"contentUrl\":\"https:\/\/secure.gravatar.com\/avatar\/c478a405bd10621167f4c3167cc770f5?s=96&d=mm&r=g\",\"caption\":\"Juan P\u00e9rez\"},\"description\":\"Juan P\u00e9rez es el redactor en jefe de Diario 21. Con m\u00e1s de 10 a\u00f1os de experiencia en el periodismo, se especializa en pol\u00edtica nacional y an\u00e1lisis socioecon\u00f3mico. Su enfoque cr\u00edtico y riguroso aporta una perspectiva \u00fanica a cada art\u00edculo.\",\"sameAs\":[\"https:\/\/www.diario21.tv\/noticias\/\"],\"url\":\"https:\/\/www.diario21.tv\/noticias\/author\/juan-perez\/\"}]}<\/script>\n<!-- \/ Yoast SEO plugin. -->","yoast_head_json":{"title":"\u00a1Atenci\u00f3n! Mercadona transforma un servicio esencial desde el 28 de julio - Diario 21","robots":{"index":"index","follow":"follow","max-snippet":"max-snippet:-1","max-image-preview":"max-image-preview:large","max-video-preview":"max-video-preview:-1"},"canonical":"https:\/\/www.diario21.tv\/noticias\/atencion-mercadona-transforma-un-servicio-esencial-desde-el-28-de-julio\/","og_locale":"es_ES","og_type":"article","og_title":"\u00a1Atenci\u00f3n! Mercadona transforma un servicio esencial desde el 28 de julio - Diario 21","og_description":"Mercadona Implementa Cambios Significativos en Servicio Esencial a Partir del 28 de Julio Mercadona, uno de los principales supermercados de Espa\u00f1a, ha anunciado recientemente que realizar\u00e1 ... Seguir leyendo &rarr;","og_url":"https:\/\/www.diario21.tv\/noticias\/atencion-mercadona-transforma-un-servicio-esencial-desde-el-28-de-julio\/","og_site_name":"Diario 21","article_published_time":"2025-07-28T01:44:31+00:00","og_image":[{"width":1200,"height":840,"url":"https:\/\/www.diario21.tv\/noticias\/wp-content\/uploads\/2025\/07\/\u00a1Atencion-Mercadona-transforma-un-servicio-esencial-desde-el-28-de.jpg","type":"image\/jpeg"}],"author":"Juan P\u00e9rez","twitter_card":"summary_large_image","twitter_misc":{"Escrito por":"Juan P\u00e9rez","Tiempo de lectura":"2 minutos"},"schema":{"@context":"https:\/\/schema.org","@graph":[{"@type":"WebPage","@id":"https:\/\/www.diario21.tv\/noticias\/atencion-mercadona-transforma-un-servicio-esencial-desde-el-28-de-julio\/","url":"https:\/\/www.diario21.tv\/noticias\/atencion-mercadona-transforma-un-servicio-esencial-desde-el-28-de-julio\/","name":"\u00a1Atenci\u00f3n! Mercadona transforma un servicio esencial desde el 28 de julio - Diario 21","isPartOf":{"@id":"https:\/\/www.diario21.tv\/noticias\/#website"},"primaryImageOfPage":{"@id":"https:\/\/www.diario21.tv\/noticias\/atencion-mercadona-transforma-un-servicio-esencial-desde-el-28-de-julio\/#primaryimage"},"image":{"@id":"https:\/\/www.diario21.tv\/noticias\/atencion-mercadona-transforma-un-servicio-esencial-desde-el-28-de-julio\/#primaryimage"},"thumbnailUrl":"https:\/\/www.diario21.tv\/noticias\/wp-content\/uploads\/2025\/07\/\u00a1Atencion-Mercadona-transforma-un-servicio-esencial-desde-el-28-de.jpg","datePublished":"2025-07-28T01:44:31+00:00","author":{"@id":"https:\/\/www.diario21.tv\/noticias\/#\/schema\/person\/dfb778f73814d8f09f302618446a526b"},"breadcrumb":{"@id":"https:\/\/www.diario21.tv\/noticias\/atencion-mercadona-transforma-un-servicio-esencial-desde-el-28-de-julio\/#breadcrumb"},"inLanguage":"es-AR","potentialAction":[{"@type":"ReadAction","target":["https:\/\/www.diario21.tv\/noticias\/atencion-mercadona-transforma-un-servicio-esencial-desde-el-28-de-julio\/"]}]},{"@type":"ImageObject","inLanguage":"es-AR","@id":"https:\/\/www.diario21.tv\/noticias\/atencion-mercadona-transforma-un-servicio-esencial-desde-el-28-de-julio\/#primaryimage","url":"https:\/\/www.diario21.tv\/noticias\/wp-content\/uploads\/2025\/07\/\u00a1Atencion-Mercadona-transforma-un-servicio-esencial-desde-el-28-de.jpg","contentUrl":"https:\/\/www.diario21.tv\/noticias\/wp-content\/uploads\/2025\/07\/\u00a1Atencion-Mercadona-transforma-un-servicio-esencial-desde-el-28-de.jpg","width":1200,"height":840,"caption":"Mercadona anuncia un importante cambio en uno de sus servicios clave a partir del 28 de julio"},{"@type":"BreadcrumbList","@id":"https:\/\/www.diario21.tv\/noticias\/atencion-mercadona-transforma-un-servicio-esencial-desde-el-28-de-julio\/#breadcrumb","itemListElement":[{"@type":"ListItem","position":1,"name":"Accueil","item":"https:\/\/www.diario21.tv\/noticias\/"},{"@type":"ListItem","position":2,"name":"\u00a1Atenci\u00f3n! Mercadona transforma un servicio esencial desde el 28 de julio"}]},{"@type":"WebSite","@id":"https:\/\/www.diario21.tv\/noticias\/#website","url":"https:\/\/www.diario21.tv\/noticias\/","name":"Diario 21","description":"","potentialAction":[{"@type":"SearchAction","target":{"@type":"EntryPoint","urlTemplate":"https:\/\/www.diario21.tv\/noticias\/?s={search_term_string}"},"query-input":{"@type":"PropertyValueSpecification","valueRequired":true,"valueName":"search_term_string"}}],"inLanguage":"es-AR"},{"@type":"Person","@id":"https:\/\/www.diario21.tv\/noticias\/#\/schema\/person\/dfb778f73814d8f09f302618446a526b","name":"Juan P\u00e9rez","image":{"@type":"ImageObject","inLanguage":"es-AR","@id":"https:\/\/www.diario21.tv\/noticias\/#\/schema\/person\/image\/","url":"https:\/\/secure.gravatar.com\/avatar\/c478a405bd10621167f4c3167cc770f5?s=96&d=mm&r=g","contentUrl":"https:\/\/secure.gravatar.com\/avatar\/c478a405bd10621167f4c3167cc770f5?s=96&d=mm&r=g","caption":"Juan P\u00e9rez"},"description":"Juan P\u00e9rez es el redactor en jefe de Diario 21. Con m\u00e1s de 10 a\u00f1os de experiencia en el periodismo, se especializa en pol\u00edtica nacional y an\u00e1lisis socioecon\u00f3mico. Su enfoque cr\u00edtico y riguroso aporta una perspectiva \u00fanica a cada art\u00edculo.","sameAs":["https:\/\/www.diario21.tv\/noticias\/"],"url":"https:\/\/www.diario21.tv\/noticias\/author\/juan-perez\/"}]}},"_links":{"self":[{"href":"https:\/\/www.diario21.tv\/noticias\/wp-json\/wp\/v2\/posts\/3961"}],"collection":[{"href":"https:\/\/www.diario21.tv\/noticias\/wp-json\/wp\/v2\/posts"}],"about":[{"href":"https:\/\/www.diario21.tv\/noticias\/wp-json\/wp\/v2\/types\/post"}],"author":[{"embeddable":true,"href":"https:\/\/www.diario21.tv\/noticias\/wp-json\/wp\/v2\/users\/20"}],"replies":[{"embeddable":true,"href":"https:\/\/www.diario21.tv\/noticias\/wp-json\/wp\/v2\/comments?post=3961"}],"version-history":[{"count":1,"href":"https:\/\/www.diario21.tv\/noticias\/wp-json\/wp\/v2\/posts\/3961\/revisions"}],"predecessor-version":[{"id":3963,"href":"https:\/\/www.diario21.tv\/noticias\/wp-json\/wp\/v2\/posts\/3961\/revisions\/3963"}],"wp:featuredmedia":[{"embeddable":true,"href":"https:\/\/www.diario21.tv\/noticias\/wp-json\/wp\/v2\/media\/3962"}],"wp:attachment":[{"href":"https:\/\/www.diario21.tv\/noticias\/wp-json\/wp\/v2\/media?parent=3961"}],"wp:term":[{"taxonomy":"category","embeddable":true,"href":"https:\/\/www.diario21.tv\/noticias\/wp-json\/wp\/v2\/categories?post=3961"},{"taxonomy":"post_tag","embeddable":true,"href":"https:\/\/www.diario21.tv\/noticias\/wp-json\/wp\/v2\/tags?post=3961"}],"curies":[{"name":"wp","href":"https:\/\/api.w.org\/{rel}","templated":true}]}}