{"id":3925,"date":"2025-07-24T19:07:44","date_gmt":"2025-07-24T19:07:44","guid":{"rendered":"https:\/\/www.diario21.tv\/noticias\/alerta-aumento-del-1-200-en-hospitalizaciones-de-adolescentes-por-depresion-en-20-anos\/"},"modified":"2025-07-24T19:07:45","modified_gmt":"2025-07-24T19:07:45","slug":"alerta-aumento-del-1-200-en-hospitalizaciones-de-adolescentes-por-depresion-en-20-anos","status":"publish","type":"post","link":"https:\/\/www.diario21.tv\/noticias\/alerta-aumento-del-1-200-en-hospitalizaciones-de-adolescentes-por-depresion-en-20-anos\/","title":{"rendered":"\u00a1Alerta! Aumento del 1.200% en hospitalizaciones de adolescentes por depresi\u00f3n en 20 a\u00f1os"},"content":{"rendered":"<h2>Incremento del 1200% en Hospitalizaciones de Adolescentes por Depresi\u00f3n en Veinte A\u00f1os<\/h2>\n<p>En las \u00faltimas dos d\u00e9cadas, se ha registrado un alarmante aumento en las hospitalizaciones de adolescentes debido a problemas de depresi\u00f3n. Los datos indican que este incremento es de un 1200%, una cifra que se\u00f1ala una creciente preocupaci\u00f3n en el \u00e1mbito de la salud mental juvenil.<\/p>\n<h3>Una Mirada a las Cifras<\/h3>\n<p>El an\u00e1lisis de los datos hospitalarios muestra que, mientras que hace veinte a\u00f1os las cifras de hospitalizaciones por depresi\u00f3n entre los adolescentes eran relativamente bajas, hoy en d\u00eda han escalado a niveles sin precedentes. Este aumento no solo refleja una mayor prevalencia de la depresi\u00f3n entre los j\u00f3venes, sino tambi\u00e9n un cambio en la disposici\u00f3n a buscar ayuda m\u00e9dica para estos problemas.<\/p>\n<h3>Factores Contribuyentes<\/h3>\n<p>Varios factores han sido identificados como posibles contribuyentes a este aumento dram\u00e1tico. Entre ellos, el acceso a las redes sociales y el uso excesivo de tecnolog\u00eda han sido se\u00f1alados como elementos que pueden exacerbar sentimientos de insatisfacci\u00f3n y ansiedad entre los j\u00f3venes. Adem\u00e1s, la presi\u00f3n acad\u00e9mica y las expectativas sociales tambi\u00e9n juegan un papel relevante, pudiendo llevar a los adolescentes a experimentar niveles de estr\u00e9s muy altos.<\/p>\n<h3>Impacto de la Pandemia<\/h3>\n<p>La reciente pandemia de COVID-19 ha a\u00f1adido una capa adicional de estr\u00e9s en la vida de los adolescentes. El aislamiento social, la interrupci\u00f3n de rutinas diarias y la incertidumbre sobre el futuro han contribuido significativamente al deterioro de la salud mental de muchos j\u00f3venes. Estas circunstancias han impulsado a un n\u00famero a\u00fan mayor de adolescentes a buscar apoyo hospitalario para manejar su depresi\u00f3n.<\/p>\n<h3>Respuestas del Sistema de Salud<\/h3>\n<p>Ante este crecimiento en las hospitalizaciones, los sistemas de salud est\u00e1n buscando mejorar las estrategias de intervenci\u00f3n y prevenci\u00f3n. Esto incluye la implementaci\u00f3n de programas de educaci\u00f3n y concientizaci\u00f3n sobre la salud mental en escuelas y comunidades, as\u00ed como el fortalecimiento de los recursos de apoyo psicol\u00f3gico para adolescentes. Adem\u00e1s, se est\u00e1 fomentando la capacitaci\u00f3n de los profesionales de la salud para que puedan detectar y tratar la depresi\u00f3n en j\u00f3venes de manera m\u00e1s eficaz.<\/p>\n<h3>La Importancia de la Acci\u00f3n Comunitaria<\/h3>\n<p>La lucha contra la depresi\u00f3n adolescente tambi\u00e9n requiere un esfuerzo comunitario. La creaci\u00f3n de entornos de apoyo, donde los j\u00f3venes puedan hablar abiertamente sobre sus problemas de salud mental y buscar ayuda sin estigma, es fundamental. Asimismo, es crucial el apoyo familiar, ya que los padres y otros miembros de la familia pueden jugar un papel vital en la detecci\u00f3n temprana y el apoyo continuo durante el tratamiento.<\/p>\n<p>Este dram\u00e1tico aumento en las hospitalizaciones de adolescentes por depresi\u00f3n es un claro llamado a la acci\u00f3n para todos los sectores de la sociedad. Es esencial abordar esta crisis con medidas efectivas y compasivas para asegurar el bienestar de las futuras generaciones.<\/p>\n\n\n<div class=\"kk-star-ratings kksr-auto kksr-align-left kksr-valign-bottom\"\n    data-payload='{&quot;align&quot;:&quot;left&quot;,&quot;id&quot;:&quot;3925&quot;,&quot;slug&quot;:&quot;default&quot;,&quot;valign&quot;:&quot;bottom&quot;,&quot;ignore&quot;:&quot;&quot;,&quot;reference&quot;:&quot;auto&quot;,&quot;class&quot;:&quot;&quot;,&quot;count&quot;:&quot;0&quot;,&quot;legendonly&quot;:&quot;&quot;,&quot;readonly&quot;:&quot;&quot;,&quot;score&quot;:&quot;0&quot;,&quot;starsonly&quot;:&quot;&quot;,&quot;best&quot;:&quot;5&quot;,&quot;gap&quot;:&quot;5&quot;,&quot;greet&quot;:&quot;Valora este post&quot;,&quot;legend&quot;:&quot;0\\\/5 - (0 votes)&quot;,&quot;size&quot;:&quot;22&quot;,&quot;title&quot;:&quot;\u00a1Alerta! Aumento del 1.200% en hospitalizaciones de adolescentes por depresi\u00f3n en 20 a\u00f1os&quot;,&quot;width&quot;:&quot;0&quot;,&quot;_legend&quot;:&quot;{score}\\\/{best} - ({count} {votes})&quot;,&quot;font_factor&quot;:&quot;1.25&quot;}'>\n            \n<div class=\"kksr-stars\">\n    \n<div class=\"kksr-stars-inactive\">\n            <div class=\"kksr-star\" data-star=\"1\" style=\"padding-right: 5px\">\n            \n\n<div class=\"kksr-icon\" style=\"width: 22px; height: 22px;\"><\/div>\n        <\/div>\n            <div class=\"kksr-star\" data-star=\"2\" style=\"padding-right: 5px\">\n            \n\n<div class=\"kksr-icon\" style=\"width: 22px; height: 22px;\"><\/div>\n        <\/div>\n            <div class=\"kksr-star\" data-star=\"3\" style=\"padding-right: 5px\">\n            \n\n<div class=\"kksr-icon\" style=\"width: 22px; height: 22px;\"><\/div>\n        <\/div>\n            <div class=\"kksr-star\" data-star=\"4\" style=\"padding-right: 5px\">\n            \n\n<div class=\"kksr-icon\" style=\"width: 22px; height: 22px;\"><\/div>\n        <\/div>\n            <div class=\"kksr-star\" data-star=\"5\" style=\"padding-right: 5px\">\n            \n\n<div class=\"kksr-icon\" style=\"width: 22px; height: 22px;\"><\/div>\n        <\/div>\n    <\/div>\n    \n<div class=\"kksr-stars-active\" style=\"width: 0px;\">\n            <div class=\"kksr-star\" style=\"padding-right: 5px\">\n            \n\n<div class=\"kksr-icon\" style=\"width: 22px; height: 22px;\"><\/div>\n        <\/div>\n            <div class=\"kksr-star\" style=\"padding-right: 5px\">\n            \n\n<div class=\"kksr-icon\" style=\"width: 22px; height: 22px;\"><\/div>\n        <\/div>\n            <div class=\"kksr-star\" style=\"padding-right: 5px\">\n            \n\n<div class=\"kksr-icon\" style=\"width: 22px; height: 22px;\"><\/div>\n        <\/div>\n            <div class=\"kksr-star\" style=\"padding-right: 5px\">\n            \n\n<div class=\"kksr-icon\" style=\"width: 22px; height: 22px;\"><\/div>\n        <\/div>\n            <div class=\"kksr-star\" style=\"padding-right: 5px\">\n            \n\n<div class=\"kksr-icon\" style=\"width: 22px; height: 22px;\"><\/div>\n        <\/div>\n    <\/div>\n<\/div>\n                \n\n<div class=\"kksr-legend\" style=\"font-size: 17.6px;\">\n            <span class=\"kksr-muted\">Valora este post<\/span>\n    <\/div>\n    <\/div>\n","protected":false},"excerpt":{"rendered":"<p>Incremento del 1200% en Hospitalizaciones de Adolescentes por Depresi\u00f3n en Veinte A\u00f1os En las \u00faltimas dos d\u00e9cadas, se ha registrado un alarmante aumento en las hospitalizaciones &#8230; <a title=\"\u00a1Alerta! Aumento del 1.200% en hospitalizaciones de adolescentes por depresi\u00f3n en 20 a\u00f1os\" class=\"read-more\" href=\"https:\/\/www.diario21.tv\/noticias\/alerta-aumento-del-1-200-en-hospitalizaciones-de-adolescentes-por-depresion-en-20-anos\/\" aria-label=\"Leer m\u00e1s sobre \u00a1Alerta! Aumento del 1.200% en hospitalizaciones de adolescentes por depresi\u00f3n en 20 a\u00f1os\">Seguir leyendo &rarr;<\/a><\/p>\n","protected":false},"author":20,"featured_media":3926,"comment_status":"open","ping_status":"open","sticky":false,"template":"","format":"standard","meta":{"footnotes":""},"categories":[13],"tags":[],"class_list":["post-3925","post","type-post","status-publish","format-standard","has-post-thumbnail","hentry","category-portada"],"yoast_head":"<!-- This site is optimized with the Yoast SEO plugin v25.6 - https:\/\/yoast.com\/wordpress\/plugins\/seo\/ -->\n<title>\u00a1Alerta! Aumento del 1.200% en hospitalizaciones de adolescentes por depresi\u00f3n en 20 a\u00f1os - Diario 21<\/title>\n<meta name=\"robots\" content=\"index, follow, max-snippet:-1, max-image-preview:large, max-video-preview:-1\" \/>\n<link rel=\"canonical\" href=\"https:\/\/www.diario21.tv\/noticias\/alerta-aumento-del-1-200-en-hospitalizaciones-de-adolescentes-por-depresion-en-20-anos\/\" \/>\n<meta property=\"og:locale\" content=\"es_ES\" \/>\n<meta property=\"og:type\" content=\"article\" \/>\n<meta property=\"og:title\" content=\"\u00a1Alerta! Aumento del 1.200% en hospitalizaciones de adolescentes por depresi\u00f3n en 20 a\u00f1os - Diario 21\" \/>\n<meta property=\"og:description\" content=\"Incremento del 1200% en Hospitalizaciones de Adolescentes por Depresi\u00f3n en Veinte A\u00f1os En las \u00faltimas dos d\u00e9cadas, se ha registrado un alarmante aumento en las hospitalizaciones ... Seguir leyendo &rarr;\" \/>\n<meta property=\"og:url\" content=\"https:\/\/www.diario21.tv\/noticias\/alerta-aumento-del-1-200-en-hospitalizaciones-de-adolescentes-por-depresion-en-20-anos\/\" \/>\n<meta property=\"og:site_name\" content=\"Diario 21\" \/>\n<meta property=\"article:published_time\" content=\"2025-07-24T19:07:44+00:00\" \/>\n<meta property=\"article:modified_time\" content=\"2025-07-24T19:07:45+00:00\" \/>\n<meta property=\"og:image\" content=\"https:\/\/www.diario21.tv\/noticias\/wp-content\/uploads\/2025\/07\/\u00a1Alerta-Aumento-del-1200-en-hospitalizaciones-de-adolescentes-por-depresion.jpg\" \/>\n\t<meta property=\"og:image:width\" content=\"1200\" \/>\n\t<meta property=\"og:image:height\" content=\"840\" \/>\n\t<meta property=\"og:image:type\" content=\"image\/jpeg\" \/>\n<meta name=\"author\" content=\"Juan P\u00e9rez\" \/>\n<meta name=\"twitter:card\" content=\"summary_large_image\" \/>\n<meta name=\"twitter:label1\" content=\"Escrito por\" \/>\n\t<meta name=\"twitter:data1\" content=\"Juan P\u00e9rez\" \/>\n\t<meta name=\"twitter:label2\" content=\"Tiempo de lectura\" \/>\n\t<meta name=\"twitter:data2\" content=\"3 minutos\" \/>\n<script type=\"application\/ld+json\" class=\"yoast-schema-graph\">{\"@context\":\"https:\/\/schema.org\",\"@graph\":[{\"@type\":\"WebPage\",\"@id\":\"https:\/\/www.diario21.tv\/noticias\/alerta-aumento-del-1-200-en-hospitalizaciones-de-adolescentes-por-depresion-en-20-anos\/\",\"url\":\"https:\/\/www.diario21.tv\/noticias\/alerta-aumento-del-1-200-en-hospitalizaciones-de-adolescentes-por-depresion-en-20-anos\/\",\"name\":\"\u00a1Alerta! Aumento del 1.200% en hospitalizaciones de adolescentes por depresi\u00f3n en 20 a\u00f1os - Diario 21\",\"isPartOf\":{\"@id\":\"https:\/\/www.diario21.tv\/noticias\/#website\"},\"primaryImageOfPage\":{\"@id\":\"https:\/\/www.diario21.tv\/noticias\/alerta-aumento-del-1-200-en-hospitalizaciones-de-adolescentes-por-depresion-en-20-anos\/#primaryimage\"},\"image\":{\"@id\":\"https:\/\/www.diario21.tv\/noticias\/alerta-aumento-del-1-200-en-hospitalizaciones-de-adolescentes-por-depresion-en-20-anos\/#primaryimage\"},\"thumbnailUrl\":\"https:\/\/www.diario21.tv\/noticias\/wp-content\/uploads\/2025\/07\/\u00a1Alerta-Aumento-del-1200-en-hospitalizaciones-de-adolescentes-por-depresion.jpg\",\"datePublished\":\"2025-07-24T19:07:44+00:00\",\"dateModified\":\"2025-07-24T19:07:45+00:00\",\"author\":{\"@id\":\"https:\/\/www.diario21.tv\/noticias\/#\/schema\/person\/dfb778f73814d8f09f302618446a526b\"},\"breadcrumb\":{\"@id\":\"https:\/\/www.diario21.tv\/noticias\/alerta-aumento-del-1-200-en-hospitalizaciones-de-adolescentes-por-depresion-en-20-anos\/#breadcrumb\"},\"inLanguage\":\"es-AR\",\"potentialAction\":[{\"@type\":\"ReadAction\",\"target\":[\"https:\/\/www.diario21.tv\/noticias\/alerta-aumento-del-1-200-en-hospitalizaciones-de-adolescentes-por-depresion-en-20-anos\/\"]}]},{\"@type\":\"ImageObject\",\"inLanguage\":\"es-AR\",\"@id\":\"https:\/\/www.diario21.tv\/noticias\/alerta-aumento-del-1-200-en-hospitalizaciones-de-adolescentes-por-depresion-en-20-anos\/#primaryimage\",\"url\":\"https:\/\/www.diario21.tv\/noticias\/wp-content\/uploads\/2025\/07\/\u00a1Alerta-Aumento-del-1200-en-hospitalizaciones-de-adolescentes-por-depresion.jpg\",\"contentUrl\":\"https:\/\/www.diario21.tv\/noticias\/wp-content\/uploads\/2025\/07\/\u00a1Alerta-Aumento-del-1200-en-hospitalizaciones-de-adolescentes-por-depresion.jpg\",\"width\":1200,\"height\":840,\"caption\":\"Las hospitalizaciones de adolescentes por depresi\u00f3n aumentaron un 1.200% en dos d\u00e9cadas\"},{\"@type\":\"BreadcrumbList\",\"@id\":\"https:\/\/www.diario21.tv\/noticias\/alerta-aumento-del-1-200-en-hospitalizaciones-de-adolescentes-por-depresion-en-20-anos\/#breadcrumb\",\"itemListElement\":[{\"@type\":\"ListItem\",\"position\":1,\"name\":\"Accueil\",\"item\":\"https:\/\/www.diario21.tv\/noticias\/\"},{\"@type\":\"ListItem\",\"position\":2,\"name\":\"\u00a1Alerta! Aumento del 1.200% en hospitalizaciones de adolescentes por depresi\u00f3n en 20 a\u00f1os\"}]},{\"@type\":\"WebSite\",\"@id\":\"https:\/\/www.diario21.tv\/noticias\/#website\",\"url\":\"https:\/\/www.diario21.tv\/noticias\/\",\"name\":\"Diario 21\",\"description\":\"\",\"potentialAction\":[{\"@type\":\"SearchAction\",\"target\":{\"@type\":\"EntryPoint\",\"urlTemplate\":\"https:\/\/www.diario21.tv\/noticias\/?s={search_term_string}\"},\"query-input\":{\"@type\":\"PropertyValueSpecification\",\"valueRequired\":true,\"valueName\":\"search_term_string\"}}],\"inLanguage\":\"es-AR\"},{\"@type\":\"Person\",\"@id\":\"https:\/\/www.diario21.tv\/noticias\/#\/schema\/person\/dfb778f73814d8f09f302618446a526b\",\"name\":\"Juan P\u00e9rez\",\"image\":{\"@type\":\"ImageObject\",\"inLanguage\":\"es-AR\",\"@id\":\"https:\/\/www.diario21.tv\/noticias\/#\/schema\/person\/image\/\",\"url\":\"https:\/\/secure.gravatar.com\/avatar\/c478a405bd10621167f4c3167cc770f5?s=96&d=mm&r=g\",\"contentUrl\":\"https:\/\/secure.gravatar.com\/avatar\/c478a405bd10621167f4c3167cc770f5?s=96&d=mm&r=g\",\"caption\":\"Juan P\u00e9rez\"},\"description\":\"Juan P\u00e9rez es el redactor en jefe de Diario 21. Con m\u00e1s de 10 a\u00f1os de experiencia en el periodismo, se especializa en pol\u00edtica nacional y an\u00e1lisis socioecon\u00f3mico. Su enfoque cr\u00edtico y riguroso aporta una perspectiva \u00fanica a cada art\u00edculo.\",\"sameAs\":[\"https:\/\/www.diario21.tv\/noticias\/\"],\"url\":\"https:\/\/www.diario21.tv\/noticias\/author\/juan-perez\/\"}]}<\/script>\n<!-- \/ Yoast SEO plugin. -->","yoast_head_json":{"title":"\u00a1Alerta! Aumento del 1.200% en hospitalizaciones de adolescentes por depresi\u00f3n en 20 a\u00f1os - Diario 21","robots":{"index":"index","follow":"follow","max-snippet":"max-snippet:-1","max-image-preview":"max-image-preview:large","max-video-preview":"max-video-preview:-1"},"canonical":"https:\/\/www.diario21.tv\/noticias\/alerta-aumento-del-1-200-en-hospitalizaciones-de-adolescentes-por-depresion-en-20-anos\/","og_locale":"es_ES","og_type":"article","og_title":"\u00a1Alerta! Aumento del 1.200% en hospitalizaciones de adolescentes por depresi\u00f3n en 20 a\u00f1os - Diario 21","og_description":"Incremento del 1200% en Hospitalizaciones de Adolescentes por Depresi\u00f3n en Veinte A\u00f1os En las \u00faltimas dos d\u00e9cadas, se ha registrado un alarmante aumento en las hospitalizaciones ... Seguir leyendo &rarr;","og_url":"https:\/\/www.diario21.tv\/noticias\/alerta-aumento-del-1-200-en-hospitalizaciones-de-adolescentes-por-depresion-en-20-anos\/","og_site_name":"Diario 21","article_published_time":"2025-07-24T19:07:44+00:00","article_modified_time":"2025-07-24T19:07:45+00:00","og_image":[{"width":1200,"height":840,"url":"https:\/\/www.diario21.tv\/noticias\/wp-content\/uploads\/2025\/07\/\u00a1Alerta-Aumento-del-1200-en-hospitalizaciones-de-adolescentes-por-depresion.jpg","type":"image\/jpeg"}],"author":"Juan P\u00e9rez","twitter_card":"summary_large_image","twitter_misc":{"Escrito por":"Juan P\u00e9rez","Tiempo de lectura":"3 minutos"},"schema":{"@context":"https:\/\/schema.org","@graph":[{"@type":"WebPage","@id":"https:\/\/www.diario21.tv\/noticias\/alerta-aumento-del-1-200-en-hospitalizaciones-de-adolescentes-por-depresion-en-20-anos\/","url":"https:\/\/www.diario21.tv\/noticias\/alerta-aumento-del-1-200-en-hospitalizaciones-de-adolescentes-por-depresion-en-20-anos\/","name":"\u00a1Alerta! Aumento del 1.200% en hospitalizaciones de adolescentes por depresi\u00f3n en 20 a\u00f1os - Diario 21","isPartOf":{"@id":"https:\/\/www.diario21.tv\/noticias\/#website"},"primaryImageOfPage":{"@id":"https:\/\/www.diario21.tv\/noticias\/alerta-aumento-del-1-200-en-hospitalizaciones-de-adolescentes-por-depresion-en-20-anos\/#primaryimage"},"image":{"@id":"https:\/\/www.diario21.tv\/noticias\/alerta-aumento-del-1-200-en-hospitalizaciones-de-adolescentes-por-depresion-en-20-anos\/#primaryimage"},"thumbnailUrl":"https:\/\/www.diario21.tv\/noticias\/wp-content\/uploads\/2025\/07\/\u00a1Alerta-Aumento-del-1200-en-hospitalizaciones-de-adolescentes-por-depresion.jpg","datePublished":"2025-07-24T19:07:44+00:00","dateModified":"2025-07-24T19:07:45+00:00","author":{"@id":"https:\/\/www.diario21.tv\/noticias\/#\/schema\/person\/dfb778f73814d8f09f302618446a526b"},"breadcrumb":{"@id":"https:\/\/www.diario21.tv\/noticias\/alerta-aumento-del-1-200-en-hospitalizaciones-de-adolescentes-por-depresion-en-20-anos\/#breadcrumb"},"inLanguage":"es-AR","potentialAction":[{"@type":"ReadAction","target":["https:\/\/www.diario21.tv\/noticias\/alerta-aumento-del-1-200-en-hospitalizaciones-de-adolescentes-por-depresion-en-20-anos\/"]}]},{"@type":"ImageObject","inLanguage":"es-AR","@id":"https:\/\/www.diario21.tv\/noticias\/alerta-aumento-del-1-200-en-hospitalizaciones-de-adolescentes-por-depresion-en-20-anos\/#primaryimage","url":"https:\/\/www.diario21.tv\/noticias\/wp-content\/uploads\/2025\/07\/\u00a1Alerta-Aumento-del-1200-en-hospitalizaciones-de-adolescentes-por-depresion.jpg","contentUrl":"https:\/\/www.diario21.tv\/noticias\/wp-content\/uploads\/2025\/07\/\u00a1Alerta-Aumento-del-1200-en-hospitalizaciones-de-adolescentes-por-depresion.jpg","width":1200,"height":840,"caption":"Las hospitalizaciones de adolescentes por depresi\u00f3n aumentaron un 1.200% en dos d\u00e9cadas"},{"@type":"BreadcrumbList","@id":"https:\/\/www.diario21.tv\/noticias\/alerta-aumento-del-1-200-en-hospitalizaciones-de-adolescentes-por-depresion-en-20-anos\/#breadcrumb","itemListElement":[{"@type":"ListItem","position":1,"name":"Accueil","item":"https:\/\/www.diario21.tv\/noticias\/"},{"@type":"ListItem","position":2,"name":"\u00a1Alerta! Aumento del 1.200% en hospitalizaciones de adolescentes por depresi\u00f3n en 20 a\u00f1os"}]},{"@type":"WebSite","@id":"https:\/\/www.diario21.tv\/noticias\/#website","url":"https:\/\/www.diario21.tv\/noticias\/","name":"Diario 21","description":"","potentialAction":[{"@type":"SearchAction","target":{"@type":"EntryPoint","urlTemplate":"https:\/\/www.diario21.tv\/noticias\/?s={search_term_string}"},"query-input":{"@type":"PropertyValueSpecification","valueRequired":true,"valueName":"search_term_string"}}],"inLanguage":"es-AR"},{"@type":"Person","@id":"https:\/\/www.diario21.tv\/noticias\/#\/schema\/person\/dfb778f73814d8f09f302618446a526b","name":"Juan P\u00e9rez","image":{"@type":"ImageObject","inLanguage":"es-AR","@id":"https:\/\/www.diario21.tv\/noticias\/#\/schema\/person\/image\/","url":"https:\/\/secure.gravatar.com\/avatar\/c478a405bd10621167f4c3167cc770f5?s=96&d=mm&r=g","contentUrl":"https:\/\/secure.gravatar.com\/avatar\/c478a405bd10621167f4c3167cc770f5?s=96&d=mm&r=g","caption":"Juan P\u00e9rez"},"description":"Juan P\u00e9rez es el redactor en jefe de Diario 21. Con m\u00e1s de 10 a\u00f1os de experiencia en el periodismo, se especializa en pol\u00edtica nacional y an\u00e1lisis socioecon\u00f3mico. Su enfoque cr\u00edtico y riguroso aporta una perspectiva \u00fanica a cada art\u00edculo.","sameAs":["https:\/\/www.diario21.tv\/noticias\/"],"url":"https:\/\/www.diario21.tv\/noticias\/author\/juan-perez\/"}]}},"_links":{"self":[{"href":"https:\/\/www.diario21.tv\/noticias\/wp-json\/wp\/v2\/posts\/3925"}],"collection":[{"href":"https:\/\/www.diario21.tv\/noticias\/wp-json\/wp\/v2\/posts"}],"about":[{"href":"https:\/\/www.diario21.tv\/noticias\/wp-json\/wp\/v2\/types\/post"}],"author":[{"embeddable":true,"href":"https:\/\/www.diario21.tv\/noticias\/wp-json\/wp\/v2\/users\/20"}],"replies":[{"embeddable":true,"href":"https:\/\/www.diario21.tv\/noticias\/wp-json\/wp\/v2\/comments?post=3925"}],"version-history":[{"count":1,"href":"https:\/\/www.diario21.tv\/noticias\/wp-json\/wp\/v2\/posts\/3925\/revisions"}],"predecessor-version":[{"id":3927,"href":"https:\/\/www.diario21.tv\/noticias\/wp-json\/wp\/v2\/posts\/3925\/revisions\/3927"}],"wp:featuredmedia":[{"embeddable":true,"href":"https:\/\/www.diario21.tv\/noticias\/wp-json\/wp\/v2\/media\/3926"}],"wp:attachment":[{"href":"https:\/\/www.diario21.tv\/noticias\/wp-json\/wp\/v2\/media?parent=3925"}],"wp:term":[{"taxonomy":"category","embeddable":true,"href":"https:\/\/www.diario21.tv\/noticias\/wp-json\/wp\/v2\/categories?post=3925"},{"taxonomy":"post_tag","embeddable":true,"href":"https:\/\/www.diario21.tv\/noticias\/wp-json\/wp\/v2\/tags?post=3925"}],"curies":[{"name":"wp","href":"https:\/\/api.w.org\/{rel}","templated":true}]}}