{"id":3892,"date":"2025-07-22T00:39:32","date_gmt":"2025-07-22T00:39:32","guid":{"rendered":"https:\/\/www.diario21.tv\/noticias\/tragedia-en-portugal-muere-bombero-vizcaino-en-competencia-de-natacion-en-aguas-abiertas\/"},"modified":"2025-07-22T00:39:34","modified_gmt":"2025-07-22T00:39:34","slug":"tragedia-en-portugal-muere-bombero-vizcaino-en-competencia-de-natacion-en-aguas-abiertas","status":"publish","type":"post","link":"https:\/\/www.diario21.tv\/noticias\/tragedia-en-portugal-muere-bombero-vizcaino-en-competencia-de-natacion-en-aguas-abiertas\/","title":{"rendered":"Tragedia en Portugal: Muere bombero vizca\u00edno en competencia de nataci\u00f3n en aguas abiertas"},"content":{"rendered":"<h2>Fallecimiento de un Bombero de Vizcaya Durante Competencia de Nataci\u00f3n en Portugal<\/h2>\n<p>Un tr\u00e1gico suceso ha sacudido a la comunidad de Vizcaya, con la p\u00e9rdida de uno de sus bomberos en un evento de nataci\u00f3n en aguas abiertas llevado a cabo en Portugal. El incidente ocurri\u00f3 mientras el bombero participaba en una prueba competitiva, dise\u00f1ada para demostrar habilidades de resistencia y fuerza en un entorno acu\u00e1tico desafiante.<\/p>\n<h3>Detalles del incidente<\/h3>\n<p>El evento, que atrajo a nadadores de varias nacionalidades, se realiz\u00f3 en un conocido cuerpo de agua portugu\u00e9s, el cual es frecuentemente el escenario de competiciones de nataci\u00f3n debido a sus caracter\u00edsticas particulares que representan un reto incluso para los nadadores m\u00e1s experimentados. Durante la competencia, el bombero vizca\u00edno, cuya identidad no ha sido divulgada a petici\u00f3n de la familia, comenz\u00f3 a mostrar signos de dificultad mientras estaba en el agua. A pesar de los esfuerzos inmediatos por parte de los equipos de rescate presentes, lamentablemente, su vida no pudo ser salvada.<\/p>\n<h3>Reacciones y homenajes<\/h3>\n<p>La noticia de su fallecimiento ha causado una profunda conmoci\u00f3n tanto en la comunidad de Vizcaya como entre sus compa\u00f1eros de profesi\u00f3n y participantes del evento. Las muestras de respeto y condolencias no se han hecho esperar, reflejando el alto grado de estima y aprecio que se ten\u00eda hacia el bombero. En Vizcaya, donde el bombero sirvi\u00f3 con dedicaci\u00f3n y valent\u00eda, sus colegas y amigos le han rendido homenajes, destacando su compromiso con el servicio y su pasi\u00f3n por el deporte.<\/p>\n<h3>Investigaci\u00f3n del suceso<\/h3>\n<p>Las autoridades pertinentes han iniciado una investigaci\u00f3n completa para determinar las circunstancias exactas que llevaron al tr\u00e1gico desenlace. Se espera que este examen detallado ofrezca respuestas sobre c\u00f3mo ocurri\u00f3 el incidente y si hubo factores externos que pudieron haber contribuido al mismo. La comunidad y la familia esperan que la investigaci\u00f3n pueda proporcionar el cierre necesario y ayudar a prevenir futuros incidentes en eventos similares.<\/p>\n<p>Este lamentable suceso ha recordado a muchos la importancia de la seguridad en competiciones deportivas, especialmente en aquellas que involucran condiciones f\u00edsicas extremas o ambientes potencialmente peligrosos. La comunidad de Vizcaya y el cuerpo de bomberos local han reafirmado su compromiso de revisar y fortalecer las medidas de seguridad para asegurar el bienestar de todos los participantes en futuras actividades.<\/p>\n\n\n<div class=\"kk-star-ratings kksr-auto kksr-align-left kksr-valign-bottom\"\n    data-payload='{&quot;align&quot;:&quot;left&quot;,&quot;id&quot;:&quot;3892&quot;,&quot;slug&quot;:&quot;default&quot;,&quot;valign&quot;:&quot;bottom&quot;,&quot;ignore&quot;:&quot;&quot;,&quot;reference&quot;:&quot;auto&quot;,&quot;class&quot;:&quot;&quot;,&quot;count&quot;:&quot;0&quot;,&quot;legendonly&quot;:&quot;&quot;,&quot;readonly&quot;:&quot;&quot;,&quot;score&quot;:&quot;0&quot;,&quot;starsonly&quot;:&quot;&quot;,&quot;best&quot;:&quot;5&quot;,&quot;gap&quot;:&quot;5&quot;,&quot;greet&quot;:&quot;Valora este post&quot;,&quot;legend&quot;:&quot;0\\\/5 - (0 votes)&quot;,&quot;size&quot;:&quot;22&quot;,&quot;title&quot;:&quot;Tragedia en Portugal: Muere bombero vizca\u00edno en competencia de nataci\u00f3n en aguas abiertas&quot;,&quot;width&quot;:&quot;0&quot;,&quot;_legend&quot;:&quot;{score}\\\/{best} - ({count} {votes})&quot;,&quot;font_factor&quot;:&quot;1.25&quot;}'>\n            \n<div class=\"kksr-stars\">\n    \n<div class=\"kksr-stars-inactive\">\n            <div class=\"kksr-star\" data-star=\"1\" style=\"padding-right: 5px\">\n            \n\n<div class=\"kksr-icon\" style=\"width: 22px; height: 22px;\"><\/div>\n        <\/div>\n            <div class=\"kksr-star\" data-star=\"2\" style=\"padding-right: 5px\">\n            \n\n<div class=\"kksr-icon\" style=\"width: 22px; height: 22px;\"><\/div>\n        <\/div>\n            <div class=\"kksr-star\" data-star=\"3\" style=\"padding-right: 5px\">\n            \n\n<div class=\"kksr-icon\" style=\"width: 22px; height: 22px;\"><\/div>\n        <\/div>\n            <div class=\"kksr-star\" data-star=\"4\" style=\"padding-right: 5px\">\n            \n\n<div class=\"kksr-icon\" style=\"width: 22px; height: 22px;\"><\/div>\n        <\/div>\n            <div class=\"kksr-star\" data-star=\"5\" style=\"padding-right: 5px\">\n            \n\n<div class=\"kksr-icon\" style=\"width: 22px; height: 22px;\"><\/div>\n        <\/div>\n    <\/div>\n    \n<div class=\"kksr-stars-active\" style=\"width: 0px;\">\n            <div class=\"kksr-star\" style=\"padding-right: 5px\">\n            \n\n<div class=\"kksr-icon\" style=\"width: 22px; height: 22px;\"><\/div>\n        <\/div>\n            <div class=\"kksr-star\" style=\"padding-right: 5px\">\n            \n\n<div class=\"kksr-icon\" style=\"width: 22px; height: 22px;\"><\/div>\n        <\/div>\n            <div class=\"kksr-star\" style=\"padding-right: 5px\">\n            \n\n<div class=\"kksr-icon\" style=\"width: 22px; height: 22px;\"><\/div>\n        <\/div>\n            <div class=\"kksr-star\" style=\"padding-right: 5px\">\n            \n\n<div class=\"kksr-icon\" style=\"width: 22px; height: 22px;\"><\/div>\n        <\/div>\n            <div class=\"kksr-star\" style=\"padding-right: 5px\">\n            \n\n<div class=\"kksr-icon\" style=\"width: 22px; height: 22px;\"><\/div>\n        <\/div>\n    <\/div>\n<\/div>\n                \n\n<div class=\"kksr-legend\" style=\"font-size: 17.6px;\">\n            <span class=\"kksr-muted\">Valora este post<\/span>\n    <\/div>\n    <\/div>\n","protected":false},"excerpt":{"rendered":"<p>Fallecimiento de un Bombero de Vizcaya Durante Competencia de Nataci\u00f3n en Portugal Un tr\u00e1gico suceso ha sacudido a la comunidad de Vizcaya, con la p\u00e9rdida de &#8230; <a title=\"Tragedia en Portugal: Muere bombero vizca\u00edno en competencia de nataci\u00f3n en aguas abiertas\" class=\"read-more\" href=\"https:\/\/www.diario21.tv\/noticias\/tragedia-en-portugal-muere-bombero-vizcaino-en-competencia-de-natacion-en-aguas-abiertas\/\" aria-label=\"Leer m\u00e1s sobre Tragedia en Portugal: Muere bombero vizca\u00edno en competencia de nataci\u00f3n en aguas abiertas\">Seguir leyendo &rarr;<\/a><\/p>\n","protected":false},"author":20,"featured_media":3893,"comment_status":"open","ping_status":"open","sticky":false,"template":"","format":"standard","meta":{"footnotes":""},"categories":[13],"tags":[],"class_list":["post-3892","post","type-post","status-publish","format-standard","has-post-thumbnail","hentry","category-portada"],"yoast_head":"<!-- This site is optimized with the Yoast SEO plugin v25.6 - https:\/\/yoast.com\/wordpress\/plugins\/seo\/ -->\n<title>Tragedia en Portugal: Muere bombero vizca\u00edno en competencia de nataci\u00f3n en aguas abiertas - Diario 21<\/title>\n<meta name=\"robots\" content=\"index, follow, max-snippet:-1, max-image-preview:large, max-video-preview:-1\" \/>\n<link rel=\"canonical\" href=\"https:\/\/www.diario21.tv\/noticias\/tragedia-en-portugal-muere-bombero-vizcaino-en-competencia-de-natacion-en-aguas-abiertas\/\" \/>\n<meta property=\"og:locale\" content=\"es_ES\" \/>\n<meta property=\"og:type\" content=\"article\" \/>\n<meta property=\"og:title\" content=\"Tragedia en Portugal: Muere bombero vizca\u00edno en competencia de nataci\u00f3n en aguas abiertas - Diario 21\" \/>\n<meta property=\"og:description\" content=\"Fallecimiento de un Bombero de Vizcaya Durante Competencia de Nataci\u00f3n en Portugal Un tr\u00e1gico suceso ha sacudido a la comunidad de Vizcaya, con la p\u00e9rdida de ... Seguir leyendo &rarr;\" \/>\n<meta property=\"og:url\" content=\"https:\/\/www.diario21.tv\/noticias\/tragedia-en-portugal-muere-bombero-vizcaino-en-competencia-de-natacion-en-aguas-abiertas\/\" \/>\n<meta property=\"og:site_name\" content=\"Diario 21\" \/>\n<meta property=\"article:published_time\" content=\"2025-07-22T00:39:32+00:00\" \/>\n<meta property=\"article:modified_time\" content=\"2025-07-22T00:39:34+00:00\" \/>\n<meta property=\"og:image\" content=\"https:\/\/www.diario21.tv\/noticias\/wp-content\/uploads\/2025\/07\/Tragedia-en-Portugal-Muere-bombero-vizcaino-en-competencia-de-natacion.jpg\" \/>\n\t<meta property=\"og:image:width\" content=\"1200\" \/>\n\t<meta property=\"og:image:height\" content=\"840\" \/>\n\t<meta property=\"og:image:type\" content=\"image\/jpeg\" \/>\n<meta name=\"author\" content=\"Juan P\u00e9rez\" \/>\n<meta name=\"twitter:card\" content=\"summary_large_image\" \/>\n<meta name=\"twitter:label1\" content=\"Escrito por\" \/>\n\t<meta name=\"twitter:data1\" content=\"Juan P\u00e9rez\" \/>\n\t<meta name=\"twitter:label2\" content=\"Tiempo de lectura\" \/>\n\t<meta name=\"twitter:data2\" content=\"2 minutos\" \/>\n<script type=\"application\/ld+json\" class=\"yoast-schema-graph\">{\"@context\":\"https:\/\/schema.org\",\"@graph\":[{\"@type\":\"WebPage\",\"@id\":\"https:\/\/www.diario21.tv\/noticias\/tragedia-en-portugal-muere-bombero-vizcaino-en-competencia-de-natacion-en-aguas-abiertas\/\",\"url\":\"https:\/\/www.diario21.tv\/noticias\/tragedia-en-portugal-muere-bombero-vizcaino-en-competencia-de-natacion-en-aguas-abiertas\/\",\"name\":\"Tragedia en Portugal: Muere bombero vizca\u00edno en competencia de nataci\u00f3n en aguas abiertas - Diario 21\",\"isPartOf\":{\"@id\":\"https:\/\/www.diario21.tv\/noticias\/#website\"},\"primaryImageOfPage\":{\"@id\":\"https:\/\/www.diario21.tv\/noticias\/tragedia-en-portugal-muere-bombero-vizcaino-en-competencia-de-natacion-en-aguas-abiertas\/#primaryimage\"},\"image\":{\"@id\":\"https:\/\/www.diario21.tv\/noticias\/tragedia-en-portugal-muere-bombero-vizcaino-en-competencia-de-natacion-en-aguas-abiertas\/#primaryimage\"},\"thumbnailUrl\":\"https:\/\/www.diario21.tv\/noticias\/wp-content\/uploads\/2025\/07\/Tragedia-en-Portugal-Muere-bombero-vizcaino-en-competencia-de-natacion.jpg\",\"datePublished\":\"2025-07-22T00:39:32+00:00\",\"dateModified\":\"2025-07-22T00:39:34+00:00\",\"author\":{\"@id\":\"https:\/\/www.diario21.tv\/noticias\/#\/schema\/person\/dfb778f73814d8f09f302618446a526b\"},\"breadcrumb\":{\"@id\":\"https:\/\/www.diario21.tv\/noticias\/tragedia-en-portugal-muere-bombero-vizcaino-en-competencia-de-natacion-en-aguas-abiertas\/#breadcrumb\"},\"inLanguage\":\"es-AR\",\"potentialAction\":[{\"@type\":\"ReadAction\",\"target\":[\"https:\/\/www.diario21.tv\/noticias\/tragedia-en-portugal-muere-bombero-vizcaino-en-competencia-de-natacion-en-aguas-abiertas\/\"]}]},{\"@type\":\"ImageObject\",\"inLanguage\":\"es-AR\",\"@id\":\"https:\/\/www.diario21.tv\/noticias\/tragedia-en-portugal-muere-bombero-vizcaino-en-competencia-de-natacion-en-aguas-abiertas\/#primaryimage\",\"url\":\"https:\/\/www.diario21.tv\/noticias\/wp-content\/uploads\/2025\/07\/Tragedia-en-Portugal-Muere-bombero-vizcaino-en-competencia-de-natacion.jpg\",\"contentUrl\":\"https:\/\/www.diario21.tv\/noticias\/wp-content\/uploads\/2025\/07\/Tragedia-en-Portugal-Muere-bombero-vizcaino-en-competencia-de-natacion.jpg\",\"width\":1200,\"height\":840,\"caption\":\"Muere un bombero vizca\u00edno en una prueba de nataci\u00f3n en aguas abiertas en Portugal\"},{\"@type\":\"BreadcrumbList\",\"@id\":\"https:\/\/www.diario21.tv\/noticias\/tragedia-en-portugal-muere-bombero-vizcaino-en-competencia-de-natacion-en-aguas-abiertas\/#breadcrumb\",\"itemListElement\":[{\"@type\":\"ListItem\",\"position\":1,\"name\":\"Accueil\",\"item\":\"https:\/\/www.diario21.tv\/noticias\/\"},{\"@type\":\"ListItem\",\"position\":2,\"name\":\"Tragedia en Portugal: Muere bombero vizca\u00edno en competencia de nataci\u00f3n en aguas abiertas\"}]},{\"@type\":\"WebSite\",\"@id\":\"https:\/\/www.diario21.tv\/noticias\/#website\",\"url\":\"https:\/\/www.diario21.tv\/noticias\/\",\"name\":\"Diario 21\",\"description\":\"\",\"potentialAction\":[{\"@type\":\"SearchAction\",\"target\":{\"@type\":\"EntryPoint\",\"urlTemplate\":\"https:\/\/www.diario21.tv\/noticias\/?s={search_term_string}\"},\"query-input\":{\"@type\":\"PropertyValueSpecification\",\"valueRequired\":true,\"valueName\":\"search_term_string\"}}],\"inLanguage\":\"es-AR\"},{\"@type\":\"Person\",\"@id\":\"https:\/\/www.diario21.tv\/noticias\/#\/schema\/person\/dfb778f73814d8f09f302618446a526b\",\"name\":\"Juan P\u00e9rez\",\"image\":{\"@type\":\"ImageObject\",\"inLanguage\":\"es-AR\",\"@id\":\"https:\/\/www.diario21.tv\/noticias\/#\/schema\/person\/image\/\",\"url\":\"https:\/\/secure.gravatar.com\/avatar\/c478a405bd10621167f4c3167cc770f5?s=96&d=mm&r=g\",\"contentUrl\":\"https:\/\/secure.gravatar.com\/avatar\/c478a405bd10621167f4c3167cc770f5?s=96&d=mm&r=g\",\"caption\":\"Juan P\u00e9rez\"},\"description\":\"Juan P\u00e9rez es el redactor en jefe de Diario 21. Con m\u00e1s de 10 a\u00f1os de experiencia en el periodismo, se especializa en pol\u00edtica nacional y an\u00e1lisis socioecon\u00f3mico. Su enfoque cr\u00edtico y riguroso aporta una perspectiva \u00fanica a cada art\u00edculo.\",\"sameAs\":[\"https:\/\/www.diario21.tv\/noticias\/\"],\"url\":\"https:\/\/www.diario21.tv\/noticias\/author\/juan-perez\/\"}]}<\/script>\n<!-- \/ Yoast SEO plugin. -->","yoast_head_json":{"title":"Tragedia en Portugal: Muere bombero vizca\u00edno en competencia de nataci\u00f3n en aguas abiertas - Diario 21","robots":{"index":"index","follow":"follow","max-snippet":"max-snippet:-1","max-image-preview":"max-image-preview:large","max-video-preview":"max-video-preview:-1"},"canonical":"https:\/\/www.diario21.tv\/noticias\/tragedia-en-portugal-muere-bombero-vizcaino-en-competencia-de-natacion-en-aguas-abiertas\/","og_locale":"es_ES","og_type":"article","og_title":"Tragedia en Portugal: Muere bombero vizca\u00edno en competencia de nataci\u00f3n en aguas abiertas - Diario 21","og_description":"Fallecimiento de un Bombero de Vizcaya Durante Competencia de Nataci\u00f3n en Portugal Un tr\u00e1gico suceso ha sacudido a la comunidad de Vizcaya, con la p\u00e9rdida de ... Seguir leyendo &rarr;","og_url":"https:\/\/www.diario21.tv\/noticias\/tragedia-en-portugal-muere-bombero-vizcaino-en-competencia-de-natacion-en-aguas-abiertas\/","og_site_name":"Diario 21","article_published_time":"2025-07-22T00:39:32+00:00","article_modified_time":"2025-07-22T00:39:34+00:00","og_image":[{"width":1200,"height":840,"url":"https:\/\/www.diario21.tv\/noticias\/wp-content\/uploads\/2025\/07\/Tragedia-en-Portugal-Muere-bombero-vizcaino-en-competencia-de-natacion.jpg","type":"image\/jpeg"}],"author":"Juan P\u00e9rez","twitter_card":"summary_large_image","twitter_misc":{"Escrito por":"Juan P\u00e9rez","Tiempo de lectura":"2 minutos"},"schema":{"@context":"https:\/\/schema.org","@graph":[{"@type":"WebPage","@id":"https:\/\/www.diario21.tv\/noticias\/tragedia-en-portugal-muere-bombero-vizcaino-en-competencia-de-natacion-en-aguas-abiertas\/","url":"https:\/\/www.diario21.tv\/noticias\/tragedia-en-portugal-muere-bombero-vizcaino-en-competencia-de-natacion-en-aguas-abiertas\/","name":"Tragedia en Portugal: Muere bombero vizca\u00edno en competencia de nataci\u00f3n en aguas abiertas - Diario 21","isPartOf":{"@id":"https:\/\/www.diario21.tv\/noticias\/#website"},"primaryImageOfPage":{"@id":"https:\/\/www.diario21.tv\/noticias\/tragedia-en-portugal-muere-bombero-vizcaino-en-competencia-de-natacion-en-aguas-abiertas\/#primaryimage"},"image":{"@id":"https:\/\/www.diario21.tv\/noticias\/tragedia-en-portugal-muere-bombero-vizcaino-en-competencia-de-natacion-en-aguas-abiertas\/#primaryimage"},"thumbnailUrl":"https:\/\/www.diario21.tv\/noticias\/wp-content\/uploads\/2025\/07\/Tragedia-en-Portugal-Muere-bombero-vizcaino-en-competencia-de-natacion.jpg","datePublished":"2025-07-22T00:39:32+00:00","dateModified":"2025-07-22T00:39:34+00:00","author":{"@id":"https:\/\/www.diario21.tv\/noticias\/#\/schema\/person\/dfb778f73814d8f09f302618446a526b"},"breadcrumb":{"@id":"https:\/\/www.diario21.tv\/noticias\/tragedia-en-portugal-muere-bombero-vizcaino-en-competencia-de-natacion-en-aguas-abiertas\/#breadcrumb"},"inLanguage":"es-AR","potentialAction":[{"@type":"ReadAction","target":["https:\/\/www.diario21.tv\/noticias\/tragedia-en-portugal-muere-bombero-vizcaino-en-competencia-de-natacion-en-aguas-abiertas\/"]}]},{"@type":"ImageObject","inLanguage":"es-AR","@id":"https:\/\/www.diario21.tv\/noticias\/tragedia-en-portugal-muere-bombero-vizcaino-en-competencia-de-natacion-en-aguas-abiertas\/#primaryimage","url":"https:\/\/www.diario21.tv\/noticias\/wp-content\/uploads\/2025\/07\/Tragedia-en-Portugal-Muere-bombero-vizcaino-en-competencia-de-natacion.jpg","contentUrl":"https:\/\/www.diario21.tv\/noticias\/wp-content\/uploads\/2025\/07\/Tragedia-en-Portugal-Muere-bombero-vizcaino-en-competencia-de-natacion.jpg","width":1200,"height":840,"caption":"Muere un bombero vizca\u00edno en una prueba de nataci\u00f3n en aguas abiertas en Portugal"},{"@type":"BreadcrumbList","@id":"https:\/\/www.diario21.tv\/noticias\/tragedia-en-portugal-muere-bombero-vizcaino-en-competencia-de-natacion-en-aguas-abiertas\/#breadcrumb","itemListElement":[{"@type":"ListItem","position":1,"name":"Accueil","item":"https:\/\/www.diario21.tv\/noticias\/"},{"@type":"ListItem","position":2,"name":"Tragedia en Portugal: Muere bombero vizca\u00edno en competencia de nataci\u00f3n en aguas abiertas"}]},{"@type":"WebSite","@id":"https:\/\/www.diario21.tv\/noticias\/#website","url":"https:\/\/www.diario21.tv\/noticias\/","name":"Diario 21","description":"","potentialAction":[{"@type":"SearchAction","target":{"@type":"EntryPoint","urlTemplate":"https:\/\/www.diario21.tv\/noticias\/?s={search_term_string}"},"query-input":{"@type":"PropertyValueSpecification","valueRequired":true,"valueName":"search_term_string"}}],"inLanguage":"es-AR"},{"@type":"Person","@id":"https:\/\/www.diario21.tv\/noticias\/#\/schema\/person\/dfb778f73814d8f09f302618446a526b","name":"Juan P\u00e9rez","image":{"@type":"ImageObject","inLanguage":"es-AR","@id":"https:\/\/www.diario21.tv\/noticias\/#\/schema\/person\/image\/","url":"https:\/\/secure.gravatar.com\/avatar\/c478a405bd10621167f4c3167cc770f5?s=96&d=mm&r=g","contentUrl":"https:\/\/secure.gravatar.com\/avatar\/c478a405bd10621167f4c3167cc770f5?s=96&d=mm&r=g","caption":"Juan P\u00e9rez"},"description":"Juan P\u00e9rez es el redactor en jefe de Diario 21. Con m\u00e1s de 10 a\u00f1os de experiencia en el periodismo, se especializa en pol\u00edtica nacional y an\u00e1lisis socioecon\u00f3mico. Su enfoque cr\u00edtico y riguroso aporta una perspectiva \u00fanica a cada art\u00edculo.","sameAs":["https:\/\/www.diario21.tv\/noticias\/"],"url":"https:\/\/www.diario21.tv\/noticias\/author\/juan-perez\/"}]}},"_links":{"self":[{"href":"https:\/\/www.diario21.tv\/noticias\/wp-json\/wp\/v2\/posts\/3892"}],"collection":[{"href":"https:\/\/www.diario21.tv\/noticias\/wp-json\/wp\/v2\/posts"}],"about":[{"href":"https:\/\/www.diario21.tv\/noticias\/wp-json\/wp\/v2\/types\/post"}],"author":[{"embeddable":true,"href":"https:\/\/www.diario21.tv\/noticias\/wp-json\/wp\/v2\/users\/20"}],"replies":[{"embeddable":true,"href":"https:\/\/www.diario21.tv\/noticias\/wp-json\/wp\/v2\/comments?post=3892"}],"version-history":[{"count":1,"href":"https:\/\/www.diario21.tv\/noticias\/wp-json\/wp\/v2\/posts\/3892\/revisions"}],"predecessor-version":[{"id":3894,"href":"https:\/\/www.diario21.tv\/noticias\/wp-json\/wp\/v2\/posts\/3892\/revisions\/3894"}],"wp:featuredmedia":[{"embeddable":true,"href":"https:\/\/www.diario21.tv\/noticias\/wp-json\/wp\/v2\/media\/3893"}],"wp:attachment":[{"href":"https:\/\/www.diario21.tv\/noticias\/wp-json\/wp\/v2\/media?parent=3892"}],"wp:term":[{"taxonomy":"category","embeddable":true,"href":"https:\/\/www.diario21.tv\/noticias\/wp-json\/wp\/v2\/categories?post=3892"},{"taxonomy":"post_tag","embeddable":true,"href":"https:\/\/www.diario21.tv\/noticias\/wp-json\/wp\/v2\/tags?post=3892"}],"curies":[{"name":"wp","href":"https:\/\/api.w.org\/{rel}","templated":true}]}}