{"id":389,"date":"2024-09-12T13:49:24","date_gmt":"2024-09-12T13:49:24","guid":{"rendered":"https:\/\/www.diario21.tv\/noticias\/descubre-cuanto-durara-el-increible-paseo-espacial-de-la-mision-polaris-dawn-y-quienes-lo-protagonizaran\/"},"modified":"2024-09-12T13:49:27","modified_gmt":"2024-09-12T13:49:27","slug":"descubre-cuanto-durara-el-increible-paseo-espacial-de-la-mision-polaris-dawn-y-quienes-lo-protagonizaran","status":"publish","type":"post","link":"https:\/\/www.diario21.tv\/noticias\/descubre-cuanto-durara-el-increible-paseo-espacial-de-la-mision-polaris-dawn-y-quienes-lo-protagonizaran\/","title":{"rendered":"\u00a1Descubre cu\u00e1nto durar\u00e1 el incre\u00edble paseo espacial de la misi\u00f3n Polaris Dawn y qui\u00e9nes lo protagonizar\u00e1n!"},"content":{"rendered":"<p>Este ser\u00e1 el recorrido espacial de la misi\u00f3n Polaris Dawn: \u00bfCu\u00e1nto tiempo tomar\u00e1? \u00bfQui\u00e9nes participar\u00e1n?<\/p>\n<h2>El fascinante viaje espacial de la misi\u00f3n Polaris Dawn<\/h2>\n<p>La misi\u00f3n espacial Polaris Dawn promete ser una experiencia verdaderamente impresionante y \u00fanica. \u00bfPero qu\u00e9 consistir\u00e1 exactamente este paseo espacial y c\u00f3mo se llevar\u00e1 a cabo? Aqu\u00ed te lo contamos.<\/p>\n<h2>\u00bfCu\u00e1nto tiempo durar\u00e1 el recorrido espacial?<\/h2>\n<p>Una de las preguntas m\u00e1s frecuentes sobre esta emocionante misi\u00f3n es cu\u00e1nto tiempo durar\u00e1. La respuesta es que, aunque la duraci\u00f3n exacta puede variar dependiendo de una serie de factores, se espera que el recorrido espacial dure alrededor de unas horas. Sin embargo, los astronautas pasar\u00e1n varios d\u00edas en el espacio, lo que les permitir\u00e1 explorar y experimentar el entorno espacial de una manera que pocos han tenido la oportunidad de hacer.<\/p>\n<h2>\u00bfQui\u00e9nes ser\u00e1n los protagonistas de esta aventura espacial?<\/h2>\n<p>En cuanto a qui\u00e9nes ser\u00e1n los afortunados que llevar\u00e1n a cabo este paseo espacial, se ha anunciado que ser\u00e1n astronautas profesionales de la NASA. Estos astronautas han sido rigurosamente entrenados para manejar las exigencias f\u00edsicas y mentales de un viaje espacial, y est\u00e1n m\u00e1s que preparados para enfrentar los retos que este paseo espacial pueda presentar.<\/p>\n<p>Sin embargo, no solo los astronautas profesionales estar\u00e1n a bordo de la misi\u00f3n Polaris Dawn. Tambi\u00e9n habr\u00e1 civiles, lo que significa que personas comunes y corrientes tendr\u00e1n la oportunidad de experimentar este paseo espacial. Este es un paso emocionante en la democratizaci\u00f3n del espacio, permitiendo que m\u00e1s personas que nunca antes puedan experimentar la emoci\u00f3n y la maravilla de un paseo espacial.<\/p>\n<p>En conclusi\u00f3n, la misi\u00f3n espacial Polaris Dawn promete ser una experiencia \u00fanica y emocionante, tanto para los astronautas profesionales que la llevar\u00e1n a cabo, como para los civiles que tendr\u00e1n la oportunidad de unirse a ellos. No podemos esperar para ver qu\u00e9 descubrimientos y avances traer\u00e1 esta misi\u00f3n.<\/p>\n\n\n<div class=\"kk-star-ratings kksr-auto kksr-align-left kksr-valign-bottom\"\n    data-payload='{&quot;align&quot;:&quot;left&quot;,&quot;id&quot;:&quot;389&quot;,&quot;slug&quot;:&quot;default&quot;,&quot;valign&quot;:&quot;bottom&quot;,&quot;ignore&quot;:&quot;&quot;,&quot;reference&quot;:&quot;auto&quot;,&quot;class&quot;:&quot;&quot;,&quot;count&quot;:&quot;0&quot;,&quot;legendonly&quot;:&quot;&quot;,&quot;readonly&quot;:&quot;&quot;,&quot;score&quot;:&quot;0&quot;,&quot;starsonly&quot;:&quot;&quot;,&quot;best&quot;:&quot;5&quot;,&quot;gap&quot;:&quot;5&quot;,&quot;greet&quot;:&quot;Valora este post&quot;,&quot;legend&quot;:&quot;0\\\/5 - (0 votes)&quot;,&quot;size&quot;:&quot;22&quot;,&quot;title&quot;:&quot;\u00a1Descubre cu\u00e1nto durar\u00e1 el incre\u00edble paseo espacial de la misi\u00f3n Polaris Dawn y qui\u00e9nes lo protagonizar\u00e1n!&quot;,&quot;width&quot;:&quot;0&quot;,&quot;_legend&quot;:&quot;{score}\\\/{best} - ({count} {votes})&quot;,&quot;font_factor&quot;:&quot;1.25&quot;}'>\n            \n<div class=\"kksr-stars\">\n    \n<div class=\"kksr-stars-inactive\">\n            <div class=\"kksr-star\" data-star=\"1\" style=\"padding-right: 5px\">\n            \n\n<div class=\"kksr-icon\" style=\"width: 22px; height: 22px;\"><\/div>\n        <\/div>\n            <div class=\"kksr-star\" data-star=\"2\" style=\"padding-right: 5px\">\n            \n\n<div class=\"kksr-icon\" style=\"width: 22px; height: 22px;\"><\/div>\n        <\/div>\n            <div class=\"kksr-star\" data-star=\"3\" style=\"padding-right: 5px\">\n            \n\n<div class=\"kksr-icon\" style=\"width: 22px; height: 22px;\"><\/div>\n        <\/div>\n            <div class=\"kksr-star\" data-star=\"4\" style=\"padding-right: 5px\">\n            \n\n<div class=\"kksr-icon\" style=\"width: 22px; height: 22px;\"><\/div>\n        <\/div>\n            <div class=\"kksr-star\" data-star=\"5\" style=\"padding-right: 5px\">\n            \n\n<div class=\"kksr-icon\" style=\"width: 22px; height: 22px;\"><\/div>\n        <\/div>\n    <\/div>\n    \n<div class=\"kksr-stars-active\" style=\"width: 0px;\">\n            <div class=\"kksr-star\" style=\"padding-right: 5px\">\n            \n\n<div class=\"kksr-icon\" style=\"width: 22px; height: 22px;\"><\/div>\n        <\/div>\n            <div class=\"kksr-star\" style=\"padding-right: 5px\">\n            \n\n<div class=\"kksr-icon\" style=\"width: 22px; height: 22px;\"><\/div>\n        <\/div>\n            <div class=\"kksr-star\" style=\"padding-right: 5px\">\n            \n\n<div class=\"kksr-icon\" style=\"width: 22px; height: 22px;\"><\/div>\n        <\/div>\n            <div class=\"kksr-star\" style=\"padding-right: 5px\">\n            \n\n<div class=\"kksr-icon\" style=\"width: 22px; height: 22px;\"><\/div>\n        <\/div>\n            <div class=\"kksr-star\" style=\"padding-right: 5px\">\n            \n\n<div class=\"kksr-icon\" style=\"width: 22px; height: 22px;\"><\/div>\n        <\/div>\n    <\/div>\n<\/div>\n                \n\n<div class=\"kksr-legend\" style=\"font-size: 17.6px;\">\n            <span class=\"kksr-muted\">Valora este post<\/span>\n    <\/div>\n    <\/div>\n","protected":false},"excerpt":{"rendered":"<p>Este ser\u00e1 el recorrido espacial de la misi\u00f3n Polaris Dawn: \u00bfCu\u00e1nto tiempo tomar\u00e1? \u00bfQui\u00e9nes participar\u00e1n? El fascinante viaje espacial de la misi\u00f3n Polaris Dawn La misi\u00f3n &#8230; <a title=\"\u00a1Descubre cu\u00e1nto durar\u00e1 el incre\u00edble paseo espacial de la misi\u00f3n Polaris Dawn y qui\u00e9nes lo protagonizar\u00e1n!\" class=\"read-more\" href=\"https:\/\/www.diario21.tv\/noticias\/descubre-cuanto-durara-el-increible-paseo-espacial-de-la-mision-polaris-dawn-y-quienes-lo-protagonizaran\/\" aria-label=\"Leer m\u00e1s sobre \u00a1Descubre cu\u00e1nto durar\u00e1 el incre\u00edble paseo espacial de la misi\u00f3n Polaris Dawn y qui\u00e9nes lo protagonizar\u00e1n!\">Seguir leyendo &rarr;<\/a><\/p>\n","protected":false},"author":16,"featured_media":390,"comment_status":"open","ping_status":"open","sticky":false,"template":"","format":"standard","meta":{"footnotes":""},"categories":[12],"tags":[],"class_list":["post-389","post","type-post","status-publish","format-standard","has-post-thumbnail","hentry","category-tendencia"],"yoast_head":"<!-- This site is optimized with the Yoast SEO plugin v25.6 - https:\/\/yoast.com\/wordpress\/plugins\/seo\/ -->\n<title>\u00a1Descubre cu\u00e1nto durar\u00e1 el incre\u00edble paseo espacial de la misi\u00f3n Polaris Dawn y qui\u00e9nes lo protagonizar\u00e1n! - Diario 21<\/title>\n<meta name=\"robots\" content=\"index, follow, max-snippet:-1, max-image-preview:large, max-video-preview:-1\" \/>\n<link rel=\"canonical\" href=\"https:\/\/www.diario21.tv\/noticias\/descubre-cuanto-durara-el-increible-paseo-espacial-de-la-mision-polaris-dawn-y-quienes-lo-protagonizaran\/\" \/>\n<meta property=\"og:locale\" content=\"es_ES\" \/>\n<meta property=\"og:type\" content=\"article\" \/>\n<meta property=\"og:title\" content=\"\u00a1Descubre cu\u00e1nto durar\u00e1 el incre\u00edble paseo espacial de la misi\u00f3n Polaris Dawn y qui\u00e9nes lo protagonizar\u00e1n! - Diario 21\" \/>\n<meta property=\"og:description\" content=\"Este ser\u00e1 el recorrido espacial de la misi\u00f3n Polaris Dawn: \u00bfCu\u00e1nto tiempo tomar\u00e1? \u00bfQui\u00e9nes participar\u00e1n? El fascinante viaje espacial de la misi\u00f3n Polaris Dawn La misi\u00f3n ... Seguir leyendo &rarr;\" \/>\n<meta property=\"og:url\" content=\"https:\/\/www.diario21.tv\/noticias\/descubre-cuanto-durara-el-increible-paseo-espacial-de-la-mision-polaris-dawn-y-quienes-lo-protagonizaran\/\" \/>\n<meta property=\"og:site_name\" content=\"Diario 21\" \/>\n<meta property=\"article:published_time\" content=\"2024-09-12T13:49:24+00:00\" \/>\n<meta property=\"article:modified_time\" content=\"2024-09-12T13:49:27+00:00\" \/>\n<meta property=\"og:image\" content=\"https:\/\/www.diario21.tv\/noticias\/wp-content\/uploads\/2024\/09\/\u00a1Descubre-cuanto-durara-el-increible-paseo-espacial-de-la-mision.jpg\" \/>\n\t<meta property=\"og:image:width\" content=\"1920\" \/>\n\t<meta property=\"og:image:height\" content=\"1080\" \/>\n\t<meta property=\"og:image:type\" content=\"image\/jpeg\" \/>\n<meta name=\"author\" content=\"Diario 21\" \/>\n<meta name=\"twitter:card\" content=\"summary_large_image\" \/>\n<meta name=\"twitter:label1\" content=\"Escrito por\" \/>\n\t<meta name=\"twitter:data1\" content=\"Diario 21\" \/>\n\t<meta name=\"twitter:label2\" content=\"Tiempo de lectura\" \/>\n\t<meta name=\"twitter:data2\" content=\"2 minutos\" \/>\n<script type=\"application\/ld+json\" class=\"yoast-schema-graph\">{\"@context\":\"https:\/\/schema.org\",\"@graph\":[{\"@type\":\"WebPage\",\"@id\":\"https:\/\/www.diario21.tv\/noticias\/descubre-cuanto-durara-el-increible-paseo-espacial-de-la-mision-polaris-dawn-y-quienes-lo-protagonizaran\/\",\"url\":\"https:\/\/www.diario21.tv\/noticias\/descubre-cuanto-durara-el-increible-paseo-espacial-de-la-mision-polaris-dawn-y-quienes-lo-protagonizaran\/\",\"name\":\"\u00a1Descubre cu\u00e1nto durar\u00e1 el incre\u00edble paseo espacial de la misi\u00f3n Polaris Dawn y qui\u00e9nes lo protagonizar\u00e1n! - Diario 21\",\"isPartOf\":{\"@id\":\"https:\/\/www.diario21.tv\/noticias\/#website\"},\"primaryImageOfPage\":{\"@id\":\"https:\/\/www.diario21.tv\/noticias\/descubre-cuanto-durara-el-increible-paseo-espacial-de-la-mision-polaris-dawn-y-quienes-lo-protagonizaran\/#primaryimage\"},\"image\":{\"@id\":\"https:\/\/www.diario21.tv\/noticias\/descubre-cuanto-durara-el-increible-paseo-espacial-de-la-mision-polaris-dawn-y-quienes-lo-protagonizaran\/#primaryimage\"},\"thumbnailUrl\":\"https:\/\/www.diario21.tv\/noticias\/wp-content\/uploads\/2024\/09\/\u00a1Descubre-cuanto-durara-el-increible-paseo-espacial-de-la-mision.jpg\",\"datePublished\":\"2024-09-12T13:49:24+00:00\",\"dateModified\":\"2024-09-12T13:49:27+00:00\",\"author\":{\"@id\":\"https:\/\/www.diario21.tv\/noticias\/#\/schema\/person\/7de9d6205bd3da5b7f01f5cffb18d715\"},\"breadcrumb\":{\"@id\":\"https:\/\/www.diario21.tv\/noticias\/descubre-cuanto-durara-el-increible-paseo-espacial-de-la-mision-polaris-dawn-y-quienes-lo-protagonizaran\/#breadcrumb\"},\"inLanguage\":\"es-AR\",\"potentialAction\":[{\"@type\":\"ReadAction\",\"target\":[\"https:\/\/www.diario21.tv\/noticias\/descubre-cuanto-durara-el-increible-paseo-espacial-de-la-mision-polaris-dawn-y-quienes-lo-protagonizaran\/\"]}]},{\"@type\":\"ImageObject\",\"inLanguage\":\"es-AR\",\"@id\":\"https:\/\/www.diario21.tv\/noticias\/descubre-cuanto-durara-el-increible-paseo-espacial-de-la-mision-polaris-dawn-y-quienes-lo-protagonizaran\/#primaryimage\",\"url\":\"https:\/\/www.diario21.tv\/noticias\/wp-content\/uploads\/2024\/09\/\u00a1Descubre-cuanto-durara-el-increible-paseo-espacial-de-la-mision.jpg\",\"contentUrl\":\"https:\/\/www.diario21.tv\/noticias\/wp-content\/uploads\/2024\/09\/\u00a1Descubre-cuanto-durara-el-increible-paseo-espacial-de-la-mision.jpg\",\"width\":1920,\"height\":1080,\"caption\":\"As\u00ed ser\u00e1 el paseo espacial de la misi\u00f3n Polaris Dawn: \u00bfCu\u00e1nto durar\u00e1? \u00bfQui\u00e9nes lo har\u00e1n?\"},{\"@type\":\"BreadcrumbList\",\"@id\":\"https:\/\/www.diario21.tv\/noticias\/descubre-cuanto-durara-el-increible-paseo-espacial-de-la-mision-polaris-dawn-y-quienes-lo-protagonizaran\/#breadcrumb\",\"itemListElement\":[{\"@type\":\"ListItem\",\"position\":1,\"name\":\"Accueil\",\"item\":\"https:\/\/www.diario21.tv\/noticias\/\"},{\"@type\":\"ListItem\",\"position\":2,\"name\":\"\u00a1Descubre cu\u00e1nto durar\u00e1 el incre\u00edble paseo espacial de la misi\u00f3n Polaris Dawn y qui\u00e9nes lo protagonizar\u00e1n!\"}]},{\"@type\":\"WebSite\",\"@id\":\"https:\/\/www.diario21.tv\/noticias\/#website\",\"url\":\"https:\/\/www.diario21.tv\/noticias\/\",\"name\":\"Diario 21\",\"description\":\"\",\"potentialAction\":[{\"@type\":\"SearchAction\",\"target\":{\"@type\":\"EntryPoint\",\"urlTemplate\":\"https:\/\/www.diario21.tv\/noticias\/?s={search_term_string}\"},\"query-input\":{\"@type\":\"PropertyValueSpecification\",\"valueRequired\":true,\"valueName\":\"search_term_string\"}}],\"inLanguage\":\"es-AR\"},{\"@type\":\"Person\",\"@id\":\"https:\/\/www.diario21.tv\/noticias\/#\/schema\/person\/7de9d6205bd3da5b7f01f5cffb18d715\",\"name\":\"Diario 21\",\"image\":{\"@type\":\"ImageObject\",\"inLanguage\":\"es-AR\",\"@id\":\"https:\/\/www.diario21.tv\/noticias\/#\/schema\/person\/image\/\",\"url\":\"https:\/\/secure.gravatar.com\/avatar\/d1d5e764b940c8e5990284cabcd5dea9?s=96&d=mm&r=g\",\"contentUrl\":\"https:\/\/secure.gravatar.com\/avatar\/d1d5e764b940c8e5990284cabcd5dea9?s=96&d=mm&r=g\",\"caption\":\"Diario 21\"},\"url\":\"https:\/\/www.diario21.tv\/noticias\/author\/diario-21\/\"}]}<\/script>\n<!-- \/ Yoast SEO plugin. -->","yoast_head_json":{"title":"\u00a1Descubre cu\u00e1nto durar\u00e1 el incre\u00edble paseo espacial de la misi\u00f3n Polaris Dawn y qui\u00e9nes lo protagonizar\u00e1n! - Diario 21","robots":{"index":"index","follow":"follow","max-snippet":"max-snippet:-1","max-image-preview":"max-image-preview:large","max-video-preview":"max-video-preview:-1"},"canonical":"https:\/\/www.diario21.tv\/noticias\/descubre-cuanto-durara-el-increible-paseo-espacial-de-la-mision-polaris-dawn-y-quienes-lo-protagonizaran\/","og_locale":"es_ES","og_type":"article","og_title":"\u00a1Descubre cu\u00e1nto durar\u00e1 el incre\u00edble paseo espacial de la misi\u00f3n Polaris Dawn y qui\u00e9nes lo protagonizar\u00e1n! - Diario 21","og_description":"Este ser\u00e1 el recorrido espacial de la misi\u00f3n Polaris Dawn: \u00bfCu\u00e1nto tiempo tomar\u00e1? \u00bfQui\u00e9nes participar\u00e1n? El fascinante viaje espacial de la misi\u00f3n Polaris Dawn La misi\u00f3n ... Seguir leyendo &rarr;","og_url":"https:\/\/www.diario21.tv\/noticias\/descubre-cuanto-durara-el-increible-paseo-espacial-de-la-mision-polaris-dawn-y-quienes-lo-protagonizaran\/","og_site_name":"Diario 21","article_published_time":"2024-09-12T13:49:24+00:00","article_modified_time":"2024-09-12T13:49:27+00:00","og_image":[{"width":1920,"height":1080,"url":"https:\/\/www.diario21.tv\/noticias\/wp-content\/uploads\/2024\/09\/\u00a1Descubre-cuanto-durara-el-increible-paseo-espacial-de-la-mision.jpg","type":"image\/jpeg"}],"author":"Diario 21","twitter_card":"summary_large_image","twitter_misc":{"Escrito por":"Diario 21","Tiempo de lectura":"2 minutos"},"schema":{"@context":"https:\/\/schema.org","@graph":[{"@type":"WebPage","@id":"https:\/\/www.diario21.tv\/noticias\/descubre-cuanto-durara-el-increible-paseo-espacial-de-la-mision-polaris-dawn-y-quienes-lo-protagonizaran\/","url":"https:\/\/www.diario21.tv\/noticias\/descubre-cuanto-durara-el-increible-paseo-espacial-de-la-mision-polaris-dawn-y-quienes-lo-protagonizaran\/","name":"\u00a1Descubre cu\u00e1nto durar\u00e1 el incre\u00edble paseo espacial de la misi\u00f3n Polaris Dawn y qui\u00e9nes lo protagonizar\u00e1n! - Diario 21","isPartOf":{"@id":"https:\/\/www.diario21.tv\/noticias\/#website"},"primaryImageOfPage":{"@id":"https:\/\/www.diario21.tv\/noticias\/descubre-cuanto-durara-el-increible-paseo-espacial-de-la-mision-polaris-dawn-y-quienes-lo-protagonizaran\/#primaryimage"},"image":{"@id":"https:\/\/www.diario21.tv\/noticias\/descubre-cuanto-durara-el-increible-paseo-espacial-de-la-mision-polaris-dawn-y-quienes-lo-protagonizaran\/#primaryimage"},"thumbnailUrl":"https:\/\/www.diario21.tv\/noticias\/wp-content\/uploads\/2024\/09\/\u00a1Descubre-cuanto-durara-el-increible-paseo-espacial-de-la-mision.jpg","datePublished":"2024-09-12T13:49:24+00:00","dateModified":"2024-09-12T13:49:27+00:00","author":{"@id":"https:\/\/www.diario21.tv\/noticias\/#\/schema\/person\/7de9d6205bd3da5b7f01f5cffb18d715"},"breadcrumb":{"@id":"https:\/\/www.diario21.tv\/noticias\/descubre-cuanto-durara-el-increible-paseo-espacial-de-la-mision-polaris-dawn-y-quienes-lo-protagonizaran\/#breadcrumb"},"inLanguage":"es-AR","potentialAction":[{"@type":"ReadAction","target":["https:\/\/www.diario21.tv\/noticias\/descubre-cuanto-durara-el-increible-paseo-espacial-de-la-mision-polaris-dawn-y-quienes-lo-protagonizaran\/"]}]},{"@type":"ImageObject","inLanguage":"es-AR","@id":"https:\/\/www.diario21.tv\/noticias\/descubre-cuanto-durara-el-increible-paseo-espacial-de-la-mision-polaris-dawn-y-quienes-lo-protagonizaran\/#primaryimage","url":"https:\/\/www.diario21.tv\/noticias\/wp-content\/uploads\/2024\/09\/\u00a1Descubre-cuanto-durara-el-increible-paseo-espacial-de-la-mision.jpg","contentUrl":"https:\/\/www.diario21.tv\/noticias\/wp-content\/uploads\/2024\/09\/\u00a1Descubre-cuanto-durara-el-increible-paseo-espacial-de-la-mision.jpg","width":1920,"height":1080,"caption":"As\u00ed ser\u00e1 el paseo espacial de la misi\u00f3n Polaris Dawn: \u00bfCu\u00e1nto durar\u00e1? \u00bfQui\u00e9nes lo har\u00e1n?"},{"@type":"BreadcrumbList","@id":"https:\/\/www.diario21.tv\/noticias\/descubre-cuanto-durara-el-increible-paseo-espacial-de-la-mision-polaris-dawn-y-quienes-lo-protagonizaran\/#breadcrumb","itemListElement":[{"@type":"ListItem","position":1,"name":"Accueil","item":"https:\/\/www.diario21.tv\/noticias\/"},{"@type":"ListItem","position":2,"name":"\u00a1Descubre cu\u00e1nto durar\u00e1 el incre\u00edble paseo espacial de la misi\u00f3n Polaris Dawn y qui\u00e9nes lo protagonizar\u00e1n!"}]},{"@type":"WebSite","@id":"https:\/\/www.diario21.tv\/noticias\/#website","url":"https:\/\/www.diario21.tv\/noticias\/","name":"Diario 21","description":"","potentialAction":[{"@type":"SearchAction","target":{"@type":"EntryPoint","urlTemplate":"https:\/\/www.diario21.tv\/noticias\/?s={search_term_string}"},"query-input":{"@type":"PropertyValueSpecification","valueRequired":true,"valueName":"search_term_string"}}],"inLanguage":"es-AR"},{"@type":"Person","@id":"https:\/\/www.diario21.tv\/noticias\/#\/schema\/person\/7de9d6205bd3da5b7f01f5cffb18d715","name":"Diario 21","image":{"@type":"ImageObject","inLanguage":"es-AR","@id":"https:\/\/www.diario21.tv\/noticias\/#\/schema\/person\/image\/","url":"https:\/\/secure.gravatar.com\/avatar\/d1d5e764b940c8e5990284cabcd5dea9?s=96&d=mm&r=g","contentUrl":"https:\/\/secure.gravatar.com\/avatar\/d1d5e764b940c8e5990284cabcd5dea9?s=96&d=mm&r=g","caption":"Diario 21"},"url":"https:\/\/www.diario21.tv\/noticias\/author\/diario-21\/"}]}},"_links":{"self":[{"href":"https:\/\/www.diario21.tv\/noticias\/wp-json\/wp\/v2\/posts\/389"}],"collection":[{"href":"https:\/\/www.diario21.tv\/noticias\/wp-json\/wp\/v2\/posts"}],"about":[{"href":"https:\/\/www.diario21.tv\/noticias\/wp-json\/wp\/v2\/types\/post"}],"author":[{"embeddable":true,"href":"https:\/\/www.diario21.tv\/noticias\/wp-json\/wp\/v2\/users\/16"}],"replies":[{"embeddable":true,"href":"https:\/\/www.diario21.tv\/noticias\/wp-json\/wp\/v2\/comments?post=389"}],"version-history":[{"count":1,"href":"https:\/\/www.diario21.tv\/noticias\/wp-json\/wp\/v2\/posts\/389\/revisions"}],"predecessor-version":[{"id":391,"href":"https:\/\/www.diario21.tv\/noticias\/wp-json\/wp\/v2\/posts\/389\/revisions\/391"}],"wp:featuredmedia":[{"embeddable":true,"href":"https:\/\/www.diario21.tv\/noticias\/wp-json\/wp\/v2\/media\/390"}],"wp:attachment":[{"href":"https:\/\/www.diario21.tv\/noticias\/wp-json\/wp\/v2\/media?parent=389"}],"wp:term":[{"taxonomy":"category","embeddable":true,"href":"https:\/\/www.diario21.tv\/noticias\/wp-json\/wp\/v2\/categories?post=389"},{"taxonomy":"post_tag","embeddable":true,"href":"https:\/\/www.diario21.tv\/noticias\/wp-json\/wp\/v2\/tags?post=389"}],"curies":[{"name":"wp","href":"https:\/\/api.w.org\/{rel}","templated":true}]}}