{"id":3889,"date":"2025-07-21T12:34:28","date_gmt":"2025-07-21T12:34:28","guid":{"rendered":"https:\/\/www.diario21.tv\/noticias\/impactante-30-sinhogar-de-barajas-aceptan-refugio-en-albergue-municipal\/"},"modified":"2025-07-21T12:34:29","modified_gmt":"2025-07-21T12:34:29","slug":"impactante-30-sinhogar-de-barajas-aceptan-refugio-en-albergue-municipal","status":"publish","type":"post","link":"https:\/\/www.diario21.tv\/noticias\/impactante-30-sinhogar-de-barajas-aceptan-refugio-en-albergue-municipal\/","title":{"rendered":"\u00a1Impactante! 30 &#8216;sinhogar&#8217; de Barajas aceptan refugio en albergue municipal"},"content":{"rendered":"<h2>Un Grupo de Personas sin Hogar en Barajas Opta por Refugiarse en el Albergue Municipal<\/h2>\n<p>En el aeropuerto de Barajas, un notable n\u00famero de personas sin hogar ha decidido aceptar la oferta del Ayuntamiento para trasladarse a un albergue destinado a proporcionarles refugio y servicios b\u00e1sicos. Esta iniciativa surge como parte de los esfuerzos continuos de la administraci\u00f3n local para atender a la poblaci\u00f3n vulnerable, especialmente en tiempos donde la necesidad de un techo seguro se ha hecho m\u00e1s evidente.<\/p>\n<h3>La Aceptaci\u00f3n del Albergue Municipal<\/h3>\n<p>Aproximadamente treinta individuos que anteriormente resid\u00edan en las inmediaciones del aeropuerto han dado el paso hacia una vida con m\u00e1s seguridad al aceptar la propuesta municipal de trasladarse al albergue. Este movimiento no solo les ofrece un lugar seguro donde vivir, sino tambi\u00e9n acceso a servicios esenciales como comida, higiene y atenci\u00f3n m\u00e9dica, elementos fundamentales que son dif\u00edciles de obtener en las calles.<\/p>\n<p>El albergue, gestionado por el Ayuntamiento, est\u00e1 equipado para atender las necesidades b\u00e1sicas de sus residentes, adem\u00e1s de proporcionar apoyo en la reintegraci\u00f3n social y laboral. La aceptaci\u00f3n de los servicios del albergue por parte de estas personas es un indicativo de su confianza en las medidas adoptadas por las autoridades locales y su deseo de mejorar su situaci\u00f3n actual.<\/p>\n<h3>Implicaciones y Futuro<\/h3>\n<p>La decisi\u00f3n de estos individuos de aceptar la ayuda ofrecida refleja un paso positivo hacia la resoluci\u00f3n de problemas de vivienda y exclusi\u00f3n social en la ciudad. Adem\u00e1s, destaca la importancia de los programas de apoyo municipal y la necesidad de continuar expandiendo y mejorando estos servicios para alcanzar a m\u00e1s personas en situaciones similares.<\/p>\n<p>La acci\u00f3n del Ayuntamiento tambi\u00e9n subraya el compromiso de la administraci\u00f3n con el bienestar de todos los ciudadanos, independientemente de su situaci\u00f3n econ\u00f3mica o social. Se espera que este ejemplo motive a otras personas en circunstancias parecidas a buscar ayuda y a aprovechar los recursos disponibles para ellos.<\/p>\n<p>En conclusi\u00f3n, la integraci\u00f3n de estas treinta personas al albergue municipal no solo les proporciona un nuevo comienzo, sino que tambi\u00e9n fortalece el tejido social de la comunidad y promueve una cultura de cuidado y apoyo mutuo dentro de la ciudad.<\/p>\n\n\n<div class=\"kk-star-ratings kksr-auto kksr-align-left kksr-valign-bottom\"\n    data-payload='{&quot;align&quot;:&quot;left&quot;,&quot;id&quot;:&quot;3889&quot;,&quot;slug&quot;:&quot;default&quot;,&quot;valign&quot;:&quot;bottom&quot;,&quot;ignore&quot;:&quot;&quot;,&quot;reference&quot;:&quot;auto&quot;,&quot;class&quot;:&quot;&quot;,&quot;count&quot;:&quot;0&quot;,&quot;legendonly&quot;:&quot;&quot;,&quot;readonly&quot;:&quot;&quot;,&quot;score&quot;:&quot;0&quot;,&quot;starsonly&quot;:&quot;&quot;,&quot;best&quot;:&quot;5&quot;,&quot;gap&quot;:&quot;5&quot;,&quot;greet&quot;:&quot;Valora este post&quot;,&quot;legend&quot;:&quot;0\\\/5 - (0 votes)&quot;,&quot;size&quot;:&quot;22&quot;,&quot;title&quot;:&quot;\u00a1Impactante! 30 \\u0026#039;sinhogar\\u0026#039; de Barajas aceptan refugio en albergue municipal&quot;,&quot;width&quot;:&quot;0&quot;,&quot;_legend&quot;:&quot;{score}\\\/{best} - ({count} {votes})&quot;,&quot;font_factor&quot;:&quot;1.25&quot;}'>\n            \n<div class=\"kksr-stars\">\n    \n<div class=\"kksr-stars-inactive\">\n            <div class=\"kksr-star\" data-star=\"1\" style=\"padding-right: 5px\">\n            \n\n<div class=\"kksr-icon\" style=\"width: 22px; height: 22px;\"><\/div>\n        <\/div>\n            <div class=\"kksr-star\" data-star=\"2\" style=\"padding-right: 5px\">\n            \n\n<div class=\"kksr-icon\" style=\"width: 22px; height: 22px;\"><\/div>\n        <\/div>\n            <div class=\"kksr-star\" data-star=\"3\" style=\"padding-right: 5px\">\n            \n\n<div class=\"kksr-icon\" style=\"width: 22px; height: 22px;\"><\/div>\n        <\/div>\n            <div class=\"kksr-star\" data-star=\"4\" style=\"padding-right: 5px\">\n            \n\n<div class=\"kksr-icon\" style=\"width: 22px; height: 22px;\"><\/div>\n        <\/div>\n            <div class=\"kksr-star\" data-star=\"5\" style=\"padding-right: 5px\">\n            \n\n<div class=\"kksr-icon\" style=\"width: 22px; height: 22px;\"><\/div>\n        <\/div>\n    <\/div>\n    \n<div class=\"kksr-stars-active\" style=\"width: 0px;\">\n            <div class=\"kksr-star\" style=\"padding-right: 5px\">\n            \n\n<div class=\"kksr-icon\" style=\"width: 22px; height: 22px;\"><\/div>\n        <\/div>\n            <div class=\"kksr-star\" style=\"padding-right: 5px\">\n            \n\n<div class=\"kksr-icon\" style=\"width: 22px; height: 22px;\"><\/div>\n        <\/div>\n            <div class=\"kksr-star\" style=\"padding-right: 5px\">\n            \n\n<div class=\"kksr-icon\" style=\"width: 22px; height: 22px;\"><\/div>\n        <\/div>\n            <div class=\"kksr-star\" style=\"padding-right: 5px\">\n            \n\n<div class=\"kksr-icon\" style=\"width: 22px; height: 22px;\"><\/div>\n        <\/div>\n            <div class=\"kksr-star\" style=\"padding-right: 5px\">\n            \n\n<div class=\"kksr-icon\" style=\"width: 22px; height: 22px;\"><\/div>\n        <\/div>\n    <\/div>\n<\/div>\n                \n\n<div class=\"kksr-legend\" style=\"font-size: 17.6px;\">\n            <span class=\"kksr-muted\">Valora este post<\/span>\n    <\/div>\n    <\/div>\n","protected":false},"excerpt":{"rendered":"<p>Un Grupo de Personas sin Hogar en Barajas Opta por Refugiarse en el Albergue Municipal En el aeropuerto de Barajas, un notable n\u00famero de personas sin &#8230; <a title=\"\u00a1Impactante! 30 &#8216;sinhogar&#8217; de Barajas aceptan refugio en albergue municipal\" class=\"read-more\" href=\"https:\/\/www.diario21.tv\/noticias\/impactante-30-sinhogar-de-barajas-aceptan-refugio-en-albergue-municipal\/\" aria-label=\"Leer m\u00e1s sobre \u00a1Impactante! 30 &#8216;sinhogar&#8217; de Barajas aceptan refugio en albergue municipal\">Seguir leyendo &rarr;<\/a><\/p>\n","protected":false},"author":20,"featured_media":3890,"comment_status":"open","ping_status":"open","sticky":false,"template":"","format":"standard","meta":{"footnotes":""},"categories":[13],"tags":[],"class_list":["post-3889","post","type-post","status-publish","format-standard","has-post-thumbnail","hentry","category-portada"],"yoast_head":"<!-- This site is optimized with the Yoast SEO plugin v25.6 - https:\/\/yoast.com\/wordpress\/plugins\/seo\/ -->\n<title>\u00a1Impactante! 30 &#039;sinhogar&#039; de Barajas aceptan refugio en albergue municipal - Diario 21<\/title>\n<meta name=\"robots\" content=\"index, follow, max-snippet:-1, max-image-preview:large, max-video-preview:-1\" \/>\n<link rel=\"canonical\" href=\"https:\/\/www.diario21.tv\/noticias\/impactante-30-sinhogar-de-barajas-aceptan-refugio-en-albergue-municipal\/\" \/>\n<meta property=\"og:locale\" content=\"es_ES\" \/>\n<meta property=\"og:type\" content=\"article\" \/>\n<meta property=\"og:title\" content=\"\u00a1Impactante! 30 &#039;sinhogar&#039; de Barajas aceptan refugio en albergue municipal - Diario 21\" \/>\n<meta property=\"og:description\" content=\"Un Grupo de Personas sin Hogar en Barajas Opta por Refugiarse en el Albergue Municipal En el aeropuerto de Barajas, un notable n\u00famero de personas sin ... Seguir leyendo &rarr;\" \/>\n<meta property=\"og:url\" content=\"https:\/\/www.diario21.tv\/noticias\/impactante-30-sinhogar-de-barajas-aceptan-refugio-en-albergue-municipal\/\" \/>\n<meta property=\"og:site_name\" content=\"Diario 21\" \/>\n<meta property=\"article:published_time\" content=\"2025-07-21T12:34:28+00:00\" \/>\n<meta property=\"article:modified_time\" content=\"2025-07-21T12:34:29+00:00\" \/>\n<meta property=\"og:image\" content=\"https:\/\/www.diario21.tv\/noticias\/wp-content\/uploads\/2025\/07\/\u00a1Impactante-30-sinhogar-de-Barajas-aceptan-refugio-en-albergue-municipal.JPG\" \/>\n\t<meta property=\"og:image:width\" content=\"1200\" \/>\n\t<meta property=\"og:image:height\" content=\"840\" \/>\n\t<meta property=\"og:image:type\" content=\"image\/jpeg\" \/>\n<meta name=\"author\" content=\"Juan P\u00e9rez\" \/>\n<meta name=\"twitter:card\" content=\"summary_large_image\" \/>\n<meta name=\"twitter:label1\" content=\"Escrito por\" \/>\n\t<meta name=\"twitter:data1\" content=\"Juan P\u00e9rez\" \/>\n\t<meta name=\"twitter:label2\" content=\"Tiempo de lectura\" \/>\n\t<meta name=\"twitter:data2\" content=\"2 minutos\" \/>\n<script type=\"application\/ld+json\" class=\"yoast-schema-graph\">{\"@context\":\"https:\/\/schema.org\",\"@graph\":[{\"@type\":\"WebPage\",\"@id\":\"https:\/\/www.diario21.tv\/noticias\/impactante-30-sinhogar-de-barajas-aceptan-refugio-en-albergue-municipal\/\",\"url\":\"https:\/\/www.diario21.tv\/noticias\/impactante-30-sinhogar-de-barajas-aceptan-refugio-en-albergue-municipal\/\",\"name\":\"\u00a1Impactante! 30 'sinhogar' de Barajas aceptan refugio en albergue municipal - Diario 21\",\"isPartOf\":{\"@id\":\"https:\/\/www.diario21.tv\/noticias\/#website\"},\"primaryImageOfPage\":{\"@id\":\"https:\/\/www.diario21.tv\/noticias\/impactante-30-sinhogar-de-barajas-aceptan-refugio-en-albergue-municipal\/#primaryimage\"},\"image\":{\"@id\":\"https:\/\/www.diario21.tv\/noticias\/impactante-30-sinhogar-de-barajas-aceptan-refugio-en-albergue-municipal\/#primaryimage\"},\"thumbnailUrl\":\"https:\/\/www.diario21.tv\/noticias\/wp-content\/uploads\/2025\/07\/\u00a1Impactante-30-sinhogar-de-Barajas-aceptan-refugio-en-albergue-municipal.JPG\",\"datePublished\":\"2025-07-21T12:34:28+00:00\",\"dateModified\":\"2025-07-21T12:34:29+00:00\",\"author\":{\"@id\":\"https:\/\/www.diario21.tv\/noticias\/#\/schema\/person\/dfb778f73814d8f09f302618446a526b\"},\"breadcrumb\":{\"@id\":\"https:\/\/www.diario21.tv\/noticias\/impactante-30-sinhogar-de-barajas-aceptan-refugio-en-albergue-municipal\/#breadcrumb\"},\"inLanguage\":\"es-AR\",\"potentialAction\":[{\"@type\":\"ReadAction\",\"target\":[\"https:\/\/www.diario21.tv\/noticias\/impactante-30-sinhogar-de-barajas-aceptan-refugio-en-albergue-municipal\/\"]}]},{\"@type\":\"ImageObject\",\"inLanguage\":\"es-AR\",\"@id\":\"https:\/\/www.diario21.tv\/noticias\/impactante-30-sinhogar-de-barajas-aceptan-refugio-en-albergue-municipal\/#primaryimage\",\"url\":\"https:\/\/www.diario21.tv\/noticias\/wp-content\/uploads\/2025\/07\/\u00a1Impactante-30-sinhogar-de-Barajas-aceptan-refugio-en-albergue-municipal.JPG\",\"contentUrl\":\"https:\/\/www.diario21.tv\/noticias\/wp-content\/uploads\/2025\/07\/\u00a1Impactante-30-sinhogar-de-Barajas-aceptan-refugio-en-albergue-municipal.JPG\",\"width\":1200,\"height\":840,\"caption\":\"Una treintena de &amp;#039;sinhogar&amp;#039; de Barajas ha aceptado acudir al albergue del Ayuntamiento\"},{\"@type\":\"BreadcrumbList\",\"@id\":\"https:\/\/www.diario21.tv\/noticias\/impactante-30-sinhogar-de-barajas-aceptan-refugio-en-albergue-municipal\/#breadcrumb\",\"itemListElement\":[{\"@type\":\"ListItem\",\"position\":1,\"name\":\"Accueil\",\"item\":\"https:\/\/www.diario21.tv\/noticias\/\"},{\"@type\":\"ListItem\",\"position\":2,\"name\":\"\u00a1Impactante! 30 &#8216;sinhogar&#8217; de Barajas aceptan refugio en albergue municipal\"}]},{\"@type\":\"WebSite\",\"@id\":\"https:\/\/www.diario21.tv\/noticias\/#website\",\"url\":\"https:\/\/www.diario21.tv\/noticias\/\",\"name\":\"Diario 21\",\"description\":\"\",\"potentialAction\":[{\"@type\":\"SearchAction\",\"target\":{\"@type\":\"EntryPoint\",\"urlTemplate\":\"https:\/\/www.diario21.tv\/noticias\/?s={search_term_string}\"},\"query-input\":{\"@type\":\"PropertyValueSpecification\",\"valueRequired\":true,\"valueName\":\"search_term_string\"}}],\"inLanguage\":\"es-AR\"},{\"@type\":\"Person\",\"@id\":\"https:\/\/www.diario21.tv\/noticias\/#\/schema\/person\/dfb778f73814d8f09f302618446a526b\",\"name\":\"Juan P\u00e9rez\",\"image\":{\"@type\":\"ImageObject\",\"inLanguage\":\"es-AR\",\"@id\":\"https:\/\/www.diario21.tv\/noticias\/#\/schema\/person\/image\/\",\"url\":\"https:\/\/secure.gravatar.com\/avatar\/c478a405bd10621167f4c3167cc770f5?s=96&d=mm&r=g\",\"contentUrl\":\"https:\/\/secure.gravatar.com\/avatar\/c478a405bd10621167f4c3167cc770f5?s=96&d=mm&r=g\",\"caption\":\"Juan P\u00e9rez\"},\"description\":\"Juan P\u00e9rez es el redactor en jefe de Diario 21. Con m\u00e1s de 10 a\u00f1os de experiencia en el periodismo, se especializa en pol\u00edtica nacional y an\u00e1lisis socioecon\u00f3mico. Su enfoque cr\u00edtico y riguroso aporta una perspectiva \u00fanica a cada art\u00edculo.\",\"sameAs\":[\"https:\/\/www.diario21.tv\/noticias\/\"],\"url\":\"https:\/\/www.diario21.tv\/noticias\/author\/juan-perez\/\"}]}<\/script>\n<!-- \/ Yoast SEO plugin. -->","yoast_head_json":{"title":"\u00a1Impactante! 30 'sinhogar' de Barajas aceptan refugio en albergue municipal - Diario 21","robots":{"index":"index","follow":"follow","max-snippet":"max-snippet:-1","max-image-preview":"max-image-preview:large","max-video-preview":"max-video-preview:-1"},"canonical":"https:\/\/www.diario21.tv\/noticias\/impactante-30-sinhogar-de-barajas-aceptan-refugio-en-albergue-municipal\/","og_locale":"es_ES","og_type":"article","og_title":"\u00a1Impactante! 30 'sinhogar' de Barajas aceptan refugio en albergue municipal - Diario 21","og_description":"Un Grupo de Personas sin Hogar en Barajas Opta por Refugiarse en el Albergue Municipal En el aeropuerto de Barajas, un notable n\u00famero de personas sin ... Seguir leyendo &rarr;","og_url":"https:\/\/www.diario21.tv\/noticias\/impactante-30-sinhogar-de-barajas-aceptan-refugio-en-albergue-municipal\/","og_site_name":"Diario 21","article_published_time":"2025-07-21T12:34:28+00:00","article_modified_time":"2025-07-21T12:34:29+00:00","og_image":[{"width":1200,"height":840,"url":"https:\/\/www.diario21.tv\/noticias\/wp-content\/uploads\/2025\/07\/\u00a1Impactante-30-sinhogar-de-Barajas-aceptan-refugio-en-albergue-municipal.JPG","type":"image\/jpeg"}],"author":"Juan P\u00e9rez","twitter_card":"summary_large_image","twitter_misc":{"Escrito por":"Juan P\u00e9rez","Tiempo de lectura":"2 minutos"},"schema":{"@context":"https:\/\/schema.org","@graph":[{"@type":"WebPage","@id":"https:\/\/www.diario21.tv\/noticias\/impactante-30-sinhogar-de-barajas-aceptan-refugio-en-albergue-municipal\/","url":"https:\/\/www.diario21.tv\/noticias\/impactante-30-sinhogar-de-barajas-aceptan-refugio-en-albergue-municipal\/","name":"\u00a1Impactante! 30 'sinhogar' de Barajas aceptan refugio en albergue municipal - Diario 21","isPartOf":{"@id":"https:\/\/www.diario21.tv\/noticias\/#website"},"primaryImageOfPage":{"@id":"https:\/\/www.diario21.tv\/noticias\/impactante-30-sinhogar-de-barajas-aceptan-refugio-en-albergue-municipal\/#primaryimage"},"image":{"@id":"https:\/\/www.diario21.tv\/noticias\/impactante-30-sinhogar-de-barajas-aceptan-refugio-en-albergue-municipal\/#primaryimage"},"thumbnailUrl":"https:\/\/www.diario21.tv\/noticias\/wp-content\/uploads\/2025\/07\/\u00a1Impactante-30-sinhogar-de-Barajas-aceptan-refugio-en-albergue-municipal.JPG","datePublished":"2025-07-21T12:34:28+00:00","dateModified":"2025-07-21T12:34:29+00:00","author":{"@id":"https:\/\/www.diario21.tv\/noticias\/#\/schema\/person\/dfb778f73814d8f09f302618446a526b"},"breadcrumb":{"@id":"https:\/\/www.diario21.tv\/noticias\/impactante-30-sinhogar-de-barajas-aceptan-refugio-en-albergue-municipal\/#breadcrumb"},"inLanguage":"es-AR","potentialAction":[{"@type":"ReadAction","target":["https:\/\/www.diario21.tv\/noticias\/impactante-30-sinhogar-de-barajas-aceptan-refugio-en-albergue-municipal\/"]}]},{"@type":"ImageObject","inLanguage":"es-AR","@id":"https:\/\/www.diario21.tv\/noticias\/impactante-30-sinhogar-de-barajas-aceptan-refugio-en-albergue-municipal\/#primaryimage","url":"https:\/\/www.diario21.tv\/noticias\/wp-content\/uploads\/2025\/07\/\u00a1Impactante-30-sinhogar-de-Barajas-aceptan-refugio-en-albergue-municipal.JPG","contentUrl":"https:\/\/www.diario21.tv\/noticias\/wp-content\/uploads\/2025\/07\/\u00a1Impactante-30-sinhogar-de-Barajas-aceptan-refugio-en-albergue-municipal.JPG","width":1200,"height":840,"caption":"Una treintena de &amp;#039;sinhogar&amp;#039; de Barajas ha aceptado acudir al albergue del Ayuntamiento"},{"@type":"BreadcrumbList","@id":"https:\/\/www.diario21.tv\/noticias\/impactante-30-sinhogar-de-barajas-aceptan-refugio-en-albergue-municipal\/#breadcrumb","itemListElement":[{"@type":"ListItem","position":1,"name":"Accueil","item":"https:\/\/www.diario21.tv\/noticias\/"},{"@type":"ListItem","position":2,"name":"\u00a1Impactante! 30 &#8216;sinhogar&#8217; de Barajas aceptan refugio en albergue municipal"}]},{"@type":"WebSite","@id":"https:\/\/www.diario21.tv\/noticias\/#website","url":"https:\/\/www.diario21.tv\/noticias\/","name":"Diario 21","description":"","potentialAction":[{"@type":"SearchAction","target":{"@type":"EntryPoint","urlTemplate":"https:\/\/www.diario21.tv\/noticias\/?s={search_term_string}"},"query-input":{"@type":"PropertyValueSpecification","valueRequired":true,"valueName":"search_term_string"}}],"inLanguage":"es-AR"},{"@type":"Person","@id":"https:\/\/www.diario21.tv\/noticias\/#\/schema\/person\/dfb778f73814d8f09f302618446a526b","name":"Juan P\u00e9rez","image":{"@type":"ImageObject","inLanguage":"es-AR","@id":"https:\/\/www.diario21.tv\/noticias\/#\/schema\/person\/image\/","url":"https:\/\/secure.gravatar.com\/avatar\/c478a405bd10621167f4c3167cc770f5?s=96&d=mm&r=g","contentUrl":"https:\/\/secure.gravatar.com\/avatar\/c478a405bd10621167f4c3167cc770f5?s=96&d=mm&r=g","caption":"Juan P\u00e9rez"},"description":"Juan P\u00e9rez es el redactor en jefe de Diario 21. Con m\u00e1s de 10 a\u00f1os de experiencia en el periodismo, se especializa en pol\u00edtica nacional y an\u00e1lisis socioecon\u00f3mico. Su enfoque cr\u00edtico y riguroso aporta una perspectiva \u00fanica a cada art\u00edculo.","sameAs":["https:\/\/www.diario21.tv\/noticias\/"],"url":"https:\/\/www.diario21.tv\/noticias\/author\/juan-perez\/"}]}},"_links":{"self":[{"href":"https:\/\/www.diario21.tv\/noticias\/wp-json\/wp\/v2\/posts\/3889"}],"collection":[{"href":"https:\/\/www.diario21.tv\/noticias\/wp-json\/wp\/v2\/posts"}],"about":[{"href":"https:\/\/www.diario21.tv\/noticias\/wp-json\/wp\/v2\/types\/post"}],"author":[{"embeddable":true,"href":"https:\/\/www.diario21.tv\/noticias\/wp-json\/wp\/v2\/users\/20"}],"replies":[{"embeddable":true,"href":"https:\/\/www.diario21.tv\/noticias\/wp-json\/wp\/v2\/comments?post=3889"}],"version-history":[{"count":1,"href":"https:\/\/www.diario21.tv\/noticias\/wp-json\/wp\/v2\/posts\/3889\/revisions"}],"predecessor-version":[{"id":3891,"href":"https:\/\/www.diario21.tv\/noticias\/wp-json\/wp\/v2\/posts\/3889\/revisions\/3891"}],"wp:featuredmedia":[{"embeddable":true,"href":"https:\/\/www.diario21.tv\/noticias\/wp-json\/wp\/v2\/media\/3890"}],"wp:attachment":[{"href":"https:\/\/www.diario21.tv\/noticias\/wp-json\/wp\/v2\/media?parent=3889"}],"wp:term":[{"taxonomy":"category","embeddable":true,"href":"https:\/\/www.diario21.tv\/noticias\/wp-json\/wp\/v2\/categories?post=3889"},{"taxonomy":"post_tag","embeddable":true,"href":"https:\/\/www.diario21.tv\/noticias\/wp-json\/wp\/v2\/tags?post=3889"}],"curies":[{"name":"wp","href":"https:\/\/api.w.org\/{rel}","templated":true}]}}