{"id":3886,"date":"2025-07-21T06:28:02","date_gmt":"2025-07-21T06:28:02","guid":{"rendered":"https:\/\/www.diario21.tv\/noticias\/impactante-hombre-a-prision-por-jalar-el-freno-y-gritar-nos-matamos-mientras-su-novia-conducia\/"},"modified":"2025-07-21T06:28:03","modified_gmt":"2025-07-21T06:28:03","slug":"impactante-hombre-a-prision-por-jalar-el-freno-y-gritar-nos-matamos-mientras-su-novia-conducia","status":"publish","type":"post","link":"https:\/\/www.diario21.tv\/noticias\/impactante-hombre-a-prision-por-jalar-el-freno-y-gritar-nos-matamos-mientras-su-novia-conducia\/","title":{"rendered":"\u00a1Impactante! Hombre a prisi\u00f3n por jalar el freno y gritar &#8220;\u00a1Nos matamos!&#8221; mientras su novia conduc\u00eda"},"content":{"rendered":"<h2>Condenado a c\u00e1rcel por jalar el freno de emergencia mientras su novia manejaba: &#8220;Entonces nos matamos&#8221;<\/h2>\n<p>En un incidente alarmante que sacudi\u00f3 la tranquilidad de una tarde cualquiera, un hombre ha sido enviado a prisi\u00f3n despu\u00e9s de haber tirado del freno de emergencia del coche mientras su pareja estaba al volante. El suceso, que pudo haber terminado en una tragedia, se desencaden\u00f3 por una discusi\u00f3n intensa entre la pareja.<\/p>\n<h3>Detalles del incidente<\/h3>\n<p>El evento tuvo lugar en una concurrida v\u00eda de la ciudad, cuando la pareja, que hab\u00eda estado discutiendo acaloradamente, se encontraba en pleno viaje. En un momento de ira y frustraci\u00f3n, el hombre, cegado por la emoci\u00f3n, exclam\u00f3 &#8220;Pues nos matamos&#8221; y acto seguido jalone\u00f3 el freno de mano con fuerza. Este acto imprudente provoc\u00f3 que el veh\u00edculo derrapara y se detuviera abruptamente, causando p\u00e1nico no solo en ellos sino tambi\u00e9n en los dem\u00e1s conductores y peatones cercanos.<\/p>\n<p>Afortunadamente, no hubo que lamentar heridos graves, pero el susto y el potencial para un desenlace fatal pusieron de manifiesto la gravedad del acto. La polic\u00eda, alertada por testigos del incidente, lleg\u00f3 r\u00e1pidamente al lugar y procedi\u00f3 a detener al hombre, quien fue acusado de poner en riesgo la vida de su novia y la de otros usuarios de la v\u00eda.<\/p>\n<h3>Consecuencias legales<\/h3>\n<p>Tras ser detenido, el individuo fue llevado ante la justicia, donde se enfrent\u00f3 a cargos serios por su comportamiento irresponsable y peligroso. El juez, al evaluar la evidencia y las circunstancias del caso, decidi\u00f3 imponer una sentencia de c\u00e1rcel, subrayando la importancia de mantener la seguridad vial y de respetar la vida y la integridad f\u00edsica de las personas.<\/p>\n<p>La decisi\u00f3n judicial ha sido un recordatorio contundente de que acciones impulsivas y dominadas por el enojo pueden tener consecuencias legales severas y, m\u00e1s importante a\u00fan, pueden poner en peligro vidas inocentes.<\/p>\n<h3>Reacciones y repercusiones<\/h3>\n<p>El caso ha generado una amplia discusi\u00f3n en la comunidad sobre la importancia de controlar las emociones al conducir y de resolver los conflictos de manera pac\u00edfica y constructiva. Expertos en seguridad vial y psic\u00f3logos han comentado sobre el incidente, ofreciendo recomendaciones para manejar situaciones de estr\u00e9s sin recurrir a acciones extremas que puedan provocar accidentes.<\/p>\n<p>Este incidente sirve como un severo recordatorio de que la seguridad al volante debe ser siempre una prioridad y que las disputas personales nunca deben resolverse en contextos que comprometan la seguridad f\u00edsica de los involucrados o de terceros. La prudencia y la calma son aliados indispensables en la conducci\u00f3n, y este caso ha reforzado esa visi\u00f3n en la conciencia colectiva.<\/p>\n\n\n<div class=\"kk-star-ratings kksr-auto kksr-align-left kksr-valign-bottom\"\n    data-payload='{&quot;align&quot;:&quot;left&quot;,&quot;id&quot;:&quot;3886&quot;,&quot;slug&quot;:&quot;default&quot;,&quot;valign&quot;:&quot;bottom&quot;,&quot;ignore&quot;:&quot;&quot;,&quot;reference&quot;:&quot;auto&quot;,&quot;class&quot;:&quot;&quot;,&quot;count&quot;:&quot;0&quot;,&quot;legendonly&quot;:&quot;&quot;,&quot;readonly&quot;:&quot;&quot;,&quot;score&quot;:&quot;0&quot;,&quot;starsonly&quot;:&quot;&quot;,&quot;best&quot;:&quot;5&quot;,&quot;gap&quot;:&quot;5&quot;,&quot;greet&quot;:&quot;Valora este post&quot;,&quot;legend&quot;:&quot;0\\\/5 - (0 votes)&quot;,&quot;size&quot;:&quot;22&quot;,&quot;title&quot;:&quot;\u00a1Impactante! Hombre a prisi\u00f3n por jalar el freno y gritar \\u0026quot;\u00a1Nos matamos!\\u0026quot; mientras su novia conduc\u00eda&quot;,&quot;width&quot;:&quot;0&quot;,&quot;_legend&quot;:&quot;{score}\\\/{best} - ({count} {votes})&quot;,&quot;font_factor&quot;:&quot;1.25&quot;}'>\n            \n<div class=\"kksr-stars\">\n    \n<div class=\"kksr-stars-inactive\">\n            <div class=\"kksr-star\" data-star=\"1\" style=\"padding-right: 5px\">\n            \n\n<div class=\"kksr-icon\" style=\"width: 22px; height: 22px;\"><\/div>\n        <\/div>\n            <div class=\"kksr-star\" data-star=\"2\" style=\"padding-right: 5px\">\n            \n\n<div class=\"kksr-icon\" style=\"width: 22px; height: 22px;\"><\/div>\n        <\/div>\n            <div class=\"kksr-star\" data-star=\"3\" style=\"padding-right: 5px\">\n            \n\n<div class=\"kksr-icon\" style=\"width: 22px; height: 22px;\"><\/div>\n        <\/div>\n            <div class=\"kksr-star\" data-star=\"4\" style=\"padding-right: 5px\">\n            \n\n<div class=\"kksr-icon\" style=\"width: 22px; height: 22px;\"><\/div>\n        <\/div>\n            <div class=\"kksr-star\" data-star=\"5\" style=\"padding-right: 5px\">\n            \n\n<div class=\"kksr-icon\" style=\"width: 22px; height: 22px;\"><\/div>\n        <\/div>\n    <\/div>\n    \n<div class=\"kksr-stars-active\" style=\"width: 0px;\">\n            <div class=\"kksr-star\" style=\"padding-right: 5px\">\n            \n\n<div class=\"kksr-icon\" style=\"width: 22px; height: 22px;\"><\/div>\n        <\/div>\n            <div class=\"kksr-star\" style=\"padding-right: 5px\">\n            \n\n<div class=\"kksr-icon\" style=\"width: 22px; height: 22px;\"><\/div>\n        <\/div>\n            <div class=\"kksr-star\" style=\"padding-right: 5px\">\n            \n\n<div class=\"kksr-icon\" style=\"width: 22px; height: 22px;\"><\/div>\n        <\/div>\n            <div class=\"kksr-star\" style=\"padding-right: 5px\">\n            \n\n<div class=\"kksr-icon\" style=\"width: 22px; height: 22px;\"><\/div>\n        <\/div>\n            <div class=\"kksr-star\" style=\"padding-right: 5px\">\n            \n\n<div class=\"kksr-icon\" style=\"width: 22px; height: 22px;\"><\/div>\n        <\/div>\n    <\/div>\n<\/div>\n                \n\n<div class=\"kksr-legend\" style=\"font-size: 17.6px;\">\n            <span class=\"kksr-muted\">Valora este post<\/span>\n    <\/div>\n    <\/div>\n","protected":false},"excerpt":{"rendered":"<p>Condenado a c\u00e1rcel por jalar el freno de emergencia mientras su novia manejaba: &#8220;Entonces nos matamos&#8221; En un incidente alarmante que sacudi\u00f3 la tranquilidad de una &#8230; <a title=\"\u00a1Impactante! Hombre a prisi\u00f3n por jalar el freno y gritar &#8220;\u00a1Nos matamos!&#8221; mientras su novia conduc\u00eda\" class=\"read-more\" href=\"https:\/\/www.diario21.tv\/noticias\/impactante-hombre-a-prision-por-jalar-el-freno-y-gritar-nos-matamos-mientras-su-novia-conducia\/\" aria-label=\"Leer m\u00e1s sobre \u00a1Impactante! Hombre a prisi\u00f3n por jalar el freno y gritar &#8220;\u00a1Nos matamos!&#8221; mientras su novia conduc\u00eda\">Seguir leyendo &rarr;<\/a><\/p>\n","protected":false},"author":20,"featured_media":3887,"comment_status":"open","ping_status":"open","sticky":false,"template":"","format":"standard","meta":{"footnotes":""},"categories":[13],"tags":[],"class_list":["post-3886","post","type-post","status-publish","format-standard","has-post-thumbnail","hentry","category-portada"],"yoast_head":"<!-- This site is optimized with the Yoast SEO plugin v25.6 - https:\/\/yoast.com\/wordpress\/plugins\/seo\/ -->\n<title>\u00a1Impactante! Hombre a prisi\u00f3n por jalar el freno y gritar &quot;\u00a1Nos matamos!&quot; mientras su novia conduc\u00eda - Diario 21<\/title>\n<meta name=\"robots\" content=\"index, follow, max-snippet:-1, max-image-preview:large, max-video-preview:-1\" \/>\n<link rel=\"canonical\" href=\"https:\/\/www.diario21.tv\/noticias\/impactante-hombre-a-prision-por-jalar-el-freno-y-gritar-nos-matamos-mientras-su-novia-conducia\/\" \/>\n<meta property=\"og:locale\" content=\"es_ES\" \/>\n<meta property=\"og:type\" content=\"article\" \/>\n<meta property=\"og:title\" content=\"\u00a1Impactante! Hombre a prisi\u00f3n por jalar el freno y gritar &quot;\u00a1Nos matamos!&quot; mientras su novia conduc\u00eda - Diario 21\" \/>\n<meta property=\"og:description\" content=\"Condenado a c\u00e1rcel por jalar el freno de emergencia mientras su novia manejaba: &#8220;Entonces nos matamos&#8221; En un incidente alarmante que sacudi\u00f3 la tranquilidad de una ... Seguir leyendo &rarr;\" \/>\n<meta property=\"og:url\" content=\"https:\/\/www.diario21.tv\/noticias\/impactante-hombre-a-prision-por-jalar-el-freno-y-gritar-nos-matamos-mientras-su-novia-conducia\/\" \/>\n<meta property=\"og:site_name\" content=\"Diario 21\" \/>\n<meta property=\"article:published_time\" content=\"2025-07-21T06:28:02+00:00\" \/>\n<meta property=\"article:modified_time\" content=\"2025-07-21T06:28:03+00:00\" \/>\n<meta property=\"og:image\" content=\"https:\/\/www.diario21.tv\/noticias\/wp-content\/uploads\/2025\/07\/\u00a1Impactante-Hombre-a-prision-por-jalar-el-freno-y-gritar.jpg\" \/>\n\t<meta property=\"og:image:width\" content=\"1200\" \/>\n\t<meta property=\"og:image:height\" content=\"840\" \/>\n\t<meta property=\"og:image:type\" content=\"image\/jpeg\" \/>\n<meta name=\"author\" content=\"Juan P\u00e9rez\" \/>\n<meta name=\"twitter:card\" content=\"summary_large_image\" \/>\n<meta name=\"twitter:label1\" content=\"Escrito por\" \/>\n\t<meta name=\"twitter:data1\" content=\"Juan P\u00e9rez\" \/>\n\t<meta name=\"twitter:label2\" content=\"Tiempo de lectura\" \/>\n\t<meta name=\"twitter:data2\" content=\"2 minutos\" \/>\n<script type=\"application\/ld+json\" class=\"yoast-schema-graph\">{\"@context\":\"https:\/\/schema.org\",\"@graph\":[{\"@type\":\"WebPage\",\"@id\":\"https:\/\/www.diario21.tv\/noticias\/impactante-hombre-a-prision-por-jalar-el-freno-y-gritar-nos-matamos-mientras-su-novia-conducia\/\",\"url\":\"https:\/\/www.diario21.tv\/noticias\/impactante-hombre-a-prision-por-jalar-el-freno-y-gritar-nos-matamos-mientras-su-novia-conducia\/\",\"name\":\"\u00a1Impactante! Hombre a prisi\u00f3n por jalar el freno y gritar \\\"\u00a1Nos matamos!\\\" mientras su novia conduc\u00eda - Diario 21\",\"isPartOf\":{\"@id\":\"https:\/\/www.diario21.tv\/noticias\/#website\"},\"primaryImageOfPage\":{\"@id\":\"https:\/\/www.diario21.tv\/noticias\/impactante-hombre-a-prision-por-jalar-el-freno-y-gritar-nos-matamos-mientras-su-novia-conducia\/#primaryimage\"},\"image\":{\"@id\":\"https:\/\/www.diario21.tv\/noticias\/impactante-hombre-a-prision-por-jalar-el-freno-y-gritar-nos-matamos-mientras-su-novia-conducia\/#primaryimage\"},\"thumbnailUrl\":\"https:\/\/www.diario21.tv\/noticias\/wp-content\/uploads\/2025\/07\/\u00a1Impactante-Hombre-a-prision-por-jalar-el-freno-y-gritar.jpg\",\"datePublished\":\"2025-07-21T06:28:02+00:00\",\"dateModified\":\"2025-07-21T06:28:03+00:00\",\"author\":{\"@id\":\"https:\/\/www.diario21.tv\/noticias\/#\/schema\/person\/dfb778f73814d8f09f302618446a526b\"},\"breadcrumb\":{\"@id\":\"https:\/\/www.diario21.tv\/noticias\/impactante-hombre-a-prision-por-jalar-el-freno-y-gritar-nos-matamos-mientras-su-novia-conducia\/#breadcrumb\"},\"inLanguage\":\"es-AR\",\"potentialAction\":[{\"@type\":\"ReadAction\",\"target\":[\"https:\/\/www.diario21.tv\/noticias\/impactante-hombre-a-prision-por-jalar-el-freno-y-gritar-nos-matamos-mientras-su-novia-conducia\/\"]}]},{\"@type\":\"ImageObject\",\"inLanguage\":\"es-AR\",\"@id\":\"https:\/\/www.diario21.tv\/noticias\/impactante-hombre-a-prision-por-jalar-el-freno-y-gritar-nos-matamos-mientras-su-novia-conducia\/#primaryimage\",\"url\":\"https:\/\/www.diario21.tv\/noticias\/wp-content\/uploads\/2025\/07\/\u00a1Impactante-Hombre-a-prision-por-jalar-el-freno-y-gritar.jpg\",\"contentUrl\":\"https:\/\/www.diario21.tv\/noticias\/wp-content\/uploads\/2025\/07\/\u00a1Impactante-Hombre-a-prision-por-jalar-el-freno-y-gritar.jpg\",\"width\":1200,\"height\":840,\"caption\":\"A prisi\u00f3n por tirar del freno cuando su novia conduc\u00eda: \u00abPues nos matamos\u00bb\"},{\"@type\":\"BreadcrumbList\",\"@id\":\"https:\/\/www.diario21.tv\/noticias\/impactante-hombre-a-prision-por-jalar-el-freno-y-gritar-nos-matamos-mientras-su-novia-conducia\/#breadcrumb\",\"itemListElement\":[{\"@type\":\"ListItem\",\"position\":1,\"name\":\"Accueil\",\"item\":\"https:\/\/www.diario21.tv\/noticias\/\"},{\"@type\":\"ListItem\",\"position\":2,\"name\":\"\u00a1Impactante! Hombre a prisi\u00f3n por jalar el freno y gritar &#8220;\u00a1Nos matamos!&#8221; mientras su novia conduc\u00eda\"}]},{\"@type\":\"WebSite\",\"@id\":\"https:\/\/www.diario21.tv\/noticias\/#website\",\"url\":\"https:\/\/www.diario21.tv\/noticias\/\",\"name\":\"Diario 21\",\"description\":\"\",\"potentialAction\":[{\"@type\":\"SearchAction\",\"target\":{\"@type\":\"EntryPoint\",\"urlTemplate\":\"https:\/\/www.diario21.tv\/noticias\/?s={search_term_string}\"},\"query-input\":{\"@type\":\"PropertyValueSpecification\",\"valueRequired\":true,\"valueName\":\"search_term_string\"}}],\"inLanguage\":\"es-AR\"},{\"@type\":\"Person\",\"@id\":\"https:\/\/www.diario21.tv\/noticias\/#\/schema\/person\/dfb778f73814d8f09f302618446a526b\",\"name\":\"Juan P\u00e9rez\",\"image\":{\"@type\":\"ImageObject\",\"inLanguage\":\"es-AR\",\"@id\":\"https:\/\/www.diario21.tv\/noticias\/#\/schema\/person\/image\/\",\"url\":\"https:\/\/secure.gravatar.com\/avatar\/c478a405bd10621167f4c3167cc770f5?s=96&d=mm&r=g\",\"contentUrl\":\"https:\/\/secure.gravatar.com\/avatar\/c478a405bd10621167f4c3167cc770f5?s=96&d=mm&r=g\",\"caption\":\"Juan P\u00e9rez\"},\"description\":\"Juan P\u00e9rez es el redactor en jefe de Diario 21. Con m\u00e1s de 10 a\u00f1os de experiencia en el periodismo, se especializa en pol\u00edtica nacional y an\u00e1lisis socioecon\u00f3mico. Su enfoque cr\u00edtico y riguroso aporta una perspectiva \u00fanica a cada art\u00edculo.\",\"sameAs\":[\"https:\/\/www.diario21.tv\/noticias\/\"],\"url\":\"https:\/\/www.diario21.tv\/noticias\/author\/juan-perez\/\"}]}<\/script>\n<!-- \/ Yoast SEO plugin. -->","yoast_head_json":{"title":"\u00a1Impactante! Hombre a prisi\u00f3n por jalar el freno y gritar \"\u00a1Nos matamos!\" mientras su novia conduc\u00eda - Diario 21","robots":{"index":"index","follow":"follow","max-snippet":"max-snippet:-1","max-image-preview":"max-image-preview:large","max-video-preview":"max-video-preview:-1"},"canonical":"https:\/\/www.diario21.tv\/noticias\/impactante-hombre-a-prision-por-jalar-el-freno-y-gritar-nos-matamos-mientras-su-novia-conducia\/","og_locale":"es_ES","og_type":"article","og_title":"\u00a1Impactante! Hombre a prisi\u00f3n por jalar el freno y gritar \"\u00a1Nos matamos!\" mientras su novia conduc\u00eda - Diario 21","og_description":"Condenado a c\u00e1rcel por jalar el freno de emergencia mientras su novia manejaba: &#8220;Entonces nos matamos&#8221; En un incidente alarmante que sacudi\u00f3 la tranquilidad de una ... Seguir leyendo &rarr;","og_url":"https:\/\/www.diario21.tv\/noticias\/impactante-hombre-a-prision-por-jalar-el-freno-y-gritar-nos-matamos-mientras-su-novia-conducia\/","og_site_name":"Diario 21","article_published_time":"2025-07-21T06:28:02+00:00","article_modified_time":"2025-07-21T06:28:03+00:00","og_image":[{"width":1200,"height":840,"url":"https:\/\/www.diario21.tv\/noticias\/wp-content\/uploads\/2025\/07\/\u00a1Impactante-Hombre-a-prision-por-jalar-el-freno-y-gritar.jpg","type":"image\/jpeg"}],"author":"Juan P\u00e9rez","twitter_card":"summary_large_image","twitter_misc":{"Escrito por":"Juan P\u00e9rez","Tiempo de lectura":"2 minutos"},"schema":{"@context":"https:\/\/schema.org","@graph":[{"@type":"WebPage","@id":"https:\/\/www.diario21.tv\/noticias\/impactante-hombre-a-prision-por-jalar-el-freno-y-gritar-nos-matamos-mientras-su-novia-conducia\/","url":"https:\/\/www.diario21.tv\/noticias\/impactante-hombre-a-prision-por-jalar-el-freno-y-gritar-nos-matamos-mientras-su-novia-conducia\/","name":"\u00a1Impactante! Hombre a prisi\u00f3n por jalar el freno y gritar \"\u00a1Nos matamos!\" mientras su novia conduc\u00eda - Diario 21","isPartOf":{"@id":"https:\/\/www.diario21.tv\/noticias\/#website"},"primaryImageOfPage":{"@id":"https:\/\/www.diario21.tv\/noticias\/impactante-hombre-a-prision-por-jalar-el-freno-y-gritar-nos-matamos-mientras-su-novia-conducia\/#primaryimage"},"image":{"@id":"https:\/\/www.diario21.tv\/noticias\/impactante-hombre-a-prision-por-jalar-el-freno-y-gritar-nos-matamos-mientras-su-novia-conducia\/#primaryimage"},"thumbnailUrl":"https:\/\/www.diario21.tv\/noticias\/wp-content\/uploads\/2025\/07\/\u00a1Impactante-Hombre-a-prision-por-jalar-el-freno-y-gritar.jpg","datePublished":"2025-07-21T06:28:02+00:00","dateModified":"2025-07-21T06:28:03+00:00","author":{"@id":"https:\/\/www.diario21.tv\/noticias\/#\/schema\/person\/dfb778f73814d8f09f302618446a526b"},"breadcrumb":{"@id":"https:\/\/www.diario21.tv\/noticias\/impactante-hombre-a-prision-por-jalar-el-freno-y-gritar-nos-matamos-mientras-su-novia-conducia\/#breadcrumb"},"inLanguage":"es-AR","potentialAction":[{"@type":"ReadAction","target":["https:\/\/www.diario21.tv\/noticias\/impactante-hombre-a-prision-por-jalar-el-freno-y-gritar-nos-matamos-mientras-su-novia-conducia\/"]}]},{"@type":"ImageObject","inLanguage":"es-AR","@id":"https:\/\/www.diario21.tv\/noticias\/impactante-hombre-a-prision-por-jalar-el-freno-y-gritar-nos-matamos-mientras-su-novia-conducia\/#primaryimage","url":"https:\/\/www.diario21.tv\/noticias\/wp-content\/uploads\/2025\/07\/\u00a1Impactante-Hombre-a-prision-por-jalar-el-freno-y-gritar.jpg","contentUrl":"https:\/\/www.diario21.tv\/noticias\/wp-content\/uploads\/2025\/07\/\u00a1Impactante-Hombre-a-prision-por-jalar-el-freno-y-gritar.jpg","width":1200,"height":840,"caption":"A prisi\u00f3n por tirar del freno cuando su novia conduc\u00eda: \u00abPues nos matamos\u00bb"},{"@type":"BreadcrumbList","@id":"https:\/\/www.diario21.tv\/noticias\/impactante-hombre-a-prision-por-jalar-el-freno-y-gritar-nos-matamos-mientras-su-novia-conducia\/#breadcrumb","itemListElement":[{"@type":"ListItem","position":1,"name":"Accueil","item":"https:\/\/www.diario21.tv\/noticias\/"},{"@type":"ListItem","position":2,"name":"\u00a1Impactante! Hombre a prisi\u00f3n por jalar el freno y gritar &#8220;\u00a1Nos matamos!&#8221; mientras su novia conduc\u00eda"}]},{"@type":"WebSite","@id":"https:\/\/www.diario21.tv\/noticias\/#website","url":"https:\/\/www.diario21.tv\/noticias\/","name":"Diario 21","description":"","potentialAction":[{"@type":"SearchAction","target":{"@type":"EntryPoint","urlTemplate":"https:\/\/www.diario21.tv\/noticias\/?s={search_term_string}"},"query-input":{"@type":"PropertyValueSpecification","valueRequired":true,"valueName":"search_term_string"}}],"inLanguage":"es-AR"},{"@type":"Person","@id":"https:\/\/www.diario21.tv\/noticias\/#\/schema\/person\/dfb778f73814d8f09f302618446a526b","name":"Juan P\u00e9rez","image":{"@type":"ImageObject","inLanguage":"es-AR","@id":"https:\/\/www.diario21.tv\/noticias\/#\/schema\/person\/image\/","url":"https:\/\/secure.gravatar.com\/avatar\/c478a405bd10621167f4c3167cc770f5?s=96&d=mm&r=g","contentUrl":"https:\/\/secure.gravatar.com\/avatar\/c478a405bd10621167f4c3167cc770f5?s=96&d=mm&r=g","caption":"Juan P\u00e9rez"},"description":"Juan P\u00e9rez es el redactor en jefe de Diario 21. Con m\u00e1s de 10 a\u00f1os de experiencia en el periodismo, se especializa en pol\u00edtica nacional y an\u00e1lisis socioecon\u00f3mico. Su enfoque cr\u00edtico y riguroso aporta una perspectiva \u00fanica a cada art\u00edculo.","sameAs":["https:\/\/www.diario21.tv\/noticias\/"],"url":"https:\/\/www.diario21.tv\/noticias\/author\/juan-perez\/"}]}},"_links":{"self":[{"href":"https:\/\/www.diario21.tv\/noticias\/wp-json\/wp\/v2\/posts\/3886"}],"collection":[{"href":"https:\/\/www.diario21.tv\/noticias\/wp-json\/wp\/v2\/posts"}],"about":[{"href":"https:\/\/www.diario21.tv\/noticias\/wp-json\/wp\/v2\/types\/post"}],"author":[{"embeddable":true,"href":"https:\/\/www.diario21.tv\/noticias\/wp-json\/wp\/v2\/users\/20"}],"replies":[{"embeddable":true,"href":"https:\/\/www.diario21.tv\/noticias\/wp-json\/wp\/v2\/comments?post=3886"}],"version-history":[{"count":1,"href":"https:\/\/www.diario21.tv\/noticias\/wp-json\/wp\/v2\/posts\/3886\/revisions"}],"predecessor-version":[{"id":3888,"href":"https:\/\/www.diario21.tv\/noticias\/wp-json\/wp\/v2\/posts\/3886\/revisions\/3888"}],"wp:featuredmedia":[{"embeddable":true,"href":"https:\/\/www.diario21.tv\/noticias\/wp-json\/wp\/v2\/media\/3887"}],"wp:attachment":[{"href":"https:\/\/www.diario21.tv\/noticias\/wp-json\/wp\/v2\/media?parent=3886"}],"wp:term":[{"taxonomy":"category","embeddable":true,"href":"https:\/\/www.diario21.tv\/noticias\/wp-json\/wp\/v2\/categories?post=3886"},{"taxonomy":"post_tag","embeddable":true,"href":"https:\/\/www.diario21.tv\/noticias\/wp-json\/wp\/v2\/tags?post=3886"}],"curies":[{"name":"wp","href":"https:\/\/api.w.org\/{rel}","templated":true}]}}