{"id":3856,"date":"2025-07-18T17:44:36","date_gmt":"2025-07-18T17:44:36","guid":{"rendered":"https:\/\/www.diario21.tv\/noticias\/cambio-climatico-y-abandono-rural-la-mezcla-perfecta-para-incendios-extremos\/"},"modified":"2025-07-18T17:44:37","modified_gmt":"2025-07-18T17:44:37","slug":"cambio-climatico-y-abandono-rural-la-mezcla-perfecta-para-incendios-extremos","status":"publish","type":"post","link":"https:\/\/www.diario21.tv\/noticias\/cambio-climatico-y-abandono-rural-la-mezcla-perfecta-para-incendios-extremos\/","title":{"rendered":"Cambio clim\u00e1tico y abandono rural: la mezcla perfecta para incendios extremos"},"content":{"rendered":"<h2>La Combinaci\u00f3n del Cambio Clim\u00e1tico y el Abandono Rural Intensifica los Incendios Forestales<\/h2>\n<p>En los \u00faltimos a\u00f1os, hemos sido testigos de c\u00f3mo los incendios forestales han aumentado en frecuencia e intensidad a nivel global. Este fen\u00f3meno devastador puede atribuirse principalmente a dos factores cr\u00edticos: el cambio clim\u00e1tico y la desertificaci\u00f3n rural.<\/p>\n<h3>Impacto del Cambio Clim\u00e1tico en la Frecuencia de Incendios<\/h3>\n<p>El cambio clim\u00e1tico est\u00e1 alterando dr\u00e1sticamente las condiciones meteorol\u00f3gicas y ambientales, creando un entorno m\u00e1s propicio para que los incendios forestales se propaguen con mayor facilidad y virulencia. Las temperaturas globales en aumento y los patrones de precipitaci\u00f3n irregulares contribuyen a secar la vegetaci\u00f3n, transform\u00e1ndola en material altamente inflamable. Adem\u00e1s, los veranos m\u00e1s largos y calurosos ampl\u00edan el per\u00edodo en el que los incendios son m\u00e1s probables, aumentando as\u00ed el riesgo y la duraci\u00f3n de estos eventos.<\/p>\n<h3>El Papel del Abandono del Campo en la Escalada de Incendios<\/h3>\n<p>Por otro lado, el abandono de las \u00e1reas rurales agrava la situaci\u00f3n. A medida que las poblaciones migran hacia las ciudades en busca de mejores oportunidades, vastas \u00e1reas de tierra quedan sin cultivar y, por lo tanto, sin el mantenimiento necesario para controlar la vegetaci\u00f3n natural. Esta falta de gesti\u00f3n agr\u00edcola y forestal permite que las \u00e1reas se conviertan en masas densas de arbustos y \u00e1rboles, los cuales, sin un manejo adecuado, se acumulan y se convierten en grandes acumulaciones de biomasa lista para arder.<\/p>\n<h3>Estrategias para Mitigar la Intensidad de los Incendios<\/h3>\n<p>Frente a este escenario, es esencial implementar estrategias que puedan mitigar la intensidad y la frecuencia de los incendios forestales. Una de las medidas m\u00e1s efectivas es la gesti\u00f3n forestal, que incluye la limpieza de montes, la realizaci\u00f3n de cortafuegos y la reforestaci\u00f3n con especies menos propensas a incendiarse. Adem\u00e1s, es crucial mejorar los sistemas de alerta temprana y los protocolos de evacuaci\u00f3n para proteger las vidas en zonas de alto riesgo.<\/p>\n<h3>La Necesidad de Acci\u00f3n Global y Local<\/h3>\n<p>La lucha contra los incendios extremos requiere un esfuerzo coordinado tanto a nivel local como global. Los gobiernos y las organizaciones internacionales deben trabajar juntos para abordar las causas subyacentes del cambio clim\u00e1tico y promover un desarrollo rural que prevenga el abandono de las tierras agr\u00edcolas. Solo a trav\u00e9s de un enfoque integrado y sostenible podremos esperar reducir los impactos devastadores de los incendios forestales en el futuro.<\/p>\n<p>En conclusi\u00f3n, el cambio clim\u00e1tico combinado con el abandono del campo constituye una receta para incendios forestales m\u00e1s extremos y destructivos. Es imperativo que se tomen medidas concretas para abordar estos problemas, con el fin de proteger no solo los ecosistemas naturales, sino tambi\u00e9n las comunidades humanas que viven en \u00e1reas susceptibles a incendios.<\/p>\n\n\n<div class=\"kk-star-ratings kksr-auto kksr-align-left kksr-valign-bottom\"\n    data-payload='{&quot;align&quot;:&quot;left&quot;,&quot;id&quot;:&quot;3856&quot;,&quot;slug&quot;:&quot;default&quot;,&quot;valign&quot;:&quot;bottom&quot;,&quot;ignore&quot;:&quot;&quot;,&quot;reference&quot;:&quot;auto&quot;,&quot;class&quot;:&quot;&quot;,&quot;count&quot;:&quot;0&quot;,&quot;legendonly&quot;:&quot;&quot;,&quot;readonly&quot;:&quot;&quot;,&quot;score&quot;:&quot;0&quot;,&quot;starsonly&quot;:&quot;&quot;,&quot;best&quot;:&quot;5&quot;,&quot;gap&quot;:&quot;5&quot;,&quot;greet&quot;:&quot;Valora este post&quot;,&quot;legend&quot;:&quot;0\\\/5 - (0 votes)&quot;,&quot;size&quot;:&quot;22&quot;,&quot;title&quot;:&quot;Cambio clim\u00e1tico y abandono rural: la mezcla perfecta para incendios extremos&quot;,&quot;width&quot;:&quot;0&quot;,&quot;_legend&quot;:&quot;{score}\\\/{best} - ({count} {votes})&quot;,&quot;font_factor&quot;:&quot;1.25&quot;}'>\n            \n<div class=\"kksr-stars\">\n    \n<div class=\"kksr-stars-inactive\">\n            <div class=\"kksr-star\" data-star=\"1\" style=\"padding-right: 5px\">\n            \n\n<div class=\"kksr-icon\" style=\"width: 22px; height: 22px;\"><\/div>\n        <\/div>\n            <div class=\"kksr-star\" data-star=\"2\" style=\"padding-right: 5px\">\n            \n\n<div class=\"kksr-icon\" style=\"width: 22px; height: 22px;\"><\/div>\n        <\/div>\n            <div class=\"kksr-star\" data-star=\"3\" style=\"padding-right: 5px\">\n            \n\n<div class=\"kksr-icon\" style=\"width: 22px; height: 22px;\"><\/div>\n        <\/div>\n            <div class=\"kksr-star\" data-star=\"4\" style=\"padding-right: 5px\">\n            \n\n<div class=\"kksr-icon\" style=\"width: 22px; height: 22px;\"><\/div>\n        <\/div>\n            <div class=\"kksr-star\" data-star=\"5\" style=\"padding-right: 5px\">\n            \n\n<div class=\"kksr-icon\" style=\"width: 22px; height: 22px;\"><\/div>\n        <\/div>\n    <\/div>\n    \n<div class=\"kksr-stars-active\" style=\"width: 0px;\">\n            <div class=\"kksr-star\" style=\"padding-right: 5px\">\n            \n\n<div class=\"kksr-icon\" style=\"width: 22px; height: 22px;\"><\/div>\n        <\/div>\n            <div class=\"kksr-star\" style=\"padding-right: 5px\">\n            \n\n<div class=\"kksr-icon\" style=\"width: 22px; height: 22px;\"><\/div>\n        <\/div>\n            <div class=\"kksr-star\" style=\"padding-right: 5px\">\n            \n\n<div class=\"kksr-icon\" style=\"width: 22px; height: 22px;\"><\/div>\n        <\/div>\n            <div class=\"kksr-star\" style=\"padding-right: 5px\">\n            \n\n<div class=\"kksr-icon\" style=\"width: 22px; height: 22px;\"><\/div>\n        <\/div>\n            <div class=\"kksr-star\" style=\"padding-right: 5px\">\n            \n\n<div class=\"kksr-icon\" style=\"width: 22px; height: 22px;\"><\/div>\n        <\/div>\n    <\/div>\n<\/div>\n                \n\n<div class=\"kksr-legend\" style=\"font-size: 17.6px;\">\n            <span class=\"kksr-muted\">Valora este post<\/span>\n    <\/div>\n    <\/div>\n","protected":false},"excerpt":{"rendered":"<p>La Combinaci\u00f3n del Cambio Clim\u00e1tico y el Abandono Rural Intensifica los Incendios Forestales En los \u00faltimos a\u00f1os, hemos sido testigos de c\u00f3mo los incendios forestales han &#8230; <a title=\"Cambio clim\u00e1tico y abandono rural: la mezcla perfecta para incendios extremos\" class=\"read-more\" href=\"https:\/\/www.diario21.tv\/noticias\/cambio-climatico-y-abandono-rural-la-mezcla-perfecta-para-incendios-extremos\/\" aria-label=\"Leer m\u00e1s sobre Cambio clim\u00e1tico y abandono rural: la mezcla perfecta para incendios extremos\">Seguir leyendo &rarr;<\/a><\/p>\n","protected":false},"author":20,"featured_media":3857,"comment_status":"open","ping_status":"open","sticky":false,"template":"","format":"standard","meta":{"footnotes":""},"categories":[13],"tags":[],"class_list":["post-3856","post","type-post","status-publish","format-standard","has-post-thumbnail","hentry","category-portada"],"yoast_head":"<!-- This site is optimized with the Yoast SEO plugin v25.6 - https:\/\/yoast.com\/wordpress\/plugins\/seo\/ -->\n<title>Cambio clim\u00e1tico y abandono rural: la mezcla perfecta para incendios extremos - Diario 21<\/title>\n<meta name=\"robots\" content=\"index, follow, max-snippet:-1, max-image-preview:large, max-video-preview:-1\" \/>\n<link rel=\"canonical\" href=\"https:\/\/www.diario21.tv\/noticias\/cambio-climatico-y-abandono-rural-la-mezcla-perfecta-para-incendios-extremos\/\" \/>\n<meta property=\"og:locale\" content=\"es_ES\" \/>\n<meta property=\"og:type\" content=\"article\" \/>\n<meta property=\"og:title\" content=\"Cambio clim\u00e1tico y abandono rural: la mezcla perfecta para incendios extremos - Diario 21\" \/>\n<meta property=\"og:description\" content=\"La Combinaci\u00f3n del Cambio Clim\u00e1tico y el Abandono Rural Intensifica los Incendios Forestales En los \u00faltimos a\u00f1os, hemos sido testigos de c\u00f3mo los incendios forestales han ... Seguir leyendo &rarr;\" \/>\n<meta property=\"og:url\" content=\"https:\/\/www.diario21.tv\/noticias\/cambio-climatico-y-abandono-rural-la-mezcla-perfecta-para-incendios-extremos\/\" \/>\n<meta property=\"og:site_name\" content=\"Diario 21\" \/>\n<meta property=\"article:published_time\" content=\"2025-07-18T17:44:36+00:00\" \/>\n<meta property=\"article:modified_time\" content=\"2025-07-18T17:44:37+00:00\" \/>\n<meta property=\"og:image\" content=\"https:\/\/www.diario21.tv\/noticias\/wp-content\/uploads\/2025\/07\/Cambio-climatico-y-abandono-rural-la-mezcla-perfecta-para-incendios.jpg\" \/>\n\t<meta property=\"og:image:width\" content=\"1200\" \/>\n\t<meta property=\"og:image:height\" content=\"840\" \/>\n\t<meta property=\"og:image:type\" content=\"image\/jpeg\" \/>\n<meta name=\"author\" content=\"Juan P\u00e9rez\" \/>\n<meta name=\"twitter:card\" content=\"summary_large_image\" \/>\n<meta name=\"twitter:label1\" content=\"Escrito por\" \/>\n\t<meta name=\"twitter:data1\" content=\"Juan P\u00e9rez\" \/>\n\t<meta name=\"twitter:label2\" content=\"Tiempo de lectura\" \/>\n\t<meta name=\"twitter:data2\" content=\"2 minutos\" \/>\n<script type=\"application\/ld+json\" class=\"yoast-schema-graph\">{\"@context\":\"https:\/\/schema.org\",\"@graph\":[{\"@type\":\"WebPage\",\"@id\":\"https:\/\/www.diario21.tv\/noticias\/cambio-climatico-y-abandono-rural-la-mezcla-perfecta-para-incendios-extremos\/\",\"url\":\"https:\/\/www.diario21.tv\/noticias\/cambio-climatico-y-abandono-rural-la-mezcla-perfecta-para-incendios-extremos\/\",\"name\":\"Cambio clim\u00e1tico y abandono rural: la mezcla perfecta para incendios extremos - Diario 21\",\"isPartOf\":{\"@id\":\"https:\/\/www.diario21.tv\/noticias\/#website\"},\"primaryImageOfPage\":{\"@id\":\"https:\/\/www.diario21.tv\/noticias\/cambio-climatico-y-abandono-rural-la-mezcla-perfecta-para-incendios-extremos\/#primaryimage\"},\"image\":{\"@id\":\"https:\/\/www.diario21.tv\/noticias\/cambio-climatico-y-abandono-rural-la-mezcla-perfecta-para-incendios-extremos\/#primaryimage\"},\"thumbnailUrl\":\"https:\/\/www.diario21.tv\/noticias\/wp-content\/uploads\/2025\/07\/Cambio-climatico-y-abandono-rural-la-mezcla-perfecta-para-incendios.jpg\",\"datePublished\":\"2025-07-18T17:44:36+00:00\",\"dateModified\":\"2025-07-18T17:44:37+00:00\",\"author\":{\"@id\":\"https:\/\/www.diario21.tv\/noticias\/#\/schema\/person\/dfb778f73814d8f09f302618446a526b\"},\"breadcrumb\":{\"@id\":\"https:\/\/www.diario21.tv\/noticias\/cambio-climatico-y-abandono-rural-la-mezcla-perfecta-para-incendios-extremos\/#breadcrumb\"},\"inLanguage\":\"es-AR\",\"potentialAction\":[{\"@type\":\"ReadAction\",\"target\":[\"https:\/\/www.diario21.tv\/noticias\/cambio-climatico-y-abandono-rural-la-mezcla-perfecta-para-incendios-extremos\/\"]}]},{\"@type\":\"ImageObject\",\"inLanguage\":\"es-AR\",\"@id\":\"https:\/\/www.diario21.tv\/noticias\/cambio-climatico-y-abandono-rural-la-mezcla-perfecta-para-incendios-extremos\/#primaryimage\",\"url\":\"https:\/\/www.diario21.tv\/noticias\/wp-content\/uploads\/2025\/07\/Cambio-climatico-y-abandono-rural-la-mezcla-perfecta-para-incendios.jpg\",\"contentUrl\":\"https:\/\/www.diario21.tv\/noticias\/wp-content\/uploads\/2025\/07\/Cambio-climatico-y-abandono-rural-la-mezcla-perfecta-para-incendios.jpg\",\"width\":1200,\"height\":840,\"caption\":\"Un c\u00f3ctel de cambio clim\u00e1tico y abandono del campo hace incendios cada vez m\u00e1s extremos\"},{\"@type\":\"BreadcrumbList\",\"@id\":\"https:\/\/www.diario21.tv\/noticias\/cambio-climatico-y-abandono-rural-la-mezcla-perfecta-para-incendios-extremos\/#breadcrumb\",\"itemListElement\":[{\"@type\":\"ListItem\",\"position\":1,\"name\":\"Accueil\",\"item\":\"https:\/\/www.diario21.tv\/noticias\/\"},{\"@type\":\"ListItem\",\"position\":2,\"name\":\"Cambio clim\u00e1tico y abandono rural: la mezcla perfecta para incendios extremos\"}]},{\"@type\":\"WebSite\",\"@id\":\"https:\/\/www.diario21.tv\/noticias\/#website\",\"url\":\"https:\/\/www.diario21.tv\/noticias\/\",\"name\":\"Diario 21\",\"description\":\"\",\"potentialAction\":[{\"@type\":\"SearchAction\",\"target\":{\"@type\":\"EntryPoint\",\"urlTemplate\":\"https:\/\/www.diario21.tv\/noticias\/?s={search_term_string}\"},\"query-input\":{\"@type\":\"PropertyValueSpecification\",\"valueRequired\":true,\"valueName\":\"search_term_string\"}}],\"inLanguage\":\"es-AR\"},{\"@type\":\"Person\",\"@id\":\"https:\/\/www.diario21.tv\/noticias\/#\/schema\/person\/dfb778f73814d8f09f302618446a526b\",\"name\":\"Juan P\u00e9rez\",\"image\":{\"@type\":\"ImageObject\",\"inLanguage\":\"es-AR\",\"@id\":\"https:\/\/www.diario21.tv\/noticias\/#\/schema\/person\/image\/\",\"url\":\"https:\/\/secure.gravatar.com\/avatar\/c478a405bd10621167f4c3167cc770f5?s=96&d=mm&r=g\",\"contentUrl\":\"https:\/\/secure.gravatar.com\/avatar\/c478a405bd10621167f4c3167cc770f5?s=96&d=mm&r=g\",\"caption\":\"Juan P\u00e9rez\"},\"description\":\"Juan P\u00e9rez es el redactor en jefe de Diario 21. Con m\u00e1s de 10 a\u00f1os de experiencia en el periodismo, se especializa en pol\u00edtica nacional y an\u00e1lisis socioecon\u00f3mico. Su enfoque cr\u00edtico y riguroso aporta una perspectiva \u00fanica a cada art\u00edculo.\",\"sameAs\":[\"https:\/\/www.diario21.tv\/noticias\/\"],\"url\":\"https:\/\/www.diario21.tv\/noticias\/author\/juan-perez\/\"}]}<\/script>\n<!-- \/ Yoast SEO plugin. -->","yoast_head_json":{"title":"Cambio clim\u00e1tico y abandono rural: la mezcla perfecta para incendios extremos - Diario 21","robots":{"index":"index","follow":"follow","max-snippet":"max-snippet:-1","max-image-preview":"max-image-preview:large","max-video-preview":"max-video-preview:-1"},"canonical":"https:\/\/www.diario21.tv\/noticias\/cambio-climatico-y-abandono-rural-la-mezcla-perfecta-para-incendios-extremos\/","og_locale":"es_ES","og_type":"article","og_title":"Cambio clim\u00e1tico y abandono rural: la mezcla perfecta para incendios extremos - Diario 21","og_description":"La Combinaci\u00f3n del Cambio Clim\u00e1tico y el Abandono Rural Intensifica los Incendios Forestales En los \u00faltimos a\u00f1os, hemos sido testigos de c\u00f3mo los incendios forestales han ... Seguir leyendo &rarr;","og_url":"https:\/\/www.diario21.tv\/noticias\/cambio-climatico-y-abandono-rural-la-mezcla-perfecta-para-incendios-extremos\/","og_site_name":"Diario 21","article_published_time":"2025-07-18T17:44:36+00:00","article_modified_time":"2025-07-18T17:44:37+00:00","og_image":[{"width":1200,"height":840,"url":"https:\/\/www.diario21.tv\/noticias\/wp-content\/uploads\/2025\/07\/Cambio-climatico-y-abandono-rural-la-mezcla-perfecta-para-incendios.jpg","type":"image\/jpeg"}],"author":"Juan P\u00e9rez","twitter_card":"summary_large_image","twitter_misc":{"Escrito por":"Juan P\u00e9rez","Tiempo de lectura":"2 minutos"},"schema":{"@context":"https:\/\/schema.org","@graph":[{"@type":"WebPage","@id":"https:\/\/www.diario21.tv\/noticias\/cambio-climatico-y-abandono-rural-la-mezcla-perfecta-para-incendios-extremos\/","url":"https:\/\/www.diario21.tv\/noticias\/cambio-climatico-y-abandono-rural-la-mezcla-perfecta-para-incendios-extremos\/","name":"Cambio clim\u00e1tico y abandono rural: la mezcla perfecta para incendios extremos - Diario 21","isPartOf":{"@id":"https:\/\/www.diario21.tv\/noticias\/#website"},"primaryImageOfPage":{"@id":"https:\/\/www.diario21.tv\/noticias\/cambio-climatico-y-abandono-rural-la-mezcla-perfecta-para-incendios-extremos\/#primaryimage"},"image":{"@id":"https:\/\/www.diario21.tv\/noticias\/cambio-climatico-y-abandono-rural-la-mezcla-perfecta-para-incendios-extremos\/#primaryimage"},"thumbnailUrl":"https:\/\/www.diario21.tv\/noticias\/wp-content\/uploads\/2025\/07\/Cambio-climatico-y-abandono-rural-la-mezcla-perfecta-para-incendios.jpg","datePublished":"2025-07-18T17:44:36+00:00","dateModified":"2025-07-18T17:44:37+00:00","author":{"@id":"https:\/\/www.diario21.tv\/noticias\/#\/schema\/person\/dfb778f73814d8f09f302618446a526b"},"breadcrumb":{"@id":"https:\/\/www.diario21.tv\/noticias\/cambio-climatico-y-abandono-rural-la-mezcla-perfecta-para-incendios-extremos\/#breadcrumb"},"inLanguage":"es-AR","potentialAction":[{"@type":"ReadAction","target":["https:\/\/www.diario21.tv\/noticias\/cambio-climatico-y-abandono-rural-la-mezcla-perfecta-para-incendios-extremos\/"]}]},{"@type":"ImageObject","inLanguage":"es-AR","@id":"https:\/\/www.diario21.tv\/noticias\/cambio-climatico-y-abandono-rural-la-mezcla-perfecta-para-incendios-extremos\/#primaryimage","url":"https:\/\/www.diario21.tv\/noticias\/wp-content\/uploads\/2025\/07\/Cambio-climatico-y-abandono-rural-la-mezcla-perfecta-para-incendios.jpg","contentUrl":"https:\/\/www.diario21.tv\/noticias\/wp-content\/uploads\/2025\/07\/Cambio-climatico-y-abandono-rural-la-mezcla-perfecta-para-incendios.jpg","width":1200,"height":840,"caption":"Un c\u00f3ctel de cambio clim\u00e1tico y abandono del campo hace incendios cada vez m\u00e1s extremos"},{"@type":"BreadcrumbList","@id":"https:\/\/www.diario21.tv\/noticias\/cambio-climatico-y-abandono-rural-la-mezcla-perfecta-para-incendios-extremos\/#breadcrumb","itemListElement":[{"@type":"ListItem","position":1,"name":"Accueil","item":"https:\/\/www.diario21.tv\/noticias\/"},{"@type":"ListItem","position":2,"name":"Cambio clim\u00e1tico y abandono rural: la mezcla perfecta para incendios extremos"}]},{"@type":"WebSite","@id":"https:\/\/www.diario21.tv\/noticias\/#website","url":"https:\/\/www.diario21.tv\/noticias\/","name":"Diario 21","description":"","potentialAction":[{"@type":"SearchAction","target":{"@type":"EntryPoint","urlTemplate":"https:\/\/www.diario21.tv\/noticias\/?s={search_term_string}"},"query-input":{"@type":"PropertyValueSpecification","valueRequired":true,"valueName":"search_term_string"}}],"inLanguage":"es-AR"},{"@type":"Person","@id":"https:\/\/www.diario21.tv\/noticias\/#\/schema\/person\/dfb778f73814d8f09f302618446a526b","name":"Juan P\u00e9rez","image":{"@type":"ImageObject","inLanguage":"es-AR","@id":"https:\/\/www.diario21.tv\/noticias\/#\/schema\/person\/image\/","url":"https:\/\/secure.gravatar.com\/avatar\/c478a405bd10621167f4c3167cc770f5?s=96&d=mm&r=g","contentUrl":"https:\/\/secure.gravatar.com\/avatar\/c478a405bd10621167f4c3167cc770f5?s=96&d=mm&r=g","caption":"Juan P\u00e9rez"},"description":"Juan P\u00e9rez es el redactor en jefe de Diario 21. Con m\u00e1s de 10 a\u00f1os de experiencia en el periodismo, se especializa en pol\u00edtica nacional y an\u00e1lisis socioecon\u00f3mico. Su enfoque cr\u00edtico y riguroso aporta una perspectiva \u00fanica a cada art\u00edculo.","sameAs":["https:\/\/www.diario21.tv\/noticias\/"],"url":"https:\/\/www.diario21.tv\/noticias\/author\/juan-perez\/"}]}},"_links":{"self":[{"href":"https:\/\/www.diario21.tv\/noticias\/wp-json\/wp\/v2\/posts\/3856"}],"collection":[{"href":"https:\/\/www.diario21.tv\/noticias\/wp-json\/wp\/v2\/posts"}],"about":[{"href":"https:\/\/www.diario21.tv\/noticias\/wp-json\/wp\/v2\/types\/post"}],"author":[{"embeddable":true,"href":"https:\/\/www.diario21.tv\/noticias\/wp-json\/wp\/v2\/users\/20"}],"replies":[{"embeddable":true,"href":"https:\/\/www.diario21.tv\/noticias\/wp-json\/wp\/v2\/comments?post=3856"}],"version-history":[{"count":1,"href":"https:\/\/www.diario21.tv\/noticias\/wp-json\/wp\/v2\/posts\/3856\/revisions"}],"predecessor-version":[{"id":3858,"href":"https:\/\/www.diario21.tv\/noticias\/wp-json\/wp\/v2\/posts\/3856\/revisions\/3858"}],"wp:featuredmedia":[{"embeddable":true,"href":"https:\/\/www.diario21.tv\/noticias\/wp-json\/wp\/v2\/media\/3857"}],"wp:attachment":[{"href":"https:\/\/www.diario21.tv\/noticias\/wp-json\/wp\/v2\/media?parent=3856"}],"wp:term":[{"taxonomy":"category","embeddable":true,"href":"https:\/\/www.diario21.tv\/noticias\/wp-json\/wp\/v2\/categories?post=3856"},{"taxonomy":"post_tag","embeddable":true,"href":"https:\/\/www.diario21.tv\/noticias\/wp-json\/wp\/v2\/tags?post=3856"}],"curies":[{"name":"wp","href":"https:\/\/api.w.org\/{rel}","templated":true}]}}