{"id":3847,"date":"2025-07-17T23:34:57","date_gmt":"2025-07-17T23:34:57","guid":{"rendered":"https:\/\/www.diario21.tv\/noticias\/urgente-juana-rivas-debe-entregar-a-su-hijo-al-padre-este-martes-a-las-10-dictamina-juzgado-de-granada\/"},"modified":"2025-07-17T23:34:58","modified_gmt":"2025-07-17T23:34:58","slug":"urgente-juana-rivas-debe-entregar-a-su-hijo-al-padre-este-martes-a-las-10-dictamina-juzgado-de-granada","status":"publish","type":"post","link":"https:\/\/www.diario21.tv\/noticias\/urgente-juana-rivas-debe-entregar-a-su-hijo-al-padre-este-martes-a-las-10-dictamina-juzgado-de-granada\/","title":{"rendered":"\u00a1Urgente! Juana Rivas debe entregar a su hijo al padre este martes a las 10, dictamina juzgado de Granada"},"content":{"rendered":"<h2>Orden Judicial de Granada para Juana Rivas: Entregar a Su Hijo Menor<\/h2>\n<p>Un tribunal de familia en Granada ha dictado una orden a Juana Rivas, mand\u00e1ndole que entregue a su hijo menor al padre este martes a las 10 de la ma\u00f1ana. Este caso ha sido objeto de una larga batalla legal y medi\u00e1tica que ha captado la atenci\u00f3n del p\u00fablico tanto nacional como internacional.<\/p>\n<h3>Detalles del Caso<\/h3>\n<p>Juana Rivas se encontraba en una disputa legal con el padre de su hijo, quien reside en Italia. La orden del tribunal dicta que Rivas debe entregar al ni\u00f1o en un punto espec\u00edfico acordado por ambas partes, facilitando as\u00ed el cumplimiento de la custodia compartida establecida previamente por la ley.<\/p>\n<p>El caso de Rivas ha sido especialmente complicado y lleno de numerosos giros legales. En un principio, ella hab\u00eda rehusado entregar a sus hijos al padre, alegando preocupaciones por su bienestar. Esto llev\u00f3 a una serie de acciones legales que culminaron en la decisi\u00f3n actual del tribunal.<\/p>\n<h3>Reacciones y Consecuencias<\/h3>\n<p>La decisi\u00f3n ha generado diversas opiniones entre el p\u00fablico y los grupos de apoyo a los derechos de los ni\u00f1os y las mujeres. Algunos apoyan la decisi\u00f3n del tribunal, argumentando que refleja el inter\u00e9s superior del menor y el respeto a las leyes de custodia. Otros, sin embargo, se sienten preocupados por las implicaciones que esto podr\u00eda tener sobre la seguridad y el bienestar emocional del ni\u00f1o.<\/p>\n<p>Juana Rivas, por su parte, ha expresado su descontento y preocupaci\u00f3n a trav\u00e9s de sus abogados, quienes han indicado que continuar\u00e1n buscando todas las v\u00edas legales disponibles para proteger a su hijo y asegurar su bienestar.<\/p>\n<p>Este caso subraya la complejidad de los asuntos de custodia y los desaf\u00edos legales que enfrentan las familias que atraviesan separaciones internacionales. La ley busca equilibrar los derechos de ambos padres mientras protege los intereses del ni\u00f1o, pero cada caso presenta sus propios desaf\u00edos y sensibilidades.<\/p>\n<h3>Pr\u00f3ximos Pasos en el Proceso Judicial<\/h3>\n<p>Con la orden de entrega efectiva desde este martes, todas las partes implicadas se preparan para acatar lo dictaminado, aunque no sin cierta tensi\u00f3n y expectativa sobre el desarrollo de los acontecimientos. La situaci\u00f3n sigue en observaci\u00f3n por parte de los medios y la sociedad, atentos a c\u00f3mo este caso podr\u00eda influir en futuras decisiones judiciales y en la legislaci\u00f3n sobre custodia de menores a nivel nacional e internacional.<\/p>\n\n\n<div class=\"kk-star-ratings kksr-auto kksr-align-left kksr-valign-bottom\"\n    data-payload='{&quot;align&quot;:&quot;left&quot;,&quot;id&quot;:&quot;3847&quot;,&quot;slug&quot;:&quot;default&quot;,&quot;valign&quot;:&quot;bottom&quot;,&quot;ignore&quot;:&quot;&quot;,&quot;reference&quot;:&quot;auto&quot;,&quot;class&quot;:&quot;&quot;,&quot;count&quot;:&quot;0&quot;,&quot;legendonly&quot;:&quot;&quot;,&quot;readonly&quot;:&quot;&quot;,&quot;score&quot;:&quot;0&quot;,&quot;starsonly&quot;:&quot;&quot;,&quot;best&quot;:&quot;5&quot;,&quot;gap&quot;:&quot;5&quot;,&quot;greet&quot;:&quot;Valora este post&quot;,&quot;legend&quot;:&quot;0\\\/5 - (0 votes)&quot;,&quot;size&quot;:&quot;22&quot;,&quot;title&quot;:&quot;\u00a1Urgente! Juana Rivas debe entregar a su hijo al padre este martes a las 10, dictamina juzgado de Granada&quot;,&quot;width&quot;:&quot;0&quot;,&quot;_legend&quot;:&quot;{score}\\\/{best} - ({count} {votes})&quot;,&quot;font_factor&quot;:&quot;1.25&quot;}'>\n            \n<div class=\"kksr-stars\">\n    \n<div class=\"kksr-stars-inactive\">\n            <div class=\"kksr-star\" data-star=\"1\" style=\"padding-right: 5px\">\n            \n\n<div class=\"kksr-icon\" style=\"width: 22px; height: 22px;\"><\/div>\n        <\/div>\n            <div class=\"kksr-star\" data-star=\"2\" style=\"padding-right: 5px\">\n            \n\n<div class=\"kksr-icon\" style=\"width: 22px; height: 22px;\"><\/div>\n        <\/div>\n            <div class=\"kksr-star\" data-star=\"3\" style=\"padding-right: 5px\">\n            \n\n<div class=\"kksr-icon\" style=\"width: 22px; height: 22px;\"><\/div>\n        <\/div>\n            <div class=\"kksr-star\" data-star=\"4\" style=\"padding-right: 5px\">\n            \n\n<div class=\"kksr-icon\" style=\"width: 22px; height: 22px;\"><\/div>\n        <\/div>\n            <div class=\"kksr-star\" data-star=\"5\" style=\"padding-right: 5px\">\n            \n\n<div class=\"kksr-icon\" style=\"width: 22px; height: 22px;\"><\/div>\n        <\/div>\n    <\/div>\n    \n<div class=\"kksr-stars-active\" style=\"width: 0px;\">\n            <div class=\"kksr-star\" style=\"padding-right: 5px\">\n            \n\n<div class=\"kksr-icon\" style=\"width: 22px; height: 22px;\"><\/div>\n        <\/div>\n            <div class=\"kksr-star\" style=\"padding-right: 5px\">\n            \n\n<div class=\"kksr-icon\" style=\"width: 22px; height: 22px;\"><\/div>\n        <\/div>\n            <div class=\"kksr-star\" style=\"padding-right: 5px\">\n            \n\n<div class=\"kksr-icon\" style=\"width: 22px; height: 22px;\"><\/div>\n        <\/div>\n            <div class=\"kksr-star\" style=\"padding-right: 5px\">\n            \n\n<div class=\"kksr-icon\" style=\"width: 22px; height: 22px;\"><\/div>\n        <\/div>\n            <div class=\"kksr-star\" style=\"padding-right: 5px\">\n            \n\n<div class=\"kksr-icon\" style=\"width: 22px; height: 22px;\"><\/div>\n        <\/div>\n    <\/div>\n<\/div>\n                \n\n<div class=\"kksr-legend\" style=\"font-size: 17.6px;\">\n            <span class=\"kksr-muted\">Valora este post<\/span>\n    <\/div>\n    <\/div>\n","protected":false},"excerpt":{"rendered":"<p>Orden Judicial de Granada para Juana Rivas: Entregar a Su Hijo Menor Un tribunal de familia en Granada ha dictado una orden a Juana Rivas, mand\u00e1ndole &#8230; <a title=\"\u00a1Urgente! Juana Rivas debe entregar a su hijo al padre este martes a las 10, dictamina juzgado de Granada\" class=\"read-more\" href=\"https:\/\/www.diario21.tv\/noticias\/urgente-juana-rivas-debe-entregar-a-su-hijo-al-padre-este-martes-a-las-10-dictamina-juzgado-de-granada\/\" aria-label=\"Leer m\u00e1s sobre \u00a1Urgente! Juana Rivas debe entregar a su hijo al padre este martes a las 10, dictamina juzgado de Granada\">Seguir leyendo &rarr;<\/a><\/p>\n","protected":false},"author":20,"featured_media":3848,"comment_status":"open","ping_status":"open","sticky":false,"template":"","format":"standard","meta":{"footnotes":""},"categories":[13],"tags":[],"class_list":["post-3847","post","type-post","status-publish","format-standard","has-post-thumbnail","hentry","category-portada"],"yoast_head":"<!-- This site is optimized with the Yoast SEO plugin v25.6 - https:\/\/yoast.com\/wordpress\/plugins\/seo\/ -->\n<title>\u00a1Urgente! Juana Rivas debe entregar a su hijo al padre este martes a las 10, dictamina juzgado de Granada - Diario 21<\/title>\n<meta name=\"robots\" content=\"index, follow, max-snippet:-1, max-image-preview:large, max-video-preview:-1\" \/>\n<link rel=\"canonical\" href=\"https:\/\/www.diario21.tv\/noticias\/urgente-juana-rivas-debe-entregar-a-su-hijo-al-padre-este-martes-a-las-10-dictamina-juzgado-de-granada\/\" \/>\n<meta property=\"og:locale\" content=\"es_ES\" \/>\n<meta property=\"og:type\" content=\"article\" \/>\n<meta property=\"og:title\" content=\"\u00a1Urgente! Juana Rivas debe entregar a su hijo al padre este martes a las 10, dictamina juzgado de Granada - Diario 21\" \/>\n<meta property=\"og:description\" content=\"Orden Judicial de Granada para Juana Rivas: Entregar a Su Hijo Menor Un tribunal de familia en Granada ha dictado una orden a Juana Rivas, mand\u00e1ndole ... Seguir leyendo &rarr;\" \/>\n<meta property=\"og:url\" content=\"https:\/\/www.diario21.tv\/noticias\/urgente-juana-rivas-debe-entregar-a-su-hijo-al-padre-este-martes-a-las-10-dictamina-juzgado-de-granada\/\" \/>\n<meta property=\"og:site_name\" content=\"Diario 21\" \/>\n<meta property=\"article:published_time\" content=\"2025-07-17T23:34:57+00:00\" \/>\n<meta property=\"article:modified_time\" content=\"2025-07-17T23:34:58+00:00\" \/>\n<meta property=\"og:image\" content=\"https:\/\/www.diario21.tv\/noticias\/wp-content\/uploads\/2025\/07\/\u00a1Urgente-Juana-Rivas-debe-entregar-a-su-hijo-al-padre.jpg\" \/>\n\t<meta property=\"og:image:width\" content=\"1200\" \/>\n\t<meta property=\"og:image:height\" content=\"840\" \/>\n\t<meta property=\"og:image:type\" content=\"image\/jpeg\" \/>\n<meta name=\"author\" content=\"Juan P\u00e9rez\" \/>\n<meta name=\"twitter:card\" content=\"summary_large_image\" \/>\n<meta name=\"twitter:label1\" content=\"Escrito por\" \/>\n\t<meta name=\"twitter:data1\" content=\"Juan P\u00e9rez\" \/>\n\t<meta name=\"twitter:label2\" content=\"Tiempo de lectura\" \/>\n\t<meta name=\"twitter:data2\" content=\"2 minutos\" \/>\n<script type=\"application\/ld+json\" class=\"yoast-schema-graph\">{\"@context\":\"https:\/\/schema.org\",\"@graph\":[{\"@type\":\"WebPage\",\"@id\":\"https:\/\/www.diario21.tv\/noticias\/urgente-juana-rivas-debe-entregar-a-su-hijo-al-padre-este-martes-a-las-10-dictamina-juzgado-de-granada\/\",\"url\":\"https:\/\/www.diario21.tv\/noticias\/urgente-juana-rivas-debe-entregar-a-su-hijo-al-padre-este-martes-a-las-10-dictamina-juzgado-de-granada\/\",\"name\":\"\u00a1Urgente! Juana Rivas debe entregar a su hijo al padre este martes a las 10, dictamina juzgado de Granada - Diario 21\",\"isPartOf\":{\"@id\":\"https:\/\/www.diario21.tv\/noticias\/#website\"},\"primaryImageOfPage\":{\"@id\":\"https:\/\/www.diario21.tv\/noticias\/urgente-juana-rivas-debe-entregar-a-su-hijo-al-padre-este-martes-a-las-10-dictamina-juzgado-de-granada\/#primaryimage\"},\"image\":{\"@id\":\"https:\/\/www.diario21.tv\/noticias\/urgente-juana-rivas-debe-entregar-a-su-hijo-al-padre-este-martes-a-las-10-dictamina-juzgado-de-granada\/#primaryimage\"},\"thumbnailUrl\":\"https:\/\/www.diario21.tv\/noticias\/wp-content\/uploads\/2025\/07\/\u00a1Urgente-Juana-Rivas-debe-entregar-a-su-hijo-al-padre.jpg\",\"datePublished\":\"2025-07-17T23:34:57+00:00\",\"dateModified\":\"2025-07-17T23:34:58+00:00\",\"author\":{\"@id\":\"https:\/\/www.diario21.tv\/noticias\/#\/schema\/person\/dfb778f73814d8f09f302618446a526b\"},\"breadcrumb\":{\"@id\":\"https:\/\/www.diario21.tv\/noticias\/urgente-juana-rivas-debe-entregar-a-su-hijo-al-padre-este-martes-a-las-10-dictamina-juzgado-de-granada\/#breadcrumb\"},\"inLanguage\":\"es-AR\",\"potentialAction\":[{\"@type\":\"ReadAction\",\"target\":[\"https:\/\/www.diario21.tv\/noticias\/urgente-juana-rivas-debe-entregar-a-su-hijo-al-padre-este-martes-a-las-10-dictamina-juzgado-de-granada\/\"]}]},{\"@type\":\"ImageObject\",\"inLanguage\":\"es-AR\",\"@id\":\"https:\/\/www.diario21.tv\/noticias\/urgente-juana-rivas-debe-entregar-a-su-hijo-al-padre-este-martes-a-las-10-dictamina-juzgado-de-granada\/#primaryimage\",\"url\":\"https:\/\/www.diario21.tv\/noticias\/wp-content\/uploads\/2025\/07\/\u00a1Urgente-Juana-Rivas-debe-entregar-a-su-hijo-al-padre.jpg\",\"contentUrl\":\"https:\/\/www.diario21.tv\/noticias\/wp-content\/uploads\/2025\/07\/\u00a1Urgente-Juana-Rivas-debe-entregar-a-su-hijo-al-padre.jpg\",\"width\":1200,\"height\":840,\"caption\":\"Un juzgado de familia de Granada ordena a Juana Rivas que entregue a su hijo peque\u00f1o al padre el martes a las 10\"},{\"@type\":\"BreadcrumbList\",\"@id\":\"https:\/\/www.diario21.tv\/noticias\/urgente-juana-rivas-debe-entregar-a-su-hijo-al-padre-este-martes-a-las-10-dictamina-juzgado-de-granada\/#breadcrumb\",\"itemListElement\":[{\"@type\":\"ListItem\",\"position\":1,\"name\":\"Accueil\",\"item\":\"https:\/\/www.diario21.tv\/noticias\/\"},{\"@type\":\"ListItem\",\"position\":2,\"name\":\"\u00a1Urgente! Juana Rivas debe entregar a su hijo al padre este martes a las 10, dictamina juzgado de Granada\"}]},{\"@type\":\"WebSite\",\"@id\":\"https:\/\/www.diario21.tv\/noticias\/#website\",\"url\":\"https:\/\/www.diario21.tv\/noticias\/\",\"name\":\"Diario 21\",\"description\":\"\",\"potentialAction\":[{\"@type\":\"SearchAction\",\"target\":{\"@type\":\"EntryPoint\",\"urlTemplate\":\"https:\/\/www.diario21.tv\/noticias\/?s={search_term_string}\"},\"query-input\":{\"@type\":\"PropertyValueSpecification\",\"valueRequired\":true,\"valueName\":\"search_term_string\"}}],\"inLanguage\":\"es-AR\"},{\"@type\":\"Person\",\"@id\":\"https:\/\/www.diario21.tv\/noticias\/#\/schema\/person\/dfb778f73814d8f09f302618446a526b\",\"name\":\"Juan P\u00e9rez\",\"image\":{\"@type\":\"ImageObject\",\"inLanguage\":\"es-AR\",\"@id\":\"https:\/\/www.diario21.tv\/noticias\/#\/schema\/person\/image\/\",\"url\":\"https:\/\/secure.gravatar.com\/avatar\/c478a405bd10621167f4c3167cc770f5?s=96&d=mm&r=g\",\"contentUrl\":\"https:\/\/secure.gravatar.com\/avatar\/c478a405bd10621167f4c3167cc770f5?s=96&d=mm&r=g\",\"caption\":\"Juan P\u00e9rez\"},\"description\":\"Juan P\u00e9rez es el redactor en jefe de Diario 21. Con m\u00e1s de 10 a\u00f1os de experiencia en el periodismo, se especializa en pol\u00edtica nacional y an\u00e1lisis socioecon\u00f3mico. Su enfoque cr\u00edtico y riguroso aporta una perspectiva \u00fanica a cada art\u00edculo.\",\"sameAs\":[\"https:\/\/www.diario21.tv\/noticias\/\"],\"url\":\"https:\/\/www.diario21.tv\/noticias\/author\/juan-perez\/\"}]}<\/script>\n<!-- \/ Yoast SEO plugin. -->","yoast_head_json":{"title":"\u00a1Urgente! Juana Rivas debe entregar a su hijo al padre este martes a las 10, dictamina juzgado de Granada - Diario 21","robots":{"index":"index","follow":"follow","max-snippet":"max-snippet:-1","max-image-preview":"max-image-preview:large","max-video-preview":"max-video-preview:-1"},"canonical":"https:\/\/www.diario21.tv\/noticias\/urgente-juana-rivas-debe-entregar-a-su-hijo-al-padre-este-martes-a-las-10-dictamina-juzgado-de-granada\/","og_locale":"es_ES","og_type":"article","og_title":"\u00a1Urgente! Juana Rivas debe entregar a su hijo al padre este martes a las 10, dictamina juzgado de Granada - Diario 21","og_description":"Orden Judicial de Granada para Juana Rivas: Entregar a Su Hijo Menor Un tribunal de familia en Granada ha dictado una orden a Juana Rivas, mand\u00e1ndole ... Seguir leyendo &rarr;","og_url":"https:\/\/www.diario21.tv\/noticias\/urgente-juana-rivas-debe-entregar-a-su-hijo-al-padre-este-martes-a-las-10-dictamina-juzgado-de-granada\/","og_site_name":"Diario 21","article_published_time":"2025-07-17T23:34:57+00:00","article_modified_time":"2025-07-17T23:34:58+00:00","og_image":[{"width":1200,"height":840,"url":"https:\/\/www.diario21.tv\/noticias\/wp-content\/uploads\/2025\/07\/\u00a1Urgente-Juana-Rivas-debe-entregar-a-su-hijo-al-padre.jpg","type":"image\/jpeg"}],"author":"Juan P\u00e9rez","twitter_card":"summary_large_image","twitter_misc":{"Escrito por":"Juan P\u00e9rez","Tiempo de lectura":"2 minutos"},"schema":{"@context":"https:\/\/schema.org","@graph":[{"@type":"WebPage","@id":"https:\/\/www.diario21.tv\/noticias\/urgente-juana-rivas-debe-entregar-a-su-hijo-al-padre-este-martes-a-las-10-dictamina-juzgado-de-granada\/","url":"https:\/\/www.diario21.tv\/noticias\/urgente-juana-rivas-debe-entregar-a-su-hijo-al-padre-este-martes-a-las-10-dictamina-juzgado-de-granada\/","name":"\u00a1Urgente! Juana Rivas debe entregar a su hijo al padre este martes a las 10, dictamina juzgado de Granada - Diario 21","isPartOf":{"@id":"https:\/\/www.diario21.tv\/noticias\/#website"},"primaryImageOfPage":{"@id":"https:\/\/www.diario21.tv\/noticias\/urgente-juana-rivas-debe-entregar-a-su-hijo-al-padre-este-martes-a-las-10-dictamina-juzgado-de-granada\/#primaryimage"},"image":{"@id":"https:\/\/www.diario21.tv\/noticias\/urgente-juana-rivas-debe-entregar-a-su-hijo-al-padre-este-martes-a-las-10-dictamina-juzgado-de-granada\/#primaryimage"},"thumbnailUrl":"https:\/\/www.diario21.tv\/noticias\/wp-content\/uploads\/2025\/07\/\u00a1Urgente-Juana-Rivas-debe-entregar-a-su-hijo-al-padre.jpg","datePublished":"2025-07-17T23:34:57+00:00","dateModified":"2025-07-17T23:34:58+00:00","author":{"@id":"https:\/\/www.diario21.tv\/noticias\/#\/schema\/person\/dfb778f73814d8f09f302618446a526b"},"breadcrumb":{"@id":"https:\/\/www.diario21.tv\/noticias\/urgente-juana-rivas-debe-entregar-a-su-hijo-al-padre-este-martes-a-las-10-dictamina-juzgado-de-granada\/#breadcrumb"},"inLanguage":"es-AR","potentialAction":[{"@type":"ReadAction","target":["https:\/\/www.diario21.tv\/noticias\/urgente-juana-rivas-debe-entregar-a-su-hijo-al-padre-este-martes-a-las-10-dictamina-juzgado-de-granada\/"]}]},{"@type":"ImageObject","inLanguage":"es-AR","@id":"https:\/\/www.diario21.tv\/noticias\/urgente-juana-rivas-debe-entregar-a-su-hijo-al-padre-este-martes-a-las-10-dictamina-juzgado-de-granada\/#primaryimage","url":"https:\/\/www.diario21.tv\/noticias\/wp-content\/uploads\/2025\/07\/\u00a1Urgente-Juana-Rivas-debe-entregar-a-su-hijo-al-padre.jpg","contentUrl":"https:\/\/www.diario21.tv\/noticias\/wp-content\/uploads\/2025\/07\/\u00a1Urgente-Juana-Rivas-debe-entregar-a-su-hijo-al-padre.jpg","width":1200,"height":840,"caption":"Un juzgado de familia de Granada ordena a Juana Rivas que entregue a su hijo peque\u00f1o al padre el martes a las 10"},{"@type":"BreadcrumbList","@id":"https:\/\/www.diario21.tv\/noticias\/urgente-juana-rivas-debe-entregar-a-su-hijo-al-padre-este-martes-a-las-10-dictamina-juzgado-de-granada\/#breadcrumb","itemListElement":[{"@type":"ListItem","position":1,"name":"Accueil","item":"https:\/\/www.diario21.tv\/noticias\/"},{"@type":"ListItem","position":2,"name":"\u00a1Urgente! Juana Rivas debe entregar a su hijo al padre este martes a las 10, dictamina juzgado de Granada"}]},{"@type":"WebSite","@id":"https:\/\/www.diario21.tv\/noticias\/#website","url":"https:\/\/www.diario21.tv\/noticias\/","name":"Diario 21","description":"","potentialAction":[{"@type":"SearchAction","target":{"@type":"EntryPoint","urlTemplate":"https:\/\/www.diario21.tv\/noticias\/?s={search_term_string}"},"query-input":{"@type":"PropertyValueSpecification","valueRequired":true,"valueName":"search_term_string"}}],"inLanguage":"es-AR"},{"@type":"Person","@id":"https:\/\/www.diario21.tv\/noticias\/#\/schema\/person\/dfb778f73814d8f09f302618446a526b","name":"Juan P\u00e9rez","image":{"@type":"ImageObject","inLanguage":"es-AR","@id":"https:\/\/www.diario21.tv\/noticias\/#\/schema\/person\/image\/","url":"https:\/\/secure.gravatar.com\/avatar\/c478a405bd10621167f4c3167cc770f5?s=96&d=mm&r=g","contentUrl":"https:\/\/secure.gravatar.com\/avatar\/c478a405bd10621167f4c3167cc770f5?s=96&d=mm&r=g","caption":"Juan P\u00e9rez"},"description":"Juan P\u00e9rez es el redactor en jefe de Diario 21. Con m\u00e1s de 10 a\u00f1os de experiencia en el periodismo, se especializa en pol\u00edtica nacional y an\u00e1lisis socioecon\u00f3mico. Su enfoque cr\u00edtico y riguroso aporta una perspectiva \u00fanica a cada art\u00edculo.","sameAs":["https:\/\/www.diario21.tv\/noticias\/"],"url":"https:\/\/www.diario21.tv\/noticias\/author\/juan-perez\/"}]}},"_links":{"self":[{"href":"https:\/\/www.diario21.tv\/noticias\/wp-json\/wp\/v2\/posts\/3847"}],"collection":[{"href":"https:\/\/www.diario21.tv\/noticias\/wp-json\/wp\/v2\/posts"}],"about":[{"href":"https:\/\/www.diario21.tv\/noticias\/wp-json\/wp\/v2\/types\/post"}],"author":[{"embeddable":true,"href":"https:\/\/www.diario21.tv\/noticias\/wp-json\/wp\/v2\/users\/20"}],"replies":[{"embeddable":true,"href":"https:\/\/www.diario21.tv\/noticias\/wp-json\/wp\/v2\/comments?post=3847"}],"version-history":[{"count":1,"href":"https:\/\/www.diario21.tv\/noticias\/wp-json\/wp\/v2\/posts\/3847\/revisions"}],"predecessor-version":[{"id":3849,"href":"https:\/\/www.diario21.tv\/noticias\/wp-json\/wp\/v2\/posts\/3847\/revisions\/3849"}],"wp:featuredmedia":[{"embeddable":true,"href":"https:\/\/www.diario21.tv\/noticias\/wp-json\/wp\/v2\/media\/3848"}],"wp:attachment":[{"href":"https:\/\/www.diario21.tv\/noticias\/wp-json\/wp\/v2\/media?parent=3847"}],"wp:term":[{"taxonomy":"category","embeddable":true,"href":"https:\/\/www.diario21.tv\/noticias\/wp-json\/wp\/v2\/categories?post=3847"},{"taxonomy":"post_tag","embeddable":true,"href":"https:\/\/www.diario21.tv\/noticias\/wp-json\/wp\/v2\/tags?post=3847"}],"curies":[{"name":"wp","href":"https:\/\/api.w.org\/{rel}","templated":true}]}}