{"id":3844,"date":"2025-07-17T17:33:28","date_gmt":"2025-07-17T17:33:28","guid":{"rendered":"https:\/\/www.diario21.tv\/noticias\/revelador-agresor-de-anciano-en-torre-pacheco-vivia-en-barcelona-segun-delegada-del-gobierno-de-murcia\/"},"modified":"2025-07-17T17:33:29","modified_gmt":"2025-07-17T17:33:29","slug":"revelador-agresor-de-anciano-en-torre-pacheco-vivia-en-barcelona-segun-delegada-del-gobierno-de-murcia","status":"publish","type":"post","link":"https:\/\/www.diario21.tv\/noticias\/revelador-agresor-de-anciano-en-torre-pacheco-vivia-en-barcelona-segun-delegada-del-gobierno-de-murcia\/","title":{"rendered":"\u00a1Revelador! Agresor de anciano en Torre Pacheco viv\u00eda en Barcelona, seg\u00fan delegada del Gobierno de Murcia"},"content":{"rendered":"<h2>La representante gubernamental de Murcia revela la residencia del atacante del anciano en Torre Pacheco<\/h2>\n<p>En un reciente comunicado, la delegada del Gobierno en la regi\u00f3n de Murcia ha proporcionado nuevos detalles sobre el incidente que tuvo lugar en Torre Pacheco, donde un anciano fue brutalmente agredido. Seg\u00fan ha informado, el autor de la agresi\u00f3n resid\u00eda en Barcelona antes de cometer el acto.<\/p>\n<h3>Detalles del incidente<\/h3>\n<p>El suceso, que ha conmocionado a la comunidad de Torre Pacheco, involucr\u00f3 a un hombre que atac\u00f3 a un anciano sin motivo aparente. La r\u00e1pida intervenci\u00f3n de las autoridades permiti\u00f3 la detenci\u00f3n del agresor poco tiempo despu\u00e9s del incidente. Durante la investigaci\u00f3n, se descubri\u00f3 que el agresor hab\u00eda estado viviendo en Barcelona, lo que a\u00f1ade una dimensi\u00f3n adicional al caso, al cruzar este individuo gran parte del pa\u00eds antes de llegar a Murcia.<\/p>\n<h3>Reacciones y medidas tomadas<\/h3>\n<p>La noticia de la residencia del agresor en Barcelona ha provocado diversas reacciones entre la poblaci\u00f3n local y las autoridades. La delegada del Gobierno ha reiterado el compromiso de las fuerzas de seguridad para garantizar la seguridad de todos los ciudadanos y ha destacado la importancia de la colaboraci\u00f3n interregional en la gesti\u00f3n de este tipo de casos.<\/p>\n<p>Adem\u00e1s, se ha puesto en marcha una revisi\u00f3n de los procedimientos de vigilancia y seguridad, con el objetivo de prevenir incidentes similares en el futuro. La colaboraci\u00f3n entre las fuerzas policiales de diferentes comunidades aut\u00f3nomas es clave en este tipo de situaciones, especialmente cuando los involucrados tienen residencias en distintas partes del pa\u00eds.<\/p>\n<h3>Impacto en la comunidad<\/h3>\n<p>El ataque ha dejado una marca profunda en la comunidad de Torre Pacheco, y muchos residentes expresan preocupaci\u00f3n por la seguridad en su localidad. La revelaci\u00f3n de que el agresor viv\u00eda en Barcelona antes del incidente ha intensificado el debate sobre la seguridad y la efectividad de las medidas de prevenci\u00f3n de cr\u00edmenes.<\/p>\n<p>Finalmente, la delegada del Gobierno ha llamado a la calma y ha asegurado que se est\u00e1n tomando todas las medidas necesarias para proteger a los ciudadanos y evitar que tales actos de violencia se repitan. La cooperaci\u00f3n entre diferentes regiones y el intercambio de informaci\u00f3n son fundamentales para enfrentar desaf\u00edos de seguridad que trascienden las fronteras locales.<\/p>\n\n\n<div class=\"kk-star-ratings kksr-auto kksr-align-left kksr-valign-bottom\"\n    data-payload='{&quot;align&quot;:&quot;left&quot;,&quot;id&quot;:&quot;3844&quot;,&quot;slug&quot;:&quot;default&quot;,&quot;valign&quot;:&quot;bottom&quot;,&quot;ignore&quot;:&quot;&quot;,&quot;reference&quot;:&quot;auto&quot;,&quot;class&quot;:&quot;&quot;,&quot;count&quot;:&quot;0&quot;,&quot;legendonly&quot;:&quot;&quot;,&quot;readonly&quot;:&quot;&quot;,&quot;score&quot;:&quot;0&quot;,&quot;starsonly&quot;:&quot;&quot;,&quot;best&quot;:&quot;5&quot;,&quot;gap&quot;:&quot;5&quot;,&quot;greet&quot;:&quot;Valora este post&quot;,&quot;legend&quot;:&quot;0\\\/5 - (0 votes)&quot;,&quot;size&quot;:&quot;22&quot;,&quot;title&quot;:&quot;\u00a1Revelador! Agresor de anciano en Torre Pacheco viv\u00eda en Barcelona, seg\u00fan delegada del Gobierno de Murcia&quot;,&quot;width&quot;:&quot;0&quot;,&quot;_legend&quot;:&quot;{score}\\\/{best} - ({count} {votes})&quot;,&quot;font_factor&quot;:&quot;1.25&quot;}'>\n            \n<div class=\"kksr-stars\">\n    \n<div class=\"kksr-stars-inactive\">\n            <div class=\"kksr-star\" data-star=\"1\" style=\"padding-right: 5px\">\n            \n\n<div class=\"kksr-icon\" style=\"width: 22px; height: 22px;\"><\/div>\n        <\/div>\n            <div class=\"kksr-star\" data-star=\"2\" style=\"padding-right: 5px\">\n            \n\n<div class=\"kksr-icon\" style=\"width: 22px; height: 22px;\"><\/div>\n        <\/div>\n            <div class=\"kksr-star\" data-star=\"3\" style=\"padding-right: 5px\">\n            \n\n<div class=\"kksr-icon\" style=\"width: 22px; height: 22px;\"><\/div>\n        <\/div>\n            <div class=\"kksr-star\" data-star=\"4\" style=\"padding-right: 5px\">\n            \n\n<div class=\"kksr-icon\" style=\"width: 22px; height: 22px;\"><\/div>\n        <\/div>\n            <div class=\"kksr-star\" data-star=\"5\" style=\"padding-right: 5px\">\n            \n\n<div class=\"kksr-icon\" style=\"width: 22px; height: 22px;\"><\/div>\n        <\/div>\n    <\/div>\n    \n<div class=\"kksr-stars-active\" style=\"width: 0px;\">\n            <div class=\"kksr-star\" style=\"padding-right: 5px\">\n            \n\n<div class=\"kksr-icon\" style=\"width: 22px; height: 22px;\"><\/div>\n        <\/div>\n            <div class=\"kksr-star\" style=\"padding-right: 5px\">\n            \n\n<div class=\"kksr-icon\" style=\"width: 22px; height: 22px;\"><\/div>\n        <\/div>\n            <div class=\"kksr-star\" style=\"padding-right: 5px\">\n            \n\n<div class=\"kksr-icon\" style=\"width: 22px; height: 22px;\"><\/div>\n        <\/div>\n            <div class=\"kksr-star\" style=\"padding-right: 5px\">\n            \n\n<div class=\"kksr-icon\" style=\"width: 22px; height: 22px;\"><\/div>\n        <\/div>\n            <div class=\"kksr-star\" style=\"padding-right: 5px\">\n            \n\n<div class=\"kksr-icon\" style=\"width: 22px; height: 22px;\"><\/div>\n        <\/div>\n    <\/div>\n<\/div>\n                \n\n<div class=\"kksr-legend\" style=\"font-size: 17.6px;\">\n            <span class=\"kksr-muted\">Valora este post<\/span>\n    <\/div>\n    <\/div>\n","protected":false},"excerpt":{"rendered":"<p>La representante gubernamental de Murcia revela la residencia del atacante del anciano en Torre Pacheco En un reciente comunicado, la delegada del Gobierno en la regi\u00f3n &#8230; <a title=\"\u00a1Revelador! Agresor de anciano en Torre Pacheco viv\u00eda en Barcelona, seg\u00fan delegada del Gobierno de Murcia\" class=\"read-more\" href=\"https:\/\/www.diario21.tv\/noticias\/revelador-agresor-de-anciano-en-torre-pacheco-vivia-en-barcelona-segun-delegada-del-gobierno-de-murcia\/\" aria-label=\"Leer m\u00e1s sobre \u00a1Revelador! Agresor de anciano en Torre Pacheco viv\u00eda en Barcelona, seg\u00fan delegada del Gobierno de Murcia\">Seguir leyendo &rarr;<\/a><\/p>\n","protected":false},"author":20,"featured_media":3845,"comment_status":"open","ping_status":"open","sticky":false,"template":"","format":"standard","meta":{"footnotes":""},"categories":[13],"tags":[],"class_list":["post-3844","post","type-post","status-publish","format-standard","has-post-thumbnail","hentry","category-portada"],"yoast_head":"<!-- This site is optimized with the Yoast SEO plugin v25.6 - https:\/\/yoast.com\/wordpress\/plugins\/seo\/ -->\n<title>\u00a1Revelador! Agresor de anciano en Torre Pacheco viv\u00eda en Barcelona, seg\u00fan delegada del Gobierno de Murcia - Diario 21<\/title>\n<meta name=\"robots\" content=\"index, follow, max-snippet:-1, max-image-preview:large, max-video-preview:-1\" \/>\n<link rel=\"canonical\" href=\"https:\/\/www.diario21.tv\/noticias\/revelador-agresor-de-anciano-en-torre-pacheco-vivia-en-barcelona-segun-delegada-del-gobierno-de-murcia\/\" \/>\n<meta property=\"og:locale\" content=\"es_ES\" \/>\n<meta property=\"og:type\" content=\"article\" \/>\n<meta property=\"og:title\" content=\"\u00a1Revelador! Agresor de anciano en Torre Pacheco viv\u00eda en Barcelona, seg\u00fan delegada del Gobierno de Murcia - Diario 21\" \/>\n<meta property=\"og:description\" content=\"La representante gubernamental de Murcia revela la residencia del atacante del anciano en Torre Pacheco En un reciente comunicado, la delegada del Gobierno en la regi\u00f3n ... Seguir leyendo &rarr;\" \/>\n<meta property=\"og:url\" content=\"https:\/\/www.diario21.tv\/noticias\/revelador-agresor-de-anciano-en-torre-pacheco-vivia-en-barcelona-segun-delegada-del-gobierno-de-murcia\/\" \/>\n<meta property=\"og:site_name\" content=\"Diario 21\" \/>\n<meta property=\"article:published_time\" content=\"2025-07-17T17:33:28+00:00\" \/>\n<meta property=\"article:modified_time\" content=\"2025-07-17T17:33:29+00:00\" \/>\n<meta property=\"og:image\" content=\"https:\/\/www.diario21.tv\/noticias\/wp-content\/uploads\/2025\/07\/\u00a1Revelador-Agresor-de-anciano-en-Torre-Pacheco-vivia-en-Barcelona.jpg\" \/>\n\t<meta property=\"og:image:width\" content=\"1200\" \/>\n\t<meta property=\"og:image:height\" content=\"840\" \/>\n\t<meta property=\"og:image:type\" content=\"image\/jpeg\" \/>\n<meta name=\"author\" content=\"Juan P\u00e9rez\" \/>\n<meta name=\"twitter:card\" content=\"summary_large_image\" \/>\n<meta name=\"twitter:label1\" content=\"Escrito por\" \/>\n\t<meta name=\"twitter:data1\" content=\"Juan P\u00e9rez\" \/>\n\t<meta name=\"twitter:label2\" content=\"Tiempo de lectura\" \/>\n\t<meta name=\"twitter:data2\" content=\"2 minutos\" \/>\n<script type=\"application\/ld+json\" class=\"yoast-schema-graph\">{\"@context\":\"https:\/\/schema.org\",\"@graph\":[{\"@type\":\"WebPage\",\"@id\":\"https:\/\/www.diario21.tv\/noticias\/revelador-agresor-de-anciano-en-torre-pacheco-vivia-en-barcelona-segun-delegada-del-gobierno-de-murcia\/\",\"url\":\"https:\/\/www.diario21.tv\/noticias\/revelador-agresor-de-anciano-en-torre-pacheco-vivia-en-barcelona-segun-delegada-del-gobierno-de-murcia\/\",\"name\":\"\u00a1Revelador! Agresor de anciano en Torre Pacheco viv\u00eda en Barcelona, seg\u00fan delegada del Gobierno de Murcia - Diario 21\",\"isPartOf\":{\"@id\":\"https:\/\/www.diario21.tv\/noticias\/#website\"},\"primaryImageOfPage\":{\"@id\":\"https:\/\/www.diario21.tv\/noticias\/revelador-agresor-de-anciano-en-torre-pacheco-vivia-en-barcelona-segun-delegada-del-gobierno-de-murcia\/#primaryimage\"},\"image\":{\"@id\":\"https:\/\/www.diario21.tv\/noticias\/revelador-agresor-de-anciano-en-torre-pacheco-vivia-en-barcelona-segun-delegada-del-gobierno-de-murcia\/#primaryimage\"},\"thumbnailUrl\":\"https:\/\/www.diario21.tv\/noticias\/wp-content\/uploads\/2025\/07\/\u00a1Revelador-Agresor-de-anciano-en-Torre-Pacheco-vivia-en-Barcelona.jpg\",\"datePublished\":\"2025-07-17T17:33:28+00:00\",\"dateModified\":\"2025-07-17T17:33:29+00:00\",\"author\":{\"@id\":\"https:\/\/www.diario21.tv\/noticias\/#\/schema\/person\/dfb778f73814d8f09f302618446a526b\"},\"breadcrumb\":{\"@id\":\"https:\/\/www.diario21.tv\/noticias\/revelador-agresor-de-anciano-en-torre-pacheco-vivia-en-barcelona-segun-delegada-del-gobierno-de-murcia\/#breadcrumb\"},\"inLanguage\":\"es-AR\",\"potentialAction\":[{\"@type\":\"ReadAction\",\"target\":[\"https:\/\/www.diario21.tv\/noticias\/revelador-agresor-de-anciano-en-torre-pacheco-vivia-en-barcelona-segun-delegada-del-gobierno-de-murcia\/\"]}]},{\"@type\":\"ImageObject\",\"inLanguage\":\"es-AR\",\"@id\":\"https:\/\/www.diario21.tv\/noticias\/revelador-agresor-de-anciano-en-torre-pacheco-vivia-en-barcelona-segun-delegada-del-gobierno-de-murcia\/#primaryimage\",\"url\":\"https:\/\/www.diario21.tv\/noticias\/wp-content\/uploads\/2025\/07\/\u00a1Revelador-Agresor-de-anciano-en-Torre-Pacheco-vivia-en-Barcelona.jpg\",\"contentUrl\":\"https:\/\/www.diario21.tv\/noticias\/wp-content\/uploads\/2025\/07\/\u00a1Revelador-Agresor-de-anciano-en-Torre-Pacheco-vivia-en-Barcelona.jpg\",\"width\":1200,\"height\":840,\"caption\":\"La delegada del Gobierno de Murcia desvela que el agresor del anciano de Torre Pacheco resid\u00eda en Barcelona\"},{\"@type\":\"BreadcrumbList\",\"@id\":\"https:\/\/www.diario21.tv\/noticias\/revelador-agresor-de-anciano-en-torre-pacheco-vivia-en-barcelona-segun-delegada-del-gobierno-de-murcia\/#breadcrumb\",\"itemListElement\":[{\"@type\":\"ListItem\",\"position\":1,\"name\":\"Accueil\",\"item\":\"https:\/\/www.diario21.tv\/noticias\/\"},{\"@type\":\"ListItem\",\"position\":2,\"name\":\"\u00a1Revelador! Agresor de anciano en Torre Pacheco viv\u00eda en Barcelona, seg\u00fan delegada del Gobierno de Murcia\"}]},{\"@type\":\"WebSite\",\"@id\":\"https:\/\/www.diario21.tv\/noticias\/#website\",\"url\":\"https:\/\/www.diario21.tv\/noticias\/\",\"name\":\"Diario 21\",\"description\":\"\",\"potentialAction\":[{\"@type\":\"SearchAction\",\"target\":{\"@type\":\"EntryPoint\",\"urlTemplate\":\"https:\/\/www.diario21.tv\/noticias\/?s={search_term_string}\"},\"query-input\":{\"@type\":\"PropertyValueSpecification\",\"valueRequired\":true,\"valueName\":\"search_term_string\"}}],\"inLanguage\":\"es-AR\"},{\"@type\":\"Person\",\"@id\":\"https:\/\/www.diario21.tv\/noticias\/#\/schema\/person\/dfb778f73814d8f09f302618446a526b\",\"name\":\"Juan P\u00e9rez\",\"image\":{\"@type\":\"ImageObject\",\"inLanguage\":\"es-AR\",\"@id\":\"https:\/\/www.diario21.tv\/noticias\/#\/schema\/person\/image\/\",\"url\":\"https:\/\/secure.gravatar.com\/avatar\/c478a405bd10621167f4c3167cc770f5?s=96&d=mm&r=g\",\"contentUrl\":\"https:\/\/secure.gravatar.com\/avatar\/c478a405bd10621167f4c3167cc770f5?s=96&d=mm&r=g\",\"caption\":\"Juan P\u00e9rez\"},\"description\":\"Juan P\u00e9rez es el redactor en jefe de Diario 21. Con m\u00e1s de 10 a\u00f1os de experiencia en el periodismo, se especializa en pol\u00edtica nacional y an\u00e1lisis socioecon\u00f3mico. Su enfoque cr\u00edtico y riguroso aporta una perspectiva \u00fanica a cada art\u00edculo.\",\"sameAs\":[\"https:\/\/www.diario21.tv\/noticias\/\"],\"url\":\"https:\/\/www.diario21.tv\/noticias\/author\/juan-perez\/\"}]}<\/script>\n<!-- \/ Yoast SEO plugin. -->","yoast_head_json":{"title":"\u00a1Revelador! Agresor de anciano en Torre Pacheco viv\u00eda en Barcelona, seg\u00fan delegada del Gobierno de Murcia - Diario 21","robots":{"index":"index","follow":"follow","max-snippet":"max-snippet:-1","max-image-preview":"max-image-preview:large","max-video-preview":"max-video-preview:-1"},"canonical":"https:\/\/www.diario21.tv\/noticias\/revelador-agresor-de-anciano-en-torre-pacheco-vivia-en-barcelona-segun-delegada-del-gobierno-de-murcia\/","og_locale":"es_ES","og_type":"article","og_title":"\u00a1Revelador! Agresor de anciano en Torre Pacheco viv\u00eda en Barcelona, seg\u00fan delegada del Gobierno de Murcia - Diario 21","og_description":"La representante gubernamental de Murcia revela la residencia del atacante del anciano en Torre Pacheco En un reciente comunicado, la delegada del Gobierno en la regi\u00f3n ... Seguir leyendo &rarr;","og_url":"https:\/\/www.diario21.tv\/noticias\/revelador-agresor-de-anciano-en-torre-pacheco-vivia-en-barcelona-segun-delegada-del-gobierno-de-murcia\/","og_site_name":"Diario 21","article_published_time":"2025-07-17T17:33:28+00:00","article_modified_time":"2025-07-17T17:33:29+00:00","og_image":[{"width":1200,"height":840,"url":"https:\/\/www.diario21.tv\/noticias\/wp-content\/uploads\/2025\/07\/\u00a1Revelador-Agresor-de-anciano-en-Torre-Pacheco-vivia-en-Barcelona.jpg","type":"image\/jpeg"}],"author":"Juan P\u00e9rez","twitter_card":"summary_large_image","twitter_misc":{"Escrito por":"Juan P\u00e9rez","Tiempo de lectura":"2 minutos"},"schema":{"@context":"https:\/\/schema.org","@graph":[{"@type":"WebPage","@id":"https:\/\/www.diario21.tv\/noticias\/revelador-agresor-de-anciano-en-torre-pacheco-vivia-en-barcelona-segun-delegada-del-gobierno-de-murcia\/","url":"https:\/\/www.diario21.tv\/noticias\/revelador-agresor-de-anciano-en-torre-pacheco-vivia-en-barcelona-segun-delegada-del-gobierno-de-murcia\/","name":"\u00a1Revelador! Agresor de anciano en Torre Pacheco viv\u00eda en Barcelona, seg\u00fan delegada del Gobierno de Murcia - Diario 21","isPartOf":{"@id":"https:\/\/www.diario21.tv\/noticias\/#website"},"primaryImageOfPage":{"@id":"https:\/\/www.diario21.tv\/noticias\/revelador-agresor-de-anciano-en-torre-pacheco-vivia-en-barcelona-segun-delegada-del-gobierno-de-murcia\/#primaryimage"},"image":{"@id":"https:\/\/www.diario21.tv\/noticias\/revelador-agresor-de-anciano-en-torre-pacheco-vivia-en-barcelona-segun-delegada-del-gobierno-de-murcia\/#primaryimage"},"thumbnailUrl":"https:\/\/www.diario21.tv\/noticias\/wp-content\/uploads\/2025\/07\/\u00a1Revelador-Agresor-de-anciano-en-Torre-Pacheco-vivia-en-Barcelona.jpg","datePublished":"2025-07-17T17:33:28+00:00","dateModified":"2025-07-17T17:33:29+00:00","author":{"@id":"https:\/\/www.diario21.tv\/noticias\/#\/schema\/person\/dfb778f73814d8f09f302618446a526b"},"breadcrumb":{"@id":"https:\/\/www.diario21.tv\/noticias\/revelador-agresor-de-anciano-en-torre-pacheco-vivia-en-barcelona-segun-delegada-del-gobierno-de-murcia\/#breadcrumb"},"inLanguage":"es-AR","potentialAction":[{"@type":"ReadAction","target":["https:\/\/www.diario21.tv\/noticias\/revelador-agresor-de-anciano-en-torre-pacheco-vivia-en-barcelona-segun-delegada-del-gobierno-de-murcia\/"]}]},{"@type":"ImageObject","inLanguage":"es-AR","@id":"https:\/\/www.diario21.tv\/noticias\/revelador-agresor-de-anciano-en-torre-pacheco-vivia-en-barcelona-segun-delegada-del-gobierno-de-murcia\/#primaryimage","url":"https:\/\/www.diario21.tv\/noticias\/wp-content\/uploads\/2025\/07\/\u00a1Revelador-Agresor-de-anciano-en-Torre-Pacheco-vivia-en-Barcelona.jpg","contentUrl":"https:\/\/www.diario21.tv\/noticias\/wp-content\/uploads\/2025\/07\/\u00a1Revelador-Agresor-de-anciano-en-Torre-Pacheco-vivia-en-Barcelona.jpg","width":1200,"height":840,"caption":"La delegada del Gobierno de Murcia desvela que el agresor del anciano de Torre Pacheco resid\u00eda en Barcelona"},{"@type":"BreadcrumbList","@id":"https:\/\/www.diario21.tv\/noticias\/revelador-agresor-de-anciano-en-torre-pacheco-vivia-en-barcelona-segun-delegada-del-gobierno-de-murcia\/#breadcrumb","itemListElement":[{"@type":"ListItem","position":1,"name":"Accueil","item":"https:\/\/www.diario21.tv\/noticias\/"},{"@type":"ListItem","position":2,"name":"\u00a1Revelador! Agresor de anciano en Torre Pacheco viv\u00eda en Barcelona, seg\u00fan delegada del Gobierno de Murcia"}]},{"@type":"WebSite","@id":"https:\/\/www.diario21.tv\/noticias\/#website","url":"https:\/\/www.diario21.tv\/noticias\/","name":"Diario 21","description":"","potentialAction":[{"@type":"SearchAction","target":{"@type":"EntryPoint","urlTemplate":"https:\/\/www.diario21.tv\/noticias\/?s={search_term_string}"},"query-input":{"@type":"PropertyValueSpecification","valueRequired":true,"valueName":"search_term_string"}}],"inLanguage":"es-AR"},{"@type":"Person","@id":"https:\/\/www.diario21.tv\/noticias\/#\/schema\/person\/dfb778f73814d8f09f302618446a526b","name":"Juan P\u00e9rez","image":{"@type":"ImageObject","inLanguage":"es-AR","@id":"https:\/\/www.diario21.tv\/noticias\/#\/schema\/person\/image\/","url":"https:\/\/secure.gravatar.com\/avatar\/c478a405bd10621167f4c3167cc770f5?s=96&d=mm&r=g","contentUrl":"https:\/\/secure.gravatar.com\/avatar\/c478a405bd10621167f4c3167cc770f5?s=96&d=mm&r=g","caption":"Juan P\u00e9rez"},"description":"Juan P\u00e9rez es el redactor en jefe de Diario 21. Con m\u00e1s de 10 a\u00f1os de experiencia en el periodismo, se especializa en pol\u00edtica nacional y an\u00e1lisis socioecon\u00f3mico. Su enfoque cr\u00edtico y riguroso aporta una perspectiva \u00fanica a cada art\u00edculo.","sameAs":["https:\/\/www.diario21.tv\/noticias\/"],"url":"https:\/\/www.diario21.tv\/noticias\/author\/juan-perez\/"}]}},"_links":{"self":[{"href":"https:\/\/www.diario21.tv\/noticias\/wp-json\/wp\/v2\/posts\/3844"}],"collection":[{"href":"https:\/\/www.diario21.tv\/noticias\/wp-json\/wp\/v2\/posts"}],"about":[{"href":"https:\/\/www.diario21.tv\/noticias\/wp-json\/wp\/v2\/types\/post"}],"author":[{"embeddable":true,"href":"https:\/\/www.diario21.tv\/noticias\/wp-json\/wp\/v2\/users\/20"}],"replies":[{"embeddable":true,"href":"https:\/\/www.diario21.tv\/noticias\/wp-json\/wp\/v2\/comments?post=3844"}],"version-history":[{"count":1,"href":"https:\/\/www.diario21.tv\/noticias\/wp-json\/wp\/v2\/posts\/3844\/revisions"}],"predecessor-version":[{"id":3846,"href":"https:\/\/www.diario21.tv\/noticias\/wp-json\/wp\/v2\/posts\/3844\/revisions\/3846"}],"wp:featuredmedia":[{"embeddable":true,"href":"https:\/\/www.diario21.tv\/noticias\/wp-json\/wp\/v2\/media\/3845"}],"wp:attachment":[{"href":"https:\/\/www.diario21.tv\/noticias\/wp-json\/wp\/v2\/media?parent=3844"}],"wp:term":[{"taxonomy":"category","embeddable":true,"href":"https:\/\/www.diario21.tv\/noticias\/wp-json\/wp\/v2\/categories?post=3844"},{"taxonomy":"post_tag","embeddable":true,"href":"https:\/\/www.diario21.tv\/noticias\/wp-json\/wp\/v2\/tags?post=3844"}],"curies":[{"name":"wp","href":"https:\/\/api.w.org\/{rel}","templated":true}]}}