{"id":3823,"date":"2025-07-15T17:19:36","date_gmt":"2025-07-15T17:19:36","guid":{"rendered":"https:\/\/www.diario21.tv\/noticias\/ultima-hora-investigacion-en-marcha-por-posible-violacion-en-pamplona\/"},"modified":"2025-07-15T17:19:37","modified_gmt":"2025-07-15T17:19:37","slug":"ultima-hora-investigacion-en-marcha-por-posible-violacion-en-pamplona","status":"publish","type":"post","link":"https:\/\/www.diario21.tv\/noticias\/ultima-hora-investigacion-en-marcha-por-posible-violacion-en-pamplona\/","title":{"rendered":"\u00a1\u00daltima hora! Investigaci\u00f3n en marcha por posible violaci\u00f3n en Pamplona"},"content":{"rendered":"<h2>Indagaciones en curso por un presunto caso de violaci\u00f3n en Pamplona<\/h2>\n<p>En la ciudad de Pamplona, las autoridades han iniciado una investigaci\u00f3n a ra\u00edz de un reporte que apunta a una posible agresi\u00f3n sexual ocurrida durante la noche anterior en un apartamento. Los detalles a\u00fan son escasos, pero la polic\u00eda se ha movilizado r\u00e1pidamente tras recibir la denuncia en las primeras horas de la ma\u00f1ana.<\/p>\n<h3>Detalles del incidente<\/h3>\n<p>Seg\u00fan las primeras informaciones, el suceso habr\u00eda tenido lugar en una vivienda situada en una de las zonas m\u00e1s concurridas de la ciudad. La v\u00edctima, cuya identidad se mantiene en reserva para proteger su privacidad, habr\u00eda alertado a las autoridades poco despu\u00e9s de ocurrido el hecho.<\/p>\n<h3>Respuesta de las autoridades<\/h3>\n<p>Los agentes encargados del caso est\u00e1n recopilando evidencias y testimonios que puedan esclarecer la secuencia de eventos que condujeron al presunto acto delictivo. La polic\u00eda ha hecho un llamado a cualquier persona que pudiera tener informaci\u00f3n relevante para que se presente y contribuya a la investigaci\u00f3n.<\/p>\n<h3>Impacto en la comunidad<\/h3>\n<p>El incidente ha causado consternaci\u00f3n entre los residentes de Pamplona, una ciudad conocida por su habitual tranquilidad y seguridad. Las autoridades han reiterado su compromiso de tratar este caso con la m\u00e1xima seriedad y de asegurar que la justicia prevalezca.<\/p>\n<h3>Medidas a seguir<\/h3>\n<p>Mientras contin\u00faa la investigaci\u00f3n, se ha recomendado a los ciudadanos mantenerse alerta y reportar cualquier actividad sospechosa. La polic\u00eda tambi\u00e9n ha incrementado su presencia en \u00e1reas clave para garantizar la seguridad p\u00fablica y ayudar a prevenir incidentes similares en el futuro.<\/p>\n<p>Este caso sigue en desarrollo y se espera que en los pr\u00f3ximos d\u00edas surjan m\u00e1s detalles a medida que avance la indagaci\u00f3n y se realicen m\u00e1s interrogatorios. La comunidad espera ansiosa que se esclarezcan los hechos y se haga justicia.<\/p>\n\n\n<div class=\"kk-star-ratings kksr-auto kksr-align-left kksr-valign-bottom\"\n    data-payload='{&quot;align&quot;:&quot;left&quot;,&quot;id&quot;:&quot;3823&quot;,&quot;slug&quot;:&quot;default&quot;,&quot;valign&quot;:&quot;bottom&quot;,&quot;ignore&quot;:&quot;&quot;,&quot;reference&quot;:&quot;auto&quot;,&quot;class&quot;:&quot;&quot;,&quot;count&quot;:&quot;0&quot;,&quot;legendonly&quot;:&quot;&quot;,&quot;readonly&quot;:&quot;&quot;,&quot;score&quot;:&quot;0&quot;,&quot;starsonly&quot;:&quot;&quot;,&quot;best&quot;:&quot;5&quot;,&quot;gap&quot;:&quot;5&quot;,&quot;greet&quot;:&quot;Valora este post&quot;,&quot;legend&quot;:&quot;0\\\/5 - (0 votes)&quot;,&quot;size&quot;:&quot;22&quot;,&quot;title&quot;:&quot;\u00a1\u00daltima hora! Investigaci\u00f3n en marcha por posible violaci\u00f3n en Pamplona&quot;,&quot;width&quot;:&quot;0&quot;,&quot;_legend&quot;:&quot;{score}\\\/{best} - ({count} {votes})&quot;,&quot;font_factor&quot;:&quot;1.25&quot;}'>\n            \n<div class=\"kksr-stars\">\n    \n<div class=\"kksr-stars-inactive\">\n            <div class=\"kksr-star\" data-star=\"1\" style=\"padding-right: 5px\">\n            \n\n<div class=\"kksr-icon\" style=\"width: 22px; height: 22px;\"><\/div>\n        <\/div>\n            <div class=\"kksr-star\" data-star=\"2\" style=\"padding-right: 5px\">\n            \n\n<div class=\"kksr-icon\" style=\"width: 22px; height: 22px;\"><\/div>\n        <\/div>\n            <div class=\"kksr-star\" data-star=\"3\" style=\"padding-right: 5px\">\n            \n\n<div class=\"kksr-icon\" style=\"width: 22px; height: 22px;\"><\/div>\n        <\/div>\n            <div class=\"kksr-star\" data-star=\"4\" style=\"padding-right: 5px\">\n            \n\n<div class=\"kksr-icon\" style=\"width: 22px; height: 22px;\"><\/div>\n        <\/div>\n            <div class=\"kksr-star\" data-star=\"5\" style=\"padding-right: 5px\">\n            \n\n<div class=\"kksr-icon\" style=\"width: 22px; height: 22px;\"><\/div>\n        <\/div>\n    <\/div>\n    \n<div class=\"kksr-stars-active\" style=\"width: 0px;\">\n            <div class=\"kksr-star\" style=\"padding-right: 5px\">\n            \n\n<div class=\"kksr-icon\" style=\"width: 22px; height: 22px;\"><\/div>\n        <\/div>\n            <div class=\"kksr-star\" style=\"padding-right: 5px\">\n            \n\n<div class=\"kksr-icon\" style=\"width: 22px; height: 22px;\"><\/div>\n        <\/div>\n            <div class=\"kksr-star\" style=\"padding-right: 5px\">\n            \n\n<div class=\"kksr-icon\" style=\"width: 22px; height: 22px;\"><\/div>\n        <\/div>\n            <div class=\"kksr-star\" style=\"padding-right: 5px\">\n            \n\n<div class=\"kksr-icon\" style=\"width: 22px; height: 22px;\"><\/div>\n        <\/div>\n            <div class=\"kksr-star\" style=\"padding-right: 5px\">\n            \n\n<div class=\"kksr-icon\" style=\"width: 22px; height: 22px;\"><\/div>\n        <\/div>\n    <\/div>\n<\/div>\n                \n\n<div class=\"kksr-legend\" style=\"font-size: 17.6px;\">\n            <span class=\"kksr-muted\">Valora este post<\/span>\n    <\/div>\n    <\/div>\n","protected":false},"excerpt":{"rendered":"<p>Indagaciones en curso por un presunto caso de violaci\u00f3n en Pamplona En la ciudad de Pamplona, las autoridades han iniciado una investigaci\u00f3n a ra\u00edz de un &#8230; <a title=\"\u00a1\u00daltima hora! Investigaci\u00f3n en marcha por posible violaci\u00f3n en Pamplona\" class=\"read-more\" href=\"https:\/\/www.diario21.tv\/noticias\/ultima-hora-investigacion-en-marcha-por-posible-violacion-en-pamplona\/\" aria-label=\"Leer m\u00e1s sobre \u00a1\u00daltima hora! Investigaci\u00f3n en marcha por posible violaci\u00f3n en Pamplona\">Seguir leyendo &rarr;<\/a><\/p>\n","protected":false},"author":20,"featured_media":3824,"comment_status":"open","ping_status":"open","sticky":false,"template":"","format":"standard","meta":{"footnotes":""},"categories":[13],"tags":[],"class_list":["post-3823","post","type-post","status-publish","format-standard","has-post-thumbnail","hentry","category-portada"],"yoast_head":"<!-- This site is optimized with the Yoast SEO plugin v25.6 - https:\/\/yoast.com\/wordpress\/plugins\/seo\/ -->\n<title>\u00a1\u00daltima hora! Investigaci\u00f3n en marcha por posible violaci\u00f3n en Pamplona - Diario 21<\/title>\n<meta name=\"robots\" content=\"index, follow, max-snippet:-1, max-image-preview:large, max-video-preview:-1\" \/>\n<link rel=\"canonical\" href=\"https:\/\/www.diario21.tv\/noticias\/ultima-hora-investigacion-en-marcha-por-posible-violacion-en-pamplona\/\" \/>\n<meta property=\"og:locale\" content=\"es_ES\" \/>\n<meta property=\"og:type\" content=\"article\" \/>\n<meta property=\"og:title\" content=\"\u00a1\u00daltima hora! Investigaci\u00f3n en marcha por posible violaci\u00f3n en Pamplona - Diario 21\" \/>\n<meta property=\"og:description\" content=\"Indagaciones en curso por un presunto caso de violaci\u00f3n en Pamplona En la ciudad de Pamplona, las autoridades han iniciado una investigaci\u00f3n a ra\u00edz de un ... Seguir leyendo &rarr;\" \/>\n<meta property=\"og:url\" content=\"https:\/\/www.diario21.tv\/noticias\/ultima-hora-investigacion-en-marcha-por-posible-violacion-en-pamplona\/\" \/>\n<meta property=\"og:site_name\" content=\"Diario 21\" \/>\n<meta property=\"article:published_time\" content=\"2025-07-15T17:19:36+00:00\" \/>\n<meta property=\"article:modified_time\" content=\"2025-07-15T17:19:37+00:00\" \/>\n<meta property=\"og:image\" content=\"https:\/\/www.diario21.tv\/noticias\/wp-content\/uploads\/2025\/07\/\u00a1Ultima-hora-Investigacion-en-marcha-por-posible-violacion-en-Pamplona.jpg\" \/>\n\t<meta property=\"og:image:width\" content=\"1200\" \/>\n\t<meta property=\"og:image:height\" content=\"840\" \/>\n\t<meta property=\"og:image:type\" content=\"image\/jpeg\" \/>\n<meta name=\"author\" content=\"Juan P\u00e9rez\" \/>\n<meta name=\"twitter:card\" content=\"summary_large_image\" \/>\n<meta name=\"twitter:label1\" content=\"Escrito por\" \/>\n\t<meta name=\"twitter:data1\" content=\"Juan P\u00e9rez\" \/>\n\t<meta name=\"twitter:label2\" content=\"Tiempo de lectura\" \/>\n\t<meta name=\"twitter:data2\" content=\"2 minutos\" \/>\n<script type=\"application\/ld+json\" class=\"yoast-schema-graph\">{\"@context\":\"https:\/\/schema.org\",\"@graph\":[{\"@type\":\"WebPage\",\"@id\":\"https:\/\/www.diario21.tv\/noticias\/ultima-hora-investigacion-en-marcha-por-posible-violacion-en-pamplona\/\",\"url\":\"https:\/\/www.diario21.tv\/noticias\/ultima-hora-investigacion-en-marcha-por-posible-violacion-en-pamplona\/\",\"name\":\"\u00a1\u00daltima hora! Investigaci\u00f3n en marcha por posible violaci\u00f3n en Pamplona - Diario 21\",\"isPartOf\":{\"@id\":\"https:\/\/www.diario21.tv\/noticias\/#website\"},\"primaryImageOfPage\":{\"@id\":\"https:\/\/www.diario21.tv\/noticias\/ultima-hora-investigacion-en-marcha-por-posible-violacion-en-pamplona\/#primaryimage\"},\"image\":{\"@id\":\"https:\/\/www.diario21.tv\/noticias\/ultima-hora-investigacion-en-marcha-por-posible-violacion-en-pamplona\/#primaryimage\"},\"thumbnailUrl\":\"https:\/\/www.diario21.tv\/noticias\/wp-content\/uploads\/2025\/07\/\u00a1Ultima-hora-Investigacion-en-marcha-por-posible-violacion-en-Pamplona.jpg\",\"datePublished\":\"2025-07-15T17:19:36+00:00\",\"dateModified\":\"2025-07-15T17:19:37+00:00\",\"author\":{\"@id\":\"https:\/\/www.diario21.tv\/noticias\/#\/schema\/person\/dfb778f73814d8f09f302618446a526b\"},\"breadcrumb\":{\"@id\":\"https:\/\/www.diario21.tv\/noticias\/ultima-hora-investigacion-en-marcha-por-posible-violacion-en-pamplona\/#breadcrumb\"},\"inLanguage\":\"es-AR\",\"potentialAction\":[{\"@type\":\"ReadAction\",\"target\":[\"https:\/\/www.diario21.tv\/noticias\/ultima-hora-investigacion-en-marcha-por-posible-violacion-en-pamplona\/\"]}]},{\"@type\":\"ImageObject\",\"inLanguage\":\"es-AR\",\"@id\":\"https:\/\/www.diario21.tv\/noticias\/ultima-hora-investigacion-en-marcha-por-posible-violacion-en-pamplona\/#primaryimage\",\"url\":\"https:\/\/www.diario21.tv\/noticias\/wp-content\/uploads\/2025\/07\/\u00a1Ultima-hora-Investigacion-en-marcha-por-posible-violacion-en-Pamplona.jpg\",\"contentUrl\":\"https:\/\/www.diario21.tv\/noticias\/wp-content\/uploads\/2025\/07\/\u00a1Ultima-hora-Investigacion-en-marcha-por-posible-violacion-en-Pamplona.jpg\",\"width\":1200,\"height\":840,\"caption\":\"Investigan una posible violaci\u00f3n en un piso de Pamplona esta pasada madrugada\"},{\"@type\":\"BreadcrumbList\",\"@id\":\"https:\/\/www.diario21.tv\/noticias\/ultima-hora-investigacion-en-marcha-por-posible-violacion-en-pamplona\/#breadcrumb\",\"itemListElement\":[{\"@type\":\"ListItem\",\"position\":1,\"name\":\"Accueil\",\"item\":\"https:\/\/www.diario21.tv\/noticias\/\"},{\"@type\":\"ListItem\",\"position\":2,\"name\":\"\u00a1\u00daltima hora! Investigaci\u00f3n en marcha por posible violaci\u00f3n en Pamplona\"}]},{\"@type\":\"WebSite\",\"@id\":\"https:\/\/www.diario21.tv\/noticias\/#website\",\"url\":\"https:\/\/www.diario21.tv\/noticias\/\",\"name\":\"Diario 21\",\"description\":\"\",\"potentialAction\":[{\"@type\":\"SearchAction\",\"target\":{\"@type\":\"EntryPoint\",\"urlTemplate\":\"https:\/\/www.diario21.tv\/noticias\/?s={search_term_string}\"},\"query-input\":{\"@type\":\"PropertyValueSpecification\",\"valueRequired\":true,\"valueName\":\"search_term_string\"}}],\"inLanguage\":\"es-AR\"},{\"@type\":\"Person\",\"@id\":\"https:\/\/www.diario21.tv\/noticias\/#\/schema\/person\/dfb778f73814d8f09f302618446a526b\",\"name\":\"Juan P\u00e9rez\",\"image\":{\"@type\":\"ImageObject\",\"inLanguage\":\"es-AR\",\"@id\":\"https:\/\/www.diario21.tv\/noticias\/#\/schema\/person\/image\/\",\"url\":\"https:\/\/secure.gravatar.com\/avatar\/c478a405bd10621167f4c3167cc770f5?s=96&d=mm&r=g\",\"contentUrl\":\"https:\/\/secure.gravatar.com\/avatar\/c478a405bd10621167f4c3167cc770f5?s=96&d=mm&r=g\",\"caption\":\"Juan P\u00e9rez\"},\"description\":\"Juan P\u00e9rez es el redactor en jefe de Diario 21. Con m\u00e1s de 10 a\u00f1os de experiencia en el periodismo, se especializa en pol\u00edtica nacional y an\u00e1lisis socioecon\u00f3mico. Su enfoque cr\u00edtico y riguroso aporta una perspectiva \u00fanica a cada art\u00edculo.\",\"sameAs\":[\"https:\/\/www.diario21.tv\/noticias\/\"],\"url\":\"https:\/\/www.diario21.tv\/noticias\/author\/juan-perez\/\"}]}<\/script>\n<!-- \/ Yoast SEO plugin. -->","yoast_head_json":{"title":"\u00a1\u00daltima hora! Investigaci\u00f3n en marcha por posible violaci\u00f3n en Pamplona - Diario 21","robots":{"index":"index","follow":"follow","max-snippet":"max-snippet:-1","max-image-preview":"max-image-preview:large","max-video-preview":"max-video-preview:-1"},"canonical":"https:\/\/www.diario21.tv\/noticias\/ultima-hora-investigacion-en-marcha-por-posible-violacion-en-pamplona\/","og_locale":"es_ES","og_type":"article","og_title":"\u00a1\u00daltima hora! Investigaci\u00f3n en marcha por posible violaci\u00f3n en Pamplona - Diario 21","og_description":"Indagaciones en curso por un presunto caso de violaci\u00f3n en Pamplona En la ciudad de Pamplona, las autoridades han iniciado una investigaci\u00f3n a ra\u00edz de un ... Seguir leyendo &rarr;","og_url":"https:\/\/www.diario21.tv\/noticias\/ultima-hora-investigacion-en-marcha-por-posible-violacion-en-pamplona\/","og_site_name":"Diario 21","article_published_time":"2025-07-15T17:19:36+00:00","article_modified_time":"2025-07-15T17:19:37+00:00","og_image":[{"width":1200,"height":840,"url":"https:\/\/www.diario21.tv\/noticias\/wp-content\/uploads\/2025\/07\/\u00a1Ultima-hora-Investigacion-en-marcha-por-posible-violacion-en-Pamplona.jpg","type":"image\/jpeg"}],"author":"Juan P\u00e9rez","twitter_card":"summary_large_image","twitter_misc":{"Escrito por":"Juan P\u00e9rez","Tiempo de lectura":"2 minutos"},"schema":{"@context":"https:\/\/schema.org","@graph":[{"@type":"WebPage","@id":"https:\/\/www.diario21.tv\/noticias\/ultima-hora-investigacion-en-marcha-por-posible-violacion-en-pamplona\/","url":"https:\/\/www.diario21.tv\/noticias\/ultima-hora-investigacion-en-marcha-por-posible-violacion-en-pamplona\/","name":"\u00a1\u00daltima hora! Investigaci\u00f3n en marcha por posible violaci\u00f3n en Pamplona - Diario 21","isPartOf":{"@id":"https:\/\/www.diario21.tv\/noticias\/#website"},"primaryImageOfPage":{"@id":"https:\/\/www.diario21.tv\/noticias\/ultima-hora-investigacion-en-marcha-por-posible-violacion-en-pamplona\/#primaryimage"},"image":{"@id":"https:\/\/www.diario21.tv\/noticias\/ultima-hora-investigacion-en-marcha-por-posible-violacion-en-pamplona\/#primaryimage"},"thumbnailUrl":"https:\/\/www.diario21.tv\/noticias\/wp-content\/uploads\/2025\/07\/\u00a1Ultima-hora-Investigacion-en-marcha-por-posible-violacion-en-Pamplona.jpg","datePublished":"2025-07-15T17:19:36+00:00","dateModified":"2025-07-15T17:19:37+00:00","author":{"@id":"https:\/\/www.diario21.tv\/noticias\/#\/schema\/person\/dfb778f73814d8f09f302618446a526b"},"breadcrumb":{"@id":"https:\/\/www.diario21.tv\/noticias\/ultima-hora-investigacion-en-marcha-por-posible-violacion-en-pamplona\/#breadcrumb"},"inLanguage":"es-AR","potentialAction":[{"@type":"ReadAction","target":["https:\/\/www.diario21.tv\/noticias\/ultima-hora-investigacion-en-marcha-por-posible-violacion-en-pamplona\/"]}]},{"@type":"ImageObject","inLanguage":"es-AR","@id":"https:\/\/www.diario21.tv\/noticias\/ultima-hora-investigacion-en-marcha-por-posible-violacion-en-pamplona\/#primaryimage","url":"https:\/\/www.diario21.tv\/noticias\/wp-content\/uploads\/2025\/07\/\u00a1Ultima-hora-Investigacion-en-marcha-por-posible-violacion-en-Pamplona.jpg","contentUrl":"https:\/\/www.diario21.tv\/noticias\/wp-content\/uploads\/2025\/07\/\u00a1Ultima-hora-Investigacion-en-marcha-por-posible-violacion-en-Pamplona.jpg","width":1200,"height":840,"caption":"Investigan una posible violaci\u00f3n en un piso de Pamplona esta pasada madrugada"},{"@type":"BreadcrumbList","@id":"https:\/\/www.diario21.tv\/noticias\/ultima-hora-investigacion-en-marcha-por-posible-violacion-en-pamplona\/#breadcrumb","itemListElement":[{"@type":"ListItem","position":1,"name":"Accueil","item":"https:\/\/www.diario21.tv\/noticias\/"},{"@type":"ListItem","position":2,"name":"\u00a1\u00daltima hora! Investigaci\u00f3n en marcha por posible violaci\u00f3n en Pamplona"}]},{"@type":"WebSite","@id":"https:\/\/www.diario21.tv\/noticias\/#website","url":"https:\/\/www.diario21.tv\/noticias\/","name":"Diario 21","description":"","potentialAction":[{"@type":"SearchAction","target":{"@type":"EntryPoint","urlTemplate":"https:\/\/www.diario21.tv\/noticias\/?s={search_term_string}"},"query-input":{"@type":"PropertyValueSpecification","valueRequired":true,"valueName":"search_term_string"}}],"inLanguage":"es-AR"},{"@type":"Person","@id":"https:\/\/www.diario21.tv\/noticias\/#\/schema\/person\/dfb778f73814d8f09f302618446a526b","name":"Juan P\u00e9rez","image":{"@type":"ImageObject","inLanguage":"es-AR","@id":"https:\/\/www.diario21.tv\/noticias\/#\/schema\/person\/image\/","url":"https:\/\/secure.gravatar.com\/avatar\/c478a405bd10621167f4c3167cc770f5?s=96&d=mm&r=g","contentUrl":"https:\/\/secure.gravatar.com\/avatar\/c478a405bd10621167f4c3167cc770f5?s=96&d=mm&r=g","caption":"Juan P\u00e9rez"},"description":"Juan P\u00e9rez es el redactor en jefe de Diario 21. Con m\u00e1s de 10 a\u00f1os de experiencia en el periodismo, se especializa en pol\u00edtica nacional y an\u00e1lisis socioecon\u00f3mico. Su enfoque cr\u00edtico y riguroso aporta una perspectiva \u00fanica a cada art\u00edculo.","sameAs":["https:\/\/www.diario21.tv\/noticias\/"],"url":"https:\/\/www.diario21.tv\/noticias\/author\/juan-perez\/"}]}},"_links":{"self":[{"href":"https:\/\/www.diario21.tv\/noticias\/wp-json\/wp\/v2\/posts\/3823"}],"collection":[{"href":"https:\/\/www.diario21.tv\/noticias\/wp-json\/wp\/v2\/posts"}],"about":[{"href":"https:\/\/www.diario21.tv\/noticias\/wp-json\/wp\/v2\/types\/post"}],"author":[{"embeddable":true,"href":"https:\/\/www.diario21.tv\/noticias\/wp-json\/wp\/v2\/users\/20"}],"replies":[{"embeddable":true,"href":"https:\/\/www.diario21.tv\/noticias\/wp-json\/wp\/v2\/comments?post=3823"}],"version-history":[{"count":1,"href":"https:\/\/www.diario21.tv\/noticias\/wp-json\/wp\/v2\/posts\/3823\/revisions"}],"predecessor-version":[{"id":3825,"href":"https:\/\/www.diario21.tv\/noticias\/wp-json\/wp\/v2\/posts\/3823\/revisions\/3825"}],"wp:featuredmedia":[{"embeddable":true,"href":"https:\/\/www.diario21.tv\/noticias\/wp-json\/wp\/v2\/media\/3824"}],"wp:attachment":[{"href":"https:\/\/www.diario21.tv\/noticias\/wp-json\/wp\/v2\/media?parent=3823"}],"wp:term":[{"taxonomy":"category","embeddable":true,"href":"https:\/\/www.diario21.tv\/noticias\/wp-json\/wp\/v2\/categories?post=3823"},{"taxonomy":"post_tag","embeddable":true,"href":"https:\/\/www.diario21.tv\/noticias\/wp-json\/wp\/v2\/tags?post=3823"}],"curies":[{"name":"wp","href":"https:\/\/api.w.org\/{rel}","templated":true}]}}