{"id":3808,"date":"2025-07-14T11:00:21","date_gmt":"2025-07-14T11:00:21","guid":{"rendered":"https:\/\/www.diario21.tv\/noticias\/exclusivo-princesa-leonor-deja-ferrol-y-se-dirige-a-marin-para-recibir-despacho-de-alferez\/"},"modified":"2025-07-14T11:00:22","modified_gmt":"2025-07-14T11:00:22","slug":"exclusivo-princesa-leonor-deja-ferrol-y-se-dirige-a-marin-para-recibir-despacho-de-alferez","status":"publish","type":"post","link":"https:\/\/www.diario21.tv\/noticias\/exclusivo-princesa-leonor-deja-ferrol-y-se-dirige-a-marin-para-recibir-despacho-de-alferez\/","title":{"rendered":"\u00a1Exclusivo! Princesa Leonor deja Ferrol y se dirige a Mar\u00edn para recibir despacho de alf\u00e9rez"},"content":{"rendered":"<h2>La princesa Leonor finaliza su estancia en Ferrol y se dirige a Mar\u00edn para recibir su despacho de alf\u00e9rez de fragata<\/h2>\n<p>La princesa Leonor ha concluido su visita en Ferrol y ahora se traslada hacia Mar\u00edn, donde ser\u00e1 oficialmente nombrada alf\u00e9rez de fragata. Este cambio de ubicaci\u00f3n marca un paso significativo en su carrera militar, iniciando una nueva etapa en su formaci\u00f3n.<\/p>\n<h3>Despedida de Ferrol<\/h3>\n<p>Despu\u00e9s de una estancia productiva en Ferrol, donde la princesa Leonor particip\u00f3 en diversas actividades formativas y ceremoniales, ha llegado el momento de dejar la ciudad. La princesa ha expresado su gratitud hacia todos los que colaboraron en su formaci\u00f3n y preparaci\u00f3n durante su tiempo all\u00ed. Las experiencias adquiridas en Ferrol han sido fundamentales para su desarrollo y crecimiento personal y profesional.<\/p>\n<h3>Rumbo a Mar\u00edn<\/h3>\n<p>Ahora, la princesa se dirige a Mar\u00edn, un paso crucial en su camino hacia una mayor responsabilidad en las Fuerzas Armadas. En Mar\u00edn, recibir\u00e1 su despacho de alf\u00e9rez de fragata, un rango que evidencia su progreso y dedicaci\u00f3n. Este evento no solo es un reconocimiento a su esfuerzo y aprendizaje, sino que tambi\u00e9n es un momento de celebraci\u00f3n para ella y su familia.<\/p>\n<p>La ceremonia de entrega del despacho est\u00e1 prevista con la presencia de diversas autoridades y miembros de la realeza, quienes se reunir\u00e1n para testificar y apoyar a Leonor en este importante logro. Se espera que este acto sea un momento de orgullo y alegr\u00eda para todos los presentes.<\/p>\n<p>La transici\u00f3n de la princesa Leonor de Ferrol a Mar\u00edn es un testimonio de su compromiso con su carrera y su pa\u00eds. A medida que contin\u00faa su formaci\u00f3n, su papel como futura l\u00edder de las Fuerzas Armadas se fortalece, prepar\u00e1ndola para los desaf\u00edos que enfrentar\u00e1 en el futuro.<\/p>\n\n\n<div class=\"kk-star-ratings kksr-auto kksr-align-left kksr-valign-bottom\"\n    data-payload='{&quot;align&quot;:&quot;left&quot;,&quot;id&quot;:&quot;3808&quot;,&quot;slug&quot;:&quot;default&quot;,&quot;valign&quot;:&quot;bottom&quot;,&quot;ignore&quot;:&quot;&quot;,&quot;reference&quot;:&quot;auto&quot;,&quot;class&quot;:&quot;&quot;,&quot;count&quot;:&quot;0&quot;,&quot;legendonly&quot;:&quot;&quot;,&quot;readonly&quot;:&quot;&quot;,&quot;score&quot;:&quot;0&quot;,&quot;starsonly&quot;:&quot;&quot;,&quot;best&quot;:&quot;5&quot;,&quot;gap&quot;:&quot;5&quot;,&quot;greet&quot;:&quot;Valora este post&quot;,&quot;legend&quot;:&quot;0\\\/5 - (0 votes)&quot;,&quot;size&quot;:&quot;22&quot;,&quot;title&quot;:&quot;\u00a1Exclusivo! Princesa Leonor deja Ferrol y se dirige a Mar\u00edn para recibir despacho de alf\u00e9rez&quot;,&quot;width&quot;:&quot;0&quot;,&quot;_legend&quot;:&quot;{score}\\\/{best} - ({count} {votes})&quot;,&quot;font_factor&quot;:&quot;1.25&quot;}'>\n            \n<div class=\"kksr-stars\">\n    \n<div class=\"kksr-stars-inactive\">\n            <div class=\"kksr-star\" data-star=\"1\" style=\"padding-right: 5px\">\n            \n\n<div class=\"kksr-icon\" style=\"width: 22px; height: 22px;\"><\/div>\n        <\/div>\n            <div class=\"kksr-star\" data-star=\"2\" style=\"padding-right: 5px\">\n            \n\n<div class=\"kksr-icon\" style=\"width: 22px; height: 22px;\"><\/div>\n        <\/div>\n            <div class=\"kksr-star\" data-star=\"3\" style=\"padding-right: 5px\">\n            \n\n<div class=\"kksr-icon\" style=\"width: 22px; height: 22px;\"><\/div>\n        <\/div>\n            <div class=\"kksr-star\" data-star=\"4\" style=\"padding-right: 5px\">\n            \n\n<div class=\"kksr-icon\" style=\"width: 22px; height: 22px;\"><\/div>\n        <\/div>\n            <div class=\"kksr-star\" data-star=\"5\" style=\"padding-right: 5px\">\n            \n\n<div class=\"kksr-icon\" style=\"width: 22px; height: 22px;\"><\/div>\n        <\/div>\n    <\/div>\n    \n<div class=\"kksr-stars-active\" style=\"width: 0px;\">\n            <div class=\"kksr-star\" style=\"padding-right: 5px\">\n            \n\n<div class=\"kksr-icon\" style=\"width: 22px; height: 22px;\"><\/div>\n        <\/div>\n            <div class=\"kksr-star\" style=\"padding-right: 5px\">\n            \n\n<div class=\"kksr-icon\" style=\"width: 22px; height: 22px;\"><\/div>\n        <\/div>\n            <div class=\"kksr-star\" style=\"padding-right: 5px\">\n            \n\n<div class=\"kksr-icon\" style=\"width: 22px; height: 22px;\"><\/div>\n        <\/div>\n            <div class=\"kksr-star\" style=\"padding-right: 5px\">\n            \n\n<div class=\"kksr-icon\" style=\"width: 22px; height: 22px;\"><\/div>\n        <\/div>\n            <div class=\"kksr-star\" style=\"padding-right: 5px\">\n            \n\n<div class=\"kksr-icon\" style=\"width: 22px; height: 22px;\"><\/div>\n        <\/div>\n    <\/div>\n<\/div>\n                \n\n<div class=\"kksr-legend\" style=\"font-size: 17.6px;\">\n            <span class=\"kksr-muted\">Valora este post<\/span>\n    <\/div>\n    <\/div>\n","protected":false},"excerpt":{"rendered":"<p>La princesa Leonor finaliza su estancia en Ferrol y se dirige a Mar\u00edn para recibir su despacho de alf\u00e9rez de fragata La princesa Leonor ha concluido &#8230; <a title=\"\u00a1Exclusivo! Princesa Leonor deja Ferrol y se dirige a Mar\u00edn para recibir despacho de alf\u00e9rez\" class=\"read-more\" href=\"https:\/\/www.diario21.tv\/noticias\/exclusivo-princesa-leonor-deja-ferrol-y-se-dirige-a-marin-para-recibir-despacho-de-alferez\/\" aria-label=\"Leer m\u00e1s sobre \u00a1Exclusivo! Princesa Leonor deja Ferrol y se dirige a Mar\u00edn para recibir despacho de alf\u00e9rez\">Seguir leyendo &rarr;<\/a><\/p>\n","protected":false},"author":20,"featured_media":3809,"comment_status":"open","ping_status":"open","sticky":false,"template":"","format":"standard","meta":{"footnotes":""},"categories":[13],"tags":[],"class_list":["post-3808","post","type-post","status-publish","format-standard","has-post-thumbnail","hentry","category-portada"],"yoast_head":"<!-- This site is optimized with the Yoast SEO plugin v25.6 - https:\/\/yoast.com\/wordpress\/plugins\/seo\/ -->\n<title>\u00a1Exclusivo! Princesa Leonor deja Ferrol y se dirige a Mar\u00edn para recibir despacho de alf\u00e9rez - Diario 21<\/title>\n<meta name=\"robots\" content=\"index, follow, max-snippet:-1, max-image-preview:large, max-video-preview:-1\" \/>\n<link rel=\"canonical\" href=\"https:\/\/www.diario21.tv\/noticias\/exclusivo-princesa-leonor-deja-ferrol-y-se-dirige-a-marin-para-recibir-despacho-de-alferez\/\" \/>\n<meta property=\"og:locale\" content=\"es_ES\" \/>\n<meta property=\"og:type\" content=\"article\" \/>\n<meta property=\"og:title\" content=\"\u00a1Exclusivo! Princesa Leonor deja Ferrol y se dirige a Mar\u00edn para recibir despacho de alf\u00e9rez - Diario 21\" \/>\n<meta property=\"og:description\" content=\"La princesa Leonor finaliza su estancia en Ferrol y se dirige a Mar\u00edn para recibir su despacho de alf\u00e9rez de fragata La princesa Leonor ha concluido ... Seguir leyendo &rarr;\" \/>\n<meta property=\"og:url\" content=\"https:\/\/www.diario21.tv\/noticias\/exclusivo-princesa-leonor-deja-ferrol-y-se-dirige-a-marin-para-recibir-despacho-de-alferez\/\" \/>\n<meta property=\"og:site_name\" content=\"Diario 21\" \/>\n<meta property=\"article:published_time\" content=\"2025-07-14T11:00:21+00:00\" \/>\n<meta property=\"article:modified_time\" content=\"2025-07-14T11:00:22+00:00\" \/>\n<meta property=\"og:image\" content=\"https:\/\/www.diario21.tv\/noticias\/wp-content\/uploads\/2025\/07\/\u00a1Exclusivo-Princesa-Leonor-deja-Ferrol-y-se-dirige-a-Marin.jpg\" \/>\n\t<meta property=\"og:image:width\" content=\"1200\" \/>\n\t<meta property=\"og:image:height\" content=\"840\" \/>\n\t<meta property=\"og:image:type\" content=\"image\/jpeg\" \/>\n<meta name=\"author\" content=\"Juan P\u00e9rez\" \/>\n<meta name=\"twitter:card\" content=\"summary_large_image\" \/>\n<meta name=\"twitter:label1\" content=\"Escrito por\" \/>\n\t<meta name=\"twitter:data1\" content=\"Juan P\u00e9rez\" \/>\n\t<meta name=\"twitter:label2\" content=\"Tiempo de lectura\" \/>\n\t<meta name=\"twitter:data2\" content=\"2 minutos\" \/>\n<script type=\"application\/ld+json\" class=\"yoast-schema-graph\">{\"@context\":\"https:\/\/schema.org\",\"@graph\":[{\"@type\":\"WebPage\",\"@id\":\"https:\/\/www.diario21.tv\/noticias\/exclusivo-princesa-leonor-deja-ferrol-y-se-dirige-a-marin-para-recibir-despacho-de-alferez\/\",\"url\":\"https:\/\/www.diario21.tv\/noticias\/exclusivo-princesa-leonor-deja-ferrol-y-se-dirige-a-marin-para-recibir-despacho-de-alferez\/\",\"name\":\"\u00a1Exclusivo! Princesa Leonor deja Ferrol y se dirige a Mar\u00edn para recibir despacho de alf\u00e9rez - Diario 21\",\"isPartOf\":{\"@id\":\"https:\/\/www.diario21.tv\/noticias\/#website\"},\"primaryImageOfPage\":{\"@id\":\"https:\/\/www.diario21.tv\/noticias\/exclusivo-princesa-leonor-deja-ferrol-y-se-dirige-a-marin-para-recibir-despacho-de-alferez\/#primaryimage\"},\"image\":{\"@id\":\"https:\/\/www.diario21.tv\/noticias\/exclusivo-princesa-leonor-deja-ferrol-y-se-dirige-a-marin-para-recibir-despacho-de-alferez\/#primaryimage\"},\"thumbnailUrl\":\"https:\/\/www.diario21.tv\/noticias\/wp-content\/uploads\/2025\/07\/\u00a1Exclusivo-Princesa-Leonor-deja-Ferrol-y-se-dirige-a-Marin.jpg\",\"datePublished\":\"2025-07-14T11:00:21+00:00\",\"dateModified\":\"2025-07-14T11:00:22+00:00\",\"author\":{\"@id\":\"https:\/\/www.diario21.tv\/noticias\/#\/schema\/person\/dfb778f73814d8f09f302618446a526b\"},\"breadcrumb\":{\"@id\":\"https:\/\/www.diario21.tv\/noticias\/exclusivo-princesa-leonor-deja-ferrol-y-se-dirige-a-marin-para-recibir-despacho-de-alferez\/#breadcrumb\"},\"inLanguage\":\"es-AR\",\"potentialAction\":[{\"@type\":\"ReadAction\",\"target\":[\"https:\/\/www.diario21.tv\/noticias\/exclusivo-princesa-leonor-deja-ferrol-y-se-dirige-a-marin-para-recibir-despacho-de-alferez\/\"]}]},{\"@type\":\"ImageObject\",\"inLanguage\":\"es-AR\",\"@id\":\"https:\/\/www.diario21.tv\/noticias\/exclusivo-princesa-leonor-deja-ferrol-y-se-dirige-a-marin-para-recibir-despacho-de-alferez\/#primaryimage\",\"url\":\"https:\/\/www.diario21.tv\/noticias\/wp-content\/uploads\/2025\/07\/\u00a1Exclusivo-Princesa-Leonor-deja-Ferrol-y-se-dirige-a-Marin.jpg\",\"contentUrl\":\"https:\/\/www.diario21.tv\/noticias\/wp-content\/uploads\/2025\/07\/\u00a1Exclusivo-Princesa-Leonor-deja-Ferrol-y-se-dirige-a-Marin.jpg\",\"width\":1200,\"height\":840,\"caption\":\"La princesa Leonor se despide de Ferrol y pone rumbo a Mar\u00edn donde recibir\u00e1 su despacho de alferez de fragata\"},{\"@type\":\"BreadcrumbList\",\"@id\":\"https:\/\/www.diario21.tv\/noticias\/exclusivo-princesa-leonor-deja-ferrol-y-se-dirige-a-marin-para-recibir-despacho-de-alferez\/#breadcrumb\",\"itemListElement\":[{\"@type\":\"ListItem\",\"position\":1,\"name\":\"Accueil\",\"item\":\"https:\/\/www.diario21.tv\/noticias\/\"},{\"@type\":\"ListItem\",\"position\":2,\"name\":\"\u00a1Exclusivo! Princesa Leonor deja Ferrol y se dirige a Mar\u00edn para recibir despacho de alf\u00e9rez\"}]},{\"@type\":\"WebSite\",\"@id\":\"https:\/\/www.diario21.tv\/noticias\/#website\",\"url\":\"https:\/\/www.diario21.tv\/noticias\/\",\"name\":\"Diario 21\",\"description\":\"\",\"potentialAction\":[{\"@type\":\"SearchAction\",\"target\":{\"@type\":\"EntryPoint\",\"urlTemplate\":\"https:\/\/www.diario21.tv\/noticias\/?s={search_term_string}\"},\"query-input\":{\"@type\":\"PropertyValueSpecification\",\"valueRequired\":true,\"valueName\":\"search_term_string\"}}],\"inLanguage\":\"es-AR\"},{\"@type\":\"Person\",\"@id\":\"https:\/\/www.diario21.tv\/noticias\/#\/schema\/person\/dfb778f73814d8f09f302618446a526b\",\"name\":\"Juan P\u00e9rez\",\"image\":{\"@type\":\"ImageObject\",\"inLanguage\":\"es-AR\",\"@id\":\"https:\/\/www.diario21.tv\/noticias\/#\/schema\/person\/image\/\",\"url\":\"https:\/\/secure.gravatar.com\/avatar\/c478a405bd10621167f4c3167cc770f5?s=96&d=mm&r=g\",\"contentUrl\":\"https:\/\/secure.gravatar.com\/avatar\/c478a405bd10621167f4c3167cc770f5?s=96&d=mm&r=g\",\"caption\":\"Juan P\u00e9rez\"},\"description\":\"Juan P\u00e9rez es el redactor en jefe de Diario 21. Con m\u00e1s de 10 a\u00f1os de experiencia en el periodismo, se especializa en pol\u00edtica nacional y an\u00e1lisis socioecon\u00f3mico. Su enfoque cr\u00edtico y riguroso aporta una perspectiva \u00fanica a cada art\u00edculo.\",\"sameAs\":[\"https:\/\/www.diario21.tv\/noticias\/\"],\"url\":\"https:\/\/www.diario21.tv\/noticias\/author\/juan-perez\/\"}]}<\/script>\n<!-- \/ Yoast SEO plugin. -->","yoast_head_json":{"title":"\u00a1Exclusivo! Princesa Leonor deja Ferrol y se dirige a Mar\u00edn para recibir despacho de alf\u00e9rez - Diario 21","robots":{"index":"index","follow":"follow","max-snippet":"max-snippet:-1","max-image-preview":"max-image-preview:large","max-video-preview":"max-video-preview:-1"},"canonical":"https:\/\/www.diario21.tv\/noticias\/exclusivo-princesa-leonor-deja-ferrol-y-se-dirige-a-marin-para-recibir-despacho-de-alferez\/","og_locale":"es_ES","og_type":"article","og_title":"\u00a1Exclusivo! Princesa Leonor deja Ferrol y se dirige a Mar\u00edn para recibir despacho de alf\u00e9rez - Diario 21","og_description":"La princesa Leonor finaliza su estancia en Ferrol y se dirige a Mar\u00edn para recibir su despacho de alf\u00e9rez de fragata La princesa Leonor ha concluido ... Seguir leyendo &rarr;","og_url":"https:\/\/www.diario21.tv\/noticias\/exclusivo-princesa-leonor-deja-ferrol-y-se-dirige-a-marin-para-recibir-despacho-de-alferez\/","og_site_name":"Diario 21","article_published_time":"2025-07-14T11:00:21+00:00","article_modified_time":"2025-07-14T11:00:22+00:00","og_image":[{"width":1200,"height":840,"url":"https:\/\/www.diario21.tv\/noticias\/wp-content\/uploads\/2025\/07\/\u00a1Exclusivo-Princesa-Leonor-deja-Ferrol-y-se-dirige-a-Marin.jpg","type":"image\/jpeg"}],"author":"Juan P\u00e9rez","twitter_card":"summary_large_image","twitter_misc":{"Escrito por":"Juan P\u00e9rez","Tiempo de lectura":"2 minutos"},"schema":{"@context":"https:\/\/schema.org","@graph":[{"@type":"WebPage","@id":"https:\/\/www.diario21.tv\/noticias\/exclusivo-princesa-leonor-deja-ferrol-y-se-dirige-a-marin-para-recibir-despacho-de-alferez\/","url":"https:\/\/www.diario21.tv\/noticias\/exclusivo-princesa-leonor-deja-ferrol-y-se-dirige-a-marin-para-recibir-despacho-de-alferez\/","name":"\u00a1Exclusivo! Princesa Leonor deja Ferrol y se dirige a Mar\u00edn para recibir despacho de alf\u00e9rez - Diario 21","isPartOf":{"@id":"https:\/\/www.diario21.tv\/noticias\/#website"},"primaryImageOfPage":{"@id":"https:\/\/www.diario21.tv\/noticias\/exclusivo-princesa-leonor-deja-ferrol-y-se-dirige-a-marin-para-recibir-despacho-de-alferez\/#primaryimage"},"image":{"@id":"https:\/\/www.diario21.tv\/noticias\/exclusivo-princesa-leonor-deja-ferrol-y-se-dirige-a-marin-para-recibir-despacho-de-alferez\/#primaryimage"},"thumbnailUrl":"https:\/\/www.diario21.tv\/noticias\/wp-content\/uploads\/2025\/07\/\u00a1Exclusivo-Princesa-Leonor-deja-Ferrol-y-se-dirige-a-Marin.jpg","datePublished":"2025-07-14T11:00:21+00:00","dateModified":"2025-07-14T11:00:22+00:00","author":{"@id":"https:\/\/www.diario21.tv\/noticias\/#\/schema\/person\/dfb778f73814d8f09f302618446a526b"},"breadcrumb":{"@id":"https:\/\/www.diario21.tv\/noticias\/exclusivo-princesa-leonor-deja-ferrol-y-se-dirige-a-marin-para-recibir-despacho-de-alferez\/#breadcrumb"},"inLanguage":"es-AR","potentialAction":[{"@type":"ReadAction","target":["https:\/\/www.diario21.tv\/noticias\/exclusivo-princesa-leonor-deja-ferrol-y-se-dirige-a-marin-para-recibir-despacho-de-alferez\/"]}]},{"@type":"ImageObject","inLanguage":"es-AR","@id":"https:\/\/www.diario21.tv\/noticias\/exclusivo-princesa-leonor-deja-ferrol-y-se-dirige-a-marin-para-recibir-despacho-de-alferez\/#primaryimage","url":"https:\/\/www.diario21.tv\/noticias\/wp-content\/uploads\/2025\/07\/\u00a1Exclusivo-Princesa-Leonor-deja-Ferrol-y-se-dirige-a-Marin.jpg","contentUrl":"https:\/\/www.diario21.tv\/noticias\/wp-content\/uploads\/2025\/07\/\u00a1Exclusivo-Princesa-Leonor-deja-Ferrol-y-se-dirige-a-Marin.jpg","width":1200,"height":840,"caption":"La princesa Leonor se despide de Ferrol y pone rumbo a Mar\u00edn donde recibir\u00e1 su despacho de alferez de fragata"},{"@type":"BreadcrumbList","@id":"https:\/\/www.diario21.tv\/noticias\/exclusivo-princesa-leonor-deja-ferrol-y-se-dirige-a-marin-para-recibir-despacho-de-alferez\/#breadcrumb","itemListElement":[{"@type":"ListItem","position":1,"name":"Accueil","item":"https:\/\/www.diario21.tv\/noticias\/"},{"@type":"ListItem","position":2,"name":"\u00a1Exclusivo! Princesa Leonor deja Ferrol y se dirige a Mar\u00edn para recibir despacho de alf\u00e9rez"}]},{"@type":"WebSite","@id":"https:\/\/www.diario21.tv\/noticias\/#website","url":"https:\/\/www.diario21.tv\/noticias\/","name":"Diario 21","description":"","potentialAction":[{"@type":"SearchAction","target":{"@type":"EntryPoint","urlTemplate":"https:\/\/www.diario21.tv\/noticias\/?s={search_term_string}"},"query-input":{"@type":"PropertyValueSpecification","valueRequired":true,"valueName":"search_term_string"}}],"inLanguage":"es-AR"},{"@type":"Person","@id":"https:\/\/www.diario21.tv\/noticias\/#\/schema\/person\/dfb778f73814d8f09f302618446a526b","name":"Juan P\u00e9rez","image":{"@type":"ImageObject","inLanguage":"es-AR","@id":"https:\/\/www.diario21.tv\/noticias\/#\/schema\/person\/image\/","url":"https:\/\/secure.gravatar.com\/avatar\/c478a405bd10621167f4c3167cc770f5?s=96&d=mm&r=g","contentUrl":"https:\/\/secure.gravatar.com\/avatar\/c478a405bd10621167f4c3167cc770f5?s=96&d=mm&r=g","caption":"Juan P\u00e9rez"},"description":"Juan P\u00e9rez es el redactor en jefe de Diario 21. Con m\u00e1s de 10 a\u00f1os de experiencia en el periodismo, se especializa en pol\u00edtica nacional y an\u00e1lisis socioecon\u00f3mico. Su enfoque cr\u00edtico y riguroso aporta una perspectiva \u00fanica a cada art\u00edculo.","sameAs":["https:\/\/www.diario21.tv\/noticias\/"],"url":"https:\/\/www.diario21.tv\/noticias\/author\/juan-perez\/"}]}},"_links":{"self":[{"href":"https:\/\/www.diario21.tv\/noticias\/wp-json\/wp\/v2\/posts\/3808"}],"collection":[{"href":"https:\/\/www.diario21.tv\/noticias\/wp-json\/wp\/v2\/posts"}],"about":[{"href":"https:\/\/www.diario21.tv\/noticias\/wp-json\/wp\/v2\/types\/post"}],"author":[{"embeddable":true,"href":"https:\/\/www.diario21.tv\/noticias\/wp-json\/wp\/v2\/users\/20"}],"replies":[{"embeddable":true,"href":"https:\/\/www.diario21.tv\/noticias\/wp-json\/wp\/v2\/comments?post=3808"}],"version-history":[{"count":1,"href":"https:\/\/www.diario21.tv\/noticias\/wp-json\/wp\/v2\/posts\/3808\/revisions"}],"predecessor-version":[{"id":3810,"href":"https:\/\/www.diario21.tv\/noticias\/wp-json\/wp\/v2\/posts\/3808\/revisions\/3810"}],"wp:featuredmedia":[{"embeddable":true,"href":"https:\/\/www.diario21.tv\/noticias\/wp-json\/wp\/v2\/media\/3809"}],"wp:attachment":[{"href":"https:\/\/www.diario21.tv\/noticias\/wp-json\/wp\/v2\/media?parent=3808"}],"wp:term":[{"taxonomy":"category","embeddable":true,"href":"https:\/\/www.diario21.tv\/noticias\/wp-json\/wp\/v2\/categories?post=3808"},{"taxonomy":"post_tag","embeddable":true,"href":"https:\/\/www.diario21.tv\/noticias\/wp-json\/wp\/v2\/tags?post=3808"}],"curies":[{"name":"wp","href":"https:\/\/api.w.org\/{rel}","templated":true}]}}