{"id":3799,"date":"2025-07-13T16:52:43","date_gmt":"2025-07-13T16:52:43","guid":{"rendered":"https:\/\/www.diario21.tv\/noticias\/alerta-en-burgos-tormenta-desaloja-a-400-jovenes-de-campamentos-de-verano\/"},"modified":"2025-07-13T16:52:44","modified_gmt":"2025-07-13T16:52:44","slug":"alerta-en-burgos-tormenta-desaloja-a-400-jovenes-de-campamentos-de-verano","status":"publish","type":"post","link":"https:\/\/www.diario21.tv\/noticias\/alerta-en-burgos-tormenta-desaloja-a-400-jovenes-de-campamentos-de-verano\/","title":{"rendered":"\u00a1Alerta en Burgos! Tormenta desaloja a 400 j\u00f3venes de campamentos de verano"},"content":{"rendered":"<h2>Evacuaci\u00f3n Masiva en Campamentos de Verano Debido a Tormenta Severa en Burgos<\/h2>\n<p>En una acci\u00f3n de emergencia provocada por una intensa tormenta, aproximadamente 400 j\u00f3venes fueron evacuados de varios campamentos de verano situados en la zona norte de Burgos. Este suceso, que tuvo lugar recientemente, oblig\u00f3 a las autoridades y organizadores de los campamentos a tomar medidas r\u00e1pidas para garantizar la seguridad de los participantes.<\/p>\n<h3>Detalles de la Evacuaci\u00f3n<\/h3>\n<p>La evacuaci\u00f3n se desencaden\u00f3 tras el r\u00e1pido empeoramiento de las condiciones meteorol\u00f3gicas en la regi\u00f3n. Las fuertes lluvias y vientos incrementaron los riesgos, lo que llev\u00f3 a los responsables de los campamentos a coordinar con los equipos de emergencia locales para trasladar a los j\u00f3venes a lugares seguros. La operaci\u00f3n de evacuaci\u00f3n comenz\u00f3 en horas de la tarde y se extendi\u00f3 hasta la noche, asegurando que todos los campistas fueran evacuados sin incidentes.<\/p>\n<p>Los j\u00f3venes, que participaban en diversas actividades al aire libre y de integraci\u00f3n, fueron trasladados a instalaciones municipales y otros espacios acondicionados para su recepci\u00f3n temporal. Estos lugares fueron previamente identificados como parte de los protocolos de emergencia que los campamentos tienen establecidos para casos de contingencias clim\u00e1ticas o de otro tipo.<\/p>\n<h3>Reacciones y Medidas de Seguridad<\/h3>\n<p>Las autoridades locales y los directores de los campamentos han sido elogiados por su r\u00e1pida respuesta y eficacia al manejar la situaci\u00f3n. En declaraciones a los medios, un portavoz de uno de los campamentos destac\u00f3 la importancia de tener planes de emergencia bien establecidos y la capacitaci\u00f3n del personal para enfrentar este tipo de emergencias.<\/p>\n<p>Adem\u00e1s, se ha remarcado la cooperaci\u00f3n entre los diferentes campamentos y servicios de emergencia, lo cual fue clave para que la evacuaci\u00f3n se llevase a cabo de manera ordenada y eficiente. Los padres de los j\u00f3venes evacuados tambi\u00e9n recibieron informaci\u00f3n constante sobre la situaci\u00f3n y las medidas que se estaban tomando.<\/p>\n<h3>Pr\u00f3ximos Pasos y Recuperaci\u00f3n<\/h3>\n<p>Tras la evacuaci\u00f3n, los organizadores de los campamentos, junto con las autoridades locales, est\u00e1n evaluando los da\u00f1os causados por la tormenta y planificando los pasos a seguir para cuando las condiciones sean seguras. Se espera que, despu\u00e9s de una revisi\u00f3n exhaustiva de las instalaciones y del entorno natural de los campamentos, se pueda considerar el regreso de los j\u00f3venes para continuar con las actividades programadas, siempre y cuando se garantice su seguridad y bienestar.<\/p>\n<p>Este incidente sirve como un recordatorio cr\u00edtico sobre la importancia de la preparaci\u00f3n y la respuesta r\u00e1pida ante situaciones de emergencia, especialmente en actividades que involucran a ni\u00f1os y j\u00f3venes en entornos al aire libre. La colaboraci\u00f3n entre campamentos y autoridades es esencial para manejar efectivamente cualquier crisis potencial y asegurar la protecci\u00f3n de todos los involucrados.<\/p>\n\n\n<div class=\"kk-star-ratings kksr-auto kksr-align-left kksr-valign-bottom\"\n    data-payload='{&quot;align&quot;:&quot;left&quot;,&quot;id&quot;:&quot;3799&quot;,&quot;slug&quot;:&quot;default&quot;,&quot;valign&quot;:&quot;bottom&quot;,&quot;ignore&quot;:&quot;&quot;,&quot;reference&quot;:&quot;auto&quot;,&quot;class&quot;:&quot;&quot;,&quot;count&quot;:&quot;0&quot;,&quot;legendonly&quot;:&quot;&quot;,&quot;readonly&quot;:&quot;&quot;,&quot;score&quot;:&quot;0&quot;,&quot;starsonly&quot;:&quot;&quot;,&quot;best&quot;:&quot;5&quot;,&quot;gap&quot;:&quot;5&quot;,&quot;greet&quot;:&quot;Valora este post&quot;,&quot;legend&quot;:&quot;0\\\/5 - (0 votes)&quot;,&quot;size&quot;:&quot;22&quot;,&quot;title&quot;:&quot;\u00a1Alerta en Burgos! Tormenta desaloja a 400 j\u00f3venes de campamentos de verano&quot;,&quot;width&quot;:&quot;0&quot;,&quot;_legend&quot;:&quot;{score}\\\/{best} - ({count} {votes})&quot;,&quot;font_factor&quot;:&quot;1.25&quot;}'>\n            \n<div class=\"kksr-stars\">\n    \n<div class=\"kksr-stars-inactive\">\n            <div class=\"kksr-star\" data-star=\"1\" style=\"padding-right: 5px\">\n            \n\n<div class=\"kksr-icon\" style=\"width: 22px; height: 22px;\"><\/div>\n        <\/div>\n            <div class=\"kksr-star\" data-star=\"2\" style=\"padding-right: 5px\">\n            \n\n<div class=\"kksr-icon\" style=\"width: 22px; height: 22px;\"><\/div>\n        <\/div>\n            <div class=\"kksr-star\" data-star=\"3\" style=\"padding-right: 5px\">\n            \n\n<div class=\"kksr-icon\" style=\"width: 22px; height: 22px;\"><\/div>\n        <\/div>\n            <div class=\"kksr-star\" data-star=\"4\" style=\"padding-right: 5px\">\n            \n\n<div class=\"kksr-icon\" style=\"width: 22px; height: 22px;\"><\/div>\n        <\/div>\n            <div class=\"kksr-star\" data-star=\"5\" style=\"padding-right: 5px\">\n            \n\n<div class=\"kksr-icon\" style=\"width: 22px; height: 22px;\"><\/div>\n        <\/div>\n    <\/div>\n    \n<div class=\"kksr-stars-active\" style=\"width: 0px;\">\n            <div class=\"kksr-star\" style=\"padding-right: 5px\">\n            \n\n<div class=\"kksr-icon\" style=\"width: 22px; height: 22px;\"><\/div>\n        <\/div>\n            <div class=\"kksr-star\" style=\"padding-right: 5px\">\n            \n\n<div class=\"kksr-icon\" style=\"width: 22px; height: 22px;\"><\/div>\n        <\/div>\n            <div class=\"kksr-star\" style=\"padding-right: 5px\">\n            \n\n<div class=\"kksr-icon\" style=\"width: 22px; height: 22px;\"><\/div>\n        <\/div>\n            <div class=\"kksr-star\" style=\"padding-right: 5px\">\n            \n\n<div class=\"kksr-icon\" style=\"width: 22px; height: 22px;\"><\/div>\n        <\/div>\n            <div class=\"kksr-star\" style=\"padding-right: 5px\">\n            \n\n<div class=\"kksr-icon\" style=\"width: 22px; height: 22px;\"><\/div>\n        <\/div>\n    <\/div>\n<\/div>\n                \n\n<div class=\"kksr-legend\" style=\"font-size: 17.6px;\">\n            <span class=\"kksr-muted\">Valora este post<\/span>\n    <\/div>\n    <\/div>\n","protected":false},"excerpt":{"rendered":"<p>Evacuaci\u00f3n Masiva en Campamentos de Verano Debido a Tormenta Severa en Burgos En una acci\u00f3n de emergencia provocada por una intensa tormenta, aproximadamente 400 j\u00f3venes fueron &#8230; <a title=\"\u00a1Alerta en Burgos! Tormenta desaloja a 400 j\u00f3venes de campamentos de verano\" class=\"read-more\" href=\"https:\/\/www.diario21.tv\/noticias\/alerta-en-burgos-tormenta-desaloja-a-400-jovenes-de-campamentos-de-verano\/\" aria-label=\"Leer m\u00e1s sobre \u00a1Alerta en Burgos! Tormenta desaloja a 400 j\u00f3venes de campamentos de verano\">Seguir leyendo &rarr;<\/a><\/p>\n","protected":false},"author":20,"featured_media":3800,"comment_status":"open","ping_status":"open","sticky":false,"template":"","format":"standard","meta":{"footnotes":""},"categories":[13],"tags":[],"class_list":["post-3799","post","type-post","status-publish","format-standard","has-post-thumbnail","hentry","category-portada"],"yoast_head":"<!-- This site is optimized with the Yoast SEO plugin v25.6 - https:\/\/yoast.com\/wordpress\/plugins\/seo\/ -->\n<title>\u00a1Alerta en Burgos! Tormenta desaloja a 400 j\u00f3venes de campamentos de verano - Diario 21<\/title>\n<meta name=\"robots\" content=\"index, follow, max-snippet:-1, max-image-preview:large, max-video-preview:-1\" \/>\n<link rel=\"canonical\" href=\"https:\/\/www.diario21.tv\/noticias\/alerta-en-burgos-tormenta-desaloja-a-400-jovenes-de-campamentos-de-verano\/\" \/>\n<meta property=\"og:locale\" content=\"es_ES\" \/>\n<meta property=\"og:type\" content=\"article\" \/>\n<meta property=\"og:title\" content=\"\u00a1Alerta en Burgos! Tormenta desaloja a 400 j\u00f3venes de campamentos de verano - Diario 21\" \/>\n<meta property=\"og:description\" content=\"Evacuaci\u00f3n Masiva en Campamentos de Verano Debido a Tormenta Severa en Burgos En una acci\u00f3n de emergencia provocada por una intensa tormenta, aproximadamente 400 j\u00f3venes fueron ... Seguir leyendo &rarr;\" \/>\n<meta property=\"og:url\" content=\"https:\/\/www.diario21.tv\/noticias\/alerta-en-burgos-tormenta-desaloja-a-400-jovenes-de-campamentos-de-verano\/\" \/>\n<meta property=\"og:site_name\" content=\"Diario 21\" \/>\n<meta property=\"article:published_time\" content=\"2025-07-13T16:52:43+00:00\" \/>\n<meta property=\"article:modified_time\" content=\"2025-07-13T16:52:44+00:00\" \/>\n<meta property=\"og:image\" content=\"https:\/\/www.diario21.tv\/noticias\/wp-content\/uploads\/2025\/07\/\u00a1Alerta-en-Burgos-Tormenta-desaloja-a-400-jovenes-de-campamentos.jpg\" \/>\n\t<meta property=\"og:image:width\" content=\"1200\" \/>\n\t<meta property=\"og:image:height\" content=\"840\" \/>\n\t<meta property=\"og:image:type\" content=\"image\/jpeg\" \/>\n<meta name=\"author\" content=\"Juan P\u00e9rez\" \/>\n<meta name=\"twitter:card\" content=\"summary_large_image\" \/>\n<meta name=\"twitter:label1\" content=\"Escrito por\" \/>\n\t<meta name=\"twitter:data1\" content=\"Juan P\u00e9rez\" \/>\n\t<meta name=\"twitter:label2\" content=\"Tiempo de lectura\" \/>\n\t<meta name=\"twitter:data2\" content=\"2 minutos\" \/>\n<script type=\"application\/ld+json\" class=\"yoast-schema-graph\">{\"@context\":\"https:\/\/schema.org\",\"@graph\":[{\"@type\":\"WebPage\",\"@id\":\"https:\/\/www.diario21.tv\/noticias\/alerta-en-burgos-tormenta-desaloja-a-400-jovenes-de-campamentos-de-verano\/\",\"url\":\"https:\/\/www.diario21.tv\/noticias\/alerta-en-burgos-tormenta-desaloja-a-400-jovenes-de-campamentos-de-verano\/\",\"name\":\"\u00a1Alerta en Burgos! Tormenta desaloja a 400 j\u00f3venes de campamentos de verano - Diario 21\",\"isPartOf\":{\"@id\":\"https:\/\/www.diario21.tv\/noticias\/#website\"},\"primaryImageOfPage\":{\"@id\":\"https:\/\/www.diario21.tv\/noticias\/alerta-en-burgos-tormenta-desaloja-a-400-jovenes-de-campamentos-de-verano\/#primaryimage\"},\"image\":{\"@id\":\"https:\/\/www.diario21.tv\/noticias\/alerta-en-burgos-tormenta-desaloja-a-400-jovenes-de-campamentos-de-verano\/#primaryimage\"},\"thumbnailUrl\":\"https:\/\/www.diario21.tv\/noticias\/wp-content\/uploads\/2025\/07\/\u00a1Alerta-en-Burgos-Tormenta-desaloja-a-400-jovenes-de-campamentos.jpg\",\"datePublished\":\"2025-07-13T16:52:43+00:00\",\"dateModified\":\"2025-07-13T16:52:44+00:00\",\"author\":{\"@id\":\"https:\/\/www.diario21.tv\/noticias\/#\/schema\/person\/dfb778f73814d8f09f302618446a526b\"},\"breadcrumb\":{\"@id\":\"https:\/\/www.diario21.tv\/noticias\/alerta-en-burgos-tormenta-desaloja-a-400-jovenes-de-campamentos-de-verano\/#breadcrumb\"},\"inLanguage\":\"es-AR\",\"potentialAction\":[{\"@type\":\"ReadAction\",\"target\":[\"https:\/\/www.diario21.tv\/noticias\/alerta-en-burgos-tormenta-desaloja-a-400-jovenes-de-campamentos-de-verano\/\"]}]},{\"@type\":\"ImageObject\",\"inLanguage\":\"es-AR\",\"@id\":\"https:\/\/www.diario21.tv\/noticias\/alerta-en-burgos-tormenta-desaloja-a-400-jovenes-de-campamentos-de-verano\/#primaryimage\",\"url\":\"https:\/\/www.diario21.tv\/noticias\/wp-content\/uploads\/2025\/07\/\u00a1Alerta-en-Burgos-Tormenta-desaloja-a-400-jovenes-de-campamentos.jpg\",\"contentUrl\":\"https:\/\/www.diario21.tv\/noticias\/wp-content\/uploads\/2025\/07\/\u00a1Alerta-en-Burgos-Tormenta-desaloja-a-400-jovenes-de-campamentos.jpg\",\"width\":1200,\"height\":840,\"caption\":\"La fuerte tormenta obliga a desalojar a 400 j\u00f3venes de varios campamentos de verano en el norte de Burgos\"},{\"@type\":\"BreadcrumbList\",\"@id\":\"https:\/\/www.diario21.tv\/noticias\/alerta-en-burgos-tormenta-desaloja-a-400-jovenes-de-campamentos-de-verano\/#breadcrumb\",\"itemListElement\":[{\"@type\":\"ListItem\",\"position\":1,\"name\":\"Accueil\",\"item\":\"https:\/\/www.diario21.tv\/noticias\/\"},{\"@type\":\"ListItem\",\"position\":2,\"name\":\"\u00a1Alerta en Burgos! Tormenta desaloja a 400 j\u00f3venes de campamentos de verano\"}]},{\"@type\":\"WebSite\",\"@id\":\"https:\/\/www.diario21.tv\/noticias\/#website\",\"url\":\"https:\/\/www.diario21.tv\/noticias\/\",\"name\":\"Diario 21\",\"description\":\"\",\"potentialAction\":[{\"@type\":\"SearchAction\",\"target\":{\"@type\":\"EntryPoint\",\"urlTemplate\":\"https:\/\/www.diario21.tv\/noticias\/?s={search_term_string}\"},\"query-input\":{\"@type\":\"PropertyValueSpecification\",\"valueRequired\":true,\"valueName\":\"search_term_string\"}}],\"inLanguage\":\"es-AR\"},{\"@type\":\"Person\",\"@id\":\"https:\/\/www.diario21.tv\/noticias\/#\/schema\/person\/dfb778f73814d8f09f302618446a526b\",\"name\":\"Juan P\u00e9rez\",\"image\":{\"@type\":\"ImageObject\",\"inLanguage\":\"es-AR\",\"@id\":\"https:\/\/www.diario21.tv\/noticias\/#\/schema\/person\/image\/\",\"url\":\"https:\/\/secure.gravatar.com\/avatar\/c478a405bd10621167f4c3167cc770f5?s=96&d=mm&r=g\",\"contentUrl\":\"https:\/\/secure.gravatar.com\/avatar\/c478a405bd10621167f4c3167cc770f5?s=96&d=mm&r=g\",\"caption\":\"Juan P\u00e9rez\"},\"description\":\"Juan P\u00e9rez es el redactor en jefe de Diario 21. Con m\u00e1s de 10 a\u00f1os de experiencia en el periodismo, se especializa en pol\u00edtica nacional y an\u00e1lisis socioecon\u00f3mico. Su enfoque cr\u00edtico y riguroso aporta una perspectiva \u00fanica a cada art\u00edculo.\",\"sameAs\":[\"https:\/\/www.diario21.tv\/noticias\/\"],\"url\":\"https:\/\/www.diario21.tv\/noticias\/author\/juan-perez\/\"}]}<\/script>\n<!-- \/ Yoast SEO plugin. -->","yoast_head_json":{"title":"\u00a1Alerta en Burgos! Tormenta desaloja a 400 j\u00f3venes de campamentos de verano - Diario 21","robots":{"index":"index","follow":"follow","max-snippet":"max-snippet:-1","max-image-preview":"max-image-preview:large","max-video-preview":"max-video-preview:-1"},"canonical":"https:\/\/www.diario21.tv\/noticias\/alerta-en-burgos-tormenta-desaloja-a-400-jovenes-de-campamentos-de-verano\/","og_locale":"es_ES","og_type":"article","og_title":"\u00a1Alerta en Burgos! Tormenta desaloja a 400 j\u00f3venes de campamentos de verano - Diario 21","og_description":"Evacuaci\u00f3n Masiva en Campamentos de Verano Debido a Tormenta Severa en Burgos En una acci\u00f3n de emergencia provocada por una intensa tormenta, aproximadamente 400 j\u00f3venes fueron ... Seguir leyendo &rarr;","og_url":"https:\/\/www.diario21.tv\/noticias\/alerta-en-burgos-tormenta-desaloja-a-400-jovenes-de-campamentos-de-verano\/","og_site_name":"Diario 21","article_published_time":"2025-07-13T16:52:43+00:00","article_modified_time":"2025-07-13T16:52:44+00:00","og_image":[{"width":1200,"height":840,"url":"https:\/\/www.diario21.tv\/noticias\/wp-content\/uploads\/2025\/07\/\u00a1Alerta-en-Burgos-Tormenta-desaloja-a-400-jovenes-de-campamentos.jpg","type":"image\/jpeg"}],"author":"Juan P\u00e9rez","twitter_card":"summary_large_image","twitter_misc":{"Escrito por":"Juan P\u00e9rez","Tiempo de lectura":"2 minutos"},"schema":{"@context":"https:\/\/schema.org","@graph":[{"@type":"WebPage","@id":"https:\/\/www.diario21.tv\/noticias\/alerta-en-burgos-tormenta-desaloja-a-400-jovenes-de-campamentos-de-verano\/","url":"https:\/\/www.diario21.tv\/noticias\/alerta-en-burgos-tormenta-desaloja-a-400-jovenes-de-campamentos-de-verano\/","name":"\u00a1Alerta en Burgos! Tormenta desaloja a 400 j\u00f3venes de campamentos de verano - Diario 21","isPartOf":{"@id":"https:\/\/www.diario21.tv\/noticias\/#website"},"primaryImageOfPage":{"@id":"https:\/\/www.diario21.tv\/noticias\/alerta-en-burgos-tormenta-desaloja-a-400-jovenes-de-campamentos-de-verano\/#primaryimage"},"image":{"@id":"https:\/\/www.diario21.tv\/noticias\/alerta-en-burgos-tormenta-desaloja-a-400-jovenes-de-campamentos-de-verano\/#primaryimage"},"thumbnailUrl":"https:\/\/www.diario21.tv\/noticias\/wp-content\/uploads\/2025\/07\/\u00a1Alerta-en-Burgos-Tormenta-desaloja-a-400-jovenes-de-campamentos.jpg","datePublished":"2025-07-13T16:52:43+00:00","dateModified":"2025-07-13T16:52:44+00:00","author":{"@id":"https:\/\/www.diario21.tv\/noticias\/#\/schema\/person\/dfb778f73814d8f09f302618446a526b"},"breadcrumb":{"@id":"https:\/\/www.diario21.tv\/noticias\/alerta-en-burgos-tormenta-desaloja-a-400-jovenes-de-campamentos-de-verano\/#breadcrumb"},"inLanguage":"es-AR","potentialAction":[{"@type":"ReadAction","target":["https:\/\/www.diario21.tv\/noticias\/alerta-en-burgos-tormenta-desaloja-a-400-jovenes-de-campamentos-de-verano\/"]}]},{"@type":"ImageObject","inLanguage":"es-AR","@id":"https:\/\/www.diario21.tv\/noticias\/alerta-en-burgos-tormenta-desaloja-a-400-jovenes-de-campamentos-de-verano\/#primaryimage","url":"https:\/\/www.diario21.tv\/noticias\/wp-content\/uploads\/2025\/07\/\u00a1Alerta-en-Burgos-Tormenta-desaloja-a-400-jovenes-de-campamentos.jpg","contentUrl":"https:\/\/www.diario21.tv\/noticias\/wp-content\/uploads\/2025\/07\/\u00a1Alerta-en-Burgos-Tormenta-desaloja-a-400-jovenes-de-campamentos.jpg","width":1200,"height":840,"caption":"La fuerte tormenta obliga a desalojar a 400 j\u00f3venes de varios campamentos de verano en el norte de Burgos"},{"@type":"BreadcrumbList","@id":"https:\/\/www.diario21.tv\/noticias\/alerta-en-burgos-tormenta-desaloja-a-400-jovenes-de-campamentos-de-verano\/#breadcrumb","itemListElement":[{"@type":"ListItem","position":1,"name":"Accueil","item":"https:\/\/www.diario21.tv\/noticias\/"},{"@type":"ListItem","position":2,"name":"\u00a1Alerta en Burgos! Tormenta desaloja a 400 j\u00f3venes de campamentos de verano"}]},{"@type":"WebSite","@id":"https:\/\/www.diario21.tv\/noticias\/#website","url":"https:\/\/www.diario21.tv\/noticias\/","name":"Diario 21","description":"","potentialAction":[{"@type":"SearchAction","target":{"@type":"EntryPoint","urlTemplate":"https:\/\/www.diario21.tv\/noticias\/?s={search_term_string}"},"query-input":{"@type":"PropertyValueSpecification","valueRequired":true,"valueName":"search_term_string"}}],"inLanguage":"es-AR"},{"@type":"Person","@id":"https:\/\/www.diario21.tv\/noticias\/#\/schema\/person\/dfb778f73814d8f09f302618446a526b","name":"Juan P\u00e9rez","image":{"@type":"ImageObject","inLanguage":"es-AR","@id":"https:\/\/www.diario21.tv\/noticias\/#\/schema\/person\/image\/","url":"https:\/\/secure.gravatar.com\/avatar\/c478a405bd10621167f4c3167cc770f5?s=96&d=mm&r=g","contentUrl":"https:\/\/secure.gravatar.com\/avatar\/c478a405bd10621167f4c3167cc770f5?s=96&d=mm&r=g","caption":"Juan P\u00e9rez"},"description":"Juan P\u00e9rez es el redactor en jefe de Diario 21. Con m\u00e1s de 10 a\u00f1os de experiencia en el periodismo, se especializa en pol\u00edtica nacional y an\u00e1lisis socioecon\u00f3mico. Su enfoque cr\u00edtico y riguroso aporta una perspectiva \u00fanica a cada art\u00edculo.","sameAs":["https:\/\/www.diario21.tv\/noticias\/"],"url":"https:\/\/www.diario21.tv\/noticias\/author\/juan-perez\/"}]}},"_links":{"self":[{"href":"https:\/\/www.diario21.tv\/noticias\/wp-json\/wp\/v2\/posts\/3799"}],"collection":[{"href":"https:\/\/www.diario21.tv\/noticias\/wp-json\/wp\/v2\/posts"}],"about":[{"href":"https:\/\/www.diario21.tv\/noticias\/wp-json\/wp\/v2\/types\/post"}],"author":[{"embeddable":true,"href":"https:\/\/www.diario21.tv\/noticias\/wp-json\/wp\/v2\/users\/20"}],"replies":[{"embeddable":true,"href":"https:\/\/www.diario21.tv\/noticias\/wp-json\/wp\/v2\/comments?post=3799"}],"version-history":[{"count":1,"href":"https:\/\/www.diario21.tv\/noticias\/wp-json\/wp\/v2\/posts\/3799\/revisions"}],"predecessor-version":[{"id":3801,"href":"https:\/\/www.diario21.tv\/noticias\/wp-json\/wp\/v2\/posts\/3799\/revisions\/3801"}],"wp:featuredmedia":[{"embeddable":true,"href":"https:\/\/www.diario21.tv\/noticias\/wp-json\/wp\/v2\/media\/3800"}],"wp:attachment":[{"href":"https:\/\/www.diario21.tv\/noticias\/wp-json\/wp\/v2\/media?parent=3799"}],"wp:term":[{"taxonomy":"category","embeddable":true,"href":"https:\/\/www.diario21.tv\/noticias\/wp-json\/wp\/v2\/categories?post=3799"},{"taxonomy":"post_tag","embeddable":true,"href":"https:\/\/www.diario21.tv\/noticias\/wp-json\/wp\/v2\/tags?post=3799"}],"curies":[{"name":"wp","href":"https:\/\/api.w.org\/{rel}","templated":true}]}}