{"id":379,"date":"2024-09-14T11:00:15","date_gmt":"2024-09-14T11:00:15","guid":{"rendered":"https:\/\/www.diario21.tv\/noticias\/?p=379"},"modified":"2024-09-12T12:40:33","modified_gmt":"2024-09-12T12:40:33","slug":"test-de-personalidad-como-gestionas-tus-emociones-lo-que-ves-primero-lo-revela","status":"publish","type":"post","link":"https:\/\/www.diario21.tv\/noticias\/test-de-personalidad-como-gestionas-tus-emociones-lo-que-ves-primero-lo-revela\/","title":{"rendered":"Test de personalidad: \u00bfC\u00f3mo gestionas tus emociones? Lo que ves primero lo revela"},"content":{"rendered":"<p>\u00a1Hola, entusiastas de la autoexploraci\u00f3n! Hoy te invito a un viaje divertido y revelador para descubrir m\u00e1s sobre c\u00f3mo manejas tus emociones. Este test visual promete darte una peque\u00f1a pista sobre tu forma de interpretar el mundo que te rodea y c\u00f3mo lidias con lo que sientes. As\u00ed que, respira hondo, si\u00e9ntate c\u00f3modo y prep\u00e1rate para echar un vistazo a lo m\u00e1s profundo de tu mente, siempre con un toque de humor.<\/p>\n<p><!--more--><\/p>\n<h2>\u00bfViste primero el rostro de un hombre?<\/h2>\n<p>Si lo primero que capt\u00f3 tu atenci\u00f3n fue el rostro masculino, es muy probable que seas una <a href=\"https:\/\/www.diario21.tv\/noticias\/8-caracteristicas-de-una-persona-fria-y-4-estrategias-efectivas-para-tratar-con-ellas\/\">persona<\/a> con un gran coraz\u00f3n, abierta y emp\u00e1tica. Tienes la habilidad \u00fanica de percibir los sentimientos de los dem\u00e1s y expresarlos con facilidad, algo que te convierte en el apoyo emocional de tu c\u00edrculo cercano. Sin embargo, esa sensibilidad tambi\u00e9n puede llevarte a sentirte un poco indeciso en ocasiones, ya que sueles preocuparte por no herir a nadie. Recuerda que est\u00e1 bien poner tus propios l\u00edmites de vez en cuando.<\/p>\n<h2>\u00bfTe llam\u00f3 la atenci\u00f3n la oveja?<\/h2>\n<p>Si lo primero que viste fue una oveja, probablemente seas una persona introspectiva que tiende a reflexionar profundamente antes de actuar. Caminas por tu propio sendero, disfrutando de la soledad como un espacio para crecer y comprenderte mejor. Aunque es fant\u00e1stico que te tomes el tiempo para pensar, no dejes que eso te lleve a guardar tus emociones por demasiado tiempo. A veces, compartir lo que sientes con los dem\u00e1s puede ser un alivio y te ayudar\u00e1 a conectar m\u00e1s con los que te rodean.<\/p>\n<h2>\u00bfViste al pastor?<\/h2>\n<p>Si tu atenci\u00f3n fue directamente hacia el pastor, \u00a1felicidades! Eres una persona pr\u00e1ctica, organizada y con un fuerte sentido de la responsabilidad. Sabes c\u00f3mo manejar las situaciones con claridad y poner en orden todo a tu alrededor. Adem\u00e1s, tienes la capacidad de establecer l\u00edmites saludables, algo que muchos admiran en ti. No obstante, no olvides darte un respiro de vez en cuando. Est\u00e1 bien relajarse y soltar el control de vez en cuando, incluso si eres el que mantiene todo en marcha.<\/p>\n<h2>\u00bfNotaste primero las casas?<\/h2>\n<p>Si las casas fueron lo primero que captur\u00f3 tu mirada, eres del tipo que presta atenci\u00f3n a los detalles m\u00e1s peque\u00f1os que otros suelen pasar por alto. Esta sensibilidad hacia tu entorno es un claro indicador de tu creatividad en crecimiento. Eres capaz de ver belleza donde otros ven lo cotidiano, lo que te da una perspectiva \u00fanica del mundo. Sin embargo, procura no ser demasiado duro contigo mismo; no todo tiene que ser perfecto. Perm\u00edtete disfrutar del proceso creativo sin presiones.<\/p>\n<h2>Un dato curioso para reflexionar<\/h2>\n<p>\u00bfAlguna vez o\u00edste hablar de Jean Oury? Este psic\u00f3logo franc\u00e9s dej\u00f3 una huella profunda en el mundo de la psicolog\u00eda con su enfoque innovador sobre la terapia institucional. Su trabajo sobre la conexi\u00f3n entre el arte y el psicoan\u00e1lisis es realmente fascinante. Si te apetece una lectura introspectiva, \u00a1te recomiendo que investigues sobre su obra!<\/p>\n<h2>Reflexi\u00f3n final<\/h2>\n<p>As\u00ed que, querido lector, aqu\u00ed tienes una peque\u00f1a ventana a tu forma de gestionar las emociones. T\u00f3malo con ligereza y humor, y no dudes en compartir los resultados con tus amigos y seres queridos. Recuerda, este test est\u00e1 pensado para entretenerte y hacerte reflexionar, no como un diagn\u00f3stico serio. \u00a1Feliz autoexploraci\u00f3n y hasta la pr\u00f3xima aventura de descubrimiento personal!<\/p>\n\n\n<div class=\"kk-star-ratings kksr-auto kksr-align-left kksr-valign-bottom\"\n    data-payload='{&quot;align&quot;:&quot;left&quot;,&quot;id&quot;:&quot;379&quot;,&quot;slug&quot;:&quot;default&quot;,&quot;valign&quot;:&quot;bottom&quot;,&quot;ignore&quot;:&quot;&quot;,&quot;reference&quot;:&quot;auto&quot;,&quot;class&quot;:&quot;&quot;,&quot;count&quot;:&quot;0&quot;,&quot;legendonly&quot;:&quot;&quot;,&quot;readonly&quot;:&quot;&quot;,&quot;score&quot;:&quot;0&quot;,&quot;starsonly&quot;:&quot;&quot;,&quot;best&quot;:&quot;5&quot;,&quot;gap&quot;:&quot;5&quot;,&quot;greet&quot;:&quot;Valora este post&quot;,&quot;legend&quot;:&quot;0\\\/5 - (0 votes)&quot;,&quot;size&quot;:&quot;22&quot;,&quot;title&quot;:&quot;Test de personalidad: \u00bfC\u00f3mo gestionas tus emociones? Lo que ves primero lo revela&quot;,&quot;width&quot;:&quot;0&quot;,&quot;_legend&quot;:&quot;{score}\\\/{best} - ({count} {votes})&quot;,&quot;font_factor&quot;:&quot;1.25&quot;}'>\n            \n<div class=\"kksr-stars\">\n    \n<div class=\"kksr-stars-inactive\">\n            <div class=\"kksr-star\" data-star=\"1\" style=\"padding-right: 5px\">\n            \n\n<div class=\"kksr-icon\" style=\"width: 22px; height: 22px;\"><\/div>\n        <\/div>\n            <div class=\"kksr-star\" data-star=\"2\" style=\"padding-right: 5px\">\n            \n\n<div class=\"kksr-icon\" style=\"width: 22px; height: 22px;\"><\/div>\n        <\/div>\n            <div class=\"kksr-star\" data-star=\"3\" style=\"padding-right: 5px\">\n            \n\n<div class=\"kksr-icon\" style=\"width: 22px; height: 22px;\"><\/div>\n        <\/div>\n            <div class=\"kksr-star\" data-star=\"4\" style=\"padding-right: 5px\">\n            \n\n<div class=\"kksr-icon\" style=\"width: 22px; height: 22px;\"><\/div>\n        <\/div>\n            <div class=\"kksr-star\" data-star=\"5\" style=\"padding-right: 5px\">\n            \n\n<div class=\"kksr-icon\" style=\"width: 22px; height: 22px;\"><\/div>\n        <\/div>\n    <\/div>\n    \n<div class=\"kksr-stars-active\" style=\"width: 0px;\">\n            <div class=\"kksr-star\" style=\"padding-right: 5px\">\n            \n\n<div class=\"kksr-icon\" style=\"width: 22px; height: 22px;\"><\/div>\n        <\/div>\n            <div class=\"kksr-star\" style=\"padding-right: 5px\">\n            \n\n<div class=\"kksr-icon\" style=\"width: 22px; height: 22px;\"><\/div>\n        <\/div>\n            <div class=\"kksr-star\" style=\"padding-right: 5px\">\n            \n\n<div class=\"kksr-icon\" style=\"width: 22px; height: 22px;\"><\/div>\n        <\/div>\n            <div class=\"kksr-star\" style=\"padding-right: 5px\">\n            \n\n<div class=\"kksr-icon\" style=\"width: 22px; height: 22px;\"><\/div>\n        <\/div>\n            <div class=\"kksr-star\" style=\"padding-right: 5px\">\n            \n\n<div class=\"kksr-icon\" style=\"width: 22px; height: 22px;\"><\/div>\n        <\/div>\n    <\/div>\n<\/div>\n                \n\n<div class=\"kksr-legend\" style=\"font-size: 17.6px;\">\n            <span class=\"kksr-muted\">Valora este post<\/span>\n    <\/div>\n    <\/div>\n","protected":false},"excerpt":{"rendered":"<p>\u00a1Hola, entusiastas de la autoexploraci\u00f3n! Hoy te invito a un viaje divertido y revelador para descubrir m\u00e1s sobre c\u00f3mo manejas tus emociones. Este test visual promete &#8230; <a title=\"Test de personalidad: \u00bfC\u00f3mo gestionas tus emociones? Lo que ves primero lo revela\" class=\"read-more\" href=\"https:\/\/www.diario21.tv\/noticias\/test-de-personalidad-como-gestionas-tus-emociones-lo-que-ves-primero-lo-revela\/\" aria-label=\"Leer m\u00e1s sobre Test de personalidad: \u00bfC\u00f3mo gestionas tus emociones? Lo que ves primero lo revela\">Seguir leyendo &rarr;<\/a><\/p>\n","protected":false},"author":17,"featured_media":380,"comment_status":"open","ping_status":"open","sticky":false,"template":"","format":"standard","meta":{"footnotes":""},"categories":[12],"tags":[],"class_list":["post-379","post","type-post","status-publish","format-standard","has-post-thumbnail","hentry","category-tendencia"],"yoast_head":"<!-- This site is optimized with the Yoast SEO plugin v25.6 - https:\/\/yoast.com\/wordpress\/plugins\/seo\/ -->\n<title>Test de personalidad: \u00bfC\u00f3mo gestionas tus emociones? Lo que ves primero lo revela - Diario 21<\/title>\n<meta name=\"robots\" content=\"index, follow, max-snippet:-1, max-image-preview:large, max-video-preview:-1\" \/>\n<link rel=\"canonical\" href=\"https:\/\/www.diario21.tv\/noticias\/test-de-personalidad-como-gestionas-tus-emociones-lo-que-ves-primero-lo-revela\/\" \/>\n<meta property=\"og:locale\" content=\"es_ES\" \/>\n<meta property=\"og:type\" content=\"article\" \/>\n<meta property=\"og:title\" content=\"Test de personalidad: \u00bfC\u00f3mo gestionas tus emociones? Lo que ves primero lo revela - Diario 21\" \/>\n<meta property=\"og:description\" content=\"\u00a1Hola, entusiastas de la autoexploraci\u00f3n! Hoy te invito a un viaje divertido y revelador para descubrir m\u00e1s sobre c\u00f3mo manejas tus emociones. Este test visual promete ... Seguir leyendo &rarr;\" \/>\n<meta property=\"og:url\" content=\"https:\/\/www.diario21.tv\/noticias\/test-de-personalidad-como-gestionas-tus-emociones-lo-que-ves-primero-lo-revela\/\" \/>\n<meta property=\"og:site_name\" content=\"Diario 21\" \/>\n<meta property=\"article:published_time\" content=\"2024-09-14T11:00:15+00:00\" \/>\n<meta property=\"og:image\" content=\"https:\/\/www.diario21.tv\/noticias\/wp-content\/uploads\/2024\/09\/Test-de-personalidad.jpg\" \/>\n\t<meta property=\"og:image:width\" content=\"1200\" \/>\n\t<meta property=\"og:image:height\" content=\"1631\" \/>\n\t<meta property=\"og:image:type\" content=\"image\/jpeg\" \/>\n<meta name=\"author\" content=\"Diego Ram\u00edrez\" \/>\n<meta name=\"twitter:card\" content=\"summary_large_image\" \/>\n<meta name=\"twitter:label1\" content=\"Escrito por\" \/>\n\t<meta name=\"twitter:data1\" content=\"Diego Ram\u00edrez\" \/>\n\t<meta name=\"twitter:label2\" content=\"Tiempo de lectura\" \/>\n\t<meta name=\"twitter:data2\" content=\"3 minutos\" \/>\n<script type=\"application\/ld+json\" class=\"yoast-schema-graph\">{\"@context\":\"https:\/\/schema.org\",\"@graph\":[{\"@type\":\"WebPage\",\"@id\":\"https:\/\/www.diario21.tv\/noticias\/test-de-personalidad-como-gestionas-tus-emociones-lo-que-ves-primero-lo-revela\/\",\"url\":\"https:\/\/www.diario21.tv\/noticias\/test-de-personalidad-como-gestionas-tus-emociones-lo-que-ves-primero-lo-revela\/\",\"name\":\"Test de personalidad: \u00bfC\u00f3mo gestionas tus emociones? Lo que ves primero lo revela - Diario 21\",\"isPartOf\":{\"@id\":\"https:\/\/www.diario21.tv\/noticias\/#website\"},\"primaryImageOfPage\":{\"@id\":\"https:\/\/www.diario21.tv\/noticias\/test-de-personalidad-como-gestionas-tus-emociones-lo-que-ves-primero-lo-revela\/#primaryimage\"},\"image\":{\"@id\":\"https:\/\/www.diario21.tv\/noticias\/test-de-personalidad-como-gestionas-tus-emociones-lo-que-ves-primero-lo-revela\/#primaryimage\"},\"thumbnailUrl\":\"https:\/\/www.diario21.tv\/noticias\/wp-content\/uploads\/2024\/09\/Test-de-personalidad.jpg\",\"datePublished\":\"2024-09-14T11:00:15+00:00\",\"author\":{\"@id\":\"https:\/\/www.diario21.tv\/noticias\/#\/schema\/person\/82784493c2386321eca1931994300a93\"},\"breadcrumb\":{\"@id\":\"https:\/\/www.diario21.tv\/noticias\/test-de-personalidad-como-gestionas-tus-emociones-lo-que-ves-primero-lo-revela\/#breadcrumb\"},\"inLanguage\":\"es-AR\",\"potentialAction\":[{\"@type\":\"ReadAction\",\"target\":[\"https:\/\/www.diario21.tv\/noticias\/test-de-personalidad-como-gestionas-tus-emociones-lo-que-ves-primero-lo-revela\/\"]}]},{\"@type\":\"ImageObject\",\"inLanguage\":\"es-AR\",\"@id\":\"https:\/\/www.diario21.tv\/noticias\/test-de-personalidad-como-gestionas-tus-emociones-lo-que-ves-primero-lo-revela\/#primaryimage\",\"url\":\"https:\/\/www.diario21.tv\/noticias\/wp-content\/uploads\/2024\/09\/Test-de-personalidad.jpg\",\"contentUrl\":\"https:\/\/www.diario21.tv\/noticias\/wp-content\/uploads\/2024\/09\/Test-de-personalidad.jpg\",\"width\":1200,\"height\":1631,\"caption\":\"Test de personalidad: \u00bfC\u00f3mo gestionas tus emociones? Lo que ves primero lo revela\"},{\"@type\":\"BreadcrumbList\",\"@id\":\"https:\/\/www.diario21.tv\/noticias\/test-de-personalidad-como-gestionas-tus-emociones-lo-que-ves-primero-lo-revela\/#breadcrumb\",\"itemListElement\":[{\"@type\":\"ListItem\",\"position\":1,\"name\":\"Accueil\",\"item\":\"https:\/\/www.diario21.tv\/noticias\/\"},{\"@type\":\"ListItem\",\"position\":2,\"name\":\"Test de personalidad: \u00bfC\u00f3mo gestionas tus emociones? Lo que ves primero lo revela\"}]},{\"@type\":\"WebSite\",\"@id\":\"https:\/\/www.diario21.tv\/noticias\/#website\",\"url\":\"https:\/\/www.diario21.tv\/noticias\/\",\"name\":\"Diario 21\",\"description\":\"\",\"potentialAction\":[{\"@type\":\"SearchAction\",\"target\":{\"@type\":\"EntryPoint\",\"urlTemplate\":\"https:\/\/www.diario21.tv\/noticias\/?s={search_term_string}\"},\"query-input\":{\"@type\":\"PropertyValueSpecification\",\"valueRequired\":true,\"valueName\":\"search_term_string\"}}],\"inLanguage\":\"es-AR\"},{\"@type\":\"Person\",\"@id\":\"https:\/\/www.diario21.tv\/noticias\/#\/schema\/person\/82784493c2386321eca1931994300a93\",\"name\":\"Diego Ram\u00edrez\",\"image\":{\"@type\":\"ImageObject\",\"inLanguage\":\"es-AR\",\"@id\":\"https:\/\/www.diario21.tv\/noticias\/#\/schema\/person\/image\/\",\"url\":\"https:\/\/secure.gravatar.com\/avatar\/19f9d4b705c0e181063e13bbda16fe42?s=96&d=mm&r=g\",\"contentUrl\":\"https:\/\/secure.gravatar.com\/avatar\/19f9d4b705c0e181063e13bbda16fe42?s=96&d=mm&r=g\",\"caption\":\"Diego Ram\u00edrez\"},\"description\":\"Diego Ram\u00edrez es el encargado de la secci\u00f3n de deportes en Diario 21. Con una amplia experiencia cubriendo eventos deportivos nacionales e internacionales, Diego ofrece una mirada apasionada y detallada del mundo deportivo.\",\"url\":\"https:\/\/www.diario21.tv\/noticias\/author\/contacthotwine-net\/\"}]}<\/script>\n<!-- \/ Yoast SEO plugin. -->","yoast_head_json":{"title":"Test de personalidad: \u00bfC\u00f3mo gestionas tus emociones? Lo que ves primero lo revela - Diario 21","robots":{"index":"index","follow":"follow","max-snippet":"max-snippet:-1","max-image-preview":"max-image-preview:large","max-video-preview":"max-video-preview:-1"},"canonical":"https:\/\/www.diario21.tv\/noticias\/test-de-personalidad-como-gestionas-tus-emociones-lo-que-ves-primero-lo-revela\/","og_locale":"es_ES","og_type":"article","og_title":"Test de personalidad: \u00bfC\u00f3mo gestionas tus emociones? Lo que ves primero lo revela - Diario 21","og_description":"\u00a1Hola, entusiastas de la autoexploraci\u00f3n! Hoy te invito a un viaje divertido y revelador para descubrir m\u00e1s sobre c\u00f3mo manejas tus emociones. Este test visual promete ... Seguir leyendo &rarr;","og_url":"https:\/\/www.diario21.tv\/noticias\/test-de-personalidad-como-gestionas-tus-emociones-lo-que-ves-primero-lo-revela\/","og_site_name":"Diario 21","article_published_time":"2024-09-14T11:00:15+00:00","og_image":[{"width":1200,"height":1631,"url":"https:\/\/www.diario21.tv\/noticias\/wp-content\/uploads\/2024\/09\/Test-de-personalidad.jpg","type":"image\/jpeg"}],"author":"Diego Ram\u00edrez","twitter_card":"summary_large_image","twitter_misc":{"Escrito por":"Diego Ram\u00edrez","Tiempo de lectura":"3 minutos"},"schema":{"@context":"https:\/\/schema.org","@graph":[{"@type":"WebPage","@id":"https:\/\/www.diario21.tv\/noticias\/test-de-personalidad-como-gestionas-tus-emociones-lo-que-ves-primero-lo-revela\/","url":"https:\/\/www.diario21.tv\/noticias\/test-de-personalidad-como-gestionas-tus-emociones-lo-que-ves-primero-lo-revela\/","name":"Test de personalidad: \u00bfC\u00f3mo gestionas tus emociones? Lo que ves primero lo revela - Diario 21","isPartOf":{"@id":"https:\/\/www.diario21.tv\/noticias\/#website"},"primaryImageOfPage":{"@id":"https:\/\/www.diario21.tv\/noticias\/test-de-personalidad-como-gestionas-tus-emociones-lo-que-ves-primero-lo-revela\/#primaryimage"},"image":{"@id":"https:\/\/www.diario21.tv\/noticias\/test-de-personalidad-como-gestionas-tus-emociones-lo-que-ves-primero-lo-revela\/#primaryimage"},"thumbnailUrl":"https:\/\/www.diario21.tv\/noticias\/wp-content\/uploads\/2024\/09\/Test-de-personalidad.jpg","datePublished":"2024-09-14T11:00:15+00:00","author":{"@id":"https:\/\/www.diario21.tv\/noticias\/#\/schema\/person\/82784493c2386321eca1931994300a93"},"breadcrumb":{"@id":"https:\/\/www.diario21.tv\/noticias\/test-de-personalidad-como-gestionas-tus-emociones-lo-que-ves-primero-lo-revela\/#breadcrumb"},"inLanguage":"es-AR","potentialAction":[{"@type":"ReadAction","target":["https:\/\/www.diario21.tv\/noticias\/test-de-personalidad-como-gestionas-tus-emociones-lo-que-ves-primero-lo-revela\/"]}]},{"@type":"ImageObject","inLanguage":"es-AR","@id":"https:\/\/www.diario21.tv\/noticias\/test-de-personalidad-como-gestionas-tus-emociones-lo-que-ves-primero-lo-revela\/#primaryimage","url":"https:\/\/www.diario21.tv\/noticias\/wp-content\/uploads\/2024\/09\/Test-de-personalidad.jpg","contentUrl":"https:\/\/www.diario21.tv\/noticias\/wp-content\/uploads\/2024\/09\/Test-de-personalidad.jpg","width":1200,"height":1631,"caption":"Test de personalidad: \u00bfC\u00f3mo gestionas tus emociones? Lo que ves primero lo revela"},{"@type":"BreadcrumbList","@id":"https:\/\/www.diario21.tv\/noticias\/test-de-personalidad-como-gestionas-tus-emociones-lo-que-ves-primero-lo-revela\/#breadcrumb","itemListElement":[{"@type":"ListItem","position":1,"name":"Accueil","item":"https:\/\/www.diario21.tv\/noticias\/"},{"@type":"ListItem","position":2,"name":"Test de personalidad: \u00bfC\u00f3mo gestionas tus emociones? Lo que ves primero lo revela"}]},{"@type":"WebSite","@id":"https:\/\/www.diario21.tv\/noticias\/#website","url":"https:\/\/www.diario21.tv\/noticias\/","name":"Diario 21","description":"","potentialAction":[{"@type":"SearchAction","target":{"@type":"EntryPoint","urlTemplate":"https:\/\/www.diario21.tv\/noticias\/?s={search_term_string}"},"query-input":{"@type":"PropertyValueSpecification","valueRequired":true,"valueName":"search_term_string"}}],"inLanguage":"es-AR"},{"@type":"Person","@id":"https:\/\/www.diario21.tv\/noticias\/#\/schema\/person\/82784493c2386321eca1931994300a93","name":"Diego Ram\u00edrez","image":{"@type":"ImageObject","inLanguage":"es-AR","@id":"https:\/\/www.diario21.tv\/noticias\/#\/schema\/person\/image\/","url":"https:\/\/secure.gravatar.com\/avatar\/19f9d4b705c0e181063e13bbda16fe42?s=96&d=mm&r=g","contentUrl":"https:\/\/secure.gravatar.com\/avatar\/19f9d4b705c0e181063e13bbda16fe42?s=96&d=mm&r=g","caption":"Diego Ram\u00edrez"},"description":"Diego Ram\u00edrez es el encargado de la secci\u00f3n de deportes en Diario 21. Con una amplia experiencia cubriendo eventos deportivos nacionales e internacionales, Diego ofrece una mirada apasionada y detallada del mundo deportivo.","url":"https:\/\/www.diario21.tv\/noticias\/author\/contacthotwine-net\/"}]}},"_links":{"self":[{"href":"https:\/\/www.diario21.tv\/noticias\/wp-json\/wp\/v2\/posts\/379"}],"collection":[{"href":"https:\/\/www.diario21.tv\/noticias\/wp-json\/wp\/v2\/posts"}],"about":[{"href":"https:\/\/www.diario21.tv\/noticias\/wp-json\/wp\/v2\/types\/post"}],"author":[{"embeddable":true,"href":"https:\/\/www.diario21.tv\/noticias\/wp-json\/wp\/v2\/users\/17"}],"replies":[{"embeddable":true,"href":"https:\/\/www.diario21.tv\/noticias\/wp-json\/wp\/v2\/comments?post=379"}],"version-history":[{"count":1,"href":"https:\/\/www.diario21.tv\/noticias\/wp-json\/wp\/v2\/posts\/379\/revisions"}],"predecessor-version":[{"id":381,"href":"https:\/\/www.diario21.tv\/noticias\/wp-json\/wp\/v2\/posts\/379\/revisions\/381"}],"wp:featuredmedia":[{"embeddable":true,"href":"https:\/\/www.diario21.tv\/noticias\/wp-json\/wp\/v2\/media\/380"}],"wp:attachment":[{"href":"https:\/\/www.diario21.tv\/noticias\/wp-json\/wp\/v2\/media?parent=379"}],"wp:term":[{"taxonomy":"category","embeddable":true,"href":"https:\/\/www.diario21.tv\/noticias\/wp-json\/wp\/v2\/categories?post=379"},{"taxonomy":"post_tag","embeddable":true,"href":"https:\/\/www.diario21.tv\/noticias\/wp-json\/wp\/v2\/tags?post=379"}],"curies":[{"name":"wp","href":"https:\/\/api.w.org\/{rel}","templated":true}]}}