{"id":3784,"date":"2025-07-12T04:38:59","date_gmt":"2025-07-12T04:38:59","guid":{"rendered":"https:\/\/www.diario21.tv\/noticias\/verano-y-parejas-lara-ferreiro-revela-por-que-aumentan-las-infidelidades\/"},"modified":"2025-07-12T04:39:00","modified_gmt":"2025-07-12T04:39:00","slug":"verano-y-parejas-lara-ferreiro-revela-por-que-aumentan-las-infidelidades","status":"publish","type":"post","link":"https:\/\/www.diario21.tv\/noticias\/verano-y-parejas-lara-ferreiro-revela-por-que-aumentan-las-infidelidades\/","title":{"rendered":"Verano y Parejas: Lara Ferreiro Revela por Qu\u00e9 Aumentan las Infidelidades"},"content":{"rendered":"<h2>La Psic\u00f3loga Lara Ferreiro Discute el Aumento de Infidelidades Durante el Verano<\/h2>\n<p>El verano suele ser una \u00e9poca asociada con el relax y la diversi\u00f3n. Sin embargo, seg\u00fan Lara Ferreiro, una reconocida psic\u00f3loga, tambi\u00e9n es un per\u00edodo en el que se observa un incremento notable en las infidelidades entre parejas. Ferreiro explica que hay varios factores que contribuyen a esta tendencia, los cuales son importantes de entender para poder manejar mejor las relaciones durante esta estaci\u00f3n.<\/p>\n<h3>Razones Detr\u00e1s del Aumento de Infidelidades en Verano<\/h3>\n<p>Lara Ferreiro se\u00f1ala que uno de los principales motivos por los que se ve un aumento en las infidelidades durante el verano es el cambio en la rutina habitual de las personas. Durante estos meses, muchas parejas pasan tiempo separadas debido a vacaciones distintas o compromisos personales que no coinciden. Esta distancia f\u00edsica puede llevar a un distanciamiento emocional, creando un terreno f\u00e9rtil para las infidelidades.<\/p>\n<p>Adem\u00e1s, el verano trae consigo una mayor socializaci\u00f3n. Hay m\u00e1s actividades al aire libre, fiestas y encuentros sociales que en otras \u00e9pocas del a\u00f1o. Este incremento en las oportunidades de conocer nuevas personas puede provocar tentaciones y, en algunos casos, llevar a actos de infidelidad.<\/p>\n<h3>Impacto del Entorno y la Temporada<\/h3>\n<p>Otro aspecto que Ferreiro destaca es el ambiente relajado del verano, que puede hacer que algunas personas se sientan m\u00e1s liberadas de las presiones cotidianas. Este sentimiento de libertad y desinhibici\u00f3n, combinado con el consumo de alcohol que suele ser m\u00e1s frecuente en eventos veraniegos, puede alterar el juicio de las personas y propiciar decisiones impulsivas, incluyendo la infidelidad.<\/p>\n<h3>Consejos para Fortalecer la Relaci\u00f3n en Verano<\/h3>\n<p>Para contrarrestar estos riesgos, Lara Ferreiro ofrece algunos consejos para las parejas. Primero, sugiere mantener una comunicaci\u00f3n abierta y honesta. Hablar sobre los planes de cada uno para el verano y establecer expectativas claras puede ayudar a prevenir malentendidos y sentimientos de abandono o negligencia.<\/p>\n<p>Tambi\u00e9n recomienda planificar actividades juntos. Aprovechar el tiempo libre para disfrutar de experiencias compartidas puede fortalecer el v\u00ednculo de la pareja y disminuir las posibilidades de infidelidad. Esto incluye desde peque\u00f1as escapadas de fin de semana hasta proyectos o hobbies que se puedan realizar en conjunto.<\/p>\n<p>Finalmente, Ferreiro enfatiza la importancia de confiar el uno en el otro y de trabajar constantemente en la relaci\u00f3n. El verano no tiene que ser una \u00e9poca de tensi\u00f3n y conflictos; con el enfoque y cuidado adecuados, puede ser un tiempo para crecer y fortalecer la relaci\u00f3n.<\/p>\n<p>En resumen, aunque el verano puede presentar algunos desaf\u00edos para las parejas, entender las razones detr\u00e1s de estos problemas y tomar medidas proactivas puede ayudar a mantener una relaci\u00f3n saludable y feliz durante estos meses y m\u00e1s all\u00e1.<\/p>\n\n\n<div class=\"kk-star-ratings kksr-auto kksr-align-left kksr-valign-bottom\"\n    data-payload='{&quot;align&quot;:&quot;left&quot;,&quot;id&quot;:&quot;3784&quot;,&quot;slug&quot;:&quot;default&quot;,&quot;valign&quot;:&quot;bottom&quot;,&quot;ignore&quot;:&quot;&quot;,&quot;reference&quot;:&quot;auto&quot;,&quot;class&quot;:&quot;&quot;,&quot;count&quot;:&quot;0&quot;,&quot;legendonly&quot;:&quot;&quot;,&quot;readonly&quot;:&quot;&quot;,&quot;score&quot;:&quot;0&quot;,&quot;starsonly&quot;:&quot;&quot;,&quot;best&quot;:&quot;5&quot;,&quot;gap&quot;:&quot;5&quot;,&quot;greet&quot;:&quot;Valora este post&quot;,&quot;legend&quot;:&quot;0\\\/5 - (0 votes)&quot;,&quot;size&quot;:&quot;22&quot;,&quot;title&quot;:&quot;Verano y Parejas: Lara Ferreiro Revela por Qu\u00e9 Aumentan las Infidelidades&quot;,&quot;width&quot;:&quot;0&quot;,&quot;_legend&quot;:&quot;{score}\\\/{best} - ({count} {votes})&quot;,&quot;font_factor&quot;:&quot;1.25&quot;}'>\n            \n<div class=\"kksr-stars\">\n    \n<div class=\"kksr-stars-inactive\">\n            <div class=\"kksr-star\" data-star=\"1\" style=\"padding-right: 5px\">\n            \n\n<div class=\"kksr-icon\" style=\"width: 22px; height: 22px;\"><\/div>\n        <\/div>\n            <div class=\"kksr-star\" data-star=\"2\" style=\"padding-right: 5px\">\n            \n\n<div class=\"kksr-icon\" style=\"width: 22px; height: 22px;\"><\/div>\n        <\/div>\n            <div class=\"kksr-star\" data-star=\"3\" style=\"padding-right: 5px\">\n            \n\n<div class=\"kksr-icon\" style=\"width: 22px; height: 22px;\"><\/div>\n        <\/div>\n            <div class=\"kksr-star\" data-star=\"4\" style=\"padding-right: 5px\">\n            \n\n<div class=\"kksr-icon\" style=\"width: 22px; height: 22px;\"><\/div>\n        <\/div>\n            <div class=\"kksr-star\" data-star=\"5\" style=\"padding-right: 5px\">\n            \n\n<div class=\"kksr-icon\" style=\"width: 22px; height: 22px;\"><\/div>\n        <\/div>\n    <\/div>\n    \n<div class=\"kksr-stars-active\" style=\"width: 0px;\">\n            <div class=\"kksr-star\" style=\"padding-right: 5px\">\n            \n\n<div class=\"kksr-icon\" style=\"width: 22px; height: 22px;\"><\/div>\n        <\/div>\n            <div class=\"kksr-star\" style=\"padding-right: 5px\">\n            \n\n<div class=\"kksr-icon\" style=\"width: 22px; height: 22px;\"><\/div>\n        <\/div>\n            <div class=\"kksr-star\" style=\"padding-right: 5px\">\n            \n\n<div class=\"kksr-icon\" style=\"width: 22px; height: 22px;\"><\/div>\n        <\/div>\n            <div class=\"kksr-star\" style=\"padding-right: 5px\">\n            \n\n<div class=\"kksr-icon\" style=\"width: 22px; height: 22px;\"><\/div>\n        <\/div>\n            <div class=\"kksr-star\" style=\"padding-right: 5px\">\n            \n\n<div class=\"kksr-icon\" style=\"width: 22px; height: 22px;\"><\/div>\n        <\/div>\n    <\/div>\n<\/div>\n                \n\n<div class=\"kksr-legend\" style=\"font-size: 17.6px;\">\n            <span class=\"kksr-muted\">Valora este post<\/span>\n    <\/div>\n    <\/div>\n","protected":false},"excerpt":{"rendered":"<p>La Psic\u00f3loga Lara Ferreiro Discute el Aumento de Infidelidades Durante el Verano El verano suele ser una \u00e9poca asociada con el relax y la diversi\u00f3n. Sin &#8230; <a title=\"Verano y Parejas: Lara Ferreiro Revela por Qu\u00e9 Aumentan las Infidelidades\" class=\"read-more\" href=\"https:\/\/www.diario21.tv\/noticias\/verano-y-parejas-lara-ferreiro-revela-por-que-aumentan-las-infidelidades\/\" aria-label=\"Leer m\u00e1s sobre Verano y Parejas: Lara Ferreiro Revela por Qu\u00e9 Aumentan las Infidelidades\">Seguir leyendo &rarr;<\/a><\/p>\n","protected":false},"author":20,"featured_media":3785,"comment_status":"open","ping_status":"open","sticky":false,"template":"","format":"standard","meta":{"footnotes":""},"categories":[13],"tags":[],"class_list":["post-3784","post","type-post","status-publish","format-standard","has-post-thumbnail","hentry","category-portada"],"yoast_head":"<!-- This site is optimized with the Yoast SEO plugin v25.6 - https:\/\/yoast.com\/wordpress\/plugins\/seo\/ -->\n<title>Verano y Parejas: Lara Ferreiro Revela por Qu\u00e9 Aumentan las Infidelidades - Diario 21<\/title>\n<meta name=\"robots\" content=\"index, follow, max-snippet:-1, max-image-preview:large, max-video-preview:-1\" \/>\n<link rel=\"canonical\" href=\"https:\/\/www.diario21.tv\/noticias\/verano-y-parejas-lara-ferreiro-revela-por-que-aumentan-las-infidelidades\/\" \/>\n<meta property=\"og:locale\" content=\"es_ES\" \/>\n<meta property=\"og:type\" content=\"article\" \/>\n<meta property=\"og:title\" content=\"Verano y Parejas: Lara Ferreiro Revela por Qu\u00e9 Aumentan las Infidelidades - Diario 21\" \/>\n<meta property=\"og:description\" content=\"La Psic\u00f3loga Lara Ferreiro Discute el Aumento de Infidelidades Durante el Verano El verano suele ser una \u00e9poca asociada con el relax y la diversi\u00f3n. Sin ... Seguir leyendo &rarr;\" \/>\n<meta property=\"og:url\" content=\"https:\/\/www.diario21.tv\/noticias\/verano-y-parejas-lara-ferreiro-revela-por-que-aumentan-las-infidelidades\/\" \/>\n<meta property=\"og:site_name\" content=\"Diario 21\" \/>\n<meta property=\"article:published_time\" content=\"2025-07-12T04:38:59+00:00\" \/>\n<meta property=\"article:modified_time\" content=\"2025-07-12T04:39:00+00:00\" \/>\n<meta property=\"og:image\" content=\"https:\/\/www.diario21.tv\/noticias\/wp-content\/uploads\/2025\/07\/Verano-y-Parejas-Lara-Ferreiro-Revela-por-Que-Aumentan-las.jpg\" \/>\n\t<meta property=\"og:image:width\" content=\"1200\" \/>\n\t<meta property=\"og:image:height\" content=\"840\" \/>\n\t<meta property=\"og:image:type\" content=\"image\/jpeg\" \/>\n<meta name=\"author\" content=\"Juan P\u00e9rez\" \/>\n<meta name=\"twitter:card\" content=\"summary_large_image\" \/>\n<meta name=\"twitter:label1\" content=\"Escrito por\" \/>\n\t<meta name=\"twitter:data1\" content=\"Juan P\u00e9rez\" \/>\n\t<meta name=\"twitter:label2\" content=\"Tiempo de lectura\" \/>\n\t<meta name=\"twitter:data2\" content=\"2 minutos\" \/>\n<script type=\"application\/ld+json\" class=\"yoast-schema-graph\">{\"@context\":\"https:\/\/schema.org\",\"@graph\":[{\"@type\":\"WebPage\",\"@id\":\"https:\/\/www.diario21.tv\/noticias\/verano-y-parejas-lara-ferreiro-revela-por-que-aumentan-las-infidelidades\/\",\"url\":\"https:\/\/www.diario21.tv\/noticias\/verano-y-parejas-lara-ferreiro-revela-por-que-aumentan-las-infidelidades\/\",\"name\":\"Verano y Parejas: Lara Ferreiro Revela por Qu\u00e9 Aumentan las Infidelidades - Diario 21\",\"isPartOf\":{\"@id\":\"https:\/\/www.diario21.tv\/noticias\/#website\"},\"primaryImageOfPage\":{\"@id\":\"https:\/\/www.diario21.tv\/noticias\/verano-y-parejas-lara-ferreiro-revela-por-que-aumentan-las-infidelidades\/#primaryimage\"},\"image\":{\"@id\":\"https:\/\/www.diario21.tv\/noticias\/verano-y-parejas-lara-ferreiro-revela-por-que-aumentan-las-infidelidades\/#primaryimage\"},\"thumbnailUrl\":\"https:\/\/www.diario21.tv\/noticias\/wp-content\/uploads\/2025\/07\/Verano-y-Parejas-Lara-Ferreiro-Revela-por-Que-Aumentan-las.jpg\",\"datePublished\":\"2025-07-12T04:38:59+00:00\",\"dateModified\":\"2025-07-12T04:39:00+00:00\",\"author\":{\"@id\":\"https:\/\/www.diario21.tv\/noticias\/#\/schema\/person\/dfb778f73814d8f09f302618446a526b\"},\"breadcrumb\":{\"@id\":\"https:\/\/www.diario21.tv\/noticias\/verano-y-parejas-lara-ferreiro-revela-por-que-aumentan-las-infidelidades\/#breadcrumb\"},\"inLanguage\":\"es-AR\",\"potentialAction\":[{\"@type\":\"ReadAction\",\"target\":[\"https:\/\/www.diario21.tv\/noticias\/verano-y-parejas-lara-ferreiro-revela-por-que-aumentan-las-infidelidades\/\"]}]},{\"@type\":\"ImageObject\",\"inLanguage\":\"es-AR\",\"@id\":\"https:\/\/www.diario21.tv\/noticias\/verano-y-parejas-lara-ferreiro-revela-por-que-aumentan-las-infidelidades\/#primaryimage\",\"url\":\"https:\/\/www.diario21.tv\/noticias\/wp-content\/uploads\/2025\/07\/Verano-y-Parejas-Lara-Ferreiro-Revela-por-Que-Aumentan-las.jpg\",\"contentUrl\":\"https:\/\/www.diario21.tv\/noticias\/wp-content\/uploads\/2025\/07\/Verano-y-Parejas-Lara-Ferreiro-Revela-por-Que-Aumentan-las.jpg\",\"width\":1200,\"height\":840,\"caption\":\"La psic\u00f3loga Lara Ferreiro sobre las parejas en verano: \u00abEste es el motivo por el que se disparan las infidelidades\u00bb\"},{\"@type\":\"BreadcrumbList\",\"@id\":\"https:\/\/www.diario21.tv\/noticias\/verano-y-parejas-lara-ferreiro-revela-por-que-aumentan-las-infidelidades\/#breadcrumb\",\"itemListElement\":[{\"@type\":\"ListItem\",\"position\":1,\"name\":\"Accueil\",\"item\":\"https:\/\/www.diario21.tv\/noticias\/\"},{\"@type\":\"ListItem\",\"position\":2,\"name\":\"Verano y Parejas: Lara Ferreiro Revela por Qu\u00e9 Aumentan las Infidelidades\"}]},{\"@type\":\"WebSite\",\"@id\":\"https:\/\/www.diario21.tv\/noticias\/#website\",\"url\":\"https:\/\/www.diario21.tv\/noticias\/\",\"name\":\"Diario 21\",\"description\":\"\",\"potentialAction\":[{\"@type\":\"SearchAction\",\"target\":{\"@type\":\"EntryPoint\",\"urlTemplate\":\"https:\/\/www.diario21.tv\/noticias\/?s={search_term_string}\"},\"query-input\":{\"@type\":\"PropertyValueSpecification\",\"valueRequired\":true,\"valueName\":\"search_term_string\"}}],\"inLanguage\":\"es-AR\"},{\"@type\":\"Person\",\"@id\":\"https:\/\/www.diario21.tv\/noticias\/#\/schema\/person\/dfb778f73814d8f09f302618446a526b\",\"name\":\"Juan P\u00e9rez\",\"image\":{\"@type\":\"ImageObject\",\"inLanguage\":\"es-AR\",\"@id\":\"https:\/\/www.diario21.tv\/noticias\/#\/schema\/person\/image\/\",\"url\":\"https:\/\/secure.gravatar.com\/avatar\/c478a405bd10621167f4c3167cc770f5?s=96&d=mm&r=g\",\"contentUrl\":\"https:\/\/secure.gravatar.com\/avatar\/c478a405bd10621167f4c3167cc770f5?s=96&d=mm&r=g\",\"caption\":\"Juan P\u00e9rez\"},\"description\":\"Juan P\u00e9rez es el redactor en jefe de Diario 21. Con m\u00e1s de 10 a\u00f1os de experiencia en el periodismo, se especializa en pol\u00edtica nacional y an\u00e1lisis socioecon\u00f3mico. Su enfoque cr\u00edtico y riguroso aporta una perspectiva \u00fanica a cada art\u00edculo.\",\"sameAs\":[\"https:\/\/www.diario21.tv\/noticias\/\"],\"url\":\"https:\/\/www.diario21.tv\/noticias\/author\/juan-perez\/\"}]}<\/script>\n<!-- \/ Yoast SEO plugin. -->","yoast_head_json":{"title":"Verano y Parejas: Lara Ferreiro Revela por Qu\u00e9 Aumentan las Infidelidades - Diario 21","robots":{"index":"index","follow":"follow","max-snippet":"max-snippet:-1","max-image-preview":"max-image-preview:large","max-video-preview":"max-video-preview:-1"},"canonical":"https:\/\/www.diario21.tv\/noticias\/verano-y-parejas-lara-ferreiro-revela-por-que-aumentan-las-infidelidades\/","og_locale":"es_ES","og_type":"article","og_title":"Verano y Parejas: Lara Ferreiro Revela por Qu\u00e9 Aumentan las Infidelidades - Diario 21","og_description":"La Psic\u00f3loga Lara Ferreiro Discute el Aumento de Infidelidades Durante el Verano El verano suele ser una \u00e9poca asociada con el relax y la diversi\u00f3n. Sin ... Seguir leyendo &rarr;","og_url":"https:\/\/www.diario21.tv\/noticias\/verano-y-parejas-lara-ferreiro-revela-por-que-aumentan-las-infidelidades\/","og_site_name":"Diario 21","article_published_time":"2025-07-12T04:38:59+00:00","article_modified_time":"2025-07-12T04:39:00+00:00","og_image":[{"width":1200,"height":840,"url":"https:\/\/www.diario21.tv\/noticias\/wp-content\/uploads\/2025\/07\/Verano-y-Parejas-Lara-Ferreiro-Revela-por-Que-Aumentan-las.jpg","type":"image\/jpeg"}],"author":"Juan P\u00e9rez","twitter_card":"summary_large_image","twitter_misc":{"Escrito por":"Juan P\u00e9rez","Tiempo de lectura":"2 minutos"},"schema":{"@context":"https:\/\/schema.org","@graph":[{"@type":"WebPage","@id":"https:\/\/www.diario21.tv\/noticias\/verano-y-parejas-lara-ferreiro-revela-por-que-aumentan-las-infidelidades\/","url":"https:\/\/www.diario21.tv\/noticias\/verano-y-parejas-lara-ferreiro-revela-por-que-aumentan-las-infidelidades\/","name":"Verano y Parejas: Lara Ferreiro Revela por Qu\u00e9 Aumentan las Infidelidades - Diario 21","isPartOf":{"@id":"https:\/\/www.diario21.tv\/noticias\/#website"},"primaryImageOfPage":{"@id":"https:\/\/www.diario21.tv\/noticias\/verano-y-parejas-lara-ferreiro-revela-por-que-aumentan-las-infidelidades\/#primaryimage"},"image":{"@id":"https:\/\/www.diario21.tv\/noticias\/verano-y-parejas-lara-ferreiro-revela-por-que-aumentan-las-infidelidades\/#primaryimage"},"thumbnailUrl":"https:\/\/www.diario21.tv\/noticias\/wp-content\/uploads\/2025\/07\/Verano-y-Parejas-Lara-Ferreiro-Revela-por-Que-Aumentan-las.jpg","datePublished":"2025-07-12T04:38:59+00:00","dateModified":"2025-07-12T04:39:00+00:00","author":{"@id":"https:\/\/www.diario21.tv\/noticias\/#\/schema\/person\/dfb778f73814d8f09f302618446a526b"},"breadcrumb":{"@id":"https:\/\/www.diario21.tv\/noticias\/verano-y-parejas-lara-ferreiro-revela-por-que-aumentan-las-infidelidades\/#breadcrumb"},"inLanguage":"es-AR","potentialAction":[{"@type":"ReadAction","target":["https:\/\/www.diario21.tv\/noticias\/verano-y-parejas-lara-ferreiro-revela-por-que-aumentan-las-infidelidades\/"]}]},{"@type":"ImageObject","inLanguage":"es-AR","@id":"https:\/\/www.diario21.tv\/noticias\/verano-y-parejas-lara-ferreiro-revela-por-que-aumentan-las-infidelidades\/#primaryimage","url":"https:\/\/www.diario21.tv\/noticias\/wp-content\/uploads\/2025\/07\/Verano-y-Parejas-Lara-Ferreiro-Revela-por-Que-Aumentan-las.jpg","contentUrl":"https:\/\/www.diario21.tv\/noticias\/wp-content\/uploads\/2025\/07\/Verano-y-Parejas-Lara-Ferreiro-Revela-por-Que-Aumentan-las.jpg","width":1200,"height":840,"caption":"La psic\u00f3loga Lara Ferreiro sobre las parejas en verano: \u00abEste es el motivo por el que se disparan las infidelidades\u00bb"},{"@type":"BreadcrumbList","@id":"https:\/\/www.diario21.tv\/noticias\/verano-y-parejas-lara-ferreiro-revela-por-que-aumentan-las-infidelidades\/#breadcrumb","itemListElement":[{"@type":"ListItem","position":1,"name":"Accueil","item":"https:\/\/www.diario21.tv\/noticias\/"},{"@type":"ListItem","position":2,"name":"Verano y Parejas: Lara Ferreiro Revela por Qu\u00e9 Aumentan las Infidelidades"}]},{"@type":"WebSite","@id":"https:\/\/www.diario21.tv\/noticias\/#website","url":"https:\/\/www.diario21.tv\/noticias\/","name":"Diario 21","description":"","potentialAction":[{"@type":"SearchAction","target":{"@type":"EntryPoint","urlTemplate":"https:\/\/www.diario21.tv\/noticias\/?s={search_term_string}"},"query-input":{"@type":"PropertyValueSpecification","valueRequired":true,"valueName":"search_term_string"}}],"inLanguage":"es-AR"},{"@type":"Person","@id":"https:\/\/www.diario21.tv\/noticias\/#\/schema\/person\/dfb778f73814d8f09f302618446a526b","name":"Juan P\u00e9rez","image":{"@type":"ImageObject","inLanguage":"es-AR","@id":"https:\/\/www.diario21.tv\/noticias\/#\/schema\/person\/image\/","url":"https:\/\/secure.gravatar.com\/avatar\/c478a405bd10621167f4c3167cc770f5?s=96&d=mm&r=g","contentUrl":"https:\/\/secure.gravatar.com\/avatar\/c478a405bd10621167f4c3167cc770f5?s=96&d=mm&r=g","caption":"Juan P\u00e9rez"},"description":"Juan P\u00e9rez es el redactor en jefe de Diario 21. Con m\u00e1s de 10 a\u00f1os de experiencia en el periodismo, se especializa en pol\u00edtica nacional y an\u00e1lisis socioecon\u00f3mico. Su enfoque cr\u00edtico y riguroso aporta una perspectiva \u00fanica a cada art\u00edculo.","sameAs":["https:\/\/www.diario21.tv\/noticias\/"],"url":"https:\/\/www.diario21.tv\/noticias\/author\/juan-perez\/"}]}},"_links":{"self":[{"href":"https:\/\/www.diario21.tv\/noticias\/wp-json\/wp\/v2\/posts\/3784"}],"collection":[{"href":"https:\/\/www.diario21.tv\/noticias\/wp-json\/wp\/v2\/posts"}],"about":[{"href":"https:\/\/www.diario21.tv\/noticias\/wp-json\/wp\/v2\/types\/post"}],"author":[{"embeddable":true,"href":"https:\/\/www.diario21.tv\/noticias\/wp-json\/wp\/v2\/users\/20"}],"replies":[{"embeddable":true,"href":"https:\/\/www.diario21.tv\/noticias\/wp-json\/wp\/v2\/comments?post=3784"}],"version-history":[{"count":1,"href":"https:\/\/www.diario21.tv\/noticias\/wp-json\/wp\/v2\/posts\/3784\/revisions"}],"predecessor-version":[{"id":3786,"href":"https:\/\/www.diario21.tv\/noticias\/wp-json\/wp\/v2\/posts\/3784\/revisions\/3786"}],"wp:featuredmedia":[{"embeddable":true,"href":"https:\/\/www.diario21.tv\/noticias\/wp-json\/wp\/v2\/media\/3785"}],"wp:attachment":[{"href":"https:\/\/www.diario21.tv\/noticias\/wp-json\/wp\/v2\/media?parent=3784"}],"wp:term":[{"taxonomy":"category","embeddable":true,"href":"https:\/\/www.diario21.tv\/noticias\/wp-json\/wp\/v2\/categories?post=3784"},{"taxonomy":"post_tag","embeddable":true,"href":"https:\/\/www.diario21.tv\/noticias\/wp-json\/wp\/v2\/tags?post=3784"}],"curies":[{"name":"wp","href":"https:\/\/api.w.org\/{rel}","templated":true}]}}