{"id":3781,"date":"2025-07-11T22:33:19","date_gmt":"2025-07-11T22:33:19","guid":{"rendered":"https:\/\/www.diario21.tv\/noticias\/cambio-climatico-triplicacion-de-muertes-por-calor-en-europa-revela-estudio\/"},"modified":"2025-07-11T22:33:20","modified_gmt":"2025-07-11T22:33:20","slug":"cambio-climatico-triplicacion-de-muertes-por-calor-en-europa-revela-estudio","status":"publish","type":"post","link":"https:\/\/www.diario21.tv\/noticias\/cambio-climatico-triplicacion-de-muertes-por-calor-en-europa-revela-estudio\/","title":{"rendered":"Cambio clim\u00e1tico: triplicaci\u00f3n de muertes por calor en Europa, revela estudio"},"content":{"rendered":"<h2>El Impacto del Cambio Clim\u00e1tico en las Mortalidades por Calor en Europa<\/h2>\n<p>En las \u00faltimas d\u00e9cadas, Europa ha experimentado un aumento significativo en las temperaturas debido al cambio clim\u00e1tico, lo que ha llevado a un incremento notable en las muertes relacionadas con el calor. Estudios recientes indican que la cantidad de fallecimientos atribuibles a las altas temperaturas se ha triplicado durante la \u00faltima ola de calor que azot\u00f3 el continente.<\/p>\n<h3>Una Mirada a las Estad\u00edsticas<\/h3>\n<p>Investigaciones realizadas por cient\u00edficos que estudian los efectos del cambio clim\u00e1tico han revelado que las olas de calor son ahora m\u00e1s frecuentes, intensas y prolongadas. Este fen\u00f3meno no solo afecta el medio ambiente, sino que tambi\u00e9n tiene un impacto directo en la salud p\u00fablica. Los datos sugieren que miles de personas han perdido la vida en eventos de calor extremo, cuyas cifras han aumentado dram\u00e1ticamente en los \u00faltimos a\u00f1os.<\/p>\n<h3>Factores Contribuyentes<\/h3>\n<p>Los expertos apuntan a varios factores que han exacerbado este problema. Primero, el aumento en las emisiones de gases de efecto invernadero ha contribuido a un calentamiento global, elevando las temperaturas promedio. Segundo, la urbanizaci\u00f3n acelerada ha llevado a la creaci\u00f3n de &#8220;islas de calor&#8221; en muchas ciudades, donde las estructuras de concreto y asfalto absorben y retienen el calor, elevando a\u00fan m\u00e1s las temperaturas locales. Adem\u00e1s, la poblaci\u00f3n envejecida de Europa es particularmente vulnerable a los efectos del calor extremo.<\/p>\n<h3>Respuestas y Medidas de Prevenci\u00f3n<\/h3>\n<p>Ante esta creciente amenaza, los gobiernos y las organizaciones de salud est\u00e1n implementando diversas estrategias para mitigar los impactos del calor extremo. Estas incluyen la creaci\u00f3n de m\u00e1s \u00e1reas verdes en las ciudades para reducir las islas de calor, la mejora en los sistemas de alerta temprana para olas de calor y la educaci\u00f3n p\u00fablica sobre c\u00f3mo protegerse de las altas temperaturas.<\/p>\n<p>Asimismo, se est\u00e1n desarrollando pol\u00edticas m\u00e1s robustas para reducir las emisiones de carbono y otros gases de efecto invernadero, con el objetivo de frenar el calentamiento global y, por consiguiente, disminuir la frecuencia e intensidad de las olas de calor.<\/p>\n<h3>Conclusi\u00f3n<\/h3>\n<p>El cambio clim\u00e1tico est\u00e1 teniendo un efecto devastador en la salud p\u00fablica en Europa, con un aumento dram\u00e1tico en las muertes por calor. Es imperativo que se tomen medidas m\u00e1s eficaces y coordinadas a nivel internacional para abordar esta crisis clim\u00e1tica, protegiendo as\u00ed la vida de millones de personas frente a futuras olas de calor. La lucha contra el cambio clim\u00e1tico no solo es una cuesti\u00f3n ambiental, sino tambi\u00e9n una urgente necesidad de salud p\u00fablica.<\/p>\n\n\n<div class=\"kk-star-ratings kksr-auto kksr-align-left kksr-valign-bottom\"\n    data-payload='{&quot;align&quot;:&quot;left&quot;,&quot;id&quot;:&quot;3781&quot;,&quot;slug&quot;:&quot;default&quot;,&quot;valign&quot;:&quot;bottom&quot;,&quot;ignore&quot;:&quot;&quot;,&quot;reference&quot;:&quot;auto&quot;,&quot;class&quot;:&quot;&quot;,&quot;count&quot;:&quot;0&quot;,&quot;legendonly&quot;:&quot;&quot;,&quot;readonly&quot;:&quot;&quot;,&quot;score&quot;:&quot;0&quot;,&quot;starsonly&quot;:&quot;&quot;,&quot;best&quot;:&quot;5&quot;,&quot;gap&quot;:&quot;5&quot;,&quot;greet&quot;:&quot;Valora este post&quot;,&quot;legend&quot;:&quot;0\\\/5 - (0 votes)&quot;,&quot;size&quot;:&quot;22&quot;,&quot;title&quot;:&quot;Cambio clim\u00e1tico: triplicaci\u00f3n de muertes por calor en Europa, revela estudio&quot;,&quot;width&quot;:&quot;0&quot;,&quot;_legend&quot;:&quot;{score}\\\/{best} - ({count} {votes})&quot;,&quot;font_factor&quot;:&quot;1.25&quot;}'>\n            \n<div class=\"kksr-stars\">\n    \n<div class=\"kksr-stars-inactive\">\n            <div class=\"kksr-star\" data-star=\"1\" style=\"padding-right: 5px\">\n            \n\n<div class=\"kksr-icon\" style=\"width: 22px; height: 22px;\"><\/div>\n        <\/div>\n            <div class=\"kksr-star\" data-star=\"2\" style=\"padding-right: 5px\">\n            \n\n<div class=\"kksr-icon\" style=\"width: 22px; height: 22px;\"><\/div>\n        <\/div>\n            <div class=\"kksr-star\" data-star=\"3\" style=\"padding-right: 5px\">\n            \n\n<div class=\"kksr-icon\" style=\"width: 22px; height: 22px;\"><\/div>\n        <\/div>\n            <div class=\"kksr-star\" data-star=\"4\" style=\"padding-right: 5px\">\n            \n\n<div class=\"kksr-icon\" style=\"width: 22px; height: 22px;\"><\/div>\n        <\/div>\n            <div class=\"kksr-star\" data-star=\"5\" style=\"padding-right: 5px\">\n            \n\n<div class=\"kksr-icon\" style=\"width: 22px; height: 22px;\"><\/div>\n        <\/div>\n    <\/div>\n    \n<div class=\"kksr-stars-active\" style=\"width: 0px;\">\n            <div class=\"kksr-star\" style=\"padding-right: 5px\">\n            \n\n<div class=\"kksr-icon\" style=\"width: 22px; height: 22px;\"><\/div>\n        <\/div>\n            <div class=\"kksr-star\" style=\"padding-right: 5px\">\n            \n\n<div class=\"kksr-icon\" style=\"width: 22px; height: 22px;\"><\/div>\n        <\/div>\n            <div class=\"kksr-star\" style=\"padding-right: 5px\">\n            \n\n<div class=\"kksr-icon\" style=\"width: 22px; height: 22px;\"><\/div>\n        <\/div>\n            <div class=\"kksr-star\" style=\"padding-right: 5px\">\n            \n\n<div class=\"kksr-icon\" style=\"width: 22px; height: 22px;\"><\/div>\n        <\/div>\n            <div class=\"kksr-star\" style=\"padding-right: 5px\">\n            \n\n<div class=\"kksr-icon\" style=\"width: 22px; height: 22px;\"><\/div>\n        <\/div>\n    <\/div>\n<\/div>\n                \n\n<div class=\"kksr-legend\" style=\"font-size: 17.6px;\">\n            <span class=\"kksr-muted\">Valora este post<\/span>\n    <\/div>\n    <\/div>\n","protected":false},"excerpt":{"rendered":"<p>El Impacto del Cambio Clim\u00e1tico en las Mortalidades por Calor en Europa En las \u00faltimas d\u00e9cadas, Europa ha experimentado un aumento significativo en las temperaturas debido &#8230; <a title=\"Cambio clim\u00e1tico: triplicaci\u00f3n de muertes por calor en Europa, revela estudio\" class=\"read-more\" href=\"https:\/\/www.diario21.tv\/noticias\/cambio-climatico-triplicacion-de-muertes-por-calor-en-europa-revela-estudio\/\" aria-label=\"Leer m\u00e1s sobre Cambio clim\u00e1tico: triplicaci\u00f3n de muertes por calor en Europa, revela estudio\">Seguir leyendo &rarr;<\/a><\/p>\n","protected":false},"author":20,"featured_media":3782,"comment_status":"open","ping_status":"open","sticky":false,"template":"","format":"standard","meta":{"footnotes":""},"categories":[13],"tags":[],"class_list":["post-3781","post","type-post","status-publish","format-standard","has-post-thumbnail","hentry","category-portada"],"yoast_head":"<!-- This site is optimized with the Yoast SEO plugin v25.6 - https:\/\/yoast.com\/wordpress\/plugins\/seo\/ -->\n<title>Cambio clim\u00e1tico: triplicaci\u00f3n de muertes por calor en Europa, revela estudio - Diario 21<\/title>\n<meta name=\"robots\" content=\"index, follow, max-snippet:-1, max-image-preview:large, max-video-preview:-1\" \/>\n<link rel=\"canonical\" href=\"https:\/\/www.diario21.tv\/noticias\/cambio-climatico-triplicacion-de-muertes-por-calor-en-europa-revela-estudio\/\" \/>\n<meta property=\"og:locale\" content=\"es_ES\" \/>\n<meta property=\"og:type\" content=\"article\" \/>\n<meta property=\"og:title\" content=\"Cambio clim\u00e1tico: triplicaci\u00f3n de muertes por calor en Europa, revela estudio - Diario 21\" \/>\n<meta property=\"og:description\" content=\"El Impacto del Cambio Clim\u00e1tico en las Mortalidades por Calor en Europa En las \u00faltimas d\u00e9cadas, Europa ha experimentado un aumento significativo en las temperaturas debido ... Seguir leyendo &rarr;\" \/>\n<meta property=\"og:url\" content=\"https:\/\/www.diario21.tv\/noticias\/cambio-climatico-triplicacion-de-muertes-por-calor-en-europa-revela-estudio\/\" \/>\n<meta property=\"og:site_name\" content=\"Diario 21\" \/>\n<meta property=\"article:published_time\" content=\"2025-07-11T22:33:19+00:00\" \/>\n<meta property=\"article:modified_time\" content=\"2025-07-11T22:33:20+00:00\" \/>\n<meta property=\"og:image\" content=\"https:\/\/www.diario21.tv\/noticias\/wp-content\/uploads\/2025\/07\/Cambio-climatico-triplicacion-de-muertes-por-calor-en-Europa-revela.jpg\" \/>\n\t<meta property=\"og:image:width\" content=\"1920\" \/>\n\t<meta property=\"og:image:height\" content=\"1281\" \/>\n\t<meta property=\"og:image:type\" content=\"image\/jpeg\" \/>\n<meta name=\"author\" content=\"Juan P\u00e9rez\" \/>\n<meta name=\"twitter:card\" content=\"summary_large_image\" \/>\n<meta name=\"twitter:label1\" content=\"Escrito por\" \/>\n\t<meta name=\"twitter:data1\" content=\"Juan P\u00e9rez\" \/>\n\t<meta name=\"twitter:label2\" content=\"Tiempo de lectura\" \/>\n\t<meta name=\"twitter:data2\" content=\"2 minutos\" \/>\n<script type=\"application\/ld+json\" class=\"yoast-schema-graph\">{\"@context\":\"https:\/\/schema.org\",\"@graph\":[{\"@type\":\"WebPage\",\"@id\":\"https:\/\/www.diario21.tv\/noticias\/cambio-climatico-triplicacion-de-muertes-por-calor-en-europa-revela-estudio\/\",\"url\":\"https:\/\/www.diario21.tv\/noticias\/cambio-climatico-triplicacion-de-muertes-por-calor-en-europa-revela-estudio\/\",\"name\":\"Cambio clim\u00e1tico: triplicaci\u00f3n de muertes por calor en Europa, revela estudio - Diario 21\",\"isPartOf\":{\"@id\":\"https:\/\/www.diario21.tv\/noticias\/#website\"},\"primaryImageOfPage\":{\"@id\":\"https:\/\/www.diario21.tv\/noticias\/cambio-climatico-triplicacion-de-muertes-por-calor-en-europa-revela-estudio\/#primaryimage\"},\"image\":{\"@id\":\"https:\/\/www.diario21.tv\/noticias\/cambio-climatico-triplicacion-de-muertes-por-calor-en-europa-revela-estudio\/#primaryimage\"},\"thumbnailUrl\":\"https:\/\/www.diario21.tv\/noticias\/wp-content\/uploads\/2025\/07\/Cambio-climatico-triplicacion-de-muertes-por-calor-en-Europa-revela.jpg\",\"datePublished\":\"2025-07-11T22:33:19+00:00\",\"dateModified\":\"2025-07-11T22:33:20+00:00\",\"author\":{\"@id\":\"https:\/\/www.diario21.tv\/noticias\/#\/schema\/person\/dfb778f73814d8f09f302618446a526b\"},\"breadcrumb\":{\"@id\":\"https:\/\/www.diario21.tv\/noticias\/cambio-climatico-triplicacion-de-muertes-por-calor-en-europa-revela-estudio\/#breadcrumb\"},\"inLanguage\":\"es-AR\",\"potentialAction\":[{\"@type\":\"ReadAction\",\"target\":[\"https:\/\/www.diario21.tv\/noticias\/cambio-climatico-triplicacion-de-muertes-por-calor-en-europa-revela-estudio\/\"]}]},{\"@type\":\"ImageObject\",\"inLanguage\":\"es-AR\",\"@id\":\"https:\/\/www.diario21.tv\/noticias\/cambio-climatico-triplicacion-de-muertes-por-calor-en-europa-revela-estudio\/#primaryimage\",\"url\":\"https:\/\/www.diario21.tv\/noticias\/wp-content\/uploads\/2025\/07\/Cambio-climatico-triplicacion-de-muertes-por-calor-en-Europa-revela.jpg\",\"contentUrl\":\"https:\/\/www.diario21.tv\/noticias\/wp-content\/uploads\/2025\/07\/Cambio-climatico-triplicacion-de-muertes-por-calor-en-Europa-revela.jpg\",\"width\":1920,\"height\":1281,\"caption\":\"El cambio clim\u00e1tico triplic\u00f3 en Europa las muertes por calor durante la \u00faltima ola\"},{\"@type\":\"BreadcrumbList\",\"@id\":\"https:\/\/www.diario21.tv\/noticias\/cambio-climatico-triplicacion-de-muertes-por-calor-en-europa-revela-estudio\/#breadcrumb\",\"itemListElement\":[{\"@type\":\"ListItem\",\"position\":1,\"name\":\"Accueil\",\"item\":\"https:\/\/www.diario21.tv\/noticias\/\"},{\"@type\":\"ListItem\",\"position\":2,\"name\":\"Cambio clim\u00e1tico: triplicaci\u00f3n de muertes por calor en Europa, revela estudio\"}]},{\"@type\":\"WebSite\",\"@id\":\"https:\/\/www.diario21.tv\/noticias\/#website\",\"url\":\"https:\/\/www.diario21.tv\/noticias\/\",\"name\":\"Diario 21\",\"description\":\"\",\"potentialAction\":[{\"@type\":\"SearchAction\",\"target\":{\"@type\":\"EntryPoint\",\"urlTemplate\":\"https:\/\/www.diario21.tv\/noticias\/?s={search_term_string}\"},\"query-input\":{\"@type\":\"PropertyValueSpecification\",\"valueRequired\":true,\"valueName\":\"search_term_string\"}}],\"inLanguage\":\"es-AR\"},{\"@type\":\"Person\",\"@id\":\"https:\/\/www.diario21.tv\/noticias\/#\/schema\/person\/dfb778f73814d8f09f302618446a526b\",\"name\":\"Juan P\u00e9rez\",\"image\":{\"@type\":\"ImageObject\",\"inLanguage\":\"es-AR\",\"@id\":\"https:\/\/www.diario21.tv\/noticias\/#\/schema\/person\/image\/\",\"url\":\"https:\/\/secure.gravatar.com\/avatar\/c478a405bd10621167f4c3167cc770f5?s=96&d=mm&r=g\",\"contentUrl\":\"https:\/\/secure.gravatar.com\/avatar\/c478a405bd10621167f4c3167cc770f5?s=96&d=mm&r=g\",\"caption\":\"Juan P\u00e9rez\"},\"description\":\"Juan P\u00e9rez es el redactor en jefe de Diario 21. Con m\u00e1s de 10 a\u00f1os de experiencia en el periodismo, se especializa en pol\u00edtica nacional y an\u00e1lisis socioecon\u00f3mico. Su enfoque cr\u00edtico y riguroso aporta una perspectiva \u00fanica a cada art\u00edculo.\",\"sameAs\":[\"https:\/\/www.diario21.tv\/noticias\/\"],\"url\":\"https:\/\/www.diario21.tv\/noticias\/author\/juan-perez\/\"}]}<\/script>\n<!-- \/ Yoast SEO plugin. -->","yoast_head_json":{"title":"Cambio clim\u00e1tico: triplicaci\u00f3n de muertes por calor en Europa, revela estudio - Diario 21","robots":{"index":"index","follow":"follow","max-snippet":"max-snippet:-1","max-image-preview":"max-image-preview:large","max-video-preview":"max-video-preview:-1"},"canonical":"https:\/\/www.diario21.tv\/noticias\/cambio-climatico-triplicacion-de-muertes-por-calor-en-europa-revela-estudio\/","og_locale":"es_ES","og_type":"article","og_title":"Cambio clim\u00e1tico: triplicaci\u00f3n de muertes por calor en Europa, revela estudio - Diario 21","og_description":"El Impacto del Cambio Clim\u00e1tico en las Mortalidades por Calor en Europa En las \u00faltimas d\u00e9cadas, Europa ha experimentado un aumento significativo en las temperaturas debido ... Seguir leyendo &rarr;","og_url":"https:\/\/www.diario21.tv\/noticias\/cambio-climatico-triplicacion-de-muertes-por-calor-en-europa-revela-estudio\/","og_site_name":"Diario 21","article_published_time":"2025-07-11T22:33:19+00:00","article_modified_time":"2025-07-11T22:33:20+00:00","og_image":[{"width":1920,"height":1281,"url":"https:\/\/www.diario21.tv\/noticias\/wp-content\/uploads\/2025\/07\/Cambio-climatico-triplicacion-de-muertes-por-calor-en-Europa-revela.jpg","type":"image\/jpeg"}],"author":"Juan P\u00e9rez","twitter_card":"summary_large_image","twitter_misc":{"Escrito por":"Juan P\u00e9rez","Tiempo de lectura":"2 minutos"},"schema":{"@context":"https:\/\/schema.org","@graph":[{"@type":"WebPage","@id":"https:\/\/www.diario21.tv\/noticias\/cambio-climatico-triplicacion-de-muertes-por-calor-en-europa-revela-estudio\/","url":"https:\/\/www.diario21.tv\/noticias\/cambio-climatico-triplicacion-de-muertes-por-calor-en-europa-revela-estudio\/","name":"Cambio clim\u00e1tico: triplicaci\u00f3n de muertes por calor en Europa, revela estudio - Diario 21","isPartOf":{"@id":"https:\/\/www.diario21.tv\/noticias\/#website"},"primaryImageOfPage":{"@id":"https:\/\/www.diario21.tv\/noticias\/cambio-climatico-triplicacion-de-muertes-por-calor-en-europa-revela-estudio\/#primaryimage"},"image":{"@id":"https:\/\/www.diario21.tv\/noticias\/cambio-climatico-triplicacion-de-muertes-por-calor-en-europa-revela-estudio\/#primaryimage"},"thumbnailUrl":"https:\/\/www.diario21.tv\/noticias\/wp-content\/uploads\/2025\/07\/Cambio-climatico-triplicacion-de-muertes-por-calor-en-Europa-revela.jpg","datePublished":"2025-07-11T22:33:19+00:00","dateModified":"2025-07-11T22:33:20+00:00","author":{"@id":"https:\/\/www.diario21.tv\/noticias\/#\/schema\/person\/dfb778f73814d8f09f302618446a526b"},"breadcrumb":{"@id":"https:\/\/www.diario21.tv\/noticias\/cambio-climatico-triplicacion-de-muertes-por-calor-en-europa-revela-estudio\/#breadcrumb"},"inLanguage":"es-AR","potentialAction":[{"@type":"ReadAction","target":["https:\/\/www.diario21.tv\/noticias\/cambio-climatico-triplicacion-de-muertes-por-calor-en-europa-revela-estudio\/"]}]},{"@type":"ImageObject","inLanguage":"es-AR","@id":"https:\/\/www.diario21.tv\/noticias\/cambio-climatico-triplicacion-de-muertes-por-calor-en-europa-revela-estudio\/#primaryimage","url":"https:\/\/www.diario21.tv\/noticias\/wp-content\/uploads\/2025\/07\/Cambio-climatico-triplicacion-de-muertes-por-calor-en-Europa-revela.jpg","contentUrl":"https:\/\/www.diario21.tv\/noticias\/wp-content\/uploads\/2025\/07\/Cambio-climatico-triplicacion-de-muertes-por-calor-en-Europa-revela.jpg","width":1920,"height":1281,"caption":"El cambio clim\u00e1tico triplic\u00f3 en Europa las muertes por calor durante la \u00faltima ola"},{"@type":"BreadcrumbList","@id":"https:\/\/www.diario21.tv\/noticias\/cambio-climatico-triplicacion-de-muertes-por-calor-en-europa-revela-estudio\/#breadcrumb","itemListElement":[{"@type":"ListItem","position":1,"name":"Accueil","item":"https:\/\/www.diario21.tv\/noticias\/"},{"@type":"ListItem","position":2,"name":"Cambio clim\u00e1tico: triplicaci\u00f3n de muertes por calor en Europa, revela estudio"}]},{"@type":"WebSite","@id":"https:\/\/www.diario21.tv\/noticias\/#website","url":"https:\/\/www.diario21.tv\/noticias\/","name":"Diario 21","description":"","potentialAction":[{"@type":"SearchAction","target":{"@type":"EntryPoint","urlTemplate":"https:\/\/www.diario21.tv\/noticias\/?s={search_term_string}"},"query-input":{"@type":"PropertyValueSpecification","valueRequired":true,"valueName":"search_term_string"}}],"inLanguage":"es-AR"},{"@type":"Person","@id":"https:\/\/www.diario21.tv\/noticias\/#\/schema\/person\/dfb778f73814d8f09f302618446a526b","name":"Juan P\u00e9rez","image":{"@type":"ImageObject","inLanguage":"es-AR","@id":"https:\/\/www.diario21.tv\/noticias\/#\/schema\/person\/image\/","url":"https:\/\/secure.gravatar.com\/avatar\/c478a405bd10621167f4c3167cc770f5?s=96&d=mm&r=g","contentUrl":"https:\/\/secure.gravatar.com\/avatar\/c478a405bd10621167f4c3167cc770f5?s=96&d=mm&r=g","caption":"Juan P\u00e9rez"},"description":"Juan P\u00e9rez es el redactor en jefe de Diario 21. Con m\u00e1s de 10 a\u00f1os de experiencia en el periodismo, se especializa en pol\u00edtica nacional y an\u00e1lisis socioecon\u00f3mico. Su enfoque cr\u00edtico y riguroso aporta una perspectiva \u00fanica a cada art\u00edculo.","sameAs":["https:\/\/www.diario21.tv\/noticias\/"],"url":"https:\/\/www.diario21.tv\/noticias\/author\/juan-perez\/"}]}},"_links":{"self":[{"href":"https:\/\/www.diario21.tv\/noticias\/wp-json\/wp\/v2\/posts\/3781"}],"collection":[{"href":"https:\/\/www.diario21.tv\/noticias\/wp-json\/wp\/v2\/posts"}],"about":[{"href":"https:\/\/www.diario21.tv\/noticias\/wp-json\/wp\/v2\/types\/post"}],"author":[{"embeddable":true,"href":"https:\/\/www.diario21.tv\/noticias\/wp-json\/wp\/v2\/users\/20"}],"replies":[{"embeddable":true,"href":"https:\/\/www.diario21.tv\/noticias\/wp-json\/wp\/v2\/comments?post=3781"}],"version-history":[{"count":1,"href":"https:\/\/www.diario21.tv\/noticias\/wp-json\/wp\/v2\/posts\/3781\/revisions"}],"predecessor-version":[{"id":3783,"href":"https:\/\/www.diario21.tv\/noticias\/wp-json\/wp\/v2\/posts\/3781\/revisions\/3783"}],"wp:featuredmedia":[{"embeddable":true,"href":"https:\/\/www.diario21.tv\/noticias\/wp-json\/wp\/v2\/media\/3782"}],"wp:attachment":[{"href":"https:\/\/www.diario21.tv\/noticias\/wp-json\/wp\/v2\/media?parent=3781"}],"wp:term":[{"taxonomy":"category","embeddable":true,"href":"https:\/\/www.diario21.tv\/noticias\/wp-json\/wp\/v2\/categories?post=3781"},{"taxonomy":"post_tag","embeddable":true,"href":"https:\/\/www.diario21.tv\/noticias\/wp-json\/wp\/v2\/tags?post=3781"}],"curies":[{"name":"wp","href":"https:\/\/api.w.org\/{rel}","templated":true}]}}