{"id":3769,"date":"2025-07-10T22:12:50","date_gmt":"2025-07-10T22:12:50","guid":{"rendered":"https:\/\/www.diario21.tv\/noticias\/descubre-los-impactantes-efectos-del-cafe-en-mujeres-revela-estudio\/"},"modified":"2025-07-10T22:12:51","modified_gmt":"2025-07-10T22:12:51","slug":"descubre-los-impactantes-efectos-del-cafe-en-mujeres-revela-estudio","status":"publish","type":"post","link":"https:\/\/www.diario21.tv\/noticias\/descubre-los-impactantes-efectos-del-cafe-en-mujeres-revela-estudio\/","title":{"rendered":"Descubre los impactantes efectos del caf\u00e9 en mujeres, revela estudio"},"content":{"rendered":"<h2>Los Efectos del Caf\u00e9 en la Salud de las Mujeres Seg\u00fan Investigaciones Recientes<\/h2>\n<p>El caf\u00e9 no es solo una bebida popular para empezar el d\u00eda; tambi\u00e9n ha sido objeto de numerosas investigaciones cient\u00edficas. Un estudio reciente ha arrojado luz sobre c\u00f3mo el consumo de caf\u00e9 puede afectar espec\u00edficamente a las mujeres. Aqu\u00ed exploramos los detalles y consecuencias de este estudio.<\/p>\n<h3>Impacto en el Riesgo de Enfermedades Card\u00edacas<\/h3>\n<p>Una de las conclusiones m\u00e1s interesantes del estudio es el efecto del caf\u00e9 en la salud cardiovascular de las mujeres. Los resultados indicaron que las mujeres que consumen una cantidad moderada de caf\u00e9, aproximadamente de dos a tres tazas al d\u00eda, podr\u00edan experimentar una reducci\u00f3n en el riesgo de desarrollar enfermedades del coraz\u00f3n. Esto se debe a los antioxidantes presentes en el caf\u00e9, que ayudan a proteger las arterias de da\u00f1os y inflamaci\u00f3n.<\/p>\n<h3>Relaci\u00f3n Entre el Caf\u00e9 y el C\u00e1ncer<\/h3>\n<p>El estudio tambi\u00e9n examin\u00f3 c\u00f3mo el consumo de caf\u00e9 podr\u00eda estar vinculado a la incidencia de c\u00e1ncer en mujeres. Los investigadores encontraron que no hay una conexi\u00f3n directa que aumente el riesgo de c\u00e1ncer debido al consumo de caf\u00e9. De hecho, algunos datos sugieren que el caf\u00e9 podr\u00eda tener un efecto protector contra ciertos tipos de c\u00e1ncer, como el de endometrio, pero se necesita m\u00e1s investigaci\u00f3n para confirmar estos hallazgos de manera definitiva.<\/p>\n<h3>El Caf\u00e9 y la Salud Mental<\/h3>\n<p>Otro aspecto destacado del estudio es el impacto del caf\u00e9 en la salud mental. Consumir caf\u00e9 parece tener efectos beneficiosos en el estado de \u00e1nimo y la prevenci\u00f3n de ciertas enfermedades neurol\u00f3gicas. En particular, el estudio sugiere que las mujeres que beben caf\u00e9 regularmente tienen un riesgo menor de sufrir depresi\u00f3n y Alzheimer. Esto podr\u00eda estar relacionado con la cafe\u00edna y otras sustancias bioactivas en el caf\u00e9 que tienen propiedades neuroprotectoras y estimulantes.<\/p>\n<h3>Efectos en el Control de Peso y Metabolismo<\/h3>\n<p>El caf\u00e9 tambi\u00e9n ha sido estudiado por su relaci\u00f3n con el control del peso. El estudio destac\u00f3 que el consumo de caf\u00e9 puede ayudar a acelerar el metabolismo, lo que a su vez puede contribuir a la regulaci\u00f3n del peso. Sin embargo, es importante notar que esto depende de c\u00f3mo se consuma el caf\u00e9; las adiciones como el az\u00facar y la crema pueden contrarrestar estos beneficios.<\/p>\n<h3>Conclusiones Generales<\/h3>\n<p>En resumen, el estudio ofrece una visi\u00f3n optimista sobre los efectos del caf\u00e9 en la salud de las mujeres. Si bien es crucial consumirlo con moderaci\u00f3n y estar conscientes de c\u00f3mo se prepara, el caf\u00e9 puede ser una adici\u00f3n valiosa a un estilo de vida saludable. No obstante, como con cualquier tema relacionado con la salud, es aconsejable consultar con un profesional m\u00e9dico antes de hacer cambios significativos en la dieta o el consumo de bebidas. <\/p>\n<p>Este estudio proporciona una base para futuras investigaciones y subraya la importancia de considerar las diferencias de g\u00e9nero en los estudios sobre los efectos del caf\u00e9 y otras bebidas en la salud. De esta manera, se puede entender mejor c\u00f3mo aprovechar los beneficios del caf\u00e9 y minimizar posibles riesgos.<\/p>\n\n\n<div class=\"kk-star-ratings kksr-auto kksr-align-left kksr-valign-bottom\"\n    data-payload='{&quot;align&quot;:&quot;left&quot;,&quot;id&quot;:&quot;3769&quot;,&quot;slug&quot;:&quot;default&quot;,&quot;valign&quot;:&quot;bottom&quot;,&quot;ignore&quot;:&quot;&quot;,&quot;reference&quot;:&quot;auto&quot;,&quot;class&quot;:&quot;&quot;,&quot;count&quot;:&quot;0&quot;,&quot;legendonly&quot;:&quot;&quot;,&quot;readonly&quot;:&quot;&quot;,&quot;score&quot;:&quot;0&quot;,&quot;starsonly&quot;:&quot;&quot;,&quot;best&quot;:&quot;5&quot;,&quot;gap&quot;:&quot;5&quot;,&quot;greet&quot;:&quot;Valora este post&quot;,&quot;legend&quot;:&quot;0\\\/5 - (0 votes)&quot;,&quot;size&quot;:&quot;22&quot;,&quot;title&quot;:&quot;Descubre los impactantes efectos del caf\u00e9 en mujeres, revela estudio&quot;,&quot;width&quot;:&quot;0&quot;,&quot;_legend&quot;:&quot;{score}\\\/{best} - ({count} {votes})&quot;,&quot;font_factor&quot;:&quot;1.25&quot;}'>\n            \n<div class=\"kksr-stars\">\n    \n<div class=\"kksr-stars-inactive\">\n            <div class=\"kksr-star\" data-star=\"1\" style=\"padding-right: 5px\">\n            \n\n<div class=\"kksr-icon\" style=\"width: 22px; height: 22px;\"><\/div>\n        <\/div>\n            <div class=\"kksr-star\" data-star=\"2\" style=\"padding-right: 5px\">\n            \n\n<div class=\"kksr-icon\" style=\"width: 22px; height: 22px;\"><\/div>\n        <\/div>\n            <div class=\"kksr-star\" data-star=\"3\" style=\"padding-right: 5px\">\n            \n\n<div class=\"kksr-icon\" style=\"width: 22px; height: 22px;\"><\/div>\n        <\/div>\n            <div class=\"kksr-star\" data-star=\"4\" style=\"padding-right: 5px\">\n            \n\n<div class=\"kksr-icon\" style=\"width: 22px; height: 22px;\"><\/div>\n        <\/div>\n            <div class=\"kksr-star\" data-star=\"5\" style=\"padding-right: 5px\">\n            \n\n<div class=\"kksr-icon\" style=\"width: 22px; height: 22px;\"><\/div>\n        <\/div>\n    <\/div>\n    \n<div class=\"kksr-stars-active\" style=\"width: 0px;\">\n            <div class=\"kksr-star\" style=\"padding-right: 5px\">\n            \n\n<div class=\"kksr-icon\" style=\"width: 22px; height: 22px;\"><\/div>\n        <\/div>\n            <div class=\"kksr-star\" style=\"padding-right: 5px\">\n            \n\n<div class=\"kksr-icon\" style=\"width: 22px; height: 22px;\"><\/div>\n        <\/div>\n            <div class=\"kksr-star\" style=\"padding-right: 5px\">\n            \n\n<div class=\"kksr-icon\" style=\"width: 22px; height: 22px;\"><\/div>\n        <\/div>\n            <div class=\"kksr-star\" style=\"padding-right: 5px\">\n            \n\n<div class=\"kksr-icon\" style=\"width: 22px; height: 22px;\"><\/div>\n        <\/div>\n            <div class=\"kksr-star\" style=\"padding-right: 5px\">\n            \n\n<div class=\"kksr-icon\" style=\"width: 22px; height: 22px;\"><\/div>\n        <\/div>\n    <\/div>\n<\/div>\n                \n\n<div class=\"kksr-legend\" style=\"font-size: 17.6px;\">\n            <span class=\"kksr-muted\">Valora este post<\/span>\n    <\/div>\n    <\/div>\n","protected":false},"excerpt":{"rendered":"<p>Los Efectos del Caf\u00e9 en la Salud de las Mujeres Seg\u00fan Investigaciones Recientes El caf\u00e9 no es solo una bebida popular para empezar el d\u00eda; tambi\u00e9n &#8230; <a title=\"Descubre los impactantes efectos del caf\u00e9 en mujeres, revela estudio\" class=\"read-more\" href=\"https:\/\/www.diario21.tv\/noticias\/descubre-los-impactantes-efectos-del-cafe-en-mujeres-revela-estudio\/\" aria-label=\"Leer m\u00e1s sobre Descubre los impactantes efectos del caf\u00e9 en mujeres, revela estudio\">Seguir leyendo &rarr;<\/a><\/p>\n","protected":false},"author":20,"featured_media":3770,"comment_status":"open","ping_status":"open","sticky":false,"template":"","format":"standard","meta":{"footnotes":""},"categories":[13],"tags":[],"class_list":["post-3769","post","type-post","status-publish","format-standard","has-post-thumbnail","hentry","category-portada"],"yoast_head":"<!-- This site is optimized with the Yoast SEO plugin v25.6 - https:\/\/yoast.com\/wordpress\/plugins\/seo\/ -->\n<title>Descubre los impactantes efectos del caf\u00e9 en mujeres, revela estudio - Diario 21<\/title>\n<meta name=\"robots\" content=\"index, follow, max-snippet:-1, max-image-preview:large, max-video-preview:-1\" \/>\n<link rel=\"canonical\" href=\"https:\/\/www.diario21.tv\/noticias\/descubre-los-impactantes-efectos-del-cafe-en-mujeres-revela-estudio\/\" \/>\n<meta property=\"og:locale\" content=\"es_ES\" \/>\n<meta property=\"og:type\" content=\"article\" \/>\n<meta property=\"og:title\" content=\"Descubre los impactantes efectos del caf\u00e9 en mujeres, revela estudio - Diario 21\" \/>\n<meta property=\"og:description\" content=\"Los Efectos del Caf\u00e9 en la Salud de las Mujeres Seg\u00fan Investigaciones Recientes El caf\u00e9 no es solo una bebida popular para empezar el d\u00eda; tambi\u00e9n ... Seguir leyendo &rarr;\" \/>\n<meta property=\"og:url\" content=\"https:\/\/www.diario21.tv\/noticias\/descubre-los-impactantes-efectos-del-cafe-en-mujeres-revela-estudio\/\" \/>\n<meta property=\"og:site_name\" content=\"Diario 21\" \/>\n<meta property=\"article:published_time\" content=\"2025-07-10T22:12:50+00:00\" \/>\n<meta property=\"article:modified_time\" content=\"2025-07-10T22:12:51+00:00\" \/>\n<meta property=\"og:image\" content=\"https:\/\/www.diario21.tv\/noticias\/wp-content\/uploads\/2025\/07\/Descubre-los-impactantes-efectos-del-cafe-en-mujeres-revela-estudio.jpg\" \/>\n\t<meta property=\"og:image:width\" content=\"1200\" \/>\n\t<meta property=\"og:image:height\" content=\"840\" \/>\n\t<meta property=\"og:image:type\" content=\"image\/jpeg\" \/>\n<meta name=\"author\" content=\"Juan P\u00e9rez\" \/>\n<meta name=\"twitter:card\" content=\"summary_large_image\" \/>\n<meta name=\"twitter:label1\" content=\"Escrito por\" \/>\n\t<meta name=\"twitter:data1\" content=\"Juan P\u00e9rez\" \/>\n\t<meta name=\"twitter:label2\" content=\"Tiempo de lectura\" \/>\n\t<meta name=\"twitter:data2\" content=\"3 minutos\" \/>\n<script type=\"application\/ld+json\" class=\"yoast-schema-graph\">{\"@context\":\"https:\/\/schema.org\",\"@graph\":[{\"@type\":\"WebPage\",\"@id\":\"https:\/\/www.diario21.tv\/noticias\/descubre-los-impactantes-efectos-del-cafe-en-mujeres-revela-estudio\/\",\"url\":\"https:\/\/www.diario21.tv\/noticias\/descubre-los-impactantes-efectos-del-cafe-en-mujeres-revela-estudio\/\",\"name\":\"Descubre los impactantes efectos del caf\u00e9 en mujeres, revela estudio - Diario 21\",\"isPartOf\":{\"@id\":\"https:\/\/www.diario21.tv\/noticias\/#website\"},\"primaryImageOfPage\":{\"@id\":\"https:\/\/www.diario21.tv\/noticias\/descubre-los-impactantes-efectos-del-cafe-en-mujeres-revela-estudio\/#primaryimage\"},\"image\":{\"@id\":\"https:\/\/www.diario21.tv\/noticias\/descubre-los-impactantes-efectos-del-cafe-en-mujeres-revela-estudio\/#primaryimage\"},\"thumbnailUrl\":\"https:\/\/www.diario21.tv\/noticias\/wp-content\/uploads\/2025\/07\/Descubre-los-impactantes-efectos-del-cafe-en-mujeres-revela-estudio.jpg\",\"datePublished\":\"2025-07-10T22:12:50+00:00\",\"dateModified\":\"2025-07-10T22:12:51+00:00\",\"author\":{\"@id\":\"https:\/\/www.diario21.tv\/noticias\/#\/schema\/person\/dfb778f73814d8f09f302618446a526b\"},\"breadcrumb\":{\"@id\":\"https:\/\/www.diario21.tv\/noticias\/descubre-los-impactantes-efectos-del-cafe-en-mujeres-revela-estudio\/#breadcrumb\"},\"inLanguage\":\"es-AR\",\"potentialAction\":[{\"@type\":\"ReadAction\",\"target\":[\"https:\/\/www.diario21.tv\/noticias\/descubre-los-impactantes-efectos-del-cafe-en-mujeres-revela-estudio\/\"]}]},{\"@type\":\"ImageObject\",\"inLanguage\":\"es-AR\",\"@id\":\"https:\/\/www.diario21.tv\/noticias\/descubre-los-impactantes-efectos-del-cafe-en-mujeres-revela-estudio\/#primaryimage\",\"url\":\"https:\/\/www.diario21.tv\/noticias\/wp-content\/uploads\/2025\/07\/Descubre-los-impactantes-efectos-del-cafe-en-mujeres-revela-estudio.jpg\",\"contentUrl\":\"https:\/\/www.diario21.tv\/noticias\/wp-content\/uploads\/2025\/07\/Descubre-los-impactantes-efectos-del-cafe-en-mujeres-revela-estudio.jpg\",\"width\":1200,\"height\":840,\"caption\":\"Esto es lo que le pasa a las mujeres que beben caf\u00e9, seg\u00fan un estudio\"},{\"@type\":\"BreadcrumbList\",\"@id\":\"https:\/\/www.diario21.tv\/noticias\/descubre-los-impactantes-efectos-del-cafe-en-mujeres-revela-estudio\/#breadcrumb\",\"itemListElement\":[{\"@type\":\"ListItem\",\"position\":1,\"name\":\"Accueil\",\"item\":\"https:\/\/www.diario21.tv\/noticias\/\"},{\"@type\":\"ListItem\",\"position\":2,\"name\":\"Descubre los impactantes efectos del caf\u00e9 en mujeres, revela estudio\"}]},{\"@type\":\"WebSite\",\"@id\":\"https:\/\/www.diario21.tv\/noticias\/#website\",\"url\":\"https:\/\/www.diario21.tv\/noticias\/\",\"name\":\"Diario 21\",\"description\":\"\",\"potentialAction\":[{\"@type\":\"SearchAction\",\"target\":{\"@type\":\"EntryPoint\",\"urlTemplate\":\"https:\/\/www.diario21.tv\/noticias\/?s={search_term_string}\"},\"query-input\":{\"@type\":\"PropertyValueSpecification\",\"valueRequired\":true,\"valueName\":\"search_term_string\"}}],\"inLanguage\":\"es-AR\"},{\"@type\":\"Person\",\"@id\":\"https:\/\/www.diario21.tv\/noticias\/#\/schema\/person\/dfb778f73814d8f09f302618446a526b\",\"name\":\"Juan P\u00e9rez\",\"image\":{\"@type\":\"ImageObject\",\"inLanguage\":\"es-AR\",\"@id\":\"https:\/\/www.diario21.tv\/noticias\/#\/schema\/person\/image\/\",\"url\":\"https:\/\/secure.gravatar.com\/avatar\/c478a405bd10621167f4c3167cc770f5?s=96&d=mm&r=g\",\"contentUrl\":\"https:\/\/secure.gravatar.com\/avatar\/c478a405bd10621167f4c3167cc770f5?s=96&d=mm&r=g\",\"caption\":\"Juan P\u00e9rez\"},\"description\":\"Juan P\u00e9rez es el redactor en jefe de Diario 21. Con m\u00e1s de 10 a\u00f1os de experiencia en el periodismo, se especializa en pol\u00edtica nacional y an\u00e1lisis socioecon\u00f3mico. Su enfoque cr\u00edtico y riguroso aporta una perspectiva \u00fanica a cada art\u00edculo.\",\"sameAs\":[\"https:\/\/www.diario21.tv\/noticias\/\"],\"url\":\"https:\/\/www.diario21.tv\/noticias\/author\/juan-perez\/\"}]}<\/script>\n<!-- \/ Yoast SEO plugin. -->","yoast_head_json":{"title":"Descubre los impactantes efectos del caf\u00e9 en mujeres, revela estudio - Diario 21","robots":{"index":"index","follow":"follow","max-snippet":"max-snippet:-1","max-image-preview":"max-image-preview:large","max-video-preview":"max-video-preview:-1"},"canonical":"https:\/\/www.diario21.tv\/noticias\/descubre-los-impactantes-efectos-del-cafe-en-mujeres-revela-estudio\/","og_locale":"es_ES","og_type":"article","og_title":"Descubre los impactantes efectos del caf\u00e9 en mujeres, revela estudio - Diario 21","og_description":"Los Efectos del Caf\u00e9 en la Salud de las Mujeres Seg\u00fan Investigaciones Recientes El caf\u00e9 no es solo una bebida popular para empezar el d\u00eda; tambi\u00e9n ... Seguir leyendo &rarr;","og_url":"https:\/\/www.diario21.tv\/noticias\/descubre-los-impactantes-efectos-del-cafe-en-mujeres-revela-estudio\/","og_site_name":"Diario 21","article_published_time":"2025-07-10T22:12:50+00:00","article_modified_time":"2025-07-10T22:12:51+00:00","og_image":[{"width":1200,"height":840,"url":"https:\/\/www.diario21.tv\/noticias\/wp-content\/uploads\/2025\/07\/Descubre-los-impactantes-efectos-del-cafe-en-mujeres-revela-estudio.jpg","type":"image\/jpeg"}],"author":"Juan P\u00e9rez","twitter_card":"summary_large_image","twitter_misc":{"Escrito por":"Juan P\u00e9rez","Tiempo de lectura":"3 minutos"},"schema":{"@context":"https:\/\/schema.org","@graph":[{"@type":"WebPage","@id":"https:\/\/www.diario21.tv\/noticias\/descubre-los-impactantes-efectos-del-cafe-en-mujeres-revela-estudio\/","url":"https:\/\/www.diario21.tv\/noticias\/descubre-los-impactantes-efectos-del-cafe-en-mujeres-revela-estudio\/","name":"Descubre los impactantes efectos del caf\u00e9 en mujeres, revela estudio - Diario 21","isPartOf":{"@id":"https:\/\/www.diario21.tv\/noticias\/#website"},"primaryImageOfPage":{"@id":"https:\/\/www.diario21.tv\/noticias\/descubre-los-impactantes-efectos-del-cafe-en-mujeres-revela-estudio\/#primaryimage"},"image":{"@id":"https:\/\/www.diario21.tv\/noticias\/descubre-los-impactantes-efectos-del-cafe-en-mujeres-revela-estudio\/#primaryimage"},"thumbnailUrl":"https:\/\/www.diario21.tv\/noticias\/wp-content\/uploads\/2025\/07\/Descubre-los-impactantes-efectos-del-cafe-en-mujeres-revela-estudio.jpg","datePublished":"2025-07-10T22:12:50+00:00","dateModified":"2025-07-10T22:12:51+00:00","author":{"@id":"https:\/\/www.diario21.tv\/noticias\/#\/schema\/person\/dfb778f73814d8f09f302618446a526b"},"breadcrumb":{"@id":"https:\/\/www.diario21.tv\/noticias\/descubre-los-impactantes-efectos-del-cafe-en-mujeres-revela-estudio\/#breadcrumb"},"inLanguage":"es-AR","potentialAction":[{"@type":"ReadAction","target":["https:\/\/www.diario21.tv\/noticias\/descubre-los-impactantes-efectos-del-cafe-en-mujeres-revela-estudio\/"]}]},{"@type":"ImageObject","inLanguage":"es-AR","@id":"https:\/\/www.diario21.tv\/noticias\/descubre-los-impactantes-efectos-del-cafe-en-mujeres-revela-estudio\/#primaryimage","url":"https:\/\/www.diario21.tv\/noticias\/wp-content\/uploads\/2025\/07\/Descubre-los-impactantes-efectos-del-cafe-en-mujeres-revela-estudio.jpg","contentUrl":"https:\/\/www.diario21.tv\/noticias\/wp-content\/uploads\/2025\/07\/Descubre-los-impactantes-efectos-del-cafe-en-mujeres-revela-estudio.jpg","width":1200,"height":840,"caption":"Esto es lo que le pasa a las mujeres que beben caf\u00e9, seg\u00fan un estudio"},{"@type":"BreadcrumbList","@id":"https:\/\/www.diario21.tv\/noticias\/descubre-los-impactantes-efectos-del-cafe-en-mujeres-revela-estudio\/#breadcrumb","itemListElement":[{"@type":"ListItem","position":1,"name":"Accueil","item":"https:\/\/www.diario21.tv\/noticias\/"},{"@type":"ListItem","position":2,"name":"Descubre los impactantes efectos del caf\u00e9 en mujeres, revela estudio"}]},{"@type":"WebSite","@id":"https:\/\/www.diario21.tv\/noticias\/#website","url":"https:\/\/www.diario21.tv\/noticias\/","name":"Diario 21","description":"","potentialAction":[{"@type":"SearchAction","target":{"@type":"EntryPoint","urlTemplate":"https:\/\/www.diario21.tv\/noticias\/?s={search_term_string}"},"query-input":{"@type":"PropertyValueSpecification","valueRequired":true,"valueName":"search_term_string"}}],"inLanguage":"es-AR"},{"@type":"Person","@id":"https:\/\/www.diario21.tv\/noticias\/#\/schema\/person\/dfb778f73814d8f09f302618446a526b","name":"Juan P\u00e9rez","image":{"@type":"ImageObject","inLanguage":"es-AR","@id":"https:\/\/www.diario21.tv\/noticias\/#\/schema\/person\/image\/","url":"https:\/\/secure.gravatar.com\/avatar\/c478a405bd10621167f4c3167cc770f5?s=96&d=mm&r=g","contentUrl":"https:\/\/secure.gravatar.com\/avatar\/c478a405bd10621167f4c3167cc770f5?s=96&d=mm&r=g","caption":"Juan P\u00e9rez"},"description":"Juan P\u00e9rez es el redactor en jefe de Diario 21. Con m\u00e1s de 10 a\u00f1os de experiencia en el periodismo, se especializa en pol\u00edtica nacional y an\u00e1lisis socioecon\u00f3mico. Su enfoque cr\u00edtico y riguroso aporta una perspectiva \u00fanica a cada art\u00edculo.","sameAs":["https:\/\/www.diario21.tv\/noticias\/"],"url":"https:\/\/www.diario21.tv\/noticias\/author\/juan-perez\/"}]}},"_links":{"self":[{"href":"https:\/\/www.diario21.tv\/noticias\/wp-json\/wp\/v2\/posts\/3769"}],"collection":[{"href":"https:\/\/www.diario21.tv\/noticias\/wp-json\/wp\/v2\/posts"}],"about":[{"href":"https:\/\/www.diario21.tv\/noticias\/wp-json\/wp\/v2\/types\/post"}],"author":[{"embeddable":true,"href":"https:\/\/www.diario21.tv\/noticias\/wp-json\/wp\/v2\/users\/20"}],"replies":[{"embeddable":true,"href":"https:\/\/www.diario21.tv\/noticias\/wp-json\/wp\/v2\/comments?post=3769"}],"version-history":[{"count":1,"href":"https:\/\/www.diario21.tv\/noticias\/wp-json\/wp\/v2\/posts\/3769\/revisions"}],"predecessor-version":[{"id":3771,"href":"https:\/\/www.diario21.tv\/noticias\/wp-json\/wp\/v2\/posts\/3769\/revisions\/3771"}],"wp:featuredmedia":[{"embeddable":true,"href":"https:\/\/www.diario21.tv\/noticias\/wp-json\/wp\/v2\/media\/3770"}],"wp:attachment":[{"href":"https:\/\/www.diario21.tv\/noticias\/wp-json\/wp\/v2\/media?parent=3769"}],"wp:term":[{"taxonomy":"category","embeddable":true,"href":"https:\/\/www.diario21.tv\/noticias\/wp-json\/wp\/v2\/categories?post=3769"},{"taxonomy":"post_tag","embeddable":true,"href":"https:\/\/www.diario21.tv\/noticias\/wp-json\/wp\/v2\/tags?post=3769"}],"curies":[{"name":"wp","href":"https:\/\/api.w.org\/{rel}","templated":true}]}}