{"id":3757,"date":"2025-07-09T21:58:09","date_gmt":"2025-07-09T21:58:09","guid":{"rendered":"https:\/\/www.diario21.tv\/noticias\/alerta-por-la-variante-frankenstein-del-covid-por-que-alarma-a-los-expertos\/"},"modified":"2025-07-09T21:58:10","modified_gmt":"2025-07-09T21:58:10","slug":"alerta-por-la-variante-frankenstein-del-covid-por-que-alarma-a-los-expertos","status":"publish","type":"post","link":"https:\/\/www.diario21.tv\/noticias\/alerta-por-la-variante-frankenstein-del-covid-por-que-alarma-a-los-expertos\/","title":{"rendered":"Alerta por la &#8216;variante Frankenstein&#8217; del Covid: \u00bfPor qu\u00e9 alarma a los expertos?"},"content":{"rendered":"<h2>Introducci\u00f3n a la Variante Frankenstein del Covid-19<\/h2>\n<p>La variante Frankenstein del Covid-19, un nombre informal que ha capturado la atenci\u00f3n de la comunidad cient\u00edfica y del p\u00fablico en general, se refiere a una nueva mutaci\u00f3n del virus SARS-CoV-2, que ha suscitado preocupaciones debido a su combinaci\u00f3n \u00fanica de mutaciones. Este nombre no oficial proviene de la naturaleza &#8220;ensamblada&#8221; de la variante, que parece estar compuesta por segmentos de diferentes variantes anteriores del Covid-19.<\/p>\n<h2>Caracter\u00edsticas de la Variante<\/h2>\n<p>La denominada variante Frankenstein se caracteriza por poseer una mezcla de mutaciones vistas previamente en otras variantes del virus. Esto ha llevado a los cient\u00edficos a temer que pueda tener la capacidad de evadir la inmunidad otorgada por las vacunas actuales y por infecciones previas de otras variantes. Aunque todav\u00eda se est\u00e1 investigando, la preocupaci\u00f3n radica en que la convergencia de m\u00faltiples mutaciones en un solo virus podr\u00eda potencialmente aumentar su transmisibilidad o virulencia.<\/p>\n<h2>\u00bfPor qu\u00e9 es preocupante?<\/h2>\n<p>Los expertos est\u00e1n particularmente preocupados por esta nueva variante debido a su potencial para resistir a los anticuerpos generados contra versiones anteriores del virus. Aunque cada mutaci\u00f3n en el virus ha sido observada anteriormente de forma aislada, la combinaci\u00f3n de todas estas en una sola variante no tiene precedentes. Esto podr\u00eda significar un desaf\u00edo adicional en la lucha contra la pandemia, ya que podr\u00eda requerirse una adaptaci\u00f3n o modificaci\u00f3n de las vacunas existentes para combatir eficazmente esta nueva forma del virus.<\/p>\n<h2>Investigaciones en Curso<\/h2>\n<p>Actualmente, los investigadores est\u00e1n llevando a cabo estudios para entender mejor la estructura y el comportamiento de la variante Frankenstein. Esto incluye an\u00e1lisis sobre c\u00f3mo se propaga entre la poblaci\u00f3n y su respuesta a los tratamientos y vacunas actuales. Estos estudios son cruciales para determinar las medidas que deben tomarse para prevenir una mayor propagaci\u00f3n de esta variante.<\/p>\n<h2>Conclusiones y Medidas Preventivas<\/h2>\n<p>Mientras la comunidad cient\u00edfica contin\u00faa evaluando la amenaza que representa la variante Frankenstein, es esencial que el p\u00fablico mantenga pr\u00e1cticas de salud p\u00fablica recomendadas, como el uso de mascarillas y el distanciamiento social. Adem\u00e1s, la vacunaci\u00f3n sigue siendo un pilar fundamental en la lucha contra la propagaci\u00f3n del Covid-19, incluidas sus variantes.<\/p>\n<p>Aunque la variante Frankenstein del Covid-19 es motivo de preocupaci\u00f3n, la vigilancia continua y la investigaci\u00f3n son clave para enfrentar este nuevo desaf\u00edo. Con un enfoque proactivo y basado en la ciencia, podemos continuar avanzando hacia el control de la pandemia.<\/p>\n\n\n<div class=\"kk-star-ratings kksr-auto kksr-align-left kksr-valign-bottom\"\n    data-payload='{&quot;align&quot;:&quot;left&quot;,&quot;id&quot;:&quot;3757&quot;,&quot;slug&quot;:&quot;default&quot;,&quot;valign&quot;:&quot;bottom&quot;,&quot;ignore&quot;:&quot;&quot;,&quot;reference&quot;:&quot;auto&quot;,&quot;class&quot;:&quot;&quot;,&quot;count&quot;:&quot;0&quot;,&quot;legendonly&quot;:&quot;&quot;,&quot;readonly&quot;:&quot;&quot;,&quot;score&quot;:&quot;0&quot;,&quot;starsonly&quot;:&quot;&quot;,&quot;best&quot;:&quot;5&quot;,&quot;gap&quot;:&quot;5&quot;,&quot;greet&quot;:&quot;Valora este post&quot;,&quot;legend&quot;:&quot;0\\\/5 - (0 votes)&quot;,&quot;size&quot;:&quot;22&quot;,&quot;title&quot;:&quot;Alerta por la \\u0026#039;variante Frankenstein\\u0026#039; del Covid: \u00bfPor qu\u00e9 alarma a los expertos?&quot;,&quot;width&quot;:&quot;0&quot;,&quot;_legend&quot;:&quot;{score}\\\/{best} - ({count} {votes})&quot;,&quot;font_factor&quot;:&quot;1.25&quot;}'>\n            \n<div class=\"kksr-stars\">\n    \n<div class=\"kksr-stars-inactive\">\n            <div class=\"kksr-star\" data-star=\"1\" style=\"padding-right: 5px\">\n            \n\n<div class=\"kksr-icon\" style=\"width: 22px; height: 22px;\"><\/div>\n        <\/div>\n            <div class=\"kksr-star\" data-star=\"2\" style=\"padding-right: 5px\">\n            \n\n<div class=\"kksr-icon\" style=\"width: 22px; height: 22px;\"><\/div>\n        <\/div>\n            <div class=\"kksr-star\" data-star=\"3\" style=\"padding-right: 5px\">\n            \n\n<div class=\"kksr-icon\" style=\"width: 22px; height: 22px;\"><\/div>\n        <\/div>\n            <div class=\"kksr-star\" data-star=\"4\" style=\"padding-right: 5px\">\n            \n\n<div class=\"kksr-icon\" style=\"width: 22px; height: 22px;\"><\/div>\n        <\/div>\n            <div class=\"kksr-star\" data-star=\"5\" style=\"padding-right: 5px\">\n            \n\n<div class=\"kksr-icon\" style=\"width: 22px; height: 22px;\"><\/div>\n        <\/div>\n    <\/div>\n    \n<div class=\"kksr-stars-active\" style=\"width: 0px;\">\n            <div class=\"kksr-star\" style=\"padding-right: 5px\">\n            \n\n<div class=\"kksr-icon\" style=\"width: 22px; height: 22px;\"><\/div>\n        <\/div>\n            <div class=\"kksr-star\" style=\"padding-right: 5px\">\n            \n\n<div class=\"kksr-icon\" style=\"width: 22px; height: 22px;\"><\/div>\n        <\/div>\n            <div class=\"kksr-star\" style=\"padding-right: 5px\">\n            \n\n<div class=\"kksr-icon\" style=\"width: 22px; height: 22px;\"><\/div>\n        <\/div>\n            <div class=\"kksr-star\" style=\"padding-right: 5px\">\n            \n\n<div class=\"kksr-icon\" style=\"width: 22px; height: 22px;\"><\/div>\n        <\/div>\n            <div class=\"kksr-star\" style=\"padding-right: 5px\">\n            \n\n<div class=\"kksr-icon\" style=\"width: 22px; height: 22px;\"><\/div>\n        <\/div>\n    <\/div>\n<\/div>\n                \n\n<div class=\"kksr-legend\" style=\"font-size: 17.6px;\">\n            <span class=\"kksr-muted\">Valora este post<\/span>\n    <\/div>\n    <\/div>\n","protected":false},"excerpt":{"rendered":"<p>Introducci\u00f3n a la Variante Frankenstein del Covid-19 La variante Frankenstein del Covid-19, un nombre informal que ha capturado la atenci\u00f3n de la comunidad cient\u00edfica y del &#8230; <a title=\"Alerta por la &#8216;variante Frankenstein&#8217; del Covid: \u00bfPor qu\u00e9 alarma a los expertos?\" class=\"read-more\" href=\"https:\/\/www.diario21.tv\/noticias\/alerta-por-la-variante-frankenstein-del-covid-por-que-alarma-a-los-expertos\/\" aria-label=\"Leer m\u00e1s sobre Alerta por la &#8216;variante Frankenstein&#8217; del Covid: \u00bfPor qu\u00e9 alarma a los expertos?\">Seguir leyendo &rarr;<\/a><\/p>\n","protected":false},"author":20,"featured_media":3758,"comment_status":"open","ping_status":"open","sticky":false,"template":"","format":"standard","meta":{"footnotes":""},"categories":[13],"tags":[],"class_list":["post-3757","post","type-post","status-publish","format-standard","has-post-thumbnail","hentry","category-portada"],"yoast_head":"<!-- This site is optimized with the Yoast SEO plugin v25.6 - https:\/\/yoast.com\/wordpress\/plugins\/seo\/ -->\n<title>Alerta por la &#039;variante Frankenstein&#039; del Covid: \u00bfPor qu\u00e9 alarma a los expertos? - Diario 21<\/title>\n<meta name=\"robots\" content=\"index, follow, max-snippet:-1, max-image-preview:large, max-video-preview:-1\" \/>\n<link rel=\"canonical\" href=\"https:\/\/www.diario21.tv\/noticias\/alerta-por-la-variante-frankenstein-del-covid-por-que-alarma-a-los-expertos\/\" \/>\n<meta property=\"og:locale\" content=\"es_ES\" \/>\n<meta property=\"og:type\" content=\"article\" \/>\n<meta property=\"og:title\" content=\"Alerta por la &#039;variante Frankenstein&#039; del Covid: \u00bfPor qu\u00e9 alarma a los expertos? - Diario 21\" \/>\n<meta property=\"og:description\" content=\"Introducci\u00f3n a la Variante Frankenstein del Covid-19 La variante Frankenstein del Covid-19, un nombre informal que ha capturado la atenci\u00f3n de la comunidad cient\u00edfica y del ... Seguir leyendo &rarr;\" \/>\n<meta property=\"og:url\" content=\"https:\/\/www.diario21.tv\/noticias\/alerta-por-la-variante-frankenstein-del-covid-por-que-alarma-a-los-expertos\/\" \/>\n<meta property=\"og:site_name\" content=\"Diario 21\" \/>\n<meta property=\"article:published_time\" content=\"2025-07-09T21:58:09+00:00\" \/>\n<meta property=\"article:modified_time\" content=\"2025-07-09T21:58:10+00:00\" \/>\n<meta property=\"og:image\" content=\"https:\/\/www.diario21.tv\/noticias\/wp-content\/uploads\/2025\/07\/Alerta-por-la-variante-Frankenstein-del-Covid-\u00bfPor-que-alarma.jpg\" \/>\n\t<meta property=\"og:image:width\" content=\"1200\" \/>\n\t<meta property=\"og:image:height\" content=\"840\" \/>\n\t<meta property=\"og:image:type\" content=\"image\/jpeg\" \/>\n<meta name=\"author\" content=\"Juan P\u00e9rez\" \/>\n<meta name=\"twitter:card\" content=\"summary_large_image\" \/>\n<meta name=\"twitter:label1\" content=\"Escrito por\" \/>\n\t<meta name=\"twitter:data1\" content=\"Juan P\u00e9rez\" \/>\n\t<meta name=\"twitter:label2\" content=\"Tiempo de lectura\" \/>\n\t<meta name=\"twitter:data2\" content=\"2 minutos\" \/>\n<script type=\"application\/ld+json\" class=\"yoast-schema-graph\">{\"@context\":\"https:\/\/schema.org\",\"@graph\":[{\"@type\":\"WebPage\",\"@id\":\"https:\/\/www.diario21.tv\/noticias\/alerta-por-la-variante-frankenstein-del-covid-por-que-alarma-a-los-expertos\/\",\"url\":\"https:\/\/www.diario21.tv\/noticias\/alerta-por-la-variante-frankenstein-del-covid-por-que-alarma-a-los-expertos\/\",\"name\":\"Alerta por la 'variante Frankenstein' del Covid: \u00bfPor qu\u00e9 alarma a los expertos? - Diario 21\",\"isPartOf\":{\"@id\":\"https:\/\/www.diario21.tv\/noticias\/#website\"},\"primaryImageOfPage\":{\"@id\":\"https:\/\/www.diario21.tv\/noticias\/alerta-por-la-variante-frankenstein-del-covid-por-que-alarma-a-los-expertos\/#primaryimage\"},\"image\":{\"@id\":\"https:\/\/www.diario21.tv\/noticias\/alerta-por-la-variante-frankenstein-del-covid-por-que-alarma-a-los-expertos\/#primaryimage\"},\"thumbnailUrl\":\"https:\/\/www.diario21.tv\/noticias\/wp-content\/uploads\/2025\/07\/Alerta-por-la-variante-Frankenstein-del-Covid-\u00bfPor-que-alarma.jpg\",\"datePublished\":\"2025-07-09T21:58:09+00:00\",\"dateModified\":\"2025-07-09T21:58:10+00:00\",\"author\":{\"@id\":\"https:\/\/www.diario21.tv\/noticias\/#\/schema\/person\/dfb778f73814d8f09f302618446a526b\"},\"breadcrumb\":{\"@id\":\"https:\/\/www.diario21.tv\/noticias\/alerta-por-la-variante-frankenstein-del-covid-por-que-alarma-a-los-expertos\/#breadcrumb\"},\"inLanguage\":\"es-AR\",\"potentialAction\":[{\"@type\":\"ReadAction\",\"target\":[\"https:\/\/www.diario21.tv\/noticias\/alerta-por-la-variante-frankenstein-del-covid-por-que-alarma-a-los-expertos\/\"]}]},{\"@type\":\"ImageObject\",\"inLanguage\":\"es-AR\",\"@id\":\"https:\/\/www.diario21.tv\/noticias\/alerta-por-la-variante-frankenstein-del-covid-por-que-alarma-a-los-expertos\/#primaryimage\",\"url\":\"https:\/\/www.diario21.tv\/noticias\/wp-content\/uploads\/2025\/07\/Alerta-por-la-variante-Frankenstein-del-Covid-\u00bfPor-que-alarma.jpg\",\"contentUrl\":\"https:\/\/www.diario21.tv\/noticias\/wp-content\/uploads\/2025\/07\/Alerta-por-la-variante-Frankenstein-del-Covid-\u00bfPor-que-alarma.jpg\",\"width\":1200,\"height\":840,\"caption\":\"Qu\u00e9 es la nueva &amp;#039;variante Frankenstein&amp;#039; del Covid y por qu\u00e9 preocupa a los expertos\"},{\"@type\":\"BreadcrumbList\",\"@id\":\"https:\/\/www.diario21.tv\/noticias\/alerta-por-la-variante-frankenstein-del-covid-por-que-alarma-a-los-expertos\/#breadcrumb\",\"itemListElement\":[{\"@type\":\"ListItem\",\"position\":1,\"name\":\"Accueil\",\"item\":\"https:\/\/www.diario21.tv\/noticias\/\"},{\"@type\":\"ListItem\",\"position\":2,\"name\":\"Alerta por la &#8216;variante Frankenstein&#8217; del Covid: \u00bfPor qu\u00e9 alarma a los expertos?\"}]},{\"@type\":\"WebSite\",\"@id\":\"https:\/\/www.diario21.tv\/noticias\/#website\",\"url\":\"https:\/\/www.diario21.tv\/noticias\/\",\"name\":\"Diario 21\",\"description\":\"\",\"potentialAction\":[{\"@type\":\"SearchAction\",\"target\":{\"@type\":\"EntryPoint\",\"urlTemplate\":\"https:\/\/www.diario21.tv\/noticias\/?s={search_term_string}\"},\"query-input\":{\"@type\":\"PropertyValueSpecification\",\"valueRequired\":true,\"valueName\":\"search_term_string\"}}],\"inLanguage\":\"es-AR\"},{\"@type\":\"Person\",\"@id\":\"https:\/\/www.diario21.tv\/noticias\/#\/schema\/person\/dfb778f73814d8f09f302618446a526b\",\"name\":\"Juan P\u00e9rez\",\"image\":{\"@type\":\"ImageObject\",\"inLanguage\":\"es-AR\",\"@id\":\"https:\/\/www.diario21.tv\/noticias\/#\/schema\/person\/image\/\",\"url\":\"https:\/\/secure.gravatar.com\/avatar\/c478a405bd10621167f4c3167cc770f5?s=96&d=mm&r=g\",\"contentUrl\":\"https:\/\/secure.gravatar.com\/avatar\/c478a405bd10621167f4c3167cc770f5?s=96&d=mm&r=g\",\"caption\":\"Juan P\u00e9rez\"},\"description\":\"Juan P\u00e9rez es el redactor en jefe de Diario 21. Con m\u00e1s de 10 a\u00f1os de experiencia en el periodismo, se especializa en pol\u00edtica nacional y an\u00e1lisis socioecon\u00f3mico. Su enfoque cr\u00edtico y riguroso aporta una perspectiva \u00fanica a cada art\u00edculo.\",\"sameAs\":[\"https:\/\/www.diario21.tv\/noticias\/\"],\"url\":\"https:\/\/www.diario21.tv\/noticias\/author\/juan-perez\/\"}]}<\/script>\n<!-- \/ Yoast SEO plugin. -->","yoast_head_json":{"title":"Alerta por la 'variante Frankenstein' del Covid: \u00bfPor qu\u00e9 alarma a los expertos? - Diario 21","robots":{"index":"index","follow":"follow","max-snippet":"max-snippet:-1","max-image-preview":"max-image-preview:large","max-video-preview":"max-video-preview:-1"},"canonical":"https:\/\/www.diario21.tv\/noticias\/alerta-por-la-variante-frankenstein-del-covid-por-que-alarma-a-los-expertos\/","og_locale":"es_ES","og_type":"article","og_title":"Alerta por la 'variante Frankenstein' del Covid: \u00bfPor qu\u00e9 alarma a los expertos? - Diario 21","og_description":"Introducci\u00f3n a la Variante Frankenstein del Covid-19 La variante Frankenstein del Covid-19, un nombre informal que ha capturado la atenci\u00f3n de la comunidad cient\u00edfica y del ... Seguir leyendo &rarr;","og_url":"https:\/\/www.diario21.tv\/noticias\/alerta-por-la-variante-frankenstein-del-covid-por-que-alarma-a-los-expertos\/","og_site_name":"Diario 21","article_published_time":"2025-07-09T21:58:09+00:00","article_modified_time":"2025-07-09T21:58:10+00:00","og_image":[{"width":1200,"height":840,"url":"https:\/\/www.diario21.tv\/noticias\/wp-content\/uploads\/2025\/07\/Alerta-por-la-variante-Frankenstein-del-Covid-\u00bfPor-que-alarma.jpg","type":"image\/jpeg"}],"author":"Juan P\u00e9rez","twitter_card":"summary_large_image","twitter_misc":{"Escrito por":"Juan P\u00e9rez","Tiempo de lectura":"2 minutos"},"schema":{"@context":"https:\/\/schema.org","@graph":[{"@type":"WebPage","@id":"https:\/\/www.diario21.tv\/noticias\/alerta-por-la-variante-frankenstein-del-covid-por-que-alarma-a-los-expertos\/","url":"https:\/\/www.diario21.tv\/noticias\/alerta-por-la-variante-frankenstein-del-covid-por-que-alarma-a-los-expertos\/","name":"Alerta por la 'variante Frankenstein' del Covid: \u00bfPor qu\u00e9 alarma a los expertos? - Diario 21","isPartOf":{"@id":"https:\/\/www.diario21.tv\/noticias\/#website"},"primaryImageOfPage":{"@id":"https:\/\/www.diario21.tv\/noticias\/alerta-por-la-variante-frankenstein-del-covid-por-que-alarma-a-los-expertos\/#primaryimage"},"image":{"@id":"https:\/\/www.diario21.tv\/noticias\/alerta-por-la-variante-frankenstein-del-covid-por-que-alarma-a-los-expertos\/#primaryimage"},"thumbnailUrl":"https:\/\/www.diario21.tv\/noticias\/wp-content\/uploads\/2025\/07\/Alerta-por-la-variante-Frankenstein-del-Covid-\u00bfPor-que-alarma.jpg","datePublished":"2025-07-09T21:58:09+00:00","dateModified":"2025-07-09T21:58:10+00:00","author":{"@id":"https:\/\/www.diario21.tv\/noticias\/#\/schema\/person\/dfb778f73814d8f09f302618446a526b"},"breadcrumb":{"@id":"https:\/\/www.diario21.tv\/noticias\/alerta-por-la-variante-frankenstein-del-covid-por-que-alarma-a-los-expertos\/#breadcrumb"},"inLanguage":"es-AR","potentialAction":[{"@type":"ReadAction","target":["https:\/\/www.diario21.tv\/noticias\/alerta-por-la-variante-frankenstein-del-covid-por-que-alarma-a-los-expertos\/"]}]},{"@type":"ImageObject","inLanguage":"es-AR","@id":"https:\/\/www.diario21.tv\/noticias\/alerta-por-la-variante-frankenstein-del-covid-por-que-alarma-a-los-expertos\/#primaryimage","url":"https:\/\/www.diario21.tv\/noticias\/wp-content\/uploads\/2025\/07\/Alerta-por-la-variante-Frankenstein-del-Covid-\u00bfPor-que-alarma.jpg","contentUrl":"https:\/\/www.diario21.tv\/noticias\/wp-content\/uploads\/2025\/07\/Alerta-por-la-variante-Frankenstein-del-Covid-\u00bfPor-que-alarma.jpg","width":1200,"height":840,"caption":"Qu\u00e9 es la nueva &amp;#039;variante Frankenstein&amp;#039; del Covid y por qu\u00e9 preocupa a los expertos"},{"@type":"BreadcrumbList","@id":"https:\/\/www.diario21.tv\/noticias\/alerta-por-la-variante-frankenstein-del-covid-por-que-alarma-a-los-expertos\/#breadcrumb","itemListElement":[{"@type":"ListItem","position":1,"name":"Accueil","item":"https:\/\/www.diario21.tv\/noticias\/"},{"@type":"ListItem","position":2,"name":"Alerta por la &#8216;variante Frankenstein&#8217; del Covid: \u00bfPor qu\u00e9 alarma a los expertos?"}]},{"@type":"WebSite","@id":"https:\/\/www.diario21.tv\/noticias\/#website","url":"https:\/\/www.diario21.tv\/noticias\/","name":"Diario 21","description":"","potentialAction":[{"@type":"SearchAction","target":{"@type":"EntryPoint","urlTemplate":"https:\/\/www.diario21.tv\/noticias\/?s={search_term_string}"},"query-input":{"@type":"PropertyValueSpecification","valueRequired":true,"valueName":"search_term_string"}}],"inLanguage":"es-AR"},{"@type":"Person","@id":"https:\/\/www.diario21.tv\/noticias\/#\/schema\/person\/dfb778f73814d8f09f302618446a526b","name":"Juan P\u00e9rez","image":{"@type":"ImageObject","inLanguage":"es-AR","@id":"https:\/\/www.diario21.tv\/noticias\/#\/schema\/person\/image\/","url":"https:\/\/secure.gravatar.com\/avatar\/c478a405bd10621167f4c3167cc770f5?s=96&d=mm&r=g","contentUrl":"https:\/\/secure.gravatar.com\/avatar\/c478a405bd10621167f4c3167cc770f5?s=96&d=mm&r=g","caption":"Juan P\u00e9rez"},"description":"Juan P\u00e9rez es el redactor en jefe de Diario 21. Con m\u00e1s de 10 a\u00f1os de experiencia en el periodismo, se especializa en pol\u00edtica nacional y an\u00e1lisis socioecon\u00f3mico. Su enfoque cr\u00edtico y riguroso aporta una perspectiva \u00fanica a cada art\u00edculo.","sameAs":["https:\/\/www.diario21.tv\/noticias\/"],"url":"https:\/\/www.diario21.tv\/noticias\/author\/juan-perez\/"}]}},"_links":{"self":[{"href":"https:\/\/www.diario21.tv\/noticias\/wp-json\/wp\/v2\/posts\/3757"}],"collection":[{"href":"https:\/\/www.diario21.tv\/noticias\/wp-json\/wp\/v2\/posts"}],"about":[{"href":"https:\/\/www.diario21.tv\/noticias\/wp-json\/wp\/v2\/types\/post"}],"author":[{"embeddable":true,"href":"https:\/\/www.diario21.tv\/noticias\/wp-json\/wp\/v2\/users\/20"}],"replies":[{"embeddable":true,"href":"https:\/\/www.diario21.tv\/noticias\/wp-json\/wp\/v2\/comments?post=3757"}],"version-history":[{"count":1,"href":"https:\/\/www.diario21.tv\/noticias\/wp-json\/wp\/v2\/posts\/3757\/revisions"}],"predecessor-version":[{"id":3759,"href":"https:\/\/www.diario21.tv\/noticias\/wp-json\/wp\/v2\/posts\/3757\/revisions\/3759"}],"wp:featuredmedia":[{"embeddable":true,"href":"https:\/\/www.diario21.tv\/noticias\/wp-json\/wp\/v2\/media\/3758"}],"wp:attachment":[{"href":"https:\/\/www.diario21.tv\/noticias\/wp-json\/wp\/v2\/media?parent=3757"}],"wp:term":[{"taxonomy":"category","embeddable":true,"href":"https:\/\/www.diario21.tv\/noticias\/wp-json\/wp\/v2\/categories?post=3757"},{"taxonomy":"post_tag","embeddable":true,"href":"https:\/\/www.diario21.tv\/noticias\/wp-json\/wp\/v2\/tags?post=3757"}],"curies":[{"name":"wp","href":"https:\/\/api.w.org\/{rel}","templated":true}]}}