{"id":3754,"date":"2025-07-09T15:57:41","date_gmt":"2025-07-09T15:57:41","guid":{"rendered":"https:\/\/www.diario21.tv\/noticias\/increible-pero-cierto-el-supremo-declara-heredero-a-hombre-que-asesino-a-su-hermana-a-martillazos\/"},"modified":"2025-07-09T15:57:41","modified_gmt":"2025-07-09T15:57:41","slug":"increible-pero-cierto-el-supremo-declara-heredero-a-hombre-que-asesino-a-su-hermana-a-martillazos","status":"publish","type":"post","link":"https:\/\/www.diario21.tv\/noticias\/increible-pero-cierto-el-supremo-declara-heredero-a-hombre-que-asesino-a-su-hermana-a-martillazos\/","title":{"rendered":"\u00a1Incre\u00edble pero cierto! El Supremo declara heredero a hombre que asesin\u00f3 a su hermana a martillazos"},"content":{"rendered":"<h2>El Tribunal Supremo Confirma Derecho de Beneficiario a Cobrar Seguro Tras Asesinar a su Hermana<\/h2>\n<p>En un fallo controvertido, el Tribunal Supremo ha dictaminado que un hombre, quien fue condenado por matar a su hermana a martillazos, tiene derecho a recibir la indemnizaci\u00f3n del seguro de vida de la fallecida. Este caso ha suscitado un amplio debate sobre la \u00e9tica y la legalidad en la asignaci\u00f3n de beneficios de seguros en circunstancias donde el beneficiario es tambi\u00e9n el criminal.<\/p>\n<h3>Detalles del Caso<\/h3>\n<p>El incidente ocurri\u00f3 cuando el hombre, quien hab\u00eda sido nombrado beneficiario en la p\u00f3liza de seguro de vida de su hermana, la asesin\u00f3 utilizando un martillo. A pesar de su condena por este crimen, la justicia ha determinado que no se le puede privar del derecho a cobrar el seguro. La decisi\u00f3n se basa en la interpretaci\u00f3n de las leyes actuales, que no contemplan expl\u00edcitamente esta situaci\u00f3n.<\/p>\n<h3>Implicaciones Legales y Reacciones<\/h3>\n<p>La decisi\u00f3n del Tribunal Supremo ha generado una variedad de reacciones. Por un lado, expertos legales argumentan que este fallo podr\u00eda sentar un precedente preocupante, incentivando potencialmente a otros a cometer actos similares si saben que pueden beneficiarse econ\u00f3micamente. Por otro lado, algunos abogados destacan que la decisi\u00f3n respeta el marco legal vigente, el cual claramente estipula que los beneficios de un seguro deben ser entregados al beneficiario designado, independientemente de las circunstancias personales.<\/p>\n<h3>Opiniones de los Expertos<\/h3>\n<p>Expertos en derecho y \u00e9tica han comentado que este caso podr\u00eda ser un punto de partida para revisar y posiblemente modificar las leyes relacionadas con seguros y actos criminales. Sugieren que podr\u00eda ser prudente introducir enmiendas que prevengan que individuos condenados por cr\u00edmenes graves se beneficien de p\u00f3lizas de seguros en casos donde la v\u00edctima es la persona asegurada.<\/p>\n<p>En conclusi\u00f3n, el fallo del Tribunal Supremo abre un complejo debate sobre la moralidad, la legalidad y la \u00e9tica en la administraci\u00f3n de justicia y los derechos de los individuos condenados. Este caso no solo afecta la percepci\u00f3n p\u00fablica de la justicia, sino que tambi\u00e9n podr\u00eda influir en futuras legislaciones en materia de seguros y beneficios legales.<\/p>\n\n\n<div class=\"kk-star-ratings kksr-auto kksr-align-left kksr-valign-bottom\"\n    data-payload='{&quot;align&quot;:&quot;left&quot;,&quot;id&quot;:&quot;3754&quot;,&quot;slug&quot;:&quot;default&quot;,&quot;valign&quot;:&quot;bottom&quot;,&quot;ignore&quot;:&quot;&quot;,&quot;reference&quot;:&quot;auto&quot;,&quot;class&quot;:&quot;&quot;,&quot;count&quot;:&quot;0&quot;,&quot;legendonly&quot;:&quot;&quot;,&quot;readonly&quot;:&quot;&quot;,&quot;score&quot;:&quot;0&quot;,&quot;starsonly&quot;:&quot;&quot;,&quot;best&quot;:&quot;5&quot;,&quot;gap&quot;:&quot;5&quot;,&quot;greet&quot;:&quot;Valora este post&quot;,&quot;legend&quot;:&quot;0\\\/5 - (0 votes)&quot;,&quot;size&quot;:&quot;22&quot;,&quot;title&quot;:&quot;\u00a1Incre\u00edble pero cierto! El Supremo declara heredero a hombre que asesin\u00f3 a su hermana a martillazos&quot;,&quot;width&quot;:&quot;0&quot;,&quot;_legend&quot;:&quot;{score}\\\/{best} - ({count} {votes})&quot;,&quot;font_factor&quot;:&quot;1.25&quot;}'>\n            \n<div class=\"kksr-stars\">\n    \n<div class=\"kksr-stars-inactive\">\n            <div class=\"kksr-star\" data-star=\"1\" style=\"padding-right: 5px\">\n            \n\n<div class=\"kksr-icon\" style=\"width: 22px; height: 22px;\"><\/div>\n        <\/div>\n            <div class=\"kksr-star\" data-star=\"2\" style=\"padding-right: 5px\">\n            \n\n<div class=\"kksr-icon\" style=\"width: 22px; height: 22px;\"><\/div>\n        <\/div>\n            <div class=\"kksr-star\" data-star=\"3\" style=\"padding-right: 5px\">\n            \n\n<div class=\"kksr-icon\" style=\"width: 22px; height: 22px;\"><\/div>\n        <\/div>\n            <div class=\"kksr-star\" data-star=\"4\" style=\"padding-right: 5px\">\n            \n\n<div class=\"kksr-icon\" style=\"width: 22px; height: 22px;\"><\/div>\n        <\/div>\n            <div class=\"kksr-star\" data-star=\"5\" style=\"padding-right: 5px\">\n            \n\n<div class=\"kksr-icon\" style=\"width: 22px; height: 22px;\"><\/div>\n        <\/div>\n    <\/div>\n    \n<div class=\"kksr-stars-active\" style=\"width: 0px;\">\n            <div class=\"kksr-star\" style=\"padding-right: 5px\">\n            \n\n<div class=\"kksr-icon\" style=\"width: 22px; height: 22px;\"><\/div>\n        <\/div>\n            <div class=\"kksr-star\" style=\"padding-right: 5px\">\n            \n\n<div class=\"kksr-icon\" style=\"width: 22px; height: 22px;\"><\/div>\n        <\/div>\n            <div class=\"kksr-star\" style=\"padding-right: 5px\">\n            \n\n<div class=\"kksr-icon\" style=\"width: 22px; height: 22px;\"><\/div>\n        <\/div>\n            <div class=\"kksr-star\" style=\"padding-right: 5px\">\n            \n\n<div class=\"kksr-icon\" style=\"width: 22px; height: 22px;\"><\/div>\n        <\/div>\n            <div class=\"kksr-star\" style=\"padding-right: 5px\">\n            \n\n<div class=\"kksr-icon\" style=\"width: 22px; height: 22px;\"><\/div>\n        <\/div>\n    <\/div>\n<\/div>\n                \n\n<div class=\"kksr-legend\" style=\"font-size: 17.6px;\">\n            <span class=\"kksr-muted\">Valora este post<\/span>\n    <\/div>\n    <\/div>\n","protected":false},"excerpt":{"rendered":"<p>El Tribunal Supremo Confirma Derecho de Beneficiario a Cobrar Seguro Tras Asesinar a su Hermana En un fallo controvertido, el Tribunal Supremo ha dictaminado que un &#8230; <a title=\"\u00a1Incre\u00edble pero cierto! El Supremo declara heredero a hombre que asesin\u00f3 a su hermana a martillazos\" class=\"read-more\" href=\"https:\/\/www.diario21.tv\/noticias\/increible-pero-cierto-el-supremo-declara-heredero-a-hombre-que-asesino-a-su-hermana-a-martillazos\/\" aria-label=\"Leer m\u00e1s sobre \u00a1Incre\u00edble pero cierto! El Supremo declara heredero a hombre que asesin\u00f3 a su hermana a martillazos\">Seguir leyendo &rarr;<\/a><\/p>\n","protected":false},"author":20,"featured_media":3755,"comment_status":"open","ping_status":"open","sticky":false,"template":"","format":"standard","meta":{"footnotes":""},"categories":[13],"tags":[],"class_list":["post-3754","post","type-post","status-publish","format-standard","has-post-thumbnail","hentry","category-portada"],"yoast_head":"<!-- This site is optimized with the Yoast SEO plugin v25.6 - https:\/\/yoast.com\/wordpress\/plugins\/seo\/ -->\n<title>\u00a1Incre\u00edble pero cierto! El Supremo declara heredero a hombre que asesin\u00f3 a su hermana a martillazos - Diario 21<\/title>\n<meta name=\"robots\" content=\"index, follow, max-snippet:-1, max-image-preview:large, max-video-preview:-1\" \/>\n<link rel=\"canonical\" href=\"https:\/\/www.diario21.tv\/noticias\/increible-pero-cierto-el-supremo-declara-heredero-a-hombre-que-asesino-a-su-hermana-a-martillazos\/\" \/>\n<meta property=\"og:locale\" content=\"es_ES\" \/>\n<meta property=\"og:type\" content=\"article\" \/>\n<meta property=\"og:title\" content=\"\u00a1Incre\u00edble pero cierto! El Supremo declara heredero a hombre que asesin\u00f3 a su hermana a martillazos - Diario 21\" \/>\n<meta property=\"og:description\" content=\"El Tribunal Supremo Confirma Derecho de Beneficiario a Cobrar Seguro Tras Asesinar a su Hermana En un fallo controvertido, el Tribunal Supremo ha dictaminado que un ... Seguir leyendo &rarr;\" \/>\n<meta property=\"og:url\" content=\"https:\/\/www.diario21.tv\/noticias\/increible-pero-cierto-el-supremo-declara-heredero-a-hombre-que-asesino-a-su-hermana-a-martillazos\/\" \/>\n<meta property=\"og:site_name\" content=\"Diario 21\" \/>\n<meta property=\"article:published_time\" content=\"2025-07-09T15:57:41+00:00\" \/>\n<meta property=\"og:image\" content=\"https:\/\/www.diario21.tv\/noticias\/wp-content\/uploads\/2025\/07\/\u00a1Increible-pero-cierto-El-Supremo-declara-heredero-a-hombre-que.jpg\" \/>\n\t<meta property=\"og:image:width\" content=\"1200\" \/>\n\t<meta property=\"og:image:height\" content=\"840\" \/>\n\t<meta property=\"og:image:type\" content=\"image\/jpeg\" \/>\n<meta name=\"author\" content=\"Juan P\u00e9rez\" \/>\n<meta name=\"twitter:card\" content=\"summary_large_image\" \/>\n<meta name=\"twitter:label1\" content=\"Escrito por\" \/>\n\t<meta name=\"twitter:data1\" content=\"Juan P\u00e9rez\" \/>\n\t<meta name=\"twitter:label2\" content=\"Tiempo de lectura\" \/>\n\t<meta name=\"twitter:data2\" content=\"2 minutos\" \/>\n<script type=\"application\/ld+json\" class=\"yoast-schema-graph\">{\"@context\":\"https:\/\/schema.org\",\"@graph\":[{\"@type\":\"WebPage\",\"@id\":\"https:\/\/www.diario21.tv\/noticias\/increible-pero-cierto-el-supremo-declara-heredero-a-hombre-que-asesino-a-su-hermana-a-martillazos\/\",\"url\":\"https:\/\/www.diario21.tv\/noticias\/increible-pero-cierto-el-supremo-declara-heredero-a-hombre-que-asesino-a-su-hermana-a-martillazos\/\",\"name\":\"\u00a1Incre\u00edble pero cierto! El Supremo declara heredero a hombre que asesin\u00f3 a su hermana a martillazos - Diario 21\",\"isPartOf\":{\"@id\":\"https:\/\/www.diario21.tv\/noticias\/#website\"},\"primaryImageOfPage\":{\"@id\":\"https:\/\/www.diario21.tv\/noticias\/increible-pero-cierto-el-supremo-declara-heredero-a-hombre-que-asesino-a-su-hermana-a-martillazos\/#primaryimage\"},\"image\":{\"@id\":\"https:\/\/www.diario21.tv\/noticias\/increible-pero-cierto-el-supremo-declara-heredero-a-hombre-que-asesino-a-su-hermana-a-martillazos\/#primaryimage\"},\"thumbnailUrl\":\"https:\/\/www.diario21.tv\/noticias\/wp-content\/uploads\/2025\/07\/\u00a1Increible-pero-cierto-El-Supremo-declara-heredero-a-hombre-que.jpg\",\"datePublished\":\"2025-07-09T15:57:41+00:00\",\"author\":{\"@id\":\"https:\/\/www.diario21.tv\/noticias\/#\/schema\/person\/dfb778f73814d8f09f302618446a526b\"},\"breadcrumb\":{\"@id\":\"https:\/\/www.diario21.tv\/noticias\/increible-pero-cierto-el-supremo-declara-heredero-a-hombre-que-asesino-a-su-hermana-a-martillazos\/#breadcrumb\"},\"inLanguage\":\"es-AR\",\"potentialAction\":[{\"@type\":\"ReadAction\",\"target\":[\"https:\/\/www.diario21.tv\/noticias\/increible-pero-cierto-el-supremo-declara-heredero-a-hombre-que-asesino-a-su-hermana-a-martillazos\/\"]}]},{\"@type\":\"ImageObject\",\"inLanguage\":\"es-AR\",\"@id\":\"https:\/\/www.diario21.tv\/noticias\/increible-pero-cierto-el-supremo-declara-heredero-a-hombre-que-asesino-a-su-hermana-a-martillazos\/#primaryimage\",\"url\":\"https:\/\/www.diario21.tv\/noticias\/wp-content\/uploads\/2025\/07\/\u00a1Increible-pero-cierto-El-Supremo-declara-heredero-a-hombre-que.jpg\",\"contentUrl\":\"https:\/\/www.diario21.tv\/noticias\/wp-content\/uploads\/2025\/07\/\u00a1Increible-pero-cierto-El-Supremo-declara-heredero-a-hombre-que.jpg\",\"width\":1200,\"height\":840,\"caption\":\"El Supremo avala como beneficiario del seguro de una mujer al hermano que la mat\u00f3 a martillazos\"},{\"@type\":\"BreadcrumbList\",\"@id\":\"https:\/\/www.diario21.tv\/noticias\/increible-pero-cierto-el-supremo-declara-heredero-a-hombre-que-asesino-a-su-hermana-a-martillazos\/#breadcrumb\",\"itemListElement\":[{\"@type\":\"ListItem\",\"position\":1,\"name\":\"Accueil\",\"item\":\"https:\/\/www.diario21.tv\/noticias\/\"},{\"@type\":\"ListItem\",\"position\":2,\"name\":\"\u00a1Incre\u00edble pero cierto! El Supremo declara heredero a hombre que asesin\u00f3 a su hermana a martillazos\"}]},{\"@type\":\"WebSite\",\"@id\":\"https:\/\/www.diario21.tv\/noticias\/#website\",\"url\":\"https:\/\/www.diario21.tv\/noticias\/\",\"name\":\"Diario 21\",\"description\":\"\",\"potentialAction\":[{\"@type\":\"SearchAction\",\"target\":{\"@type\":\"EntryPoint\",\"urlTemplate\":\"https:\/\/www.diario21.tv\/noticias\/?s={search_term_string}\"},\"query-input\":{\"@type\":\"PropertyValueSpecification\",\"valueRequired\":true,\"valueName\":\"search_term_string\"}}],\"inLanguage\":\"es-AR\"},{\"@type\":\"Person\",\"@id\":\"https:\/\/www.diario21.tv\/noticias\/#\/schema\/person\/dfb778f73814d8f09f302618446a526b\",\"name\":\"Juan P\u00e9rez\",\"image\":{\"@type\":\"ImageObject\",\"inLanguage\":\"es-AR\",\"@id\":\"https:\/\/www.diario21.tv\/noticias\/#\/schema\/person\/image\/\",\"url\":\"https:\/\/secure.gravatar.com\/avatar\/c478a405bd10621167f4c3167cc770f5?s=96&d=mm&r=g\",\"contentUrl\":\"https:\/\/secure.gravatar.com\/avatar\/c478a405bd10621167f4c3167cc770f5?s=96&d=mm&r=g\",\"caption\":\"Juan P\u00e9rez\"},\"description\":\"Juan P\u00e9rez es el redactor en jefe de Diario 21. Con m\u00e1s de 10 a\u00f1os de experiencia en el periodismo, se especializa en pol\u00edtica nacional y an\u00e1lisis socioecon\u00f3mico. Su enfoque cr\u00edtico y riguroso aporta una perspectiva \u00fanica a cada art\u00edculo.\",\"sameAs\":[\"https:\/\/www.diario21.tv\/noticias\/\"],\"url\":\"https:\/\/www.diario21.tv\/noticias\/author\/juan-perez\/\"}]}<\/script>\n<!-- \/ Yoast SEO plugin. -->","yoast_head_json":{"title":"\u00a1Incre\u00edble pero cierto! El Supremo declara heredero a hombre que asesin\u00f3 a su hermana a martillazos - Diario 21","robots":{"index":"index","follow":"follow","max-snippet":"max-snippet:-1","max-image-preview":"max-image-preview:large","max-video-preview":"max-video-preview:-1"},"canonical":"https:\/\/www.diario21.tv\/noticias\/increible-pero-cierto-el-supremo-declara-heredero-a-hombre-que-asesino-a-su-hermana-a-martillazos\/","og_locale":"es_ES","og_type":"article","og_title":"\u00a1Incre\u00edble pero cierto! El Supremo declara heredero a hombre que asesin\u00f3 a su hermana a martillazos - Diario 21","og_description":"El Tribunal Supremo Confirma Derecho de Beneficiario a Cobrar Seguro Tras Asesinar a su Hermana En un fallo controvertido, el Tribunal Supremo ha dictaminado que un ... Seguir leyendo &rarr;","og_url":"https:\/\/www.diario21.tv\/noticias\/increible-pero-cierto-el-supremo-declara-heredero-a-hombre-que-asesino-a-su-hermana-a-martillazos\/","og_site_name":"Diario 21","article_published_time":"2025-07-09T15:57:41+00:00","og_image":[{"width":1200,"height":840,"url":"https:\/\/www.diario21.tv\/noticias\/wp-content\/uploads\/2025\/07\/\u00a1Increible-pero-cierto-El-Supremo-declara-heredero-a-hombre-que.jpg","type":"image\/jpeg"}],"author":"Juan P\u00e9rez","twitter_card":"summary_large_image","twitter_misc":{"Escrito por":"Juan P\u00e9rez","Tiempo de lectura":"2 minutos"},"schema":{"@context":"https:\/\/schema.org","@graph":[{"@type":"WebPage","@id":"https:\/\/www.diario21.tv\/noticias\/increible-pero-cierto-el-supremo-declara-heredero-a-hombre-que-asesino-a-su-hermana-a-martillazos\/","url":"https:\/\/www.diario21.tv\/noticias\/increible-pero-cierto-el-supremo-declara-heredero-a-hombre-que-asesino-a-su-hermana-a-martillazos\/","name":"\u00a1Incre\u00edble pero cierto! El Supremo declara heredero a hombre que asesin\u00f3 a su hermana a martillazos - Diario 21","isPartOf":{"@id":"https:\/\/www.diario21.tv\/noticias\/#website"},"primaryImageOfPage":{"@id":"https:\/\/www.diario21.tv\/noticias\/increible-pero-cierto-el-supremo-declara-heredero-a-hombre-que-asesino-a-su-hermana-a-martillazos\/#primaryimage"},"image":{"@id":"https:\/\/www.diario21.tv\/noticias\/increible-pero-cierto-el-supremo-declara-heredero-a-hombre-que-asesino-a-su-hermana-a-martillazos\/#primaryimage"},"thumbnailUrl":"https:\/\/www.diario21.tv\/noticias\/wp-content\/uploads\/2025\/07\/\u00a1Increible-pero-cierto-El-Supremo-declara-heredero-a-hombre-que.jpg","datePublished":"2025-07-09T15:57:41+00:00","author":{"@id":"https:\/\/www.diario21.tv\/noticias\/#\/schema\/person\/dfb778f73814d8f09f302618446a526b"},"breadcrumb":{"@id":"https:\/\/www.diario21.tv\/noticias\/increible-pero-cierto-el-supremo-declara-heredero-a-hombre-que-asesino-a-su-hermana-a-martillazos\/#breadcrumb"},"inLanguage":"es-AR","potentialAction":[{"@type":"ReadAction","target":["https:\/\/www.diario21.tv\/noticias\/increible-pero-cierto-el-supremo-declara-heredero-a-hombre-que-asesino-a-su-hermana-a-martillazos\/"]}]},{"@type":"ImageObject","inLanguage":"es-AR","@id":"https:\/\/www.diario21.tv\/noticias\/increible-pero-cierto-el-supremo-declara-heredero-a-hombre-que-asesino-a-su-hermana-a-martillazos\/#primaryimage","url":"https:\/\/www.diario21.tv\/noticias\/wp-content\/uploads\/2025\/07\/\u00a1Increible-pero-cierto-El-Supremo-declara-heredero-a-hombre-que.jpg","contentUrl":"https:\/\/www.diario21.tv\/noticias\/wp-content\/uploads\/2025\/07\/\u00a1Increible-pero-cierto-El-Supremo-declara-heredero-a-hombre-que.jpg","width":1200,"height":840,"caption":"El Supremo avala como beneficiario del seguro de una mujer al hermano que la mat\u00f3 a martillazos"},{"@type":"BreadcrumbList","@id":"https:\/\/www.diario21.tv\/noticias\/increible-pero-cierto-el-supremo-declara-heredero-a-hombre-que-asesino-a-su-hermana-a-martillazos\/#breadcrumb","itemListElement":[{"@type":"ListItem","position":1,"name":"Accueil","item":"https:\/\/www.diario21.tv\/noticias\/"},{"@type":"ListItem","position":2,"name":"\u00a1Incre\u00edble pero cierto! El Supremo declara heredero a hombre que asesin\u00f3 a su hermana a martillazos"}]},{"@type":"WebSite","@id":"https:\/\/www.diario21.tv\/noticias\/#website","url":"https:\/\/www.diario21.tv\/noticias\/","name":"Diario 21","description":"","potentialAction":[{"@type":"SearchAction","target":{"@type":"EntryPoint","urlTemplate":"https:\/\/www.diario21.tv\/noticias\/?s={search_term_string}"},"query-input":{"@type":"PropertyValueSpecification","valueRequired":true,"valueName":"search_term_string"}}],"inLanguage":"es-AR"},{"@type":"Person","@id":"https:\/\/www.diario21.tv\/noticias\/#\/schema\/person\/dfb778f73814d8f09f302618446a526b","name":"Juan P\u00e9rez","image":{"@type":"ImageObject","inLanguage":"es-AR","@id":"https:\/\/www.diario21.tv\/noticias\/#\/schema\/person\/image\/","url":"https:\/\/secure.gravatar.com\/avatar\/c478a405bd10621167f4c3167cc770f5?s=96&d=mm&r=g","contentUrl":"https:\/\/secure.gravatar.com\/avatar\/c478a405bd10621167f4c3167cc770f5?s=96&d=mm&r=g","caption":"Juan P\u00e9rez"},"description":"Juan P\u00e9rez es el redactor en jefe de Diario 21. Con m\u00e1s de 10 a\u00f1os de experiencia en el periodismo, se especializa en pol\u00edtica nacional y an\u00e1lisis socioecon\u00f3mico. Su enfoque cr\u00edtico y riguroso aporta una perspectiva \u00fanica a cada art\u00edculo.","sameAs":["https:\/\/www.diario21.tv\/noticias\/"],"url":"https:\/\/www.diario21.tv\/noticias\/author\/juan-perez\/"}]}},"_links":{"self":[{"href":"https:\/\/www.diario21.tv\/noticias\/wp-json\/wp\/v2\/posts\/3754"}],"collection":[{"href":"https:\/\/www.diario21.tv\/noticias\/wp-json\/wp\/v2\/posts"}],"about":[{"href":"https:\/\/www.diario21.tv\/noticias\/wp-json\/wp\/v2\/types\/post"}],"author":[{"embeddable":true,"href":"https:\/\/www.diario21.tv\/noticias\/wp-json\/wp\/v2\/users\/20"}],"replies":[{"embeddable":true,"href":"https:\/\/www.diario21.tv\/noticias\/wp-json\/wp\/v2\/comments?post=3754"}],"version-history":[{"count":1,"href":"https:\/\/www.diario21.tv\/noticias\/wp-json\/wp\/v2\/posts\/3754\/revisions"}],"predecessor-version":[{"id":3756,"href":"https:\/\/www.diario21.tv\/noticias\/wp-json\/wp\/v2\/posts\/3754\/revisions\/3756"}],"wp:featuredmedia":[{"embeddable":true,"href":"https:\/\/www.diario21.tv\/noticias\/wp-json\/wp\/v2\/media\/3755"}],"wp:attachment":[{"href":"https:\/\/www.diario21.tv\/noticias\/wp-json\/wp\/v2\/media?parent=3754"}],"wp:term":[{"taxonomy":"category","embeddable":true,"href":"https:\/\/www.diario21.tv\/noticias\/wp-json\/wp\/v2\/categories?post=3754"},{"taxonomy":"post_tag","embeddable":true,"href":"https:\/\/www.diario21.tv\/noticias\/wp-json\/wp\/v2\/tags?post=3754"}],"curies":[{"name":"wp","href":"https:\/\/api.w.org\/{rel}","templated":true}]}}