{"id":3751,"date":"2025-07-09T09:56:42","date_gmt":"2025-07-09T09:56:42","guid":{"rendered":"https:\/\/www.diario21.tv\/noticias\/aldi-apuesta-fuerte-compra-masiva-de-cerezas-del-jerte-y-frutas-de-hueso-este-verano\/"},"modified":"2025-07-09T09:56:44","modified_gmt":"2025-07-09T09:56:44","slug":"aldi-apuesta-fuerte-compra-masiva-de-cerezas-del-jerte-y-frutas-de-hueso-este-verano","status":"publish","type":"post","link":"https:\/\/www.diario21.tv\/noticias\/aldi-apuesta-fuerte-compra-masiva-de-cerezas-del-jerte-y-frutas-de-hueso-este-verano\/","title":{"rendered":"ALDI apuesta fuerte: compra masiva de cerezas del Jerte y frutas de hueso este verano"},"content":{"rendered":"<h2>ALDI consolida su compromiso con la agricultura de Extremadura adquiriendo cerezas del Jerte y frutas de hueso durante este verano<\/h2>\n<p>La cadena de supermercados ALDI ha anunciado que este verano reforzar\u00e1 su colaboraci\u00f3n con los productores agr\u00edcolas de Extremadura mediante la compra de importantes cantidades de cerezas del Valle del Jerte y diversas frutas de hueso. Este movimiento forma parte de su estrategia para apoyar la econom\u00eda local y ofrecer productos de alta calidad a sus clientes.<\/p>\n<h3>Apoyo a la econom\u00eda local<\/h3>\n<p>En un esfuerzo por fomentar la producci\u00f3n local y brindar apoyo a los agricultores de Extremadura, ALDI se ha comprometido a adquirir una significativa cantidad de cerezas y frutas de hueso directamente de las cooperativas y productores de la regi\u00f3n. Esta iniciativa no solo ayuda a estabilizar la econom\u00eda local, sino que tambi\u00e9n asegura que los consumidores tengan acceso a frutas frescas y de la mejor calidad durante la temporada estival.<\/p>\n<h3>Calidad y frescura garantizada<\/h3>\n<p>Las cerezas del Jerte son conocidas mundialmente por su calidad excepcional y sabor \u00fanico, caracter\u00edsticas que las convierten en una de las preferidas tanto en mercados nacionales como internacionales. ALDI se asegura de que estos est\u00e1ndares se mantengan, seleccionando solo las mejores frutas disponibles y manteniendo una cadena de suministro r\u00e1pida y eficiente que garantiza la frescura del producto.<\/p>\n<p>Por otro lado, las frutas de hueso, como melocotones, nectarinas y albaricoques, son seleccionadas con un criterio riguroso de calidad. ALDI trabaja en conjunto con los agricultores locales para garantizar que estas frutas no solo cumplen con los requisitos de calidad, sino que tambi\u00e9n se cultivan siguiendo pr\u00e1cticas agr\u00edcolas responsables y sostenibles.<\/p>\n<h3>Compromiso con la sustentabilidad<\/h3>\n<p>El compromiso de ALDI con la compra de productos locales va m\u00e1s all\u00e1 de ofrecer frescura y calidad; tambi\u00e9n est\u00e1 alineado con su estrategia de sustentabilidad. Al apoyar a los productores locales y reducir la distancia que recorren los alimentos desde el campo hasta el consumidor, ALDI contribuye significativamente a la reducci\u00f3n de la huella de carbono, un paso importante hacia un futuro m\u00e1s sostenible.<\/p>\n<p>Este verano, los clientes de ALDI podr\u00e1n disfrutar no solo de productos frescos y de alta calidad, sino tambi\u00e9n de la tranquilidad de saber que est\u00e1n contribuyendo a la econom\u00eda local y al cuidado del medio ambiente al elegir productos de origen cercano y responsable. Con estas acciones, ALDI reafirma su apuesta por Extremadura y su campo, fortaleciendo la relaci\u00f3n con los productores locales y promoviendo una alimentaci\u00f3n m\u00e1s sostenible.<\/p>\n\n\n<div class=\"kk-star-ratings kksr-auto kksr-align-left kksr-valign-bottom\"\n    data-payload='{&quot;align&quot;:&quot;left&quot;,&quot;id&quot;:&quot;3751&quot;,&quot;slug&quot;:&quot;default&quot;,&quot;valign&quot;:&quot;bottom&quot;,&quot;ignore&quot;:&quot;&quot;,&quot;reference&quot;:&quot;auto&quot;,&quot;class&quot;:&quot;&quot;,&quot;count&quot;:&quot;0&quot;,&quot;legendonly&quot;:&quot;&quot;,&quot;readonly&quot;:&quot;&quot;,&quot;score&quot;:&quot;0&quot;,&quot;starsonly&quot;:&quot;&quot;,&quot;best&quot;:&quot;5&quot;,&quot;gap&quot;:&quot;5&quot;,&quot;greet&quot;:&quot;Valora este post&quot;,&quot;legend&quot;:&quot;0\\\/5 - (0 votes)&quot;,&quot;size&quot;:&quot;22&quot;,&quot;title&quot;:&quot;ALDI apuesta fuerte: compra masiva de cerezas del Jerte y frutas de hueso este verano&quot;,&quot;width&quot;:&quot;0&quot;,&quot;_legend&quot;:&quot;{score}\\\/{best} - ({count} {votes})&quot;,&quot;font_factor&quot;:&quot;1.25&quot;}'>\n            \n<div class=\"kksr-stars\">\n    \n<div class=\"kksr-stars-inactive\">\n            <div class=\"kksr-star\" data-star=\"1\" style=\"padding-right: 5px\">\n            \n\n<div class=\"kksr-icon\" style=\"width: 22px; height: 22px;\"><\/div>\n        <\/div>\n            <div class=\"kksr-star\" data-star=\"2\" style=\"padding-right: 5px\">\n            \n\n<div class=\"kksr-icon\" style=\"width: 22px; height: 22px;\"><\/div>\n        <\/div>\n            <div class=\"kksr-star\" data-star=\"3\" style=\"padding-right: 5px\">\n            \n\n<div class=\"kksr-icon\" style=\"width: 22px; height: 22px;\"><\/div>\n        <\/div>\n            <div class=\"kksr-star\" data-star=\"4\" style=\"padding-right: 5px\">\n            \n\n<div class=\"kksr-icon\" style=\"width: 22px; height: 22px;\"><\/div>\n        <\/div>\n            <div class=\"kksr-star\" data-star=\"5\" style=\"padding-right: 5px\">\n            \n\n<div class=\"kksr-icon\" style=\"width: 22px; height: 22px;\"><\/div>\n        <\/div>\n    <\/div>\n    \n<div class=\"kksr-stars-active\" style=\"width: 0px;\">\n            <div class=\"kksr-star\" style=\"padding-right: 5px\">\n            \n\n<div class=\"kksr-icon\" style=\"width: 22px; height: 22px;\"><\/div>\n        <\/div>\n            <div class=\"kksr-star\" style=\"padding-right: 5px\">\n            \n\n<div class=\"kksr-icon\" style=\"width: 22px; height: 22px;\"><\/div>\n        <\/div>\n            <div class=\"kksr-star\" style=\"padding-right: 5px\">\n            \n\n<div class=\"kksr-icon\" style=\"width: 22px; height: 22px;\"><\/div>\n        <\/div>\n            <div class=\"kksr-star\" style=\"padding-right: 5px\">\n            \n\n<div class=\"kksr-icon\" style=\"width: 22px; height: 22px;\"><\/div>\n        <\/div>\n            <div class=\"kksr-star\" style=\"padding-right: 5px\">\n            \n\n<div class=\"kksr-icon\" style=\"width: 22px; height: 22px;\"><\/div>\n        <\/div>\n    <\/div>\n<\/div>\n                \n\n<div class=\"kksr-legend\" style=\"font-size: 17.6px;\">\n            <span class=\"kksr-muted\">Valora este post<\/span>\n    <\/div>\n    <\/div>\n","protected":false},"excerpt":{"rendered":"<p>ALDI consolida su compromiso con la agricultura de Extremadura adquiriendo cerezas del Jerte y frutas de hueso durante este verano La cadena de supermercados ALDI ha &#8230; <a title=\"ALDI apuesta fuerte: compra masiva de cerezas del Jerte y frutas de hueso este verano\" class=\"read-more\" href=\"https:\/\/www.diario21.tv\/noticias\/aldi-apuesta-fuerte-compra-masiva-de-cerezas-del-jerte-y-frutas-de-hueso-este-verano\/\" aria-label=\"Leer m\u00e1s sobre ALDI apuesta fuerte: compra masiva de cerezas del Jerte y frutas de hueso este verano\">Seguir leyendo &rarr;<\/a><\/p>\n","protected":false},"author":20,"featured_media":3752,"comment_status":"open","ping_status":"open","sticky":false,"template":"","format":"standard","meta":{"footnotes":""},"categories":[13],"tags":[],"class_list":["post-3751","post","type-post","status-publish","format-standard","has-post-thumbnail","hentry","category-portada"],"yoast_head":"<!-- This site is optimized with the Yoast SEO plugin v25.6 - https:\/\/yoast.com\/wordpress\/plugins\/seo\/ -->\n<title>ALDI apuesta fuerte: compra masiva de cerezas del Jerte y frutas de hueso este verano - Diario 21<\/title>\n<meta name=\"robots\" content=\"index, follow, max-snippet:-1, max-image-preview:large, max-video-preview:-1\" \/>\n<link rel=\"canonical\" href=\"https:\/\/www.diario21.tv\/noticias\/aldi-apuesta-fuerte-compra-masiva-de-cerezas-del-jerte-y-frutas-de-hueso-este-verano\/\" \/>\n<meta property=\"og:locale\" content=\"es_ES\" \/>\n<meta property=\"og:type\" content=\"article\" \/>\n<meta property=\"og:title\" content=\"ALDI apuesta fuerte: compra masiva de cerezas del Jerte y frutas de hueso este verano - Diario 21\" \/>\n<meta property=\"og:description\" content=\"ALDI consolida su compromiso con la agricultura de Extremadura adquiriendo cerezas del Jerte y frutas de hueso durante este verano La cadena de supermercados ALDI ha ... Seguir leyendo &rarr;\" \/>\n<meta property=\"og:url\" content=\"https:\/\/www.diario21.tv\/noticias\/aldi-apuesta-fuerte-compra-masiva-de-cerezas-del-jerte-y-frutas-de-hueso-este-verano\/\" \/>\n<meta property=\"og:site_name\" content=\"Diario 21\" \/>\n<meta property=\"article:published_time\" content=\"2025-07-09T09:56:42+00:00\" \/>\n<meta property=\"article:modified_time\" content=\"2025-07-09T09:56:44+00:00\" \/>\n<meta property=\"og:image\" content=\"https:\/\/www.diario21.tv\/noticias\/wp-content\/uploads\/2025\/07\/ALDI-apuesta-fuerte-compra-masiva-de-cerezas-del-Jerte-y.jpg\" \/>\n\t<meta property=\"og:image:width\" content=\"1200\" \/>\n\t<meta property=\"og:image:height\" content=\"840\" \/>\n\t<meta property=\"og:image:type\" content=\"image\/jpeg\" \/>\n<meta name=\"author\" content=\"Juan P\u00e9rez\" \/>\n<meta name=\"twitter:card\" content=\"summary_large_image\" \/>\n<meta name=\"twitter:label1\" content=\"Escrito por\" \/>\n\t<meta name=\"twitter:data1\" content=\"Juan P\u00e9rez\" \/>\n\t<meta name=\"twitter:label2\" content=\"Tiempo de lectura\" \/>\n\t<meta name=\"twitter:data2\" content=\"2 minutos\" \/>\n<script type=\"application\/ld+json\" class=\"yoast-schema-graph\">{\"@context\":\"https:\/\/schema.org\",\"@graph\":[{\"@type\":\"WebPage\",\"@id\":\"https:\/\/www.diario21.tv\/noticias\/aldi-apuesta-fuerte-compra-masiva-de-cerezas-del-jerte-y-frutas-de-hueso-este-verano\/\",\"url\":\"https:\/\/www.diario21.tv\/noticias\/aldi-apuesta-fuerte-compra-masiva-de-cerezas-del-jerte-y-frutas-de-hueso-este-verano\/\",\"name\":\"ALDI apuesta fuerte: compra masiva de cerezas del Jerte y frutas de hueso este verano - Diario 21\",\"isPartOf\":{\"@id\":\"https:\/\/www.diario21.tv\/noticias\/#website\"},\"primaryImageOfPage\":{\"@id\":\"https:\/\/www.diario21.tv\/noticias\/aldi-apuesta-fuerte-compra-masiva-de-cerezas-del-jerte-y-frutas-de-hueso-este-verano\/#primaryimage\"},\"image\":{\"@id\":\"https:\/\/www.diario21.tv\/noticias\/aldi-apuesta-fuerte-compra-masiva-de-cerezas-del-jerte-y-frutas-de-hueso-este-verano\/#primaryimage\"},\"thumbnailUrl\":\"https:\/\/www.diario21.tv\/noticias\/wp-content\/uploads\/2025\/07\/ALDI-apuesta-fuerte-compra-masiva-de-cerezas-del-Jerte-y.jpg\",\"datePublished\":\"2025-07-09T09:56:42+00:00\",\"dateModified\":\"2025-07-09T09:56:44+00:00\",\"author\":{\"@id\":\"https:\/\/www.diario21.tv\/noticias\/#\/schema\/person\/dfb778f73814d8f09f302618446a526b\"},\"breadcrumb\":{\"@id\":\"https:\/\/www.diario21.tv\/noticias\/aldi-apuesta-fuerte-compra-masiva-de-cerezas-del-jerte-y-frutas-de-hueso-este-verano\/#breadcrumb\"},\"inLanguage\":\"es-AR\",\"potentialAction\":[{\"@type\":\"ReadAction\",\"target\":[\"https:\/\/www.diario21.tv\/noticias\/aldi-apuesta-fuerte-compra-masiva-de-cerezas-del-jerte-y-frutas-de-hueso-este-verano\/\"]}]},{\"@type\":\"ImageObject\",\"inLanguage\":\"es-AR\",\"@id\":\"https:\/\/www.diario21.tv\/noticias\/aldi-apuesta-fuerte-compra-masiva-de-cerezas-del-jerte-y-frutas-de-hueso-este-verano\/#primaryimage\",\"url\":\"https:\/\/www.diario21.tv\/noticias\/wp-content\/uploads\/2025\/07\/ALDI-apuesta-fuerte-compra-masiva-de-cerezas-del-Jerte-y.jpg\",\"contentUrl\":\"https:\/\/www.diario21.tv\/noticias\/wp-content\/uploads\/2025\/07\/ALDI-apuesta-fuerte-compra-masiva-de-cerezas-del-Jerte-y.jpg\",\"width\":1200,\"height\":840,\"caption\":\"ALDI refuerza su apuesta por el campo extreme\u00f1o con la compra de cerezas del Jerte y fruta de hueso este verano\"},{\"@type\":\"BreadcrumbList\",\"@id\":\"https:\/\/www.diario21.tv\/noticias\/aldi-apuesta-fuerte-compra-masiva-de-cerezas-del-jerte-y-frutas-de-hueso-este-verano\/#breadcrumb\",\"itemListElement\":[{\"@type\":\"ListItem\",\"position\":1,\"name\":\"Accueil\",\"item\":\"https:\/\/www.diario21.tv\/noticias\/\"},{\"@type\":\"ListItem\",\"position\":2,\"name\":\"ALDI apuesta fuerte: compra masiva de cerezas del Jerte y frutas de hueso este verano\"}]},{\"@type\":\"WebSite\",\"@id\":\"https:\/\/www.diario21.tv\/noticias\/#website\",\"url\":\"https:\/\/www.diario21.tv\/noticias\/\",\"name\":\"Diario 21\",\"description\":\"\",\"potentialAction\":[{\"@type\":\"SearchAction\",\"target\":{\"@type\":\"EntryPoint\",\"urlTemplate\":\"https:\/\/www.diario21.tv\/noticias\/?s={search_term_string}\"},\"query-input\":{\"@type\":\"PropertyValueSpecification\",\"valueRequired\":true,\"valueName\":\"search_term_string\"}}],\"inLanguage\":\"es-AR\"},{\"@type\":\"Person\",\"@id\":\"https:\/\/www.diario21.tv\/noticias\/#\/schema\/person\/dfb778f73814d8f09f302618446a526b\",\"name\":\"Juan P\u00e9rez\",\"image\":{\"@type\":\"ImageObject\",\"inLanguage\":\"es-AR\",\"@id\":\"https:\/\/www.diario21.tv\/noticias\/#\/schema\/person\/image\/\",\"url\":\"https:\/\/secure.gravatar.com\/avatar\/c478a405bd10621167f4c3167cc770f5?s=96&d=mm&r=g\",\"contentUrl\":\"https:\/\/secure.gravatar.com\/avatar\/c478a405bd10621167f4c3167cc770f5?s=96&d=mm&r=g\",\"caption\":\"Juan P\u00e9rez\"},\"description\":\"Juan P\u00e9rez es el redactor en jefe de Diario 21. Con m\u00e1s de 10 a\u00f1os de experiencia en el periodismo, se especializa en pol\u00edtica nacional y an\u00e1lisis socioecon\u00f3mico. Su enfoque cr\u00edtico y riguroso aporta una perspectiva \u00fanica a cada art\u00edculo.\",\"sameAs\":[\"https:\/\/www.diario21.tv\/noticias\/\"],\"url\":\"https:\/\/www.diario21.tv\/noticias\/author\/juan-perez\/\"}]}<\/script>\n<!-- \/ Yoast SEO plugin. -->","yoast_head_json":{"title":"ALDI apuesta fuerte: compra masiva de cerezas del Jerte y frutas de hueso este verano - Diario 21","robots":{"index":"index","follow":"follow","max-snippet":"max-snippet:-1","max-image-preview":"max-image-preview:large","max-video-preview":"max-video-preview:-1"},"canonical":"https:\/\/www.diario21.tv\/noticias\/aldi-apuesta-fuerte-compra-masiva-de-cerezas-del-jerte-y-frutas-de-hueso-este-verano\/","og_locale":"es_ES","og_type":"article","og_title":"ALDI apuesta fuerte: compra masiva de cerezas del Jerte y frutas de hueso este verano - Diario 21","og_description":"ALDI consolida su compromiso con la agricultura de Extremadura adquiriendo cerezas del Jerte y frutas de hueso durante este verano La cadena de supermercados ALDI ha ... Seguir leyendo &rarr;","og_url":"https:\/\/www.diario21.tv\/noticias\/aldi-apuesta-fuerte-compra-masiva-de-cerezas-del-jerte-y-frutas-de-hueso-este-verano\/","og_site_name":"Diario 21","article_published_time":"2025-07-09T09:56:42+00:00","article_modified_time":"2025-07-09T09:56:44+00:00","og_image":[{"width":1200,"height":840,"url":"https:\/\/www.diario21.tv\/noticias\/wp-content\/uploads\/2025\/07\/ALDI-apuesta-fuerte-compra-masiva-de-cerezas-del-Jerte-y.jpg","type":"image\/jpeg"}],"author":"Juan P\u00e9rez","twitter_card":"summary_large_image","twitter_misc":{"Escrito por":"Juan P\u00e9rez","Tiempo de lectura":"2 minutos"},"schema":{"@context":"https:\/\/schema.org","@graph":[{"@type":"WebPage","@id":"https:\/\/www.diario21.tv\/noticias\/aldi-apuesta-fuerte-compra-masiva-de-cerezas-del-jerte-y-frutas-de-hueso-este-verano\/","url":"https:\/\/www.diario21.tv\/noticias\/aldi-apuesta-fuerte-compra-masiva-de-cerezas-del-jerte-y-frutas-de-hueso-este-verano\/","name":"ALDI apuesta fuerte: compra masiva de cerezas del Jerte y frutas de hueso este verano - Diario 21","isPartOf":{"@id":"https:\/\/www.diario21.tv\/noticias\/#website"},"primaryImageOfPage":{"@id":"https:\/\/www.diario21.tv\/noticias\/aldi-apuesta-fuerte-compra-masiva-de-cerezas-del-jerte-y-frutas-de-hueso-este-verano\/#primaryimage"},"image":{"@id":"https:\/\/www.diario21.tv\/noticias\/aldi-apuesta-fuerte-compra-masiva-de-cerezas-del-jerte-y-frutas-de-hueso-este-verano\/#primaryimage"},"thumbnailUrl":"https:\/\/www.diario21.tv\/noticias\/wp-content\/uploads\/2025\/07\/ALDI-apuesta-fuerte-compra-masiva-de-cerezas-del-Jerte-y.jpg","datePublished":"2025-07-09T09:56:42+00:00","dateModified":"2025-07-09T09:56:44+00:00","author":{"@id":"https:\/\/www.diario21.tv\/noticias\/#\/schema\/person\/dfb778f73814d8f09f302618446a526b"},"breadcrumb":{"@id":"https:\/\/www.diario21.tv\/noticias\/aldi-apuesta-fuerte-compra-masiva-de-cerezas-del-jerte-y-frutas-de-hueso-este-verano\/#breadcrumb"},"inLanguage":"es-AR","potentialAction":[{"@type":"ReadAction","target":["https:\/\/www.diario21.tv\/noticias\/aldi-apuesta-fuerte-compra-masiva-de-cerezas-del-jerte-y-frutas-de-hueso-este-verano\/"]}]},{"@type":"ImageObject","inLanguage":"es-AR","@id":"https:\/\/www.diario21.tv\/noticias\/aldi-apuesta-fuerte-compra-masiva-de-cerezas-del-jerte-y-frutas-de-hueso-este-verano\/#primaryimage","url":"https:\/\/www.diario21.tv\/noticias\/wp-content\/uploads\/2025\/07\/ALDI-apuesta-fuerte-compra-masiva-de-cerezas-del-Jerte-y.jpg","contentUrl":"https:\/\/www.diario21.tv\/noticias\/wp-content\/uploads\/2025\/07\/ALDI-apuesta-fuerte-compra-masiva-de-cerezas-del-Jerte-y.jpg","width":1200,"height":840,"caption":"ALDI refuerza su apuesta por el campo extreme\u00f1o con la compra de cerezas del Jerte y fruta de hueso este verano"},{"@type":"BreadcrumbList","@id":"https:\/\/www.diario21.tv\/noticias\/aldi-apuesta-fuerte-compra-masiva-de-cerezas-del-jerte-y-frutas-de-hueso-este-verano\/#breadcrumb","itemListElement":[{"@type":"ListItem","position":1,"name":"Accueil","item":"https:\/\/www.diario21.tv\/noticias\/"},{"@type":"ListItem","position":2,"name":"ALDI apuesta fuerte: compra masiva de cerezas del Jerte y frutas de hueso este verano"}]},{"@type":"WebSite","@id":"https:\/\/www.diario21.tv\/noticias\/#website","url":"https:\/\/www.diario21.tv\/noticias\/","name":"Diario 21","description":"","potentialAction":[{"@type":"SearchAction","target":{"@type":"EntryPoint","urlTemplate":"https:\/\/www.diario21.tv\/noticias\/?s={search_term_string}"},"query-input":{"@type":"PropertyValueSpecification","valueRequired":true,"valueName":"search_term_string"}}],"inLanguage":"es-AR"},{"@type":"Person","@id":"https:\/\/www.diario21.tv\/noticias\/#\/schema\/person\/dfb778f73814d8f09f302618446a526b","name":"Juan P\u00e9rez","image":{"@type":"ImageObject","inLanguage":"es-AR","@id":"https:\/\/www.diario21.tv\/noticias\/#\/schema\/person\/image\/","url":"https:\/\/secure.gravatar.com\/avatar\/c478a405bd10621167f4c3167cc770f5?s=96&d=mm&r=g","contentUrl":"https:\/\/secure.gravatar.com\/avatar\/c478a405bd10621167f4c3167cc770f5?s=96&d=mm&r=g","caption":"Juan P\u00e9rez"},"description":"Juan P\u00e9rez es el redactor en jefe de Diario 21. Con m\u00e1s de 10 a\u00f1os de experiencia en el periodismo, se especializa en pol\u00edtica nacional y an\u00e1lisis socioecon\u00f3mico. Su enfoque cr\u00edtico y riguroso aporta una perspectiva \u00fanica a cada art\u00edculo.","sameAs":["https:\/\/www.diario21.tv\/noticias\/"],"url":"https:\/\/www.diario21.tv\/noticias\/author\/juan-perez\/"}]}},"_links":{"self":[{"href":"https:\/\/www.diario21.tv\/noticias\/wp-json\/wp\/v2\/posts\/3751"}],"collection":[{"href":"https:\/\/www.diario21.tv\/noticias\/wp-json\/wp\/v2\/posts"}],"about":[{"href":"https:\/\/www.diario21.tv\/noticias\/wp-json\/wp\/v2\/types\/post"}],"author":[{"embeddable":true,"href":"https:\/\/www.diario21.tv\/noticias\/wp-json\/wp\/v2\/users\/20"}],"replies":[{"embeddable":true,"href":"https:\/\/www.diario21.tv\/noticias\/wp-json\/wp\/v2\/comments?post=3751"}],"version-history":[{"count":1,"href":"https:\/\/www.diario21.tv\/noticias\/wp-json\/wp\/v2\/posts\/3751\/revisions"}],"predecessor-version":[{"id":3753,"href":"https:\/\/www.diario21.tv\/noticias\/wp-json\/wp\/v2\/posts\/3751\/revisions\/3753"}],"wp:featuredmedia":[{"embeddable":true,"href":"https:\/\/www.diario21.tv\/noticias\/wp-json\/wp\/v2\/media\/3752"}],"wp:attachment":[{"href":"https:\/\/www.diario21.tv\/noticias\/wp-json\/wp\/v2\/media?parent=3751"}],"wp:term":[{"taxonomy":"category","embeddable":true,"href":"https:\/\/www.diario21.tv\/noticias\/wp-json\/wp\/v2\/categories?post=3751"},{"taxonomy":"post_tag","embeddable":true,"href":"https:\/\/www.diario21.tv\/noticias\/wp-json\/wp\/v2\/tags?post=3751"}],"curies":[{"name":"wp","href":"https:\/\/api.w.org\/{rel}","templated":true}]}}