{"id":3748,"date":"2025-07-08T21:52:27","date_gmt":"2025-07-08T21:52:27","guid":{"rendered":"https:\/\/www.diario21.tv\/noticias\/alerta-18-heridos-tras-incendio-en-avion-de-ryanair-en-palma-antes-de-despegar\/"},"modified":"2025-07-08T21:52:28","modified_gmt":"2025-07-08T21:52:28","slug":"alerta-18-heridos-tras-incendio-en-avion-de-ryanair-en-palma-antes-de-despegar","status":"publish","type":"post","link":"https:\/\/www.diario21.tv\/noticias\/alerta-18-heridos-tras-incendio-en-avion-de-ryanair-en-palma-antes-de-despegar\/","title":{"rendered":"\u00a1Alerta! 18 heridos tras incendio en avi\u00f3n de Ryanair en Palma antes de despegar"},"content":{"rendered":"<h2>Dieciocho personas resultan heridas tras un incendio en un avi\u00f3n de Ryanair en Palma<\/h2>\n<p>Un incidente alarmante se produjo en un avi\u00f3n de Ryanair justo antes de su partida del aeropuerto de Palma, resultando en heridas leves para dieciocho pasajeros. El fuego, que comenz\u00f3 inesperadamente antes de que la aeronave despegara, provoc\u00f3 una r\u00e1pida evacuaci\u00f3n de todos a bordo.<\/p>\n<h3>Detalles del incidente<\/h3>\n<p>El suceso tuvo lugar temprano en la ma\u00f1ana, cuando los pasajeros ya se encontraban a bordo del avi\u00f3n, prepar\u00e1ndose para el vuelo hacia un destino a\u00fan no especificado. Seg\u00fan informes preliminares, el fuego se origin\u00f3 en una de las partes t\u00e9cnicas de la aeronave, lo que llev\u00f3 a la cabina a llenarse de humo.<\/p>\n<p>Ante la emergencia, la tripulaci\u00f3n del avi\u00f3n actu\u00f3 r\u00e1pidamente, iniciando el procedimiento de evacuaci\u00f3n de emergencia. Los pasajeros fueron guiados hacia las salidas de emergencia y bajaron por los toboganes inflables, mientras los equipos de emergencia del aeropuerto se dirig\u00edan hacia el lugar para controlar la situaci\u00f3n.<\/p>\n<h3>Respuesta de los servicios de emergencia<\/h3>\n<p>Los bomberos del aeropuerto respondieron prontamente al alerta, logrando extinguir el fuego antes de que pudiera propagarse m\u00e1s en la aeronave o causar da\u00f1os mayores. Simult\u00e1neamente, equipos m\u00e9dicos atendieron a los pasajeros afectados, la mayor\u00eda de los cuales sufrieron heridas leves debido al incidente.<\/p>\n<p>Las autoridades del aeropuerto cerraron temporalmente algunas \u00e1reas para permitir una investigaci\u00f3n exhaustiva del incidente. Esto caus\u00f3 ligeras demoras en otros vuelos programados, aunque la operaci\u00f3n general del aeropuerto no se vio gravemente afectada.<\/p>\n<h3>Investigaci\u00f3n en curso<\/h3>\n<p>Los expertos en aviaci\u00f3n, junto con las autoridades locales, han iniciado una investigaci\u00f3n detallada para determinar las causas exactas del incendio. Este an\u00e1lisis incluir\u00e1 la revisi\u00f3n de las condiciones t\u00e9cnicas del avi\u00f3n y los protocolos de seguridad seguidos por la tripulaci\u00f3n.<\/p>\n<p>Ryanair, por su parte, ha emitido un comunicado expresando su compromiso con la seguridad de sus pasajeros y asegurando que colaborar\u00e1 plenamente con las autoridades en la investigaci\u00f3n. La aerol\u00ednea tambi\u00e9n ha confirmado que todos los pasajeros afectados han recibido la atenci\u00f3n necesaria y se les ha ofrecido asistencia para reprogramar sus vuelos sin costo adicional.<\/p>\n<p>Este incidente pone de relieve la importancia de los procedimientos de seguridad y la preparaci\u00f3n de las tripulaciones para manejar emergencias de manera efectiva. Aunque los resultados de la investigaci\u00f3n est\u00e1n pendientes, este evento sirve como un recordatorio cr\u00edtico de los desaf\u00edos y responsabilidades inherentes al transporte a\u00e9reo.<\/p>\n\n\n<div class=\"kk-star-ratings kksr-auto kksr-align-left kksr-valign-bottom\"\n    data-payload='{&quot;align&quot;:&quot;left&quot;,&quot;id&quot;:&quot;3748&quot;,&quot;slug&quot;:&quot;default&quot;,&quot;valign&quot;:&quot;bottom&quot;,&quot;ignore&quot;:&quot;&quot;,&quot;reference&quot;:&quot;auto&quot;,&quot;class&quot;:&quot;&quot;,&quot;count&quot;:&quot;0&quot;,&quot;legendonly&quot;:&quot;&quot;,&quot;readonly&quot;:&quot;&quot;,&quot;score&quot;:&quot;0&quot;,&quot;starsonly&quot;:&quot;&quot;,&quot;best&quot;:&quot;5&quot;,&quot;gap&quot;:&quot;5&quot;,&quot;greet&quot;:&quot;Valora este post&quot;,&quot;legend&quot;:&quot;0\\\/5 - (0 votes)&quot;,&quot;size&quot;:&quot;22&quot;,&quot;title&quot;:&quot;\u00a1Alerta! 18 heridos tras incendio en avi\u00f3n de Ryanair en Palma antes de despegar&quot;,&quot;width&quot;:&quot;0&quot;,&quot;_legend&quot;:&quot;{score}\\\/{best} - ({count} {votes})&quot;,&quot;font_factor&quot;:&quot;1.25&quot;}'>\n            \n<div class=\"kksr-stars\">\n    \n<div class=\"kksr-stars-inactive\">\n            <div class=\"kksr-star\" data-star=\"1\" style=\"padding-right: 5px\">\n            \n\n<div class=\"kksr-icon\" style=\"width: 22px; height: 22px;\"><\/div>\n        <\/div>\n            <div class=\"kksr-star\" data-star=\"2\" style=\"padding-right: 5px\">\n            \n\n<div class=\"kksr-icon\" style=\"width: 22px; height: 22px;\"><\/div>\n        <\/div>\n            <div class=\"kksr-star\" data-star=\"3\" style=\"padding-right: 5px\">\n            \n\n<div class=\"kksr-icon\" style=\"width: 22px; height: 22px;\"><\/div>\n        <\/div>\n            <div class=\"kksr-star\" data-star=\"4\" style=\"padding-right: 5px\">\n            \n\n<div class=\"kksr-icon\" style=\"width: 22px; height: 22px;\"><\/div>\n        <\/div>\n            <div class=\"kksr-star\" data-star=\"5\" style=\"padding-right: 5px\">\n            \n\n<div class=\"kksr-icon\" style=\"width: 22px; height: 22px;\"><\/div>\n        <\/div>\n    <\/div>\n    \n<div class=\"kksr-stars-active\" style=\"width: 0px;\">\n            <div class=\"kksr-star\" style=\"padding-right: 5px\">\n            \n\n<div class=\"kksr-icon\" style=\"width: 22px; height: 22px;\"><\/div>\n        <\/div>\n            <div class=\"kksr-star\" style=\"padding-right: 5px\">\n            \n\n<div class=\"kksr-icon\" style=\"width: 22px; height: 22px;\"><\/div>\n        <\/div>\n            <div class=\"kksr-star\" style=\"padding-right: 5px\">\n            \n\n<div class=\"kksr-icon\" style=\"width: 22px; height: 22px;\"><\/div>\n        <\/div>\n            <div class=\"kksr-star\" style=\"padding-right: 5px\">\n            \n\n<div class=\"kksr-icon\" style=\"width: 22px; height: 22px;\"><\/div>\n        <\/div>\n            <div class=\"kksr-star\" style=\"padding-right: 5px\">\n            \n\n<div class=\"kksr-icon\" style=\"width: 22px; height: 22px;\"><\/div>\n        <\/div>\n    <\/div>\n<\/div>\n                \n\n<div class=\"kksr-legend\" style=\"font-size: 17.6px;\">\n            <span class=\"kksr-muted\">Valora este post<\/span>\n    <\/div>\n    <\/div>\n","protected":false},"excerpt":{"rendered":"<p>Dieciocho personas resultan heridas tras un incendio en un avi\u00f3n de Ryanair en Palma Un incidente alarmante se produjo en un avi\u00f3n de Ryanair justo antes &#8230; <a title=\"\u00a1Alerta! 18 heridos tras incendio en avi\u00f3n de Ryanair en Palma antes de despegar\" class=\"read-more\" href=\"https:\/\/www.diario21.tv\/noticias\/alerta-18-heridos-tras-incendio-en-avion-de-ryanair-en-palma-antes-de-despegar\/\" aria-label=\"Leer m\u00e1s sobre \u00a1Alerta! 18 heridos tras incendio en avi\u00f3n de Ryanair en Palma antes de despegar\">Seguir leyendo &rarr;<\/a><\/p>\n","protected":false},"author":20,"featured_media":3749,"comment_status":"open","ping_status":"open","sticky":false,"template":"","format":"standard","meta":{"footnotes":""},"categories":[13],"tags":[],"class_list":["post-3748","post","type-post","status-publish","format-standard","has-post-thumbnail","hentry","category-portada"],"yoast_head":"<!-- This site is optimized with the Yoast SEO plugin v25.6 - https:\/\/yoast.com\/wordpress\/plugins\/seo\/ -->\n<title>\u00a1Alerta! 18 heridos tras incendio en avi\u00f3n de Ryanair en Palma antes de despegar - Diario 21<\/title>\n<meta name=\"robots\" content=\"index, follow, max-snippet:-1, max-image-preview:large, max-video-preview:-1\" \/>\n<link rel=\"canonical\" href=\"https:\/\/www.diario21.tv\/noticias\/alerta-18-heridos-tras-incendio-en-avion-de-ryanair-en-palma-antes-de-despegar\/\" \/>\n<meta property=\"og:locale\" content=\"es_ES\" \/>\n<meta property=\"og:type\" content=\"article\" \/>\n<meta property=\"og:title\" content=\"\u00a1Alerta! 18 heridos tras incendio en avi\u00f3n de Ryanair en Palma antes de despegar - Diario 21\" \/>\n<meta property=\"og:description\" content=\"Dieciocho personas resultan heridas tras un incendio en un avi\u00f3n de Ryanair en Palma Un incidente alarmante se produjo en un avi\u00f3n de Ryanair justo antes ... Seguir leyendo &rarr;\" \/>\n<meta property=\"og:url\" content=\"https:\/\/www.diario21.tv\/noticias\/alerta-18-heridos-tras-incendio-en-avion-de-ryanair-en-palma-antes-de-despegar\/\" \/>\n<meta property=\"og:site_name\" content=\"Diario 21\" \/>\n<meta property=\"article:published_time\" content=\"2025-07-08T21:52:27+00:00\" \/>\n<meta property=\"article:modified_time\" content=\"2025-07-08T21:52:28+00:00\" \/>\n<meta property=\"og:image\" content=\"https:\/\/www.diario21.tv\/noticias\/wp-content\/uploads\/2025\/07\/\u00a1Alerta-18-heridos-tras-incendio-en-avion-de-Ryanair-en.jpg\" \/>\n\t<meta property=\"og:image:width\" content=\"1200\" \/>\n\t<meta property=\"og:image:height\" content=\"840\" \/>\n\t<meta property=\"og:image:type\" content=\"image\/jpeg\" \/>\n<meta name=\"author\" content=\"Juan P\u00e9rez\" \/>\n<meta name=\"twitter:card\" content=\"summary_large_image\" \/>\n<meta name=\"twitter:label1\" content=\"Escrito por\" \/>\n\t<meta name=\"twitter:data1\" content=\"Juan P\u00e9rez\" \/>\n\t<meta name=\"twitter:label2\" content=\"Tiempo de lectura\" \/>\n\t<meta name=\"twitter:data2\" content=\"2 minutos\" \/>\n<script type=\"application\/ld+json\" class=\"yoast-schema-graph\">{\"@context\":\"https:\/\/schema.org\",\"@graph\":[{\"@type\":\"WebPage\",\"@id\":\"https:\/\/www.diario21.tv\/noticias\/alerta-18-heridos-tras-incendio-en-avion-de-ryanair-en-palma-antes-de-despegar\/\",\"url\":\"https:\/\/www.diario21.tv\/noticias\/alerta-18-heridos-tras-incendio-en-avion-de-ryanair-en-palma-antes-de-despegar\/\",\"name\":\"\u00a1Alerta! 18 heridos tras incendio en avi\u00f3n de Ryanair en Palma antes de despegar - Diario 21\",\"isPartOf\":{\"@id\":\"https:\/\/www.diario21.tv\/noticias\/#website\"},\"primaryImageOfPage\":{\"@id\":\"https:\/\/www.diario21.tv\/noticias\/alerta-18-heridos-tras-incendio-en-avion-de-ryanair-en-palma-antes-de-despegar\/#primaryimage\"},\"image\":{\"@id\":\"https:\/\/www.diario21.tv\/noticias\/alerta-18-heridos-tras-incendio-en-avion-de-ryanair-en-palma-antes-de-despegar\/#primaryimage\"},\"thumbnailUrl\":\"https:\/\/www.diario21.tv\/noticias\/wp-content\/uploads\/2025\/07\/\u00a1Alerta-18-heridos-tras-incendio-en-avion-de-Ryanair-en.jpg\",\"datePublished\":\"2025-07-08T21:52:27+00:00\",\"dateModified\":\"2025-07-08T21:52:28+00:00\",\"author\":{\"@id\":\"https:\/\/www.diario21.tv\/noticias\/#\/schema\/person\/dfb778f73814d8f09f302618446a526b\"},\"breadcrumb\":{\"@id\":\"https:\/\/www.diario21.tv\/noticias\/alerta-18-heridos-tras-incendio-en-avion-de-ryanair-en-palma-antes-de-despegar\/#breadcrumb\"},\"inLanguage\":\"es-AR\",\"potentialAction\":[{\"@type\":\"ReadAction\",\"target\":[\"https:\/\/www.diario21.tv\/noticias\/alerta-18-heridos-tras-incendio-en-avion-de-ryanair-en-palma-antes-de-despegar\/\"]}]},{\"@type\":\"ImageObject\",\"inLanguage\":\"es-AR\",\"@id\":\"https:\/\/www.diario21.tv\/noticias\/alerta-18-heridos-tras-incendio-en-avion-de-ryanair-en-palma-antes-de-despegar\/#primaryimage\",\"url\":\"https:\/\/www.diario21.tv\/noticias\/wp-content\/uploads\/2025\/07\/\u00a1Alerta-18-heridos-tras-incendio-en-avion-de-Ryanair-en.jpg\",\"contentUrl\":\"https:\/\/www.diario21.tv\/noticias\/wp-content\/uploads\/2025\/07\/\u00a1Alerta-18-heridos-tras-incendio-en-avion-de-Ryanair-en.jpg\",\"width\":1200,\"height\":840,\"caption\":\"Un incendio en un avi\u00f3n de Ryanair antes de despegar de Palma deja 18 heridos leves\"},{\"@type\":\"BreadcrumbList\",\"@id\":\"https:\/\/www.diario21.tv\/noticias\/alerta-18-heridos-tras-incendio-en-avion-de-ryanair-en-palma-antes-de-despegar\/#breadcrumb\",\"itemListElement\":[{\"@type\":\"ListItem\",\"position\":1,\"name\":\"Accueil\",\"item\":\"https:\/\/www.diario21.tv\/noticias\/\"},{\"@type\":\"ListItem\",\"position\":2,\"name\":\"\u00a1Alerta! 18 heridos tras incendio en avi\u00f3n de Ryanair en Palma antes de despegar\"}]},{\"@type\":\"WebSite\",\"@id\":\"https:\/\/www.diario21.tv\/noticias\/#website\",\"url\":\"https:\/\/www.diario21.tv\/noticias\/\",\"name\":\"Diario 21\",\"description\":\"\",\"potentialAction\":[{\"@type\":\"SearchAction\",\"target\":{\"@type\":\"EntryPoint\",\"urlTemplate\":\"https:\/\/www.diario21.tv\/noticias\/?s={search_term_string}\"},\"query-input\":{\"@type\":\"PropertyValueSpecification\",\"valueRequired\":true,\"valueName\":\"search_term_string\"}}],\"inLanguage\":\"es-AR\"},{\"@type\":\"Person\",\"@id\":\"https:\/\/www.diario21.tv\/noticias\/#\/schema\/person\/dfb778f73814d8f09f302618446a526b\",\"name\":\"Juan P\u00e9rez\",\"image\":{\"@type\":\"ImageObject\",\"inLanguage\":\"es-AR\",\"@id\":\"https:\/\/www.diario21.tv\/noticias\/#\/schema\/person\/image\/\",\"url\":\"https:\/\/secure.gravatar.com\/avatar\/c478a405bd10621167f4c3167cc770f5?s=96&d=mm&r=g\",\"contentUrl\":\"https:\/\/secure.gravatar.com\/avatar\/c478a405bd10621167f4c3167cc770f5?s=96&d=mm&r=g\",\"caption\":\"Juan P\u00e9rez\"},\"description\":\"Juan P\u00e9rez es el redactor en jefe de Diario 21. Con m\u00e1s de 10 a\u00f1os de experiencia en el periodismo, se especializa en pol\u00edtica nacional y an\u00e1lisis socioecon\u00f3mico. Su enfoque cr\u00edtico y riguroso aporta una perspectiva \u00fanica a cada art\u00edculo.\",\"sameAs\":[\"https:\/\/www.diario21.tv\/noticias\/\"],\"url\":\"https:\/\/www.diario21.tv\/noticias\/author\/juan-perez\/\"}]}<\/script>\n<!-- \/ Yoast SEO plugin. -->","yoast_head_json":{"title":"\u00a1Alerta! 18 heridos tras incendio en avi\u00f3n de Ryanair en Palma antes de despegar - Diario 21","robots":{"index":"index","follow":"follow","max-snippet":"max-snippet:-1","max-image-preview":"max-image-preview:large","max-video-preview":"max-video-preview:-1"},"canonical":"https:\/\/www.diario21.tv\/noticias\/alerta-18-heridos-tras-incendio-en-avion-de-ryanair-en-palma-antes-de-despegar\/","og_locale":"es_ES","og_type":"article","og_title":"\u00a1Alerta! 18 heridos tras incendio en avi\u00f3n de Ryanair en Palma antes de despegar - Diario 21","og_description":"Dieciocho personas resultan heridas tras un incendio en un avi\u00f3n de Ryanair en Palma Un incidente alarmante se produjo en un avi\u00f3n de Ryanair justo antes ... Seguir leyendo &rarr;","og_url":"https:\/\/www.diario21.tv\/noticias\/alerta-18-heridos-tras-incendio-en-avion-de-ryanair-en-palma-antes-de-despegar\/","og_site_name":"Diario 21","article_published_time":"2025-07-08T21:52:27+00:00","article_modified_time":"2025-07-08T21:52:28+00:00","og_image":[{"width":1200,"height":840,"url":"https:\/\/www.diario21.tv\/noticias\/wp-content\/uploads\/2025\/07\/\u00a1Alerta-18-heridos-tras-incendio-en-avion-de-Ryanair-en.jpg","type":"image\/jpeg"}],"author":"Juan P\u00e9rez","twitter_card":"summary_large_image","twitter_misc":{"Escrito por":"Juan P\u00e9rez","Tiempo de lectura":"2 minutos"},"schema":{"@context":"https:\/\/schema.org","@graph":[{"@type":"WebPage","@id":"https:\/\/www.diario21.tv\/noticias\/alerta-18-heridos-tras-incendio-en-avion-de-ryanair-en-palma-antes-de-despegar\/","url":"https:\/\/www.diario21.tv\/noticias\/alerta-18-heridos-tras-incendio-en-avion-de-ryanair-en-palma-antes-de-despegar\/","name":"\u00a1Alerta! 18 heridos tras incendio en avi\u00f3n de Ryanair en Palma antes de despegar - Diario 21","isPartOf":{"@id":"https:\/\/www.diario21.tv\/noticias\/#website"},"primaryImageOfPage":{"@id":"https:\/\/www.diario21.tv\/noticias\/alerta-18-heridos-tras-incendio-en-avion-de-ryanair-en-palma-antes-de-despegar\/#primaryimage"},"image":{"@id":"https:\/\/www.diario21.tv\/noticias\/alerta-18-heridos-tras-incendio-en-avion-de-ryanair-en-palma-antes-de-despegar\/#primaryimage"},"thumbnailUrl":"https:\/\/www.diario21.tv\/noticias\/wp-content\/uploads\/2025\/07\/\u00a1Alerta-18-heridos-tras-incendio-en-avion-de-Ryanair-en.jpg","datePublished":"2025-07-08T21:52:27+00:00","dateModified":"2025-07-08T21:52:28+00:00","author":{"@id":"https:\/\/www.diario21.tv\/noticias\/#\/schema\/person\/dfb778f73814d8f09f302618446a526b"},"breadcrumb":{"@id":"https:\/\/www.diario21.tv\/noticias\/alerta-18-heridos-tras-incendio-en-avion-de-ryanair-en-palma-antes-de-despegar\/#breadcrumb"},"inLanguage":"es-AR","potentialAction":[{"@type":"ReadAction","target":["https:\/\/www.diario21.tv\/noticias\/alerta-18-heridos-tras-incendio-en-avion-de-ryanair-en-palma-antes-de-despegar\/"]}]},{"@type":"ImageObject","inLanguage":"es-AR","@id":"https:\/\/www.diario21.tv\/noticias\/alerta-18-heridos-tras-incendio-en-avion-de-ryanair-en-palma-antes-de-despegar\/#primaryimage","url":"https:\/\/www.diario21.tv\/noticias\/wp-content\/uploads\/2025\/07\/\u00a1Alerta-18-heridos-tras-incendio-en-avion-de-Ryanair-en.jpg","contentUrl":"https:\/\/www.diario21.tv\/noticias\/wp-content\/uploads\/2025\/07\/\u00a1Alerta-18-heridos-tras-incendio-en-avion-de-Ryanair-en.jpg","width":1200,"height":840,"caption":"Un incendio en un avi\u00f3n de Ryanair antes de despegar de Palma deja 18 heridos leves"},{"@type":"BreadcrumbList","@id":"https:\/\/www.diario21.tv\/noticias\/alerta-18-heridos-tras-incendio-en-avion-de-ryanair-en-palma-antes-de-despegar\/#breadcrumb","itemListElement":[{"@type":"ListItem","position":1,"name":"Accueil","item":"https:\/\/www.diario21.tv\/noticias\/"},{"@type":"ListItem","position":2,"name":"\u00a1Alerta! 18 heridos tras incendio en avi\u00f3n de Ryanair en Palma antes de despegar"}]},{"@type":"WebSite","@id":"https:\/\/www.diario21.tv\/noticias\/#website","url":"https:\/\/www.diario21.tv\/noticias\/","name":"Diario 21","description":"","potentialAction":[{"@type":"SearchAction","target":{"@type":"EntryPoint","urlTemplate":"https:\/\/www.diario21.tv\/noticias\/?s={search_term_string}"},"query-input":{"@type":"PropertyValueSpecification","valueRequired":true,"valueName":"search_term_string"}}],"inLanguage":"es-AR"},{"@type":"Person","@id":"https:\/\/www.diario21.tv\/noticias\/#\/schema\/person\/dfb778f73814d8f09f302618446a526b","name":"Juan P\u00e9rez","image":{"@type":"ImageObject","inLanguage":"es-AR","@id":"https:\/\/www.diario21.tv\/noticias\/#\/schema\/person\/image\/","url":"https:\/\/secure.gravatar.com\/avatar\/c478a405bd10621167f4c3167cc770f5?s=96&d=mm&r=g","contentUrl":"https:\/\/secure.gravatar.com\/avatar\/c478a405bd10621167f4c3167cc770f5?s=96&d=mm&r=g","caption":"Juan P\u00e9rez"},"description":"Juan P\u00e9rez es el redactor en jefe de Diario 21. Con m\u00e1s de 10 a\u00f1os de experiencia en el periodismo, se especializa en pol\u00edtica nacional y an\u00e1lisis socioecon\u00f3mico. Su enfoque cr\u00edtico y riguroso aporta una perspectiva \u00fanica a cada art\u00edculo.","sameAs":["https:\/\/www.diario21.tv\/noticias\/"],"url":"https:\/\/www.diario21.tv\/noticias\/author\/juan-perez\/"}]}},"_links":{"self":[{"href":"https:\/\/www.diario21.tv\/noticias\/wp-json\/wp\/v2\/posts\/3748"}],"collection":[{"href":"https:\/\/www.diario21.tv\/noticias\/wp-json\/wp\/v2\/posts"}],"about":[{"href":"https:\/\/www.diario21.tv\/noticias\/wp-json\/wp\/v2\/types\/post"}],"author":[{"embeddable":true,"href":"https:\/\/www.diario21.tv\/noticias\/wp-json\/wp\/v2\/users\/20"}],"replies":[{"embeddable":true,"href":"https:\/\/www.diario21.tv\/noticias\/wp-json\/wp\/v2\/comments?post=3748"}],"version-history":[{"count":1,"href":"https:\/\/www.diario21.tv\/noticias\/wp-json\/wp\/v2\/posts\/3748\/revisions"}],"predecessor-version":[{"id":3750,"href":"https:\/\/www.diario21.tv\/noticias\/wp-json\/wp\/v2\/posts\/3748\/revisions\/3750"}],"wp:featuredmedia":[{"embeddable":true,"href":"https:\/\/www.diario21.tv\/noticias\/wp-json\/wp\/v2\/media\/3749"}],"wp:attachment":[{"href":"https:\/\/www.diario21.tv\/noticias\/wp-json\/wp\/v2\/media?parent=3748"}],"wp:term":[{"taxonomy":"category","embeddable":true,"href":"https:\/\/www.diario21.tv\/noticias\/wp-json\/wp\/v2\/categories?post=3748"},{"taxonomy":"post_tag","embeddable":true,"href":"https:\/\/www.diario21.tv\/noticias\/wp-json\/wp\/v2\/tags?post=3748"}],"curies":[{"name":"wp","href":"https:\/\/api.w.org\/{rel}","templated":true}]}}