{"id":3736,"date":"2025-07-07T21:43:10","date_gmt":"2025-07-07T21:43:10","guid":{"rendered":"https:\/\/www.diario21.tv\/noticias\/alerta-verano-descubre-las-11-enfermedades-mas-comunes-sus-causas-y-prevencion\/"},"modified":"2025-07-07T21:43:12","modified_gmt":"2025-07-07T21:43:12","slug":"alerta-verano-descubre-las-11-enfermedades-mas-comunes-sus-causas-y-prevencion","status":"publish","type":"post","link":"https:\/\/www.diario21.tv\/noticias\/alerta-verano-descubre-las-11-enfermedades-mas-comunes-sus-causas-y-prevencion\/","title":{"rendered":"\u00a1Alerta verano! Descubre las 11 enfermedades m\u00e1s comunes, sus causas y prevenci\u00f3n"},"content":{"rendered":"<h2>Las once afecciones m\u00e1s habituales en verano: or\u00edgenes y prevenci\u00f3n<\/h2>\n<p>El verano, con su clima c\u00e1lido y soleado, invita a disfrutar de actividades al aire libre, pero tambi\u00e9n puede incrementar el riesgo de ciertas enfermedades. Aqu\u00ed exploramos las 11 enfermedades m\u00e1s frecuentes durante esta estaci\u00f3n, sus causas y consejos para evitarlas.<\/p>\n<h3>1. Insolaci\u00f3n<\/h3>\n<p>\nLa insolaci\u00f3n ocurre cuando el cuerpo no puede regular su temperatura y esta se eleva r\u00e1pidamente. Los s\u00edntomas incluyen piel caliente y seca, confusi\u00f3n, y pulsos r\u00e1pidos. Para prevenirla, es crucial hidratarse adecuadamente y limitar la exposici\u00f3n directa al sol durante las horas m\u00e1s calurosas.<\/p>\n<h3>2. Golpe de calor<\/h3>\n<p>\nSimilar a la insolaci\u00f3n, el golpe de calor se manifiesta cuando la temperatura corporal alcanza o supera los 40\u00b0C. Es vital buscar sombra, usar ropa ligera y beber l\u00edquidos frecuentemente para evitarlo.<\/p>\n<h3>3. Deshidrataci\u00f3n<\/h3>\n<p>\nLa deshidrataci\u00f3n sucede cuando el cuerpo pierde m\u00e1s l\u00edquidos de los que ingiere. Es fundamental consumir agua regularmente y evitar bebidas diur\u00e9ticas como el alcohol y la cafe\u00edna.<\/p>\n<h3>4. Quemaduras solares<\/h3>\n<p>\nLa exposici\u00f3n prolongada al sol puede causar quemaduras en la piel. La aplicaci\u00f3n de un buen protector solar, vestir prendas que cubran la piel y usar sombrero son medidas efectivas de protecci\u00f3n.<\/p>\n<h3>5. Picaduras de insectos<\/h3>\n<p>\nLos mosquitos y otros insectos son m\u00e1s activos en verano. Usar repelente de insectos, ropa que cubra la mayor parte del cuerpo y evitar perfumes fuertes ayudar\u00e1 a reducir el riesgo de picaduras.<\/p>\n<h3>6. Alergias<\/h3>\n<p>\nEl polen es m\u00e1s abundante durante el verano y puede exacerbar las alergias. Mantener las ventanas cerradas y usar aire acondicionado con filtros puede aliviar los s\u00edntomas.<\/p>\n<h3>7. Infecciones por alimentos<\/h3>\n<p>\nEl calor del verano puede aumentar la probabilidad de proliferaci\u00f3n de bacterias en los alimentos. Es esencial asegurarse de que los alimentos se cocinen a las temperaturas adecuadas y se almacenen correctamente.<\/p>\n<h3>8. Intoxicaci\u00f3n por agua<\/h3>\n<p>\nNadar en aguas contaminadas puede causar enfermedades. Siempre es recomendable elegir lugares de ba\u00f1o que cumplan con las normas de seguridad y limpieza.<\/p>\n<h3>9. Pie de atleta<\/h3>\n<p>\nEsta infecci\u00f3n por hongos es com\u00fan en los ambientes c\u00e1lidos y h\u00famedos, como los vestuarios. Secar bien los pies despu\u00e9s de nadar y usar sandalias en \u00e1reas comunes puede prevenir la aparici\u00f3n del pie de atleta.<\/p>\n<h3>10. Otitis externa<\/h3>\n<p>\nLa otitis externa, o infecci\u00f3n del o\u00eddo externo, puede ser m\u00e1s frecuente en verano debido a la mayor cantidad de tiempo que pasamos sumergidos en el agua. Mantener los o\u00eddos secos y limpios puede ayudar a prevenir esta condici\u00f3n.<\/p>\n<h3>11. Enfermedades transmitidas por el agua<\/h3>\n<p>\nEl consumo de agua no tratada o la exposici\u00f3n en piscinas mal mantenidas puede llevar a enfermedades. Beber siempre agua potable y verificar las condiciones higi\u00e9nicas de las piscinas p\u00fablicas son pr\u00e1cticas recomendadas.<\/p>\n<p>En conclusi\u00f3n, aunque el verano es una temporada para disfrutar del aire libre, es importante tomar precauciones para evitar estas enfermedades comunes. Mantenerse hidratado, protegerse del sol, y asegurarse de la seguridad alimentaria y del agua son pasos clave para un verano saludable y feliz.<\/p>\n\n\n<div class=\"kk-star-ratings kksr-auto kksr-align-left kksr-valign-bottom\"\n    data-payload='{&quot;align&quot;:&quot;left&quot;,&quot;id&quot;:&quot;3736&quot;,&quot;slug&quot;:&quot;default&quot;,&quot;valign&quot;:&quot;bottom&quot;,&quot;ignore&quot;:&quot;&quot;,&quot;reference&quot;:&quot;auto&quot;,&quot;class&quot;:&quot;&quot;,&quot;count&quot;:&quot;0&quot;,&quot;legendonly&quot;:&quot;&quot;,&quot;readonly&quot;:&quot;&quot;,&quot;score&quot;:&quot;0&quot;,&quot;starsonly&quot;:&quot;&quot;,&quot;best&quot;:&quot;5&quot;,&quot;gap&quot;:&quot;5&quot;,&quot;greet&quot;:&quot;Valora este post&quot;,&quot;legend&quot;:&quot;0\\\/5 - (0 votes)&quot;,&quot;size&quot;:&quot;22&quot;,&quot;title&quot;:&quot;\u00a1Alerta verano! Descubre las 11 enfermedades m\u00e1s comunes, sus causas y prevenci\u00f3n&quot;,&quot;width&quot;:&quot;0&quot;,&quot;_legend&quot;:&quot;{score}\\\/{best} - ({count} {votes})&quot;,&quot;font_factor&quot;:&quot;1.25&quot;}'>\n            \n<div class=\"kksr-stars\">\n    \n<div class=\"kksr-stars-inactive\">\n            <div class=\"kksr-star\" data-star=\"1\" style=\"padding-right: 5px\">\n            \n\n<div class=\"kksr-icon\" style=\"width: 22px; height: 22px;\"><\/div>\n        <\/div>\n            <div class=\"kksr-star\" data-star=\"2\" style=\"padding-right: 5px\">\n            \n\n<div class=\"kksr-icon\" style=\"width: 22px; height: 22px;\"><\/div>\n        <\/div>\n            <div class=\"kksr-star\" data-star=\"3\" style=\"padding-right: 5px\">\n            \n\n<div class=\"kksr-icon\" style=\"width: 22px; height: 22px;\"><\/div>\n        <\/div>\n            <div class=\"kksr-star\" data-star=\"4\" style=\"padding-right: 5px\">\n            \n\n<div class=\"kksr-icon\" style=\"width: 22px; height: 22px;\"><\/div>\n        <\/div>\n            <div class=\"kksr-star\" data-star=\"5\" style=\"padding-right: 5px\">\n            \n\n<div class=\"kksr-icon\" style=\"width: 22px; height: 22px;\"><\/div>\n        <\/div>\n    <\/div>\n    \n<div class=\"kksr-stars-active\" style=\"width: 0px;\">\n            <div class=\"kksr-star\" style=\"padding-right: 5px\">\n            \n\n<div class=\"kksr-icon\" style=\"width: 22px; height: 22px;\"><\/div>\n        <\/div>\n            <div class=\"kksr-star\" style=\"padding-right: 5px\">\n            \n\n<div class=\"kksr-icon\" style=\"width: 22px; height: 22px;\"><\/div>\n        <\/div>\n            <div class=\"kksr-star\" style=\"padding-right: 5px\">\n            \n\n<div class=\"kksr-icon\" style=\"width: 22px; height: 22px;\"><\/div>\n        <\/div>\n            <div class=\"kksr-star\" style=\"padding-right: 5px\">\n            \n\n<div class=\"kksr-icon\" style=\"width: 22px; height: 22px;\"><\/div>\n        <\/div>\n            <div class=\"kksr-star\" style=\"padding-right: 5px\">\n            \n\n<div class=\"kksr-icon\" style=\"width: 22px; height: 22px;\"><\/div>\n        <\/div>\n    <\/div>\n<\/div>\n                \n\n<div class=\"kksr-legend\" style=\"font-size: 17.6px;\">\n            <span class=\"kksr-muted\">Valora este post<\/span>\n    <\/div>\n    <\/div>\n","protected":false},"excerpt":{"rendered":"<p>Las once afecciones m\u00e1s habituales en verano: or\u00edgenes y prevenci\u00f3n El verano, con su clima c\u00e1lido y soleado, invita a disfrutar de actividades al aire libre, &#8230; <a title=\"\u00a1Alerta verano! Descubre las 11 enfermedades m\u00e1s comunes, sus causas y prevenci\u00f3n\" class=\"read-more\" href=\"https:\/\/www.diario21.tv\/noticias\/alerta-verano-descubre-las-11-enfermedades-mas-comunes-sus-causas-y-prevencion\/\" aria-label=\"Leer m\u00e1s sobre \u00a1Alerta verano! Descubre las 11 enfermedades m\u00e1s comunes, sus causas y prevenci\u00f3n\">Seguir leyendo &rarr;<\/a><\/p>\n","protected":false},"author":20,"featured_media":3737,"comment_status":"open","ping_status":"open","sticky":false,"template":"","format":"standard","meta":{"footnotes":""},"categories":[13],"tags":[],"class_list":["post-3736","post","type-post","status-publish","format-standard","has-post-thumbnail","hentry","category-portada"],"yoast_head":"<!-- This site is optimized with the Yoast SEO plugin v25.6 - https:\/\/yoast.com\/wordpress\/plugins\/seo\/ -->\n<title>\u00a1Alerta verano! Descubre las 11 enfermedades m\u00e1s comunes, sus causas y prevenci\u00f3n - Diario 21<\/title>\n<meta name=\"robots\" content=\"index, follow, max-snippet:-1, max-image-preview:large, max-video-preview:-1\" \/>\n<link rel=\"canonical\" href=\"https:\/\/www.diario21.tv\/noticias\/alerta-verano-descubre-las-11-enfermedades-mas-comunes-sus-causas-y-prevencion\/\" \/>\n<meta property=\"og:locale\" content=\"es_ES\" \/>\n<meta property=\"og:type\" content=\"article\" \/>\n<meta property=\"og:title\" content=\"\u00a1Alerta verano! Descubre las 11 enfermedades m\u00e1s comunes, sus causas y prevenci\u00f3n - Diario 21\" \/>\n<meta property=\"og:description\" content=\"Las once afecciones m\u00e1s habituales en verano: or\u00edgenes y prevenci\u00f3n El verano, con su clima c\u00e1lido y soleado, invita a disfrutar de actividades al aire libre, ... Seguir leyendo &rarr;\" \/>\n<meta property=\"og:url\" content=\"https:\/\/www.diario21.tv\/noticias\/alerta-verano-descubre-las-11-enfermedades-mas-comunes-sus-causas-y-prevencion\/\" \/>\n<meta property=\"og:site_name\" content=\"Diario 21\" \/>\n<meta property=\"article:published_time\" content=\"2025-07-07T21:43:10+00:00\" \/>\n<meta property=\"article:modified_time\" content=\"2025-07-07T21:43:12+00:00\" \/>\n<meta property=\"og:image\" content=\"https:\/\/www.diario21.tv\/noticias\/wp-content\/uploads\/2025\/07\/\u00a1Alerta-verano-Descubre-las-11-enfermedades-mas-comunes-sus-causas.jpg\" \/>\n\t<meta property=\"og:image:width\" content=\"1200\" \/>\n\t<meta property=\"og:image:height\" content=\"840\" \/>\n\t<meta property=\"og:image:type\" content=\"image\/jpeg\" \/>\n<meta name=\"author\" content=\"Juan P\u00e9rez\" \/>\n<meta name=\"twitter:card\" content=\"summary_large_image\" \/>\n<meta name=\"twitter:label1\" content=\"Escrito por\" \/>\n\t<meta name=\"twitter:data1\" content=\"Juan P\u00e9rez\" \/>\n\t<meta name=\"twitter:label2\" content=\"Tiempo de lectura\" \/>\n\t<meta name=\"twitter:data2\" content=\"3 minutos\" \/>\n<script type=\"application\/ld+json\" class=\"yoast-schema-graph\">{\"@context\":\"https:\/\/schema.org\",\"@graph\":[{\"@type\":\"WebPage\",\"@id\":\"https:\/\/www.diario21.tv\/noticias\/alerta-verano-descubre-las-11-enfermedades-mas-comunes-sus-causas-y-prevencion\/\",\"url\":\"https:\/\/www.diario21.tv\/noticias\/alerta-verano-descubre-las-11-enfermedades-mas-comunes-sus-causas-y-prevencion\/\",\"name\":\"\u00a1Alerta verano! Descubre las 11 enfermedades m\u00e1s comunes, sus causas y prevenci\u00f3n - Diario 21\",\"isPartOf\":{\"@id\":\"https:\/\/www.diario21.tv\/noticias\/#website\"},\"primaryImageOfPage\":{\"@id\":\"https:\/\/www.diario21.tv\/noticias\/alerta-verano-descubre-las-11-enfermedades-mas-comunes-sus-causas-y-prevencion\/#primaryimage\"},\"image\":{\"@id\":\"https:\/\/www.diario21.tv\/noticias\/alerta-verano-descubre-las-11-enfermedades-mas-comunes-sus-causas-y-prevencion\/#primaryimage\"},\"thumbnailUrl\":\"https:\/\/www.diario21.tv\/noticias\/wp-content\/uploads\/2025\/07\/\u00a1Alerta-verano-Descubre-las-11-enfermedades-mas-comunes-sus-causas.jpg\",\"datePublished\":\"2025-07-07T21:43:10+00:00\",\"dateModified\":\"2025-07-07T21:43:12+00:00\",\"author\":{\"@id\":\"https:\/\/www.diario21.tv\/noticias\/#\/schema\/person\/dfb778f73814d8f09f302618446a526b\"},\"breadcrumb\":{\"@id\":\"https:\/\/www.diario21.tv\/noticias\/alerta-verano-descubre-las-11-enfermedades-mas-comunes-sus-causas-y-prevencion\/#breadcrumb\"},\"inLanguage\":\"es-AR\",\"potentialAction\":[{\"@type\":\"ReadAction\",\"target\":[\"https:\/\/www.diario21.tv\/noticias\/alerta-verano-descubre-las-11-enfermedades-mas-comunes-sus-causas-y-prevencion\/\"]}]},{\"@type\":\"ImageObject\",\"inLanguage\":\"es-AR\",\"@id\":\"https:\/\/www.diario21.tv\/noticias\/alerta-verano-descubre-las-11-enfermedades-mas-comunes-sus-causas-y-prevencion\/#primaryimage\",\"url\":\"https:\/\/www.diario21.tv\/noticias\/wp-content\/uploads\/2025\/07\/\u00a1Alerta-verano-Descubre-las-11-enfermedades-mas-comunes-sus-causas.jpg\",\"contentUrl\":\"https:\/\/www.diario21.tv\/noticias\/wp-content\/uploads\/2025\/07\/\u00a1Alerta-verano-Descubre-las-11-enfermedades-mas-comunes-sus-causas.jpg\",\"width\":1200,\"height\":840,\"caption\":\"Las 11 enfermedades m\u00e1s comunes del verano: causas y c\u00f3mo prevenirlas\"},{\"@type\":\"BreadcrumbList\",\"@id\":\"https:\/\/www.diario21.tv\/noticias\/alerta-verano-descubre-las-11-enfermedades-mas-comunes-sus-causas-y-prevencion\/#breadcrumb\",\"itemListElement\":[{\"@type\":\"ListItem\",\"position\":1,\"name\":\"Accueil\",\"item\":\"https:\/\/www.diario21.tv\/noticias\/\"},{\"@type\":\"ListItem\",\"position\":2,\"name\":\"\u00a1Alerta verano! Descubre las 11 enfermedades m\u00e1s comunes, sus causas y prevenci\u00f3n\"}]},{\"@type\":\"WebSite\",\"@id\":\"https:\/\/www.diario21.tv\/noticias\/#website\",\"url\":\"https:\/\/www.diario21.tv\/noticias\/\",\"name\":\"Diario 21\",\"description\":\"\",\"potentialAction\":[{\"@type\":\"SearchAction\",\"target\":{\"@type\":\"EntryPoint\",\"urlTemplate\":\"https:\/\/www.diario21.tv\/noticias\/?s={search_term_string}\"},\"query-input\":{\"@type\":\"PropertyValueSpecification\",\"valueRequired\":true,\"valueName\":\"search_term_string\"}}],\"inLanguage\":\"es-AR\"},{\"@type\":\"Person\",\"@id\":\"https:\/\/www.diario21.tv\/noticias\/#\/schema\/person\/dfb778f73814d8f09f302618446a526b\",\"name\":\"Juan P\u00e9rez\",\"image\":{\"@type\":\"ImageObject\",\"inLanguage\":\"es-AR\",\"@id\":\"https:\/\/www.diario21.tv\/noticias\/#\/schema\/person\/image\/\",\"url\":\"https:\/\/secure.gravatar.com\/avatar\/c478a405bd10621167f4c3167cc770f5?s=96&d=mm&r=g\",\"contentUrl\":\"https:\/\/secure.gravatar.com\/avatar\/c478a405bd10621167f4c3167cc770f5?s=96&d=mm&r=g\",\"caption\":\"Juan P\u00e9rez\"},\"description\":\"Juan P\u00e9rez es el redactor en jefe de Diario 21. Con m\u00e1s de 10 a\u00f1os de experiencia en el periodismo, se especializa en pol\u00edtica nacional y an\u00e1lisis socioecon\u00f3mico. Su enfoque cr\u00edtico y riguroso aporta una perspectiva \u00fanica a cada art\u00edculo.\",\"sameAs\":[\"https:\/\/www.diario21.tv\/noticias\/\"],\"url\":\"https:\/\/www.diario21.tv\/noticias\/author\/juan-perez\/\"}]}<\/script>\n<!-- \/ Yoast SEO plugin. -->","yoast_head_json":{"title":"\u00a1Alerta verano! Descubre las 11 enfermedades m\u00e1s comunes, sus causas y prevenci\u00f3n - Diario 21","robots":{"index":"index","follow":"follow","max-snippet":"max-snippet:-1","max-image-preview":"max-image-preview:large","max-video-preview":"max-video-preview:-1"},"canonical":"https:\/\/www.diario21.tv\/noticias\/alerta-verano-descubre-las-11-enfermedades-mas-comunes-sus-causas-y-prevencion\/","og_locale":"es_ES","og_type":"article","og_title":"\u00a1Alerta verano! Descubre las 11 enfermedades m\u00e1s comunes, sus causas y prevenci\u00f3n - Diario 21","og_description":"Las once afecciones m\u00e1s habituales en verano: or\u00edgenes y prevenci\u00f3n El verano, con su clima c\u00e1lido y soleado, invita a disfrutar de actividades al aire libre, ... Seguir leyendo &rarr;","og_url":"https:\/\/www.diario21.tv\/noticias\/alerta-verano-descubre-las-11-enfermedades-mas-comunes-sus-causas-y-prevencion\/","og_site_name":"Diario 21","article_published_time":"2025-07-07T21:43:10+00:00","article_modified_time":"2025-07-07T21:43:12+00:00","og_image":[{"width":1200,"height":840,"url":"https:\/\/www.diario21.tv\/noticias\/wp-content\/uploads\/2025\/07\/\u00a1Alerta-verano-Descubre-las-11-enfermedades-mas-comunes-sus-causas.jpg","type":"image\/jpeg"}],"author":"Juan P\u00e9rez","twitter_card":"summary_large_image","twitter_misc":{"Escrito por":"Juan P\u00e9rez","Tiempo de lectura":"3 minutos"},"schema":{"@context":"https:\/\/schema.org","@graph":[{"@type":"WebPage","@id":"https:\/\/www.diario21.tv\/noticias\/alerta-verano-descubre-las-11-enfermedades-mas-comunes-sus-causas-y-prevencion\/","url":"https:\/\/www.diario21.tv\/noticias\/alerta-verano-descubre-las-11-enfermedades-mas-comunes-sus-causas-y-prevencion\/","name":"\u00a1Alerta verano! Descubre las 11 enfermedades m\u00e1s comunes, sus causas y prevenci\u00f3n - Diario 21","isPartOf":{"@id":"https:\/\/www.diario21.tv\/noticias\/#website"},"primaryImageOfPage":{"@id":"https:\/\/www.diario21.tv\/noticias\/alerta-verano-descubre-las-11-enfermedades-mas-comunes-sus-causas-y-prevencion\/#primaryimage"},"image":{"@id":"https:\/\/www.diario21.tv\/noticias\/alerta-verano-descubre-las-11-enfermedades-mas-comunes-sus-causas-y-prevencion\/#primaryimage"},"thumbnailUrl":"https:\/\/www.diario21.tv\/noticias\/wp-content\/uploads\/2025\/07\/\u00a1Alerta-verano-Descubre-las-11-enfermedades-mas-comunes-sus-causas.jpg","datePublished":"2025-07-07T21:43:10+00:00","dateModified":"2025-07-07T21:43:12+00:00","author":{"@id":"https:\/\/www.diario21.tv\/noticias\/#\/schema\/person\/dfb778f73814d8f09f302618446a526b"},"breadcrumb":{"@id":"https:\/\/www.diario21.tv\/noticias\/alerta-verano-descubre-las-11-enfermedades-mas-comunes-sus-causas-y-prevencion\/#breadcrumb"},"inLanguage":"es-AR","potentialAction":[{"@type":"ReadAction","target":["https:\/\/www.diario21.tv\/noticias\/alerta-verano-descubre-las-11-enfermedades-mas-comunes-sus-causas-y-prevencion\/"]}]},{"@type":"ImageObject","inLanguage":"es-AR","@id":"https:\/\/www.diario21.tv\/noticias\/alerta-verano-descubre-las-11-enfermedades-mas-comunes-sus-causas-y-prevencion\/#primaryimage","url":"https:\/\/www.diario21.tv\/noticias\/wp-content\/uploads\/2025\/07\/\u00a1Alerta-verano-Descubre-las-11-enfermedades-mas-comunes-sus-causas.jpg","contentUrl":"https:\/\/www.diario21.tv\/noticias\/wp-content\/uploads\/2025\/07\/\u00a1Alerta-verano-Descubre-las-11-enfermedades-mas-comunes-sus-causas.jpg","width":1200,"height":840,"caption":"Las 11 enfermedades m\u00e1s comunes del verano: causas y c\u00f3mo prevenirlas"},{"@type":"BreadcrumbList","@id":"https:\/\/www.diario21.tv\/noticias\/alerta-verano-descubre-las-11-enfermedades-mas-comunes-sus-causas-y-prevencion\/#breadcrumb","itemListElement":[{"@type":"ListItem","position":1,"name":"Accueil","item":"https:\/\/www.diario21.tv\/noticias\/"},{"@type":"ListItem","position":2,"name":"\u00a1Alerta verano! Descubre las 11 enfermedades m\u00e1s comunes, sus causas y prevenci\u00f3n"}]},{"@type":"WebSite","@id":"https:\/\/www.diario21.tv\/noticias\/#website","url":"https:\/\/www.diario21.tv\/noticias\/","name":"Diario 21","description":"","potentialAction":[{"@type":"SearchAction","target":{"@type":"EntryPoint","urlTemplate":"https:\/\/www.diario21.tv\/noticias\/?s={search_term_string}"},"query-input":{"@type":"PropertyValueSpecification","valueRequired":true,"valueName":"search_term_string"}}],"inLanguage":"es-AR"},{"@type":"Person","@id":"https:\/\/www.diario21.tv\/noticias\/#\/schema\/person\/dfb778f73814d8f09f302618446a526b","name":"Juan P\u00e9rez","image":{"@type":"ImageObject","inLanguage":"es-AR","@id":"https:\/\/www.diario21.tv\/noticias\/#\/schema\/person\/image\/","url":"https:\/\/secure.gravatar.com\/avatar\/c478a405bd10621167f4c3167cc770f5?s=96&d=mm&r=g","contentUrl":"https:\/\/secure.gravatar.com\/avatar\/c478a405bd10621167f4c3167cc770f5?s=96&d=mm&r=g","caption":"Juan P\u00e9rez"},"description":"Juan P\u00e9rez es el redactor en jefe de Diario 21. Con m\u00e1s de 10 a\u00f1os de experiencia en el periodismo, se especializa en pol\u00edtica nacional y an\u00e1lisis socioecon\u00f3mico. Su enfoque cr\u00edtico y riguroso aporta una perspectiva \u00fanica a cada art\u00edculo.","sameAs":["https:\/\/www.diario21.tv\/noticias\/"],"url":"https:\/\/www.diario21.tv\/noticias\/author\/juan-perez\/"}]}},"_links":{"self":[{"href":"https:\/\/www.diario21.tv\/noticias\/wp-json\/wp\/v2\/posts\/3736"}],"collection":[{"href":"https:\/\/www.diario21.tv\/noticias\/wp-json\/wp\/v2\/posts"}],"about":[{"href":"https:\/\/www.diario21.tv\/noticias\/wp-json\/wp\/v2\/types\/post"}],"author":[{"embeddable":true,"href":"https:\/\/www.diario21.tv\/noticias\/wp-json\/wp\/v2\/users\/20"}],"replies":[{"embeddable":true,"href":"https:\/\/www.diario21.tv\/noticias\/wp-json\/wp\/v2\/comments?post=3736"}],"version-history":[{"count":1,"href":"https:\/\/www.diario21.tv\/noticias\/wp-json\/wp\/v2\/posts\/3736\/revisions"}],"predecessor-version":[{"id":3738,"href":"https:\/\/www.diario21.tv\/noticias\/wp-json\/wp\/v2\/posts\/3736\/revisions\/3738"}],"wp:featuredmedia":[{"embeddable":true,"href":"https:\/\/www.diario21.tv\/noticias\/wp-json\/wp\/v2\/media\/3737"}],"wp:attachment":[{"href":"https:\/\/www.diario21.tv\/noticias\/wp-json\/wp\/v2\/media?parent=3736"}],"wp:term":[{"taxonomy":"category","embeddable":true,"href":"https:\/\/www.diario21.tv\/noticias\/wp-json\/wp\/v2\/categories?post=3736"},{"taxonomy":"post_tag","embeddable":true,"href":"https:\/\/www.diario21.tv\/noticias\/wp-json\/wp\/v2\/tags?post=3736"}],"curies":[{"name":"wp","href":"https:\/\/api.w.org\/{rel}","templated":true}]}}