{"id":373,"date":"2024-09-12T11:00:30","date_gmt":"2024-09-12T11:00:30","guid":{"rendered":"https:\/\/www.diario21.tv\/noticias\/?p=373"},"modified":"2024-09-12T06:20:37","modified_gmt":"2024-09-12T06:20:37","slug":"analisis-de-adn-desvela-los-habitos-familiares-del-enigmatico-pueblo-avar","status":"publish","type":"post","link":"https:\/\/www.diario21.tv\/noticias\/analisis-de-adn-desvela-los-habitos-familiares-del-enigmatico-pueblo-avar\/","title":{"rendered":"An\u00e1lisis de ADN desvela los h\u00e1bitos familiares del enigm\u00e1tico pueblo Avar"},"content":{"rendered":"<p>El misterioso pueblo de los Avaros, que habit\u00f3 las estepas europeas hace siglos, ha fascinado a historiadores y arque\u00f3logos durante generaciones. Gracias a los avances recientes en tecnolog\u00eda de ADN, estamos comenzando a desvelar las costumbres familiares y sociales de esta intrigante civilizaci\u00f3n. Estas nuevas investigaciones arrojan luz sobre c\u00f3mo se organizaba esta sociedad y c\u00f3mo interactuaban con otras culturas a lo largo de su historia.<\/p>\n<p><!--more--><\/p>\n<h2>Revelando secretos gen\u00e9ticos<\/h2>\n<p>Los estudios m\u00e1s recientes basados en el an\u00e1lisis de ADN han proporcionado <a href=\"https:\/\/www.diario21.tv\/noticias\/impresionante-hallazgo-de-un-antiguo-taller-textil-de-la-edad-del-bronce-en-toledo-descubrelo\/\">informaci\u00f3n<\/a> valiosa sobre los Avaros, que dominaron la Cuenca de los C\u00e1rpatos desde finales del siglo VI hasta principios del siglo IX. Los resultados sugieren que los Avaros manten\u00edan una estructura social compleja, posiblemente influenciada por sus or\u00edgenes n\u00f3madas y sus contactos con otras culturas a lo largo de su historia.<\/p>\n<h2>Lazos familiares y jerarqu\u00edas sociales<\/h2>\n<p>Uno de los hallazgos m\u00e1s sorprendentes est\u00e1 relacionado con las din\u00e1micas familiares de los Avaros. Los an\u00e1lisis de ADN extra\u00eddos de restos en sitios funerarios revelan una sociedad con roles familiares bien definidos y una clara preferencia por la herencia patrilineal. Los datos gen\u00e9ticos muestran una marcada separaci\u00f3n entre grupos familiares, lo que indica que estas divisiones jugaban un papel clave en la organizaci\u00f3n de su sociedad.<\/p>\n<p>Adem\u00e1s, se ha descubierto que los Avaros practicaban una forma de estratificaci\u00f3n social estrechamente ligada a la genealog\u00eda. Esto sugiere que el poder y el estatus dentro de la comunidad se transmit\u00edan por herencia. Los individuos de alto estatus sol\u00edan ser enterrados con bienes valiosos, lo que subraya su importancia dentro del grupo.<\/p>\n<h2>Interacciones con culturas vecinas<\/h2>\n<p>El an\u00e1lisis gen\u00e9tico tambi\u00e9n ha revelado una sorprendente diversidad en la poblaci\u00f3n Avara, lo que indica que manten\u00edan interacciones significativas con otros grupos, tanto tribus cercanas como poblaciones m\u00e1s lejanas. Esto no solo refleja su papel como jugadores clave en las redes de comercio y migraci\u00f3n de la Europa medieval, sino que tambi\u00e9n destaca su capacidad para integrar influencias externas en su sociedad.<\/p>\n<p>Estas interacciones gen\u00e9ticas son un reflejo de los complejos movimientos migratorios y comerciales que marcaron esa \u00e9poca, lo que hace a\u00fan m\u00e1s fascinante el estudio de la composici\u00f3n gen\u00e9tica de los Avaros. A medida que se siga investigando, esta diversidad gen\u00e9tica podr\u00eda desvelar nuevas conexiones culturales y comerciales que a\u00fan no han sido completamente comprendidas.<\/p>\n<h2>Implicaciones para la investigaci\u00f3n hist\u00f3rica<\/h2>\n<p>La informaci\u00f3n gen\u00e9tica obtenida hasta ahora desaf\u00eda algunas de las ideas tradicionales sobre la sociedad Avara, ofreciendo una visi\u00f3n m\u00e1s clara de su organizaci\u00f3n familiar y social. Estos hallazgos subrayan la importancia de las herramientas cient\u00edficas modernas para revisar narrativas hist\u00f3ricas y construir una comprensi\u00f3n m\u00e1s precisa de civilizaciones antiguas.<\/p>\n<p>El continuo an\u00e1lisis del ADN Avaro no solo aporta luz sobre la <a href=\"https:\/\/www.diario21.tv\/noticias\/conmovido-por-la-historia-de-un-acusado-este-juez-generoso-le-hace-el-mejor-de-los-regalos\/\">historia<\/a> de este pueblo en particular, sino que tambi\u00e9n contribuye al conocimiento general de la historia medieval europea. Con cada nuevo descubrimiento, nos acercamos m\u00e1s a comprender mejor a los Avaros, una civilizaci\u00f3n que durante siglos ha permanecido envuelta en misterio.<\/p>\n<p>En resumen, el estudio gen\u00e9tico de los Avaros abre una ventana fascinante hacia su forma de vida, revelando aspectos de sus h\u00e1bitos familiares y de sus interacciones con el mundo medieval que antes permanec\u00edan ocultos. Es probable que futuras investigaciones sigan aportando revelaciones sorprendentes sobre este enigm\u00e1tico pueblo.<\/p>\n\n\n<div class=\"kk-star-ratings kksr-auto kksr-align-left kksr-valign-bottom\"\n    data-payload='{&quot;align&quot;:&quot;left&quot;,&quot;id&quot;:&quot;373&quot;,&quot;slug&quot;:&quot;default&quot;,&quot;valign&quot;:&quot;bottom&quot;,&quot;ignore&quot;:&quot;&quot;,&quot;reference&quot;:&quot;auto&quot;,&quot;class&quot;:&quot;&quot;,&quot;count&quot;:&quot;0&quot;,&quot;legendonly&quot;:&quot;&quot;,&quot;readonly&quot;:&quot;&quot;,&quot;score&quot;:&quot;0&quot;,&quot;starsonly&quot;:&quot;&quot;,&quot;best&quot;:&quot;5&quot;,&quot;gap&quot;:&quot;5&quot;,&quot;greet&quot;:&quot;Valora este post&quot;,&quot;legend&quot;:&quot;0\\\/5 - (0 votes)&quot;,&quot;size&quot;:&quot;22&quot;,&quot;title&quot;:&quot;An\u00e1lisis de ADN desvela los h\u00e1bitos familiares del enigm\u00e1tico pueblo Avar&quot;,&quot;width&quot;:&quot;0&quot;,&quot;_legend&quot;:&quot;{score}\\\/{best} - ({count} {votes})&quot;,&quot;font_factor&quot;:&quot;1.25&quot;}'>\n            \n<div class=\"kksr-stars\">\n    \n<div class=\"kksr-stars-inactive\">\n            <div class=\"kksr-star\" data-star=\"1\" style=\"padding-right: 5px\">\n            \n\n<div class=\"kksr-icon\" style=\"width: 22px; height: 22px;\"><\/div>\n        <\/div>\n            <div class=\"kksr-star\" data-star=\"2\" style=\"padding-right: 5px\">\n            \n\n<div class=\"kksr-icon\" style=\"width: 22px; height: 22px;\"><\/div>\n        <\/div>\n            <div class=\"kksr-star\" data-star=\"3\" style=\"padding-right: 5px\">\n            \n\n<div class=\"kksr-icon\" style=\"width: 22px; height: 22px;\"><\/div>\n        <\/div>\n            <div class=\"kksr-star\" data-star=\"4\" style=\"padding-right: 5px\">\n            \n\n<div class=\"kksr-icon\" style=\"width: 22px; height: 22px;\"><\/div>\n        <\/div>\n            <div class=\"kksr-star\" data-star=\"5\" style=\"padding-right: 5px\">\n            \n\n<div class=\"kksr-icon\" style=\"width: 22px; height: 22px;\"><\/div>\n        <\/div>\n    <\/div>\n    \n<div class=\"kksr-stars-active\" style=\"width: 0px;\">\n            <div class=\"kksr-star\" style=\"padding-right: 5px\">\n            \n\n<div class=\"kksr-icon\" style=\"width: 22px; height: 22px;\"><\/div>\n        <\/div>\n            <div class=\"kksr-star\" style=\"padding-right: 5px\">\n            \n\n<div class=\"kksr-icon\" style=\"width: 22px; height: 22px;\"><\/div>\n        <\/div>\n            <div class=\"kksr-star\" style=\"padding-right: 5px\">\n            \n\n<div class=\"kksr-icon\" style=\"width: 22px; height: 22px;\"><\/div>\n        <\/div>\n            <div class=\"kksr-star\" style=\"padding-right: 5px\">\n            \n\n<div class=\"kksr-icon\" style=\"width: 22px; height: 22px;\"><\/div>\n        <\/div>\n            <div class=\"kksr-star\" style=\"padding-right: 5px\">\n            \n\n<div class=\"kksr-icon\" style=\"width: 22px; height: 22px;\"><\/div>\n        <\/div>\n    <\/div>\n<\/div>\n                \n\n<div class=\"kksr-legend\" style=\"font-size: 17.6px;\">\n            <span class=\"kksr-muted\">Valora este post<\/span>\n    <\/div>\n    <\/div>\n","protected":false},"excerpt":{"rendered":"<p>El misterioso pueblo de los Avaros, que habit\u00f3 las estepas europeas hace siglos, ha fascinado a historiadores y arque\u00f3logos durante generaciones. Gracias a los avances recientes &#8230; <a title=\"An\u00e1lisis de ADN desvela los h\u00e1bitos familiares del enigm\u00e1tico pueblo Avar\" class=\"read-more\" href=\"https:\/\/www.diario21.tv\/noticias\/analisis-de-adn-desvela-los-habitos-familiares-del-enigmatico-pueblo-avar\/\" aria-label=\"Leer m\u00e1s sobre An\u00e1lisis de ADN desvela los h\u00e1bitos familiares del enigm\u00e1tico pueblo Avar\">Seguir leyendo &rarr;<\/a><\/p>\n","protected":false},"author":17,"featured_media":374,"comment_status":"open","ping_status":"open","sticky":false,"template":"","format":"standard","meta":{"footnotes":""},"categories":[12],"tags":[],"class_list":["post-373","post","type-post","status-publish","format-standard","has-post-thumbnail","hentry","category-tendencia"],"yoast_head":"<!-- This site is optimized with the Yoast SEO plugin v25.6 - https:\/\/yoast.com\/wordpress\/plugins\/seo\/ -->\n<title>An\u00e1lisis de ADN desvela los h\u00e1bitos familiares del enigm\u00e1tico pueblo Avar - Diario 21<\/title>\n<meta name=\"robots\" content=\"index, follow, max-snippet:-1, max-image-preview:large, max-video-preview:-1\" \/>\n<link rel=\"canonical\" href=\"https:\/\/www.diario21.tv\/noticias\/analisis-de-adn-desvela-los-habitos-familiares-del-enigmatico-pueblo-avar\/\" \/>\n<meta property=\"og:locale\" content=\"es_ES\" \/>\n<meta property=\"og:type\" content=\"article\" \/>\n<meta property=\"og:title\" content=\"An\u00e1lisis de ADN desvela los h\u00e1bitos familiares del enigm\u00e1tico pueblo Avar - Diario 21\" \/>\n<meta property=\"og:description\" content=\"El misterioso pueblo de los Avaros, que habit\u00f3 las estepas europeas hace siglos, ha fascinado a historiadores y arque\u00f3logos durante generaciones. Gracias a los avances recientes ... Seguir leyendo &rarr;\" \/>\n<meta property=\"og:url\" content=\"https:\/\/www.diario21.tv\/noticias\/analisis-de-adn-desvela-los-habitos-familiares-del-enigmatico-pueblo-avar\/\" \/>\n<meta property=\"og:site_name\" content=\"Diario 21\" \/>\n<meta property=\"article:published_time\" content=\"2024-09-12T11:00:30+00:00\" \/>\n<meta property=\"og:image\" content=\"https:\/\/www.diario21.tv\/noticias\/wp-content\/uploads\/2024\/09\/Analisis-de-ADN.jpg\" \/>\n\t<meta property=\"og:image:width\" content=\"1200\" \/>\n\t<meta property=\"og:image:height\" content=\"820\" \/>\n\t<meta property=\"og:image:type\" content=\"image\/jpeg\" \/>\n<meta name=\"author\" content=\"Diego Ram\u00edrez\" \/>\n<meta name=\"twitter:card\" content=\"summary_large_image\" \/>\n<meta name=\"twitter:label1\" content=\"Escrito por\" \/>\n\t<meta name=\"twitter:data1\" content=\"Diego Ram\u00edrez\" \/>\n\t<meta name=\"twitter:label2\" content=\"Tiempo de lectura\" \/>\n\t<meta name=\"twitter:data2\" content=\"3 minutos\" \/>\n<script type=\"application\/ld+json\" class=\"yoast-schema-graph\">{\"@context\":\"https:\/\/schema.org\",\"@graph\":[{\"@type\":\"WebPage\",\"@id\":\"https:\/\/www.diario21.tv\/noticias\/analisis-de-adn-desvela-los-habitos-familiares-del-enigmatico-pueblo-avar\/\",\"url\":\"https:\/\/www.diario21.tv\/noticias\/analisis-de-adn-desvela-los-habitos-familiares-del-enigmatico-pueblo-avar\/\",\"name\":\"An\u00e1lisis de ADN desvela los h\u00e1bitos familiares del enigm\u00e1tico pueblo Avar - Diario 21\",\"isPartOf\":{\"@id\":\"https:\/\/www.diario21.tv\/noticias\/#website\"},\"primaryImageOfPage\":{\"@id\":\"https:\/\/www.diario21.tv\/noticias\/analisis-de-adn-desvela-los-habitos-familiares-del-enigmatico-pueblo-avar\/#primaryimage\"},\"image\":{\"@id\":\"https:\/\/www.diario21.tv\/noticias\/analisis-de-adn-desvela-los-habitos-familiares-del-enigmatico-pueblo-avar\/#primaryimage\"},\"thumbnailUrl\":\"https:\/\/www.diario21.tv\/noticias\/wp-content\/uploads\/2024\/09\/Analisis-de-ADN.jpg\",\"datePublished\":\"2024-09-12T11:00:30+00:00\",\"author\":{\"@id\":\"https:\/\/www.diario21.tv\/noticias\/#\/schema\/person\/82784493c2386321eca1931994300a93\"},\"breadcrumb\":{\"@id\":\"https:\/\/www.diario21.tv\/noticias\/analisis-de-adn-desvela-los-habitos-familiares-del-enigmatico-pueblo-avar\/#breadcrumb\"},\"inLanguage\":\"es-AR\",\"potentialAction\":[{\"@type\":\"ReadAction\",\"target\":[\"https:\/\/www.diario21.tv\/noticias\/analisis-de-adn-desvela-los-habitos-familiares-del-enigmatico-pueblo-avar\/\"]}]},{\"@type\":\"ImageObject\",\"inLanguage\":\"es-AR\",\"@id\":\"https:\/\/www.diario21.tv\/noticias\/analisis-de-adn-desvela-los-habitos-familiares-del-enigmatico-pueblo-avar\/#primaryimage\",\"url\":\"https:\/\/www.diario21.tv\/noticias\/wp-content\/uploads\/2024\/09\/Analisis-de-ADN.jpg\",\"contentUrl\":\"https:\/\/www.diario21.tv\/noticias\/wp-content\/uploads\/2024\/09\/Analisis-de-ADN.jpg\",\"width\":1200,\"height\":820,\"caption\":\"An\u00e1lisis de ADN desvela los h\u00e1bitos familiares del enigm\u00e1tico pueblo Avar\"},{\"@type\":\"BreadcrumbList\",\"@id\":\"https:\/\/www.diario21.tv\/noticias\/analisis-de-adn-desvela-los-habitos-familiares-del-enigmatico-pueblo-avar\/#breadcrumb\",\"itemListElement\":[{\"@type\":\"ListItem\",\"position\":1,\"name\":\"Accueil\",\"item\":\"https:\/\/www.diario21.tv\/noticias\/\"},{\"@type\":\"ListItem\",\"position\":2,\"name\":\"An\u00e1lisis de ADN desvela los h\u00e1bitos familiares del enigm\u00e1tico pueblo Avar\"}]},{\"@type\":\"WebSite\",\"@id\":\"https:\/\/www.diario21.tv\/noticias\/#website\",\"url\":\"https:\/\/www.diario21.tv\/noticias\/\",\"name\":\"Diario 21\",\"description\":\"\",\"potentialAction\":[{\"@type\":\"SearchAction\",\"target\":{\"@type\":\"EntryPoint\",\"urlTemplate\":\"https:\/\/www.diario21.tv\/noticias\/?s={search_term_string}\"},\"query-input\":{\"@type\":\"PropertyValueSpecification\",\"valueRequired\":true,\"valueName\":\"search_term_string\"}}],\"inLanguage\":\"es-AR\"},{\"@type\":\"Person\",\"@id\":\"https:\/\/www.diario21.tv\/noticias\/#\/schema\/person\/82784493c2386321eca1931994300a93\",\"name\":\"Diego Ram\u00edrez\",\"image\":{\"@type\":\"ImageObject\",\"inLanguage\":\"es-AR\",\"@id\":\"https:\/\/www.diario21.tv\/noticias\/#\/schema\/person\/image\/\",\"url\":\"https:\/\/secure.gravatar.com\/avatar\/19f9d4b705c0e181063e13bbda16fe42?s=96&d=mm&r=g\",\"contentUrl\":\"https:\/\/secure.gravatar.com\/avatar\/19f9d4b705c0e181063e13bbda16fe42?s=96&d=mm&r=g\",\"caption\":\"Diego Ram\u00edrez\"},\"description\":\"Diego Ram\u00edrez es el encargado de la secci\u00f3n de deportes en Diario 21. Con una amplia experiencia cubriendo eventos deportivos nacionales e internacionales, Diego ofrece una mirada apasionada y detallada del mundo deportivo.\",\"url\":\"https:\/\/www.diario21.tv\/noticias\/author\/contacthotwine-net\/\"}]}<\/script>\n<!-- \/ Yoast SEO plugin. -->","yoast_head_json":{"title":"An\u00e1lisis de ADN desvela los h\u00e1bitos familiares del enigm\u00e1tico pueblo Avar - Diario 21","robots":{"index":"index","follow":"follow","max-snippet":"max-snippet:-1","max-image-preview":"max-image-preview:large","max-video-preview":"max-video-preview:-1"},"canonical":"https:\/\/www.diario21.tv\/noticias\/analisis-de-adn-desvela-los-habitos-familiares-del-enigmatico-pueblo-avar\/","og_locale":"es_ES","og_type":"article","og_title":"An\u00e1lisis de ADN desvela los h\u00e1bitos familiares del enigm\u00e1tico pueblo Avar - Diario 21","og_description":"El misterioso pueblo de los Avaros, que habit\u00f3 las estepas europeas hace siglos, ha fascinado a historiadores y arque\u00f3logos durante generaciones. Gracias a los avances recientes ... Seguir leyendo &rarr;","og_url":"https:\/\/www.diario21.tv\/noticias\/analisis-de-adn-desvela-los-habitos-familiares-del-enigmatico-pueblo-avar\/","og_site_name":"Diario 21","article_published_time":"2024-09-12T11:00:30+00:00","og_image":[{"width":1200,"height":820,"url":"https:\/\/www.diario21.tv\/noticias\/wp-content\/uploads\/2024\/09\/Analisis-de-ADN.jpg","type":"image\/jpeg"}],"author":"Diego Ram\u00edrez","twitter_card":"summary_large_image","twitter_misc":{"Escrito por":"Diego Ram\u00edrez","Tiempo de lectura":"3 minutos"},"schema":{"@context":"https:\/\/schema.org","@graph":[{"@type":"WebPage","@id":"https:\/\/www.diario21.tv\/noticias\/analisis-de-adn-desvela-los-habitos-familiares-del-enigmatico-pueblo-avar\/","url":"https:\/\/www.diario21.tv\/noticias\/analisis-de-adn-desvela-los-habitos-familiares-del-enigmatico-pueblo-avar\/","name":"An\u00e1lisis de ADN desvela los h\u00e1bitos familiares del enigm\u00e1tico pueblo Avar - Diario 21","isPartOf":{"@id":"https:\/\/www.diario21.tv\/noticias\/#website"},"primaryImageOfPage":{"@id":"https:\/\/www.diario21.tv\/noticias\/analisis-de-adn-desvela-los-habitos-familiares-del-enigmatico-pueblo-avar\/#primaryimage"},"image":{"@id":"https:\/\/www.diario21.tv\/noticias\/analisis-de-adn-desvela-los-habitos-familiares-del-enigmatico-pueblo-avar\/#primaryimage"},"thumbnailUrl":"https:\/\/www.diario21.tv\/noticias\/wp-content\/uploads\/2024\/09\/Analisis-de-ADN.jpg","datePublished":"2024-09-12T11:00:30+00:00","author":{"@id":"https:\/\/www.diario21.tv\/noticias\/#\/schema\/person\/82784493c2386321eca1931994300a93"},"breadcrumb":{"@id":"https:\/\/www.diario21.tv\/noticias\/analisis-de-adn-desvela-los-habitos-familiares-del-enigmatico-pueblo-avar\/#breadcrumb"},"inLanguage":"es-AR","potentialAction":[{"@type":"ReadAction","target":["https:\/\/www.diario21.tv\/noticias\/analisis-de-adn-desvela-los-habitos-familiares-del-enigmatico-pueblo-avar\/"]}]},{"@type":"ImageObject","inLanguage":"es-AR","@id":"https:\/\/www.diario21.tv\/noticias\/analisis-de-adn-desvela-los-habitos-familiares-del-enigmatico-pueblo-avar\/#primaryimage","url":"https:\/\/www.diario21.tv\/noticias\/wp-content\/uploads\/2024\/09\/Analisis-de-ADN.jpg","contentUrl":"https:\/\/www.diario21.tv\/noticias\/wp-content\/uploads\/2024\/09\/Analisis-de-ADN.jpg","width":1200,"height":820,"caption":"An\u00e1lisis de ADN desvela los h\u00e1bitos familiares del enigm\u00e1tico pueblo Avar"},{"@type":"BreadcrumbList","@id":"https:\/\/www.diario21.tv\/noticias\/analisis-de-adn-desvela-los-habitos-familiares-del-enigmatico-pueblo-avar\/#breadcrumb","itemListElement":[{"@type":"ListItem","position":1,"name":"Accueil","item":"https:\/\/www.diario21.tv\/noticias\/"},{"@type":"ListItem","position":2,"name":"An\u00e1lisis de ADN desvela los h\u00e1bitos familiares del enigm\u00e1tico pueblo Avar"}]},{"@type":"WebSite","@id":"https:\/\/www.diario21.tv\/noticias\/#website","url":"https:\/\/www.diario21.tv\/noticias\/","name":"Diario 21","description":"","potentialAction":[{"@type":"SearchAction","target":{"@type":"EntryPoint","urlTemplate":"https:\/\/www.diario21.tv\/noticias\/?s={search_term_string}"},"query-input":{"@type":"PropertyValueSpecification","valueRequired":true,"valueName":"search_term_string"}}],"inLanguage":"es-AR"},{"@type":"Person","@id":"https:\/\/www.diario21.tv\/noticias\/#\/schema\/person\/82784493c2386321eca1931994300a93","name":"Diego Ram\u00edrez","image":{"@type":"ImageObject","inLanguage":"es-AR","@id":"https:\/\/www.diario21.tv\/noticias\/#\/schema\/person\/image\/","url":"https:\/\/secure.gravatar.com\/avatar\/19f9d4b705c0e181063e13bbda16fe42?s=96&d=mm&r=g","contentUrl":"https:\/\/secure.gravatar.com\/avatar\/19f9d4b705c0e181063e13bbda16fe42?s=96&d=mm&r=g","caption":"Diego Ram\u00edrez"},"description":"Diego Ram\u00edrez es el encargado de la secci\u00f3n de deportes en Diario 21. Con una amplia experiencia cubriendo eventos deportivos nacionales e internacionales, Diego ofrece una mirada apasionada y detallada del mundo deportivo.","url":"https:\/\/www.diario21.tv\/noticias\/author\/contacthotwine-net\/"}]}},"_links":{"self":[{"href":"https:\/\/www.diario21.tv\/noticias\/wp-json\/wp\/v2\/posts\/373"}],"collection":[{"href":"https:\/\/www.diario21.tv\/noticias\/wp-json\/wp\/v2\/posts"}],"about":[{"href":"https:\/\/www.diario21.tv\/noticias\/wp-json\/wp\/v2\/types\/post"}],"author":[{"embeddable":true,"href":"https:\/\/www.diario21.tv\/noticias\/wp-json\/wp\/v2\/users\/17"}],"replies":[{"embeddable":true,"href":"https:\/\/www.diario21.tv\/noticias\/wp-json\/wp\/v2\/comments?post=373"}],"version-history":[{"count":1,"href":"https:\/\/www.diario21.tv\/noticias\/wp-json\/wp\/v2\/posts\/373\/revisions"}],"predecessor-version":[{"id":375,"href":"https:\/\/www.diario21.tv\/noticias\/wp-json\/wp\/v2\/posts\/373\/revisions\/375"}],"wp:featuredmedia":[{"embeddable":true,"href":"https:\/\/www.diario21.tv\/noticias\/wp-json\/wp\/v2\/media\/374"}],"wp:attachment":[{"href":"https:\/\/www.diario21.tv\/noticias\/wp-json\/wp\/v2\/media?parent=373"}],"wp:term":[{"taxonomy":"category","embeddable":true,"href":"https:\/\/www.diario21.tv\/noticias\/wp-json\/wp\/v2\/categories?post=373"},{"taxonomy":"post_tag","embeddable":true,"href":"https:\/\/www.diario21.tv\/noticias\/wp-json\/wp\/v2\/tags?post=373"}],"curies":[{"name":"wp","href":"https:\/\/api.w.org\/{rel}","templated":true}]}}