{"id":3709,"date":"2025-07-05T09:17:50","date_gmt":"2025-07-05T09:17:50","guid":{"rendered":"https:\/\/www.diario21.tv\/noticias\/urgente-suspenden-trenes-madrid-andalucia-pasajeros-atrapados-toda-la-noche\/"},"modified":"2025-07-05T09:17:51","modified_gmt":"2025-07-05T09:17:51","slug":"urgente-suspenden-trenes-madrid-andalucia-pasajeros-atrapados-toda-la-noche","status":"publish","type":"post","link":"https:\/\/www.diario21.tv\/noticias\/urgente-suspenden-trenes-madrid-andalucia-pasajeros-atrapados-toda-la-noche\/","title":{"rendered":"\u00a1Urgente! Suspenden trenes Madrid-Andaluc\u00eda, \u00a1pasajeros atrapados toda la noche!"},"content":{"rendered":"<p><strong>Suspendido el Servicio Ferroviario entre Madrid y Andaluc\u00eda con Viajeros Retenidos desde la Noche Anterior<\/strong><\/p>\n<p>La interrupci\u00f3n del tr\u00e1fico de trenes entre Madrid y Andaluc\u00eda ha dejado a numerosos pasajeros varados desde la noche anterior. Este incidente ha generado una considerable perturbaci\u00f3n en una de las rutas m\u00e1s transitadas de Espa\u00f1a.<\/p>\n<h2>Causas de la Interrupci\u00f3n<\/h2>\n<p>\nLa suspensi\u00f3n del servicio se debe a m\u00faltiples factores t\u00e9cnicos que afectaron la infraestructura ferroviaria. Las autoridades correspondientes est\u00e1n investigando la ra\u00edz del problema para implementar las soluciones necesarias y prevenir futuras incidencias.<\/p>\n<h2>Impacto en los Pasajeros<\/h2>\n<p>\nLos viajeros afectados por este par\u00f3n se han visto obligados a buscar alternativas para llegar a sus destinos. Algunos han optado por transportes alternativos como autobuses y coches compartidos, mientras otros esperan en las estaciones a que se resuelva la situaci\u00f3n.<\/p>\n<h2>Respuesta de las Autoridades<\/h2>\n<p>\nLas autoridades ferroviarias han emitido comunicados pidiendo paciencia a los pasajeros y asegurando que se est\u00e1 trabajando arduamente para resolver el problema lo antes posible. Se ha establecido un protocolo de atenci\u00f3n para asistir a los afectados, proporcionando informaci\u00f3n actualizada y asistencia directa a los que se encuentran en las estaciones.<\/p>\n<h2>Medidas a Largo Plazo<\/h2>\n<p>\nPara evitar futuras interrupciones, se est\u00e1n revisando y mejorando los sistemas de mantenimiento de las v\u00edas ferroviarias. Este plan de acci\u00f3n busca no solo reparar el da\u00f1o actual sino tambi\u00e9n fortalecer la infraestructura para soportar mejor las exigencias del servicio ferroviario.<\/p>\n<p>Este incidente subraya la importancia de mantener y actualizar constantemente los sistemas de transporte p\u00fablico para garantizar la seguridad y eficiencia en el servicio. Las autoridades contin\u00faan trabajando para restablecer la circulaci\u00f3n normal de trenes entre Madrid y Andaluc\u00eda y minimizar las molestias para los pasajeros.<\/p>\n\n\n<div class=\"kk-star-ratings kksr-auto kksr-align-left kksr-valign-bottom\"\n    data-payload='{&quot;align&quot;:&quot;left&quot;,&quot;id&quot;:&quot;3709&quot;,&quot;slug&quot;:&quot;default&quot;,&quot;valign&quot;:&quot;bottom&quot;,&quot;ignore&quot;:&quot;&quot;,&quot;reference&quot;:&quot;auto&quot;,&quot;class&quot;:&quot;&quot;,&quot;count&quot;:&quot;0&quot;,&quot;legendonly&quot;:&quot;&quot;,&quot;readonly&quot;:&quot;&quot;,&quot;score&quot;:&quot;0&quot;,&quot;starsonly&quot;:&quot;&quot;,&quot;best&quot;:&quot;5&quot;,&quot;gap&quot;:&quot;5&quot;,&quot;greet&quot;:&quot;Valora este post&quot;,&quot;legend&quot;:&quot;0\\\/5 - (0 votes)&quot;,&quot;size&quot;:&quot;22&quot;,&quot;title&quot;:&quot;\u00a1Urgente! Suspenden trenes Madrid-Andaluc\u00eda, \u00a1pasajeros atrapados toda la noche!&quot;,&quot;width&quot;:&quot;0&quot;,&quot;_legend&quot;:&quot;{score}\\\/{best} - ({count} {votes})&quot;,&quot;font_factor&quot;:&quot;1.25&quot;}'>\n            \n<div class=\"kksr-stars\">\n    \n<div class=\"kksr-stars-inactive\">\n            <div class=\"kksr-star\" data-star=\"1\" style=\"padding-right: 5px\">\n            \n\n<div class=\"kksr-icon\" style=\"width: 22px; height: 22px;\"><\/div>\n        <\/div>\n            <div class=\"kksr-star\" data-star=\"2\" style=\"padding-right: 5px\">\n            \n\n<div class=\"kksr-icon\" style=\"width: 22px; height: 22px;\"><\/div>\n        <\/div>\n            <div class=\"kksr-star\" data-star=\"3\" style=\"padding-right: 5px\">\n            \n\n<div class=\"kksr-icon\" style=\"width: 22px; height: 22px;\"><\/div>\n        <\/div>\n            <div class=\"kksr-star\" data-star=\"4\" style=\"padding-right: 5px\">\n            \n\n<div class=\"kksr-icon\" style=\"width: 22px; height: 22px;\"><\/div>\n        <\/div>\n            <div class=\"kksr-star\" data-star=\"5\" style=\"padding-right: 5px\">\n            \n\n<div class=\"kksr-icon\" style=\"width: 22px; height: 22px;\"><\/div>\n        <\/div>\n    <\/div>\n    \n<div class=\"kksr-stars-active\" style=\"width: 0px;\">\n            <div class=\"kksr-star\" style=\"padding-right: 5px\">\n            \n\n<div class=\"kksr-icon\" style=\"width: 22px; height: 22px;\"><\/div>\n        <\/div>\n            <div class=\"kksr-star\" style=\"padding-right: 5px\">\n            \n\n<div class=\"kksr-icon\" style=\"width: 22px; height: 22px;\"><\/div>\n        <\/div>\n            <div class=\"kksr-star\" style=\"padding-right: 5px\">\n            \n\n<div class=\"kksr-icon\" style=\"width: 22px; height: 22px;\"><\/div>\n        <\/div>\n            <div class=\"kksr-star\" style=\"padding-right: 5px\">\n            \n\n<div class=\"kksr-icon\" style=\"width: 22px; height: 22px;\"><\/div>\n        <\/div>\n            <div class=\"kksr-star\" style=\"padding-right: 5px\">\n            \n\n<div class=\"kksr-icon\" style=\"width: 22px; height: 22px;\"><\/div>\n        <\/div>\n    <\/div>\n<\/div>\n                \n\n<div class=\"kksr-legend\" style=\"font-size: 17.6px;\">\n            <span class=\"kksr-muted\">Valora este post<\/span>\n    <\/div>\n    <\/div>\n","protected":false},"excerpt":{"rendered":"<p>Suspendido el Servicio Ferroviario entre Madrid y Andaluc\u00eda con Viajeros Retenidos desde la Noche Anterior La interrupci\u00f3n del tr\u00e1fico de trenes entre Madrid y Andaluc\u00eda ha &#8230; <a title=\"\u00a1Urgente! Suspenden trenes Madrid-Andaluc\u00eda, \u00a1pasajeros atrapados toda la noche!\" class=\"read-more\" href=\"https:\/\/www.diario21.tv\/noticias\/urgente-suspenden-trenes-madrid-andalucia-pasajeros-atrapados-toda-la-noche\/\" aria-label=\"Leer m\u00e1s sobre \u00a1Urgente! Suspenden trenes Madrid-Andaluc\u00eda, \u00a1pasajeros atrapados toda la noche!\">Seguir leyendo &rarr;<\/a><\/p>\n","protected":false},"author":20,"featured_media":3710,"comment_status":"open","ping_status":"open","sticky":false,"template":"","format":"standard","meta":{"footnotes":""},"categories":[13],"tags":[],"class_list":["post-3709","post","type-post","status-publish","format-standard","has-post-thumbnail","hentry","category-portada"],"yoast_head":"<!-- This site is optimized with the Yoast SEO plugin v25.6 - https:\/\/yoast.com\/wordpress\/plugins\/seo\/ -->\n<title>\u00a1Urgente! Suspenden trenes Madrid-Andaluc\u00eda, \u00a1pasajeros atrapados toda la noche! - Diario 21<\/title>\n<meta name=\"robots\" content=\"index, follow, max-snippet:-1, max-image-preview:large, max-video-preview:-1\" \/>\n<link rel=\"canonical\" href=\"https:\/\/www.diario21.tv\/noticias\/urgente-suspenden-trenes-madrid-andalucia-pasajeros-atrapados-toda-la-noche\/\" \/>\n<meta property=\"og:locale\" content=\"es_ES\" \/>\n<meta property=\"og:type\" content=\"article\" \/>\n<meta property=\"og:title\" content=\"\u00a1Urgente! Suspenden trenes Madrid-Andaluc\u00eda, \u00a1pasajeros atrapados toda la noche! - Diario 21\" \/>\n<meta property=\"og:description\" content=\"Suspendido el Servicio Ferroviario entre Madrid y Andaluc\u00eda con Viajeros Retenidos desde la Noche Anterior La interrupci\u00f3n del tr\u00e1fico de trenes entre Madrid y Andaluc\u00eda ha ... Seguir leyendo &rarr;\" \/>\n<meta property=\"og:url\" content=\"https:\/\/www.diario21.tv\/noticias\/urgente-suspenden-trenes-madrid-andalucia-pasajeros-atrapados-toda-la-noche\/\" \/>\n<meta property=\"og:site_name\" content=\"Diario 21\" \/>\n<meta property=\"article:published_time\" content=\"2025-07-05T09:17:50+00:00\" \/>\n<meta property=\"article:modified_time\" content=\"2025-07-05T09:17:51+00:00\" \/>\n<meta property=\"og:image\" content=\"https:\/\/www.diario21.tv\/noticias\/wp-content\/uploads\/2025\/07\/\u00a1Urgente-Suspenden-trenes-Madrid-Andalucia-\u00a1pasajeros-atrapados-toda-la-noche.jpg\" \/>\n\t<meta property=\"og:image:width\" content=\"1200\" \/>\n\t<meta property=\"og:image:height\" content=\"840\" \/>\n\t<meta property=\"og:image:type\" content=\"image\/jpeg\" \/>\n<meta name=\"author\" content=\"Juan P\u00e9rez\" \/>\n<meta name=\"twitter:card\" content=\"summary_large_image\" \/>\n<meta name=\"twitter:label1\" content=\"Escrito por\" \/>\n\t<meta name=\"twitter:data1\" content=\"Juan P\u00e9rez\" \/>\n\t<meta name=\"twitter:label2\" content=\"Tiempo de lectura\" \/>\n\t<meta name=\"twitter:data2\" content=\"2 minutos\" \/>\n<script type=\"application\/ld+json\" class=\"yoast-schema-graph\">{\"@context\":\"https:\/\/schema.org\",\"@graph\":[{\"@type\":\"WebPage\",\"@id\":\"https:\/\/www.diario21.tv\/noticias\/urgente-suspenden-trenes-madrid-andalucia-pasajeros-atrapados-toda-la-noche\/\",\"url\":\"https:\/\/www.diario21.tv\/noticias\/urgente-suspenden-trenes-madrid-andalucia-pasajeros-atrapados-toda-la-noche\/\",\"name\":\"\u00a1Urgente! Suspenden trenes Madrid-Andaluc\u00eda, \u00a1pasajeros atrapados toda la noche! - Diario 21\",\"isPartOf\":{\"@id\":\"https:\/\/www.diario21.tv\/noticias\/#website\"},\"primaryImageOfPage\":{\"@id\":\"https:\/\/www.diario21.tv\/noticias\/urgente-suspenden-trenes-madrid-andalucia-pasajeros-atrapados-toda-la-noche\/#primaryimage\"},\"image\":{\"@id\":\"https:\/\/www.diario21.tv\/noticias\/urgente-suspenden-trenes-madrid-andalucia-pasajeros-atrapados-toda-la-noche\/#primaryimage\"},\"thumbnailUrl\":\"https:\/\/www.diario21.tv\/noticias\/wp-content\/uploads\/2025\/07\/\u00a1Urgente-Suspenden-trenes-Madrid-Andalucia-\u00a1pasajeros-atrapados-toda-la-noche.jpg\",\"datePublished\":\"2025-07-05T09:17:50+00:00\",\"dateModified\":\"2025-07-05T09:17:51+00:00\",\"author\":{\"@id\":\"https:\/\/www.diario21.tv\/noticias\/#\/schema\/person\/dfb778f73814d8f09f302618446a526b\"},\"breadcrumb\":{\"@id\":\"https:\/\/www.diario21.tv\/noticias\/urgente-suspenden-trenes-madrid-andalucia-pasajeros-atrapados-toda-la-noche\/#breadcrumb\"},\"inLanguage\":\"es-AR\",\"potentialAction\":[{\"@type\":\"ReadAction\",\"target\":[\"https:\/\/www.diario21.tv\/noticias\/urgente-suspenden-trenes-madrid-andalucia-pasajeros-atrapados-toda-la-noche\/\"]}]},{\"@type\":\"ImageObject\",\"inLanguage\":\"es-AR\",\"@id\":\"https:\/\/www.diario21.tv\/noticias\/urgente-suspenden-trenes-madrid-andalucia-pasajeros-atrapados-toda-la-noche\/#primaryimage\",\"url\":\"https:\/\/www.diario21.tv\/noticias\/wp-content\/uploads\/2025\/07\/\u00a1Urgente-Suspenden-trenes-Madrid-Andalucia-\u00a1pasajeros-atrapados-toda-la-noche.jpg\",\"contentUrl\":\"https:\/\/www.diario21.tv\/noticias\/wp-content\/uploads\/2025\/07\/\u00a1Urgente-Suspenden-trenes-Madrid-Andalucia-\u00a1pasajeros-atrapados-toda-la-noche.jpg\",\"width\":1200,\"height\":840,\"caption\":\"Restablecida la circulaci\u00f3n de trenes entre Madrid y Andaluc\u00eda tras desalojar a los pasajeros atrapados desde anoche\"},{\"@type\":\"BreadcrumbList\",\"@id\":\"https:\/\/www.diario21.tv\/noticias\/urgente-suspenden-trenes-madrid-andalucia-pasajeros-atrapados-toda-la-noche\/#breadcrumb\",\"itemListElement\":[{\"@type\":\"ListItem\",\"position\":1,\"name\":\"Accueil\",\"item\":\"https:\/\/www.diario21.tv\/noticias\/\"},{\"@type\":\"ListItem\",\"position\":2,\"name\":\"\u00a1Urgente! Suspenden trenes Madrid-Andaluc\u00eda, \u00a1pasajeros atrapados toda la noche!\"}]},{\"@type\":\"WebSite\",\"@id\":\"https:\/\/www.diario21.tv\/noticias\/#website\",\"url\":\"https:\/\/www.diario21.tv\/noticias\/\",\"name\":\"Diario 21\",\"description\":\"\",\"potentialAction\":[{\"@type\":\"SearchAction\",\"target\":{\"@type\":\"EntryPoint\",\"urlTemplate\":\"https:\/\/www.diario21.tv\/noticias\/?s={search_term_string}\"},\"query-input\":{\"@type\":\"PropertyValueSpecification\",\"valueRequired\":true,\"valueName\":\"search_term_string\"}}],\"inLanguage\":\"es-AR\"},{\"@type\":\"Person\",\"@id\":\"https:\/\/www.diario21.tv\/noticias\/#\/schema\/person\/dfb778f73814d8f09f302618446a526b\",\"name\":\"Juan P\u00e9rez\",\"image\":{\"@type\":\"ImageObject\",\"inLanguage\":\"es-AR\",\"@id\":\"https:\/\/www.diario21.tv\/noticias\/#\/schema\/person\/image\/\",\"url\":\"https:\/\/secure.gravatar.com\/avatar\/c478a405bd10621167f4c3167cc770f5?s=96&d=mm&r=g\",\"contentUrl\":\"https:\/\/secure.gravatar.com\/avatar\/c478a405bd10621167f4c3167cc770f5?s=96&d=mm&r=g\",\"caption\":\"Juan P\u00e9rez\"},\"description\":\"Juan P\u00e9rez es el redactor en jefe de Diario 21. Con m\u00e1s de 10 a\u00f1os de experiencia en el periodismo, se especializa en pol\u00edtica nacional y an\u00e1lisis socioecon\u00f3mico. Su enfoque cr\u00edtico y riguroso aporta una perspectiva \u00fanica a cada art\u00edculo.\",\"sameAs\":[\"https:\/\/www.diario21.tv\/noticias\/\"],\"url\":\"https:\/\/www.diario21.tv\/noticias\/author\/juan-perez\/\"}]}<\/script>\n<!-- \/ Yoast SEO plugin. -->","yoast_head_json":{"title":"\u00a1Urgente! Suspenden trenes Madrid-Andaluc\u00eda, \u00a1pasajeros atrapados toda la noche! - Diario 21","robots":{"index":"index","follow":"follow","max-snippet":"max-snippet:-1","max-image-preview":"max-image-preview:large","max-video-preview":"max-video-preview:-1"},"canonical":"https:\/\/www.diario21.tv\/noticias\/urgente-suspenden-trenes-madrid-andalucia-pasajeros-atrapados-toda-la-noche\/","og_locale":"es_ES","og_type":"article","og_title":"\u00a1Urgente! Suspenden trenes Madrid-Andaluc\u00eda, \u00a1pasajeros atrapados toda la noche! - Diario 21","og_description":"Suspendido el Servicio Ferroviario entre Madrid y Andaluc\u00eda con Viajeros Retenidos desde la Noche Anterior La interrupci\u00f3n del tr\u00e1fico de trenes entre Madrid y Andaluc\u00eda ha ... Seguir leyendo &rarr;","og_url":"https:\/\/www.diario21.tv\/noticias\/urgente-suspenden-trenes-madrid-andalucia-pasajeros-atrapados-toda-la-noche\/","og_site_name":"Diario 21","article_published_time":"2025-07-05T09:17:50+00:00","article_modified_time":"2025-07-05T09:17:51+00:00","og_image":[{"width":1200,"height":840,"url":"https:\/\/www.diario21.tv\/noticias\/wp-content\/uploads\/2025\/07\/\u00a1Urgente-Suspenden-trenes-Madrid-Andalucia-\u00a1pasajeros-atrapados-toda-la-noche.jpg","type":"image\/jpeg"}],"author":"Juan P\u00e9rez","twitter_card":"summary_large_image","twitter_misc":{"Escrito por":"Juan P\u00e9rez","Tiempo de lectura":"2 minutos"},"schema":{"@context":"https:\/\/schema.org","@graph":[{"@type":"WebPage","@id":"https:\/\/www.diario21.tv\/noticias\/urgente-suspenden-trenes-madrid-andalucia-pasajeros-atrapados-toda-la-noche\/","url":"https:\/\/www.diario21.tv\/noticias\/urgente-suspenden-trenes-madrid-andalucia-pasajeros-atrapados-toda-la-noche\/","name":"\u00a1Urgente! Suspenden trenes Madrid-Andaluc\u00eda, \u00a1pasajeros atrapados toda la noche! - Diario 21","isPartOf":{"@id":"https:\/\/www.diario21.tv\/noticias\/#website"},"primaryImageOfPage":{"@id":"https:\/\/www.diario21.tv\/noticias\/urgente-suspenden-trenes-madrid-andalucia-pasajeros-atrapados-toda-la-noche\/#primaryimage"},"image":{"@id":"https:\/\/www.diario21.tv\/noticias\/urgente-suspenden-trenes-madrid-andalucia-pasajeros-atrapados-toda-la-noche\/#primaryimage"},"thumbnailUrl":"https:\/\/www.diario21.tv\/noticias\/wp-content\/uploads\/2025\/07\/\u00a1Urgente-Suspenden-trenes-Madrid-Andalucia-\u00a1pasajeros-atrapados-toda-la-noche.jpg","datePublished":"2025-07-05T09:17:50+00:00","dateModified":"2025-07-05T09:17:51+00:00","author":{"@id":"https:\/\/www.diario21.tv\/noticias\/#\/schema\/person\/dfb778f73814d8f09f302618446a526b"},"breadcrumb":{"@id":"https:\/\/www.diario21.tv\/noticias\/urgente-suspenden-trenes-madrid-andalucia-pasajeros-atrapados-toda-la-noche\/#breadcrumb"},"inLanguage":"es-AR","potentialAction":[{"@type":"ReadAction","target":["https:\/\/www.diario21.tv\/noticias\/urgente-suspenden-trenes-madrid-andalucia-pasajeros-atrapados-toda-la-noche\/"]}]},{"@type":"ImageObject","inLanguage":"es-AR","@id":"https:\/\/www.diario21.tv\/noticias\/urgente-suspenden-trenes-madrid-andalucia-pasajeros-atrapados-toda-la-noche\/#primaryimage","url":"https:\/\/www.diario21.tv\/noticias\/wp-content\/uploads\/2025\/07\/\u00a1Urgente-Suspenden-trenes-Madrid-Andalucia-\u00a1pasajeros-atrapados-toda-la-noche.jpg","contentUrl":"https:\/\/www.diario21.tv\/noticias\/wp-content\/uploads\/2025\/07\/\u00a1Urgente-Suspenden-trenes-Madrid-Andalucia-\u00a1pasajeros-atrapados-toda-la-noche.jpg","width":1200,"height":840,"caption":"Restablecida la circulaci\u00f3n de trenes entre Madrid y Andaluc\u00eda tras desalojar a los pasajeros atrapados desde anoche"},{"@type":"BreadcrumbList","@id":"https:\/\/www.diario21.tv\/noticias\/urgente-suspenden-trenes-madrid-andalucia-pasajeros-atrapados-toda-la-noche\/#breadcrumb","itemListElement":[{"@type":"ListItem","position":1,"name":"Accueil","item":"https:\/\/www.diario21.tv\/noticias\/"},{"@type":"ListItem","position":2,"name":"\u00a1Urgente! Suspenden trenes Madrid-Andaluc\u00eda, \u00a1pasajeros atrapados toda la noche!"}]},{"@type":"WebSite","@id":"https:\/\/www.diario21.tv\/noticias\/#website","url":"https:\/\/www.diario21.tv\/noticias\/","name":"Diario 21","description":"","potentialAction":[{"@type":"SearchAction","target":{"@type":"EntryPoint","urlTemplate":"https:\/\/www.diario21.tv\/noticias\/?s={search_term_string}"},"query-input":{"@type":"PropertyValueSpecification","valueRequired":true,"valueName":"search_term_string"}}],"inLanguage":"es-AR"},{"@type":"Person","@id":"https:\/\/www.diario21.tv\/noticias\/#\/schema\/person\/dfb778f73814d8f09f302618446a526b","name":"Juan P\u00e9rez","image":{"@type":"ImageObject","inLanguage":"es-AR","@id":"https:\/\/www.diario21.tv\/noticias\/#\/schema\/person\/image\/","url":"https:\/\/secure.gravatar.com\/avatar\/c478a405bd10621167f4c3167cc770f5?s=96&d=mm&r=g","contentUrl":"https:\/\/secure.gravatar.com\/avatar\/c478a405bd10621167f4c3167cc770f5?s=96&d=mm&r=g","caption":"Juan P\u00e9rez"},"description":"Juan P\u00e9rez es el redactor en jefe de Diario 21. Con m\u00e1s de 10 a\u00f1os de experiencia en el periodismo, se especializa en pol\u00edtica nacional y an\u00e1lisis socioecon\u00f3mico. Su enfoque cr\u00edtico y riguroso aporta una perspectiva \u00fanica a cada art\u00edculo.","sameAs":["https:\/\/www.diario21.tv\/noticias\/"],"url":"https:\/\/www.diario21.tv\/noticias\/author\/juan-perez\/"}]}},"_links":{"self":[{"href":"https:\/\/www.diario21.tv\/noticias\/wp-json\/wp\/v2\/posts\/3709"}],"collection":[{"href":"https:\/\/www.diario21.tv\/noticias\/wp-json\/wp\/v2\/posts"}],"about":[{"href":"https:\/\/www.diario21.tv\/noticias\/wp-json\/wp\/v2\/types\/post"}],"author":[{"embeddable":true,"href":"https:\/\/www.diario21.tv\/noticias\/wp-json\/wp\/v2\/users\/20"}],"replies":[{"embeddable":true,"href":"https:\/\/www.diario21.tv\/noticias\/wp-json\/wp\/v2\/comments?post=3709"}],"version-history":[{"count":1,"href":"https:\/\/www.diario21.tv\/noticias\/wp-json\/wp\/v2\/posts\/3709\/revisions"}],"predecessor-version":[{"id":3711,"href":"https:\/\/www.diario21.tv\/noticias\/wp-json\/wp\/v2\/posts\/3709\/revisions\/3711"}],"wp:featuredmedia":[{"embeddable":true,"href":"https:\/\/www.diario21.tv\/noticias\/wp-json\/wp\/v2\/media\/3710"}],"wp:attachment":[{"href":"https:\/\/www.diario21.tv\/noticias\/wp-json\/wp\/v2\/media?parent=3709"}],"wp:term":[{"taxonomy":"category","embeddable":true,"href":"https:\/\/www.diario21.tv\/noticias\/wp-json\/wp\/v2\/categories?post=3709"},{"taxonomy":"post_tag","embeddable":true,"href":"https:\/\/www.diario21.tv\/noticias\/wp-json\/wp\/v2\/tags?post=3709"}],"curies":[{"name":"wp","href":"https:\/\/api.w.org\/{rel}","templated":true}]}}