{"id":3706,"date":"2025-07-05T03:15:09","date_gmt":"2025-07-05T03:15:09","guid":{"rendered":"https:\/\/www.diario21.tv\/noticias\/atencion-cambios-definitivos-en-el-alquiler-turistico-desde-el-1-de-julio-descubre-que-hacer\/"},"modified":"2025-07-05T03:15:09","modified_gmt":"2025-07-05T03:15:09","slug":"atencion-cambios-definitivos-en-el-alquiler-turistico-desde-el-1-de-julio-descubre-que-hacer","status":"publish","type":"post","link":"https:\/\/www.diario21.tv\/noticias\/atencion-cambios-definitivos-en-el-alquiler-turistico-desde-el-1-de-julio-descubre-que-hacer\/","title":{"rendered":"\u00a1Atenci\u00f3n! Cambios definitivos en el alquiler tur\u00edstico desde el 1 de julio: Descubre qu\u00e9 hacer"},"content":{"rendered":"<h2>Transformaciones en el Alquiler Vacacional Desde el 1 de Julio<\/h2>\n<p>A partir del primero de julio, el sector del alquiler tur\u00edstico experimentar\u00e1 cambios significativos que afectar\u00e1n tanto a propietarios como a turistas. Es esencial estar al tanto de estas modificaciones para adaptarse adecuadamente y evitar inconvenientes. A continuaci\u00f3n, detallamos los puntos clave que necesitas conocer y los pasos que debes seguir para cumplir con la nueva normativa.<\/p>\n<h3>Nuevas Regulaciones para Propietarios<\/h3>\n<p>Si eres propietario de una vivienda que utilizas para alquileres vacacionales, es crucial que est\u00e9s al d\u00eda con las nuevas regulaciones. A partir de julio, se implementar\u00e1n obligaciones m\u00e1s estrictas en cuanto a la seguridad, accesibilidad y servicios que deben ofrecerse a los hu\u00e9spedes. Estos incluyen, pero no se limitan a, mejoras en sistemas de seguridad como detectores de humo, extintores de incendios y cerraduras de seguridad.<\/p>\n<p>Adem\u00e1s, se espera que todos los alquileres tur\u00edsticos est\u00e9n registrados en un sistema nacional que ayudar\u00e1 a controlar y regular la industria. Este registro ser\u00e1 obligatorio y deber\u00e1s proporcionar detalles espec\u00edficos sobre tu propiedad y los servicios que ofreces.<\/p>\n<h3>Impacto en los Turistas<\/h3>\n<p>Los turistas tambi\u00e9n sentir\u00e1n el impacto de estas nuevas regulaciones. Con el objetivo de mejorar la experiencia tur\u00edstica y garantizar la seguridad de los visitantes, las nuevas normas aseguran que todas las propiedades de alquiler cumplan con est\u00e1ndares m\u00ednimos de habitabilidad y comodidad. Esto significa que los viajeros pueden esperar alojamientos m\u00e1s seguros y mejor equipados, lo que contribuir\u00e1 a una experiencia vacacional m\u00e1s placentera y sin preocupaciones.<\/p>\n<h3>C\u00f3mo Prepararse para los Cambios<\/h3>\n<p>Para los propietarios de viviendas de alquiler tur\u00edstico, es importante comenzar a prepararse lo antes posible. Revisa y actualiza tus instalaciones para asegurarte de que cumplen con las nuevas exigencias. Esto puede incluir la renovaci\u00f3n de equipamiento de seguridad, la mejora de la accesibilidad para personas con discapacidad o la actualizaci\u00f3n de tus pol\u00edticas de servicio al cliente.<\/p>\n<p>Es igualmente vital que completes el proceso de registro antes de la fecha l\u00edmite para evitar penalizaciones o restricciones en tu capacidad para alquilar tu propiedad. Aseg\u00farate de tener toda la documentaci\u00f3n necesaria y sigue de cerca las instrucciones proporcionadas por las autoridades locales.<\/p>\n<p>Los turistas, por otro lado, deber\u00edan empezar a buscar y seleccionar alojamientos que claramente cumplan con las nuevas normativas. Esto no solo garantiza una estancia segura y agradable, sino que tambi\u00e9n apoya el cumplimiento de las leyes locales y el mantenimiento de est\u00e1ndares de calidad en el sector tur\u00edstico.<\/p>\n<h3>Conclusi\u00f3n<\/h3>\n<p>Los cambios en el alquiler tur\u00edstico que se implementar\u00e1n este 1 de julio son significativos y requieren una atenci\u00f3n meticulosa tanto de propietarios como de turistas. Al mantenerse informados y prepararse adecuadamente, ambas partes pueden asegurar que la transici\u00f3n a las nuevas regulaciones sea lo m\u00e1s suave posible, beneficiando as\u00ed a toda la industria del turismo.<\/p>\n\n\n<div class=\"kk-star-ratings kksr-auto kksr-align-left kksr-valign-bottom\"\n    data-payload='{&quot;align&quot;:&quot;left&quot;,&quot;id&quot;:&quot;3706&quot;,&quot;slug&quot;:&quot;default&quot;,&quot;valign&quot;:&quot;bottom&quot;,&quot;ignore&quot;:&quot;&quot;,&quot;reference&quot;:&quot;auto&quot;,&quot;class&quot;:&quot;&quot;,&quot;count&quot;:&quot;0&quot;,&quot;legendonly&quot;:&quot;&quot;,&quot;readonly&quot;:&quot;&quot;,&quot;score&quot;:&quot;0&quot;,&quot;starsonly&quot;:&quot;&quot;,&quot;best&quot;:&quot;5&quot;,&quot;gap&quot;:&quot;5&quot;,&quot;greet&quot;:&quot;Valora este post&quot;,&quot;legend&quot;:&quot;0\\\/5 - (0 votes)&quot;,&quot;size&quot;:&quot;22&quot;,&quot;title&quot;:&quot;\u00a1Atenci\u00f3n! Cambios definitivos en el alquiler tur\u00edstico desde el 1 de julio: Descubre qu\u00e9 hacer&quot;,&quot;width&quot;:&quot;0&quot;,&quot;_legend&quot;:&quot;{score}\\\/{best} - ({count} {votes})&quot;,&quot;font_factor&quot;:&quot;1.25&quot;}'>\n            \n<div class=\"kksr-stars\">\n    \n<div class=\"kksr-stars-inactive\">\n            <div class=\"kksr-star\" data-star=\"1\" style=\"padding-right: 5px\">\n            \n\n<div class=\"kksr-icon\" style=\"width: 22px; height: 22px;\"><\/div>\n        <\/div>\n            <div class=\"kksr-star\" data-star=\"2\" style=\"padding-right: 5px\">\n            \n\n<div class=\"kksr-icon\" style=\"width: 22px; height: 22px;\"><\/div>\n        <\/div>\n            <div class=\"kksr-star\" data-star=\"3\" style=\"padding-right: 5px\">\n            \n\n<div class=\"kksr-icon\" style=\"width: 22px; height: 22px;\"><\/div>\n        <\/div>\n            <div class=\"kksr-star\" data-star=\"4\" style=\"padding-right: 5px\">\n            \n\n<div class=\"kksr-icon\" style=\"width: 22px; height: 22px;\"><\/div>\n        <\/div>\n            <div class=\"kksr-star\" data-star=\"5\" style=\"padding-right: 5px\">\n            \n\n<div class=\"kksr-icon\" style=\"width: 22px; height: 22px;\"><\/div>\n        <\/div>\n    <\/div>\n    \n<div class=\"kksr-stars-active\" style=\"width: 0px;\">\n            <div class=\"kksr-star\" style=\"padding-right: 5px\">\n            \n\n<div class=\"kksr-icon\" style=\"width: 22px; height: 22px;\"><\/div>\n        <\/div>\n            <div class=\"kksr-star\" style=\"padding-right: 5px\">\n            \n\n<div class=\"kksr-icon\" style=\"width: 22px; height: 22px;\"><\/div>\n        <\/div>\n            <div class=\"kksr-star\" style=\"padding-right: 5px\">\n            \n\n<div class=\"kksr-icon\" style=\"width: 22px; height: 22px;\"><\/div>\n        <\/div>\n            <div class=\"kksr-star\" style=\"padding-right: 5px\">\n            \n\n<div class=\"kksr-icon\" style=\"width: 22px; height: 22px;\"><\/div>\n        <\/div>\n            <div class=\"kksr-star\" style=\"padding-right: 5px\">\n            \n\n<div class=\"kksr-icon\" style=\"width: 22px; height: 22px;\"><\/div>\n        <\/div>\n    <\/div>\n<\/div>\n                \n\n<div class=\"kksr-legend\" style=\"font-size: 17.6px;\">\n            <span class=\"kksr-muted\">Valora este post<\/span>\n    <\/div>\n    <\/div>\n","protected":false},"excerpt":{"rendered":"<p>Transformaciones en el Alquiler Vacacional Desde el 1 de Julio A partir del primero de julio, el sector del alquiler tur\u00edstico experimentar\u00e1 cambios significativos que afectar\u00e1n &#8230; <a title=\"\u00a1Atenci\u00f3n! Cambios definitivos en el alquiler tur\u00edstico desde el 1 de julio: Descubre qu\u00e9 hacer\" class=\"read-more\" href=\"https:\/\/www.diario21.tv\/noticias\/atencion-cambios-definitivos-en-el-alquiler-turistico-desde-el-1-de-julio-descubre-que-hacer\/\" aria-label=\"Leer m\u00e1s sobre \u00a1Atenci\u00f3n! Cambios definitivos en el alquiler tur\u00edstico desde el 1 de julio: Descubre qu\u00e9 hacer\">Seguir leyendo &rarr;<\/a><\/p>\n","protected":false},"author":20,"featured_media":3707,"comment_status":"open","ping_status":"open","sticky":false,"template":"","format":"standard","meta":{"footnotes":""},"categories":[13],"tags":[],"class_list":["post-3706","post","type-post","status-publish","format-standard","has-post-thumbnail","hentry","category-portada"],"yoast_head":"<!-- This site is optimized with the Yoast SEO plugin v25.6 - https:\/\/yoast.com\/wordpress\/plugins\/seo\/ -->\n<title>\u00a1Atenci\u00f3n! Cambios definitivos en el alquiler tur\u00edstico desde el 1 de julio: Descubre qu\u00e9 hacer - Diario 21<\/title>\n<meta name=\"robots\" content=\"index, follow, max-snippet:-1, max-image-preview:large, max-video-preview:-1\" \/>\n<link rel=\"canonical\" href=\"https:\/\/www.diario21.tv\/noticias\/atencion-cambios-definitivos-en-el-alquiler-turistico-desde-el-1-de-julio-descubre-que-hacer\/\" \/>\n<meta property=\"og:locale\" content=\"es_ES\" \/>\n<meta property=\"og:type\" content=\"article\" \/>\n<meta property=\"og:title\" content=\"\u00a1Atenci\u00f3n! Cambios definitivos en el alquiler tur\u00edstico desde el 1 de julio: Descubre qu\u00e9 hacer - Diario 21\" \/>\n<meta property=\"og:description\" content=\"Transformaciones en el Alquiler Vacacional Desde el 1 de Julio A partir del primero de julio, el sector del alquiler tur\u00edstico experimentar\u00e1 cambios significativos que afectar\u00e1n ... Seguir leyendo &rarr;\" \/>\n<meta property=\"og:url\" content=\"https:\/\/www.diario21.tv\/noticias\/atencion-cambios-definitivos-en-el-alquiler-turistico-desde-el-1-de-julio-descubre-que-hacer\/\" \/>\n<meta property=\"og:site_name\" content=\"Diario 21\" \/>\n<meta property=\"article:published_time\" content=\"2025-07-05T03:15:09+00:00\" \/>\n<meta property=\"og:image\" content=\"https:\/\/www.diario21.tv\/noticias\/wp-content\/uploads\/2025\/07\/\u00a1Atencion-Cambios-definitivos-en-el-alquiler-turistico-desde-el-1.jpg\" \/>\n\t<meta property=\"og:image:width\" content=\"1200\" \/>\n\t<meta property=\"og:image:height\" content=\"840\" \/>\n\t<meta property=\"og:image:type\" content=\"image\/jpeg\" \/>\n<meta name=\"author\" content=\"Juan P\u00e9rez\" \/>\n<meta name=\"twitter:card\" content=\"summary_large_image\" \/>\n<meta name=\"twitter:label1\" content=\"Escrito por\" \/>\n\t<meta name=\"twitter:data1\" content=\"Juan P\u00e9rez\" \/>\n\t<meta name=\"twitter:label2\" content=\"Tiempo de lectura\" \/>\n\t<meta name=\"twitter:data2\" content=\"2 minutos\" \/>\n<script type=\"application\/ld+json\" class=\"yoast-schema-graph\">{\"@context\":\"https:\/\/schema.org\",\"@graph\":[{\"@type\":\"WebPage\",\"@id\":\"https:\/\/www.diario21.tv\/noticias\/atencion-cambios-definitivos-en-el-alquiler-turistico-desde-el-1-de-julio-descubre-que-hacer\/\",\"url\":\"https:\/\/www.diario21.tv\/noticias\/atencion-cambios-definitivos-en-el-alquiler-turistico-desde-el-1-de-julio-descubre-que-hacer\/\",\"name\":\"\u00a1Atenci\u00f3n! Cambios definitivos en el alquiler tur\u00edstico desde el 1 de julio: Descubre qu\u00e9 hacer - Diario 21\",\"isPartOf\":{\"@id\":\"https:\/\/www.diario21.tv\/noticias\/#website\"},\"primaryImageOfPage\":{\"@id\":\"https:\/\/www.diario21.tv\/noticias\/atencion-cambios-definitivos-en-el-alquiler-turistico-desde-el-1-de-julio-descubre-que-hacer\/#primaryimage\"},\"image\":{\"@id\":\"https:\/\/www.diario21.tv\/noticias\/atencion-cambios-definitivos-en-el-alquiler-turistico-desde-el-1-de-julio-descubre-que-hacer\/#primaryimage\"},\"thumbnailUrl\":\"https:\/\/www.diario21.tv\/noticias\/wp-content\/uploads\/2025\/07\/\u00a1Atencion-Cambios-definitivos-en-el-alquiler-turistico-desde-el-1.jpg\",\"datePublished\":\"2025-07-05T03:15:09+00:00\",\"author\":{\"@id\":\"https:\/\/www.diario21.tv\/noticias\/#\/schema\/person\/dfb778f73814d8f09f302618446a526b\"},\"breadcrumb\":{\"@id\":\"https:\/\/www.diario21.tv\/noticias\/atencion-cambios-definitivos-en-el-alquiler-turistico-desde-el-1-de-julio-descubre-que-hacer\/#breadcrumb\"},\"inLanguage\":\"es-AR\",\"potentialAction\":[{\"@type\":\"ReadAction\",\"target\":[\"https:\/\/www.diario21.tv\/noticias\/atencion-cambios-definitivos-en-el-alquiler-turistico-desde-el-1-de-julio-descubre-que-hacer\/\"]}]},{\"@type\":\"ImageObject\",\"inLanguage\":\"es-AR\",\"@id\":\"https:\/\/www.diario21.tv\/noticias\/atencion-cambios-definitivos-en-el-alquiler-turistico-desde-el-1-de-julio-descubre-que-hacer\/#primaryimage\",\"url\":\"https:\/\/www.diario21.tv\/noticias\/wp-content\/uploads\/2025\/07\/\u00a1Atencion-Cambios-definitivos-en-el-alquiler-turistico-desde-el-1.jpg\",\"contentUrl\":\"https:\/\/www.diario21.tv\/noticias\/wp-content\/uploads\/2025\/07\/\u00a1Atencion-Cambios-definitivos-en-el-alquiler-turistico-desde-el-1.jpg\",\"width\":1200,\"height\":840,\"caption\":\"El alquiler tur\u00edstico cambia definitivamente a partir de este 1 de julio: esto es lo que debes hacer\"},{\"@type\":\"BreadcrumbList\",\"@id\":\"https:\/\/www.diario21.tv\/noticias\/atencion-cambios-definitivos-en-el-alquiler-turistico-desde-el-1-de-julio-descubre-que-hacer\/#breadcrumb\",\"itemListElement\":[{\"@type\":\"ListItem\",\"position\":1,\"name\":\"Accueil\",\"item\":\"https:\/\/www.diario21.tv\/noticias\/\"},{\"@type\":\"ListItem\",\"position\":2,\"name\":\"\u00a1Atenci\u00f3n! Cambios definitivos en el alquiler tur\u00edstico desde el 1 de julio: Descubre qu\u00e9 hacer\"}]},{\"@type\":\"WebSite\",\"@id\":\"https:\/\/www.diario21.tv\/noticias\/#website\",\"url\":\"https:\/\/www.diario21.tv\/noticias\/\",\"name\":\"Diario 21\",\"description\":\"\",\"potentialAction\":[{\"@type\":\"SearchAction\",\"target\":{\"@type\":\"EntryPoint\",\"urlTemplate\":\"https:\/\/www.diario21.tv\/noticias\/?s={search_term_string}\"},\"query-input\":{\"@type\":\"PropertyValueSpecification\",\"valueRequired\":true,\"valueName\":\"search_term_string\"}}],\"inLanguage\":\"es-AR\"},{\"@type\":\"Person\",\"@id\":\"https:\/\/www.diario21.tv\/noticias\/#\/schema\/person\/dfb778f73814d8f09f302618446a526b\",\"name\":\"Juan P\u00e9rez\",\"image\":{\"@type\":\"ImageObject\",\"inLanguage\":\"es-AR\",\"@id\":\"https:\/\/www.diario21.tv\/noticias\/#\/schema\/person\/image\/\",\"url\":\"https:\/\/secure.gravatar.com\/avatar\/c478a405bd10621167f4c3167cc770f5?s=96&d=mm&r=g\",\"contentUrl\":\"https:\/\/secure.gravatar.com\/avatar\/c478a405bd10621167f4c3167cc770f5?s=96&d=mm&r=g\",\"caption\":\"Juan P\u00e9rez\"},\"description\":\"Juan P\u00e9rez es el redactor en jefe de Diario 21. Con m\u00e1s de 10 a\u00f1os de experiencia en el periodismo, se especializa en pol\u00edtica nacional y an\u00e1lisis socioecon\u00f3mico. Su enfoque cr\u00edtico y riguroso aporta una perspectiva \u00fanica a cada art\u00edculo.\",\"sameAs\":[\"https:\/\/www.diario21.tv\/noticias\/\"],\"url\":\"https:\/\/www.diario21.tv\/noticias\/author\/juan-perez\/\"}]}<\/script>\n<!-- \/ Yoast SEO plugin. -->","yoast_head_json":{"title":"\u00a1Atenci\u00f3n! Cambios definitivos en el alquiler tur\u00edstico desde el 1 de julio: Descubre qu\u00e9 hacer - Diario 21","robots":{"index":"index","follow":"follow","max-snippet":"max-snippet:-1","max-image-preview":"max-image-preview:large","max-video-preview":"max-video-preview:-1"},"canonical":"https:\/\/www.diario21.tv\/noticias\/atencion-cambios-definitivos-en-el-alquiler-turistico-desde-el-1-de-julio-descubre-que-hacer\/","og_locale":"es_ES","og_type":"article","og_title":"\u00a1Atenci\u00f3n! Cambios definitivos en el alquiler tur\u00edstico desde el 1 de julio: Descubre qu\u00e9 hacer - Diario 21","og_description":"Transformaciones en el Alquiler Vacacional Desde el 1 de Julio A partir del primero de julio, el sector del alquiler tur\u00edstico experimentar\u00e1 cambios significativos que afectar\u00e1n ... Seguir leyendo &rarr;","og_url":"https:\/\/www.diario21.tv\/noticias\/atencion-cambios-definitivos-en-el-alquiler-turistico-desde-el-1-de-julio-descubre-que-hacer\/","og_site_name":"Diario 21","article_published_time":"2025-07-05T03:15:09+00:00","og_image":[{"width":1200,"height":840,"url":"https:\/\/www.diario21.tv\/noticias\/wp-content\/uploads\/2025\/07\/\u00a1Atencion-Cambios-definitivos-en-el-alquiler-turistico-desde-el-1.jpg","type":"image\/jpeg"}],"author":"Juan P\u00e9rez","twitter_card":"summary_large_image","twitter_misc":{"Escrito por":"Juan P\u00e9rez","Tiempo de lectura":"2 minutos"},"schema":{"@context":"https:\/\/schema.org","@graph":[{"@type":"WebPage","@id":"https:\/\/www.diario21.tv\/noticias\/atencion-cambios-definitivos-en-el-alquiler-turistico-desde-el-1-de-julio-descubre-que-hacer\/","url":"https:\/\/www.diario21.tv\/noticias\/atencion-cambios-definitivos-en-el-alquiler-turistico-desde-el-1-de-julio-descubre-que-hacer\/","name":"\u00a1Atenci\u00f3n! Cambios definitivos en el alquiler tur\u00edstico desde el 1 de julio: Descubre qu\u00e9 hacer - Diario 21","isPartOf":{"@id":"https:\/\/www.diario21.tv\/noticias\/#website"},"primaryImageOfPage":{"@id":"https:\/\/www.diario21.tv\/noticias\/atencion-cambios-definitivos-en-el-alquiler-turistico-desde-el-1-de-julio-descubre-que-hacer\/#primaryimage"},"image":{"@id":"https:\/\/www.diario21.tv\/noticias\/atencion-cambios-definitivos-en-el-alquiler-turistico-desde-el-1-de-julio-descubre-que-hacer\/#primaryimage"},"thumbnailUrl":"https:\/\/www.diario21.tv\/noticias\/wp-content\/uploads\/2025\/07\/\u00a1Atencion-Cambios-definitivos-en-el-alquiler-turistico-desde-el-1.jpg","datePublished":"2025-07-05T03:15:09+00:00","author":{"@id":"https:\/\/www.diario21.tv\/noticias\/#\/schema\/person\/dfb778f73814d8f09f302618446a526b"},"breadcrumb":{"@id":"https:\/\/www.diario21.tv\/noticias\/atencion-cambios-definitivos-en-el-alquiler-turistico-desde-el-1-de-julio-descubre-que-hacer\/#breadcrumb"},"inLanguage":"es-AR","potentialAction":[{"@type":"ReadAction","target":["https:\/\/www.diario21.tv\/noticias\/atencion-cambios-definitivos-en-el-alquiler-turistico-desde-el-1-de-julio-descubre-que-hacer\/"]}]},{"@type":"ImageObject","inLanguage":"es-AR","@id":"https:\/\/www.diario21.tv\/noticias\/atencion-cambios-definitivos-en-el-alquiler-turistico-desde-el-1-de-julio-descubre-que-hacer\/#primaryimage","url":"https:\/\/www.diario21.tv\/noticias\/wp-content\/uploads\/2025\/07\/\u00a1Atencion-Cambios-definitivos-en-el-alquiler-turistico-desde-el-1.jpg","contentUrl":"https:\/\/www.diario21.tv\/noticias\/wp-content\/uploads\/2025\/07\/\u00a1Atencion-Cambios-definitivos-en-el-alquiler-turistico-desde-el-1.jpg","width":1200,"height":840,"caption":"El alquiler tur\u00edstico cambia definitivamente a partir de este 1 de julio: esto es lo que debes hacer"},{"@type":"BreadcrumbList","@id":"https:\/\/www.diario21.tv\/noticias\/atencion-cambios-definitivos-en-el-alquiler-turistico-desde-el-1-de-julio-descubre-que-hacer\/#breadcrumb","itemListElement":[{"@type":"ListItem","position":1,"name":"Accueil","item":"https:\/\/www.diario21.tv\/noticias\/"},{"@type":"ListItem","position":2,"name":"\u00a1Atenci\u00f3n! Cambios definitivos en el alquiler tur\u00edstico desde el 1 de julio: Descubre qu\u00e9 hacer"}]},{"@type":"WebSite","@id":"https:\/\/www.diario21.tv\/noticias\/#website","url":"https:\/\/www.diario21.tv\/noticias\/","name":"Diario 21","description":"","potentialAction":[{"@type":"SearchAction","target":{"@type":"EntryPoint","urlTemplate":"https:\/\/www.diario21.tv\/noticias\/?s={search_term_string}"},"query-input":{"@type":"PropertyValueSpecification","valueRequired":true,"valueName":"search_term_string"}}],"inLanguage":"es-AR"},{"@type":"Person","@id":"https:\/\/www.diario21.tv\/noticias\/#\/schema\/person\/dfb778f73814d8f09f302618446a526b","name":"Juan P\u00e9rez","image":{"@type":"ImageObject","inLanguage":"es-AR","@id":"https:\/\/www.diario21.tv\/noticias\/#\/schema\/person\/image\/","url":"https:\/\/secure.gravatar.com\/avatar\/c478a405bd10621167f4c3167cc770f5?s=96&d=mm&r=g","contentUrl":"https:\/\/secure.gravatar.com\/avatar\/c478a405bd10621167f4c3167cc770f5?s=96&d=mm&r=g","caption":"Juan P\u00e9rez"},"description":"Juan P\u00e9rez es el redactor en jefe de Diario 21. Con m\u00e1s de 10 a\u00f1os de experiencia en el periodismo, se especializa en pol\u00edtica nacional y an\u00e1lisis socioecon\u00f3mico. Su enfoque cr\u00edtico y riguroso aporta una perspectiva \u00fanica a cada art\u00edculo.","sameAs":["https:\/\/www.diario21.tv\/noticias\/"],"url":"https:\/\/www.diario21.tv\/noticias\/author\/juan-perez\/"}]}},"_links":{"self":[{"href":"https:\/\/www.diario21.tv\/noticias\/wp-json\/wp\/v2\/posts\/3706"}],"collection":[{"href":"https:\/\/www.diario21.tv\/noticias\/wp-json\/wp\/v2\/posts"}],"about":[{"href":"https:\/\/www.diario21.tv\/noticias\/wp-json\/wp\/v2\/types\/post"}],"author":[{"embeddable":true,"href":"https:\/\/www.diario21.tv\/noticias\/wp-json\/wp\/v2\/users\/20"}],"replies":[{"embeddable":true,"href":"https:\/\/www.diario21.tv\/noticias\/wp-json\/wp\/v2\/comments?post=3706"}],"version-history":[{"count":1,"href":"https:\/\/www.diario21.tv\/noticias\/wp-json\/wp\/v2\/posts\/3706\/revisions"}],"predecessor-version":[{"id":3708,"href":"https:\/\/www.diario21.tv\/noticias\/wp-json\/wp\/v2\/posts\/3706\/revisions\/3708"}],"wp:featuredmedia":[{"embeddable":true,"href":"https:\/\/www.diario21.tv\/noticias\/wp-json\/wp\/v2\/media\/3707"}],"wp:attachment":[{"href":"https:\/\/www.diario21.tv\/noticias\/wp-json\/wp\/v2\/media?parent=3706"}],"wp:term":[{"taxonomy":"category","embeddable":true,"href":"https:\/\/www.diario21.tv\/noticias\/wp-json\/wp\/v2\/categories?post=3706"},{"taxonomy":"post_tag","embeddable":true,"href":"https:\/\/www.diario21.tv\/noticias\/wp-json\/wp\/v2\/tags?post=3706"}],"curies":[{"name":"wp","href":"https:\/\/api.w.org\/{rel}","templated":true}]}}