{"id":3700,"date":"2025-07-04T15:12:46","date_gmt":"2025-07-04T15:12:46","guid":{"rendered":"https:\/\/www.diario21.tv\/noticias\/atencion-jubilados-el-imserso-revela-gran-novedad-en-viajes-para-2025-2026\/"},"modified":"2025-07-04T15:12:47","modified_gmt":"2025-07-04T15:12:47","slug":"atencion-jubilados-el-imserso-revela-gran-novedad-en-viajes-para-2025-2026","status":"publish","type":"post","link":"https:\/\/www.diario21.tv\/noticias\/atencion-jubilados-el-imserso-revela-gran-novedad-en-viajes-para-2025-2026\/","title":{"rendered":"\u00a1Atenci\u00f3n jubilados! El Imserso revela gran novedad en viajes para 2025-2026"},"content":{"rendered":"<h2>Novedades en los Viajes del Imserso para el Periodo 2025-2026<\/h2>\n<p>El Instituto de Mayores y Servicios Sociales (Imserso) ha revelado una actualizaci\u00f3n significativa relacionada con su programa de viajes para las temporadas 2025-2026. Esta modificaci\u00f3n promete mejorar la experiencia de los usuarios, asegurando que m\u00e1s personas de la tercera edad puedan disfrutar de vacaciones a precios accesibles.<\/p>\n<h3>Mejoras y Ampliaciones en los Destinos<\/h3>\n<p>En primer lugar, uno de los cambios m\u00e1s destacados que el Imserso tiene previsto implementar es la expansi\u00f3n de los destinos disponibles en su oferta. Aunque los lugares exactos a\u00fan est\u00e1n por confirmarse, la organizaci\u00f3n ha indicado que se enfocar\u00e1 en incluir m\u00e1s opciones tanto dentro como fuera del pa\u00eds. Esta diversificaci\u00f3n en los destinos no solo proporcionar\u00e1 m\u00e1s variedad a los beneficiarios, sino que tambi\u00e9n adaptar\u00e1 los viajes a un amplio rango de preferencias y necesidades.<\/p>\n<h3>Incremento en el N\u00famero de Plazas<\/h3>\n<p>Adem\u00e1s, el Imserso planea incrementar el n\u00famero de plazas disponibles para sus viajes. Este aumento busca responder a la alta demanda que han observado en los \u00faltimos a\u00f1os y se espera que permita a un mayor n\u00famero de personas de la tercera edad beneficiarse de este programa. Con esta medida, el Imserso pretende garantizar que m\u00e1s seniors tengan la oportunidad de disfrutar de periodos de descanso y ocio, contribuyendo significativamente a su calidad de vida.<\/p>\n<h3>Optimizaci\u00f3n del Proceso de Reserva<\/h3>\n<p>Otro aspecto importante que el Imserso ha decidido mejorar es el proceso de reserva. Reconociendo las dificultades que algunos usuarios han enfrentado en este \u00e1mbito, se implementar\u00e1n nuevas tecnolog\u00edas y un sistema m\u00e1s intuitivo para facilitar las reservas. Estas mejoras est\u00e1n dise\u00f1adas para hacer el proceso m\u00e1s amigable y menos tedioso, permitiendo que los interesados puedan asegurar su lugar en los viajes de manera m\u00e1s eficiente y sin complicaciones innecesarias.<\/p>\n<h3>Compromiso con la Accesibilidad y el Confort<\/h3>\n<p>El Imserso tambi\u00e9n ha reiterado su compromiso con la accesibilidad y el confort de los viajeros. En este sentido, se revisar\u00e1n y actualizar\u00e1n los est\u00e1ndares de accesibilidad y comodidad en todos los alojamientos y medios de transporte utilizados en el programa. El objetivo es asegurar que todos los participantes, sin importar sus limitaciones f\u00edsicas, puedan disfrutar plenamente de los viajes y actividades programadas.<\/p>\n<h3>Conclusi\u00f3n<\/h3>\n<p>Las mejoras anunciadas por el Imserso para su programa de viajes 2025-2026 est\u00e1n dise\u00f1adas para adaptarse mejor a las necesidades y deseos de la poblaci\u00f3n mayor. Con un incremento en las plazas disponibles, la diversificaci\u00f3n de los destinos, un proceso de reserva optimizado, y un enfoque renovado en la accesibilidad, estos cambios prometen enriquecer la experiencia de los viajeros y fortalecer este valioso servicio social.<\/p>\n\n\n<div class=\"kk-star-ratings kksr-auto kksr-align-left kksr-valign-bottom\"\n    data-payload='{&quot;align&quot;:&quot;left&quot;,&quot;id&quot;:&quot;3700&quot;,&quot;slug&quot;:&quot;default&quot;,&quot;valign&quot;:&quot;bottom&quot;,&quot;ignore&quot;:&quot;&quot;,&quot;reference&quot;:&quot;auto&quot;,&quot;class&quot;:&quot;&quot;,&quot;count&quot;:&quot;1&quot;,&quot;legendonly&quot;:&quot;&quot;,&quot;readonly&quot;:&quot;&quot;,&quot;score&quot;:&quot;5&quot;,&quot;starsonly&quot;:&quot;&quot;,&quot;best&quot;:&quot;5&quot;,&quot;gap&quot;:&quot;5&quot;,&quot;greet&quot;:&quot;Valora este post&quot;,&quot;legend&quot;:&quot;5\\\/5 - (1 vote)&quot;,&quot;size&quot;:&quot;22&quot;,&quot;title&quot;:&quot;\u00a1Atenci\u00f3n jubilados! El Imserso revela gran novedad en viajes para 2025-2026&quot;,&quot;width&quot;:&quot;132.5&quot;,&quot;_legend&quot;:&quot;{score}\\\/{best} - ({count} {votes})&quot;,&quot;font_factor&quot;:&quot;1.25&quot;}'>\n            \n<div class=\"kksr-stars\">\n    \n<div class=\"kksr-stars-inactive\">\n            <div class=\"kksr-star\" data-star=\"1\" style=\"padding-right: 5px\">\n            \n\n<div class=\"kksr-icon\" style=\"width: 22px; height: 22px;\"><\/div>\n        <\/div>\n            <div class=\"kksr-star\" data-star=\"2\" style=\"padding-right: 5px\">\n            \n\n<div class=\"kksr-icon\" style=\"width: 22px; height: 22px;\"><\/div>\n        <\/div>\n            <div class=\"kksr-star\" data-star=\"3\" style=\"padding-right: 5px\">\n            \n\n<div class=\"kksr-icon\" style=\"width: 22px; height: 22px;\"><\/div>\n        <\/div>\n            <div class=\"kksr-star\" data-star=\"4\" style=\"padding-right: 5px\">\n            \n\n<div class=\"kksr-icon\" style=\"width: 22px; height: 22px;\"><\/div>\n        <\/div>\n            <div class=\"kksr-star\" data-star=\"5\" style=\"padding-right: 5px\">\n            \n\n<div class=\"kksr-icon\" style=\"width: 22px; height: 22px;\"><\/div>\n        <\/div>\n    <\/div>\n    \n<div class=\"kksr-stars-active\" style=\"width: 132.5px;\">\n            <div class=\"kksr-star\" style=\"padding-right: 5px\">\n            \n\n<div class=\"kksr-icon\" style=\"width: 22px; height: 22px;\"><\/div>\n        <\/div>\n            <div class=\"kksr-star\" style=\"padding-right: 5px\">\n            \n\n<div class=\"kksr-icon\" style=\"width: 22px; height: 22px;\"><\/div>\n        <\/div>\n            <div class=\"kksr-star\" style=\"padding-right: 5px\">\n            \n\n<div class=\"kksr-icon\" style=\"width: 22px; height: 22px;\"><\/div>\n        <\/div>\n            <div class=\"kksr-star\" style=\"padding-right: 5px\">\n            \n\n<div class=\"kksr-icon\" style=\"width: 22px; height: 22px;\"><\/div>\n        <\/div>\n            <div class=\"kksr-star\" style=\"padding-right: 5px\">\n            \n\n<div class=\"kksr-icon\" style=\"width: 22px; height: 22px;\"><\/div>\n        <\/div>\n    <\/div>\n<\/div>\n                \n\n<div class=\"kksr-legend\" style=\"font-size: 17.6px;\">\n            5\/5 - (1 vote)    <\/div>\n    <\/div>\n","protected":false},"excerpt":{"rendered":"<p>Novedades en los Viajes del Imserso para el Periodo 2025-2026 El Instituto de Mayores y Servicios Sociales (Imserso) ha revelado una actualizaci\u00f3n significativa relacionada con su &#8230; <a title=\"\u00a1Atenci\u00f3n jubilados! El Imserso revela gran novedad en viajes para 2025-2026\" class=\"read-more\" href=\"https:\/\/www.diario21.tv\/noticias\/atencion-jubilados-el-imserso-revela-gran-novedad-en-viajes-para-2025-2026\/\" aria-label=\"Leer m\u00e1s sobre \u00a1Atenci\u00f3n jubilados! El Imserso revela gran novedad en viajes para 2025-2026\">Seguir leyendo &rarr;<\/a><\/p>\n","protected":false},"author":20,"featured_media":3701,"comment_status":"open","ping_status":"open","sticky":false,"template":"","format":"standard","meta":{"footnotes":""},"categories":[13],"tags":[],"class_list":["post-3700","post","type-post","status-publish","format-standard","has-post-thumbnail","hentry","category-portada"],"yoast_head":"<!-- This site is optimized with the Yoast SEO plugin v25.6 - https:\/\/yoast.com\/wordpress\/plugins\/seo\/ -->\n<title>\u00a1Atenci\u00f3n jubilados! El Imserso revela gran novedad en viajes para 2025-2026 - Diario 21<\/title>\n<meta name=\"robots\" content=\"index, follow, max-snippet:-1, max-image-preview:large, max-video-preview:-1\" \/>\n<link rel=\"canonical\" href=\"https:\/\/www.diario21.tv\/noticias\/atencion-jubilados-el-imserso-revela-gran-novedad-en-viajes-para-2025-2026\/\" \/>\n<meta property=\"og:locale\" content=\"es_ES\" \/>\n<meta property=\"og:type\" content=\"article\" \/>\n<meta property=\"og:title\" content=\"\u00a1Atenci\u00f3n jubilados! El Imserso revela gran novedad en viajes para 2025-2026 - Diario 21\" \/>\n<meta property=\"og:description\" content=\"Novedades en los Viajes del Imserso para el Periodo 2025-2026 El Instituto de Mayores y Servicios Sociales (Imserso) ha revelado una actualizaci\u00f3n significativa relacionada con su ... Seguir leyendo &rarr;\" \/>\n<meta property=\"og:url\" content=\"https:\/\/www.diario21.tv\/noticias\/atencion-jubilados-el-imserso-revela-gran-novedad-en-viajes-para-2025-2026\/\" \/>\n<meta property=\"og:site_name\" content=\"Diario 21\" \/>\n<meta property=\"article:published_time\" content=\"2025-07-04T15:12:46+00:00\" \/>\n<meta property=\"article:modified_time\" content=\"2025-07-04T15:12:47+00:00\" \/>\n<meta property=\"og:image\" content=\"https:\/\/www.diario21.tv\/noticias\/wp-content\/uploads\/2025\/07\/\u00a1Atencion-jubilados-El-Imserso-revela-gran-novedad-en-viajes-para.jpg\" \/>\n\t<meta property=\"og:image:width\" content=\"1200\" \/>\n\t<meta property=\"og:image:height\" content=\"840\" \/>\n\t<meta property=\"og:image:type\" content=\"image\/jpeg\" \/>\n<meta name=\"author\" content=\"Juan P\u00e9rez\" \/>\n<meta name=\"twitter:card\" content=\"summary_large_image\" \/>\n<meta name=\"twitter:label1\" content=\"Escrito por\" \/>\n\t<meta name=\"twitter:data1\" content=\"Juan P\u00e9rez\" \/>\n\t<meta name=\"twitter:label2\" content=\"Tiempo de lectura\" \/>\n\t<meta name=\"twitter:data2\" content=\"2 minutos\" \/>\n<script type=\"application\/ld+json\" class=\"yoast-schema-graph\">{\"@context\":\"https:\/\/schema.org\",\"@graph\":[{\"@type\":\"WebPage\",\"@id\":\"https:\/\/www.diario21.tv\/noticias\/atencion-jubilados-el-imserso-revela-gran-novedad-en-viajes-para-2025-2026\/\",\"url\":\"https:\/\/www.diario21.tv\/noticias\/atencion-jubilados-el-imserso-revela-gran-novedad-en-viajes-para-2025-2026\/\",\"name\":\"\u00a1Atenci\u00f3n jubilados! El Imserso revela gran novedad en viajes para 2025-2026 - Diario 21\",\"isPartOf\":{\"@id\":\"https:\/\/www.diario21.tv\/noticias\/#website\"},\"primaryImageOfPage\":{\"@id\":\"https:\/\/www.diario21.tv\/noticias\/atencion-jubilados-el-imserso-revela-gran-novedad-en-viajes-para-2025-2026\/#primaryimage\"},\"image\":{\"@id\":\"https:\/\/www.diario21.tv\/noticias\/atencion-jubilados-el-imserso-revela-gran-novedad-en-viajes-para-2025-2026\/#primaryimage\"},\"thumbnailUrl\":\"https:\/\/www.diario21.tv\/noticias\/wp-content\/uploads\/2025\/07\/\u00a1Atencion-jubilados-El-Imserso-revela-gran-novedad-en-viajes-para.jpg\",\"datePublished\":\"2025-07-04T15:12:46+00:00\",\"dateModified\":\"2025-07-04T15:12:47+00:00\",\"author\":{\"@id\":\"https:\/\/www.diario21.tv\/noticias\/#\/schema\/person\/dfb778f73814d8f09f302618446a526b\"},\"breadcrumb\":{\"@id\":\"https:\/\/www.diario21.tv\/noticias\/atencion-jubilados-el-imserso-revela-gran-novedad-en-viajes-para-2025-2026\/#breadcrumb\"},\"inLanguage\":\"es-AR\",\"potentialAction\":[{\"@type\":\"ReadAction\",\"target\":[\"https:\/\/www.diario21.tv\/noticias\/atencion-jubilados-el-imserso-revela-gran-novedad-en-viajes-para-2025-2026\/\"]}]},{\"@type\":\"ImageObject\",\"inLanguage\":\"es-AR\",\"@id\":\"https:\/\/www.diario21.tv\/noticias\/atencion-jubilados-el-imserso-revela-gran-novedad-en-viajes-para-2025-2026\/#primaryimage\",\"url\":\"https:\/\/www.diario21.tv\/noticias\/wp-content\/uploads\/2025\/07\/\u00a1Atencion-jubilados-El-Imserso-revela-gran-novedad-en-viajes-para.jpg\",\"contentUrl\":\"https:\/\/www.diario21.tv\/noticias\/wp-content\/uploads\/2025\/07\/\u00a1Atencion-jubilados-El-Imserso-revela-gran-novedad-en-viajes-para.jpg\",\"width\":1200,\"height\":840,\"caption\":\"El Imserso anuncia una importante novedad para los viajes 2025-2026\"},{\"@type\":\"BreadcrumbList\",\"@id\":\"https:\/\/www.diario21.tv\/noticias\/atencion-jubilados-el-imserso-revela-gran-novedad-en-viajes-para-2025-2026\/#breadcrumb\",\"itemListElement\":[{\"@type\":\"ListItem\",\"position\":1,\"name\":\"Accueil\",\"item\":\"https:\/\/www.diario21.tv\/noticias\/\"},{\"@type\":\"ListItem\",\"position\":2,\"name\":\"\u00a1Atenci\u00f3n jubilados! El Imserso revela gran novedad en viajes para 2025-2026\"}]},{\"@type\":\"WebSite\",\"@id\":\"https:\/\/www.diario21.tv\/noticias\/#website\",\"url\":\"https:\/\/www.diario21.tv\/noticias\/\",\"name\":\"Diario 21\",\"description\":\"\",\"potentialAction\":[{\"@type\":\"SearchAction\",\"target\":{\"@type\":\"EntryPoint\",\"urlTemplate\":\"https:\/\/www.diario21.tv\/noticias\/?s={search_term_string}\"},\"query-input\":{\"@type\":\"PropertyValueSpecification\",\"valueRequired\":true,\"valueName\":\"search_term_string\"}}],\"inLanguage\":\"es-AR\"},{\"@type\":\"Person\",\"@id\":\"https:\/\/www.diario21.tv\/noticias\/#\/schema\/person\/dfb778f73814d8f09f302618446a526b\",\"name\":\"Juan P\u00e9rez\",\"image\":{\"@type\":\"ImageObject\",\"inLanguage\":\"es-AR\",\"@id\":\"https:\/\/www.diario21.tv\/noticias\/#\/schema\/person\/image\/\",\"url\":\"https:\/\/secure.gravatar.com\/avatar\/c478a405bd10621167f4c3167cc770f5?s=96&d=mm&r=g\",\"contentUrl\":\"https:\/\/secure.gravatar.com\/avatar\/c478a405bd10621167f4c3167cc770f5?s=96&d=mm&r=g\",\"caption\":\"Juan P\u00e9rez\"},\"description\":\"Juan P\u00e9rez es el redactor en jefe de Diario 21. Con m\u00e1s de 10 a\u00f1os de experiencia en el periodismo, se especializa en pol\u00edtica nacional y an\u00e1lisis socioecon\u00f3mico. Su enfoque cr\u00edtico y riguroso aporta una perspectiva \u00fanica a cada art\u00edculo.\",\"sameAs\":[\"https:\/\/www.diario21.tv\/noticias\/\"],\"url\":\"https:\/\/www.diario21.tv\/noticias\/author\/juan-perez\/\"}]}<\/script>\n<!-- \/ Yoast SEO plugin. -->","yoast_head_json":{"title":"\u00a1Atenci\u00f3n jubilados! El Imserso revela gran novedad en viajes para 2025-2026 - Diario 21","robots":{"index":"index","follow":"follow","max-snippet":"max-snippet:-1","max-image-preview":"max-image-preview:large","max-video-preview":"max-video-preview:-1"},"canonical":"https:\/\/www.diario21.tv\/noticias\/atencion-jubilados-el-imserso-revela-gran-novedad-en-viajes-para-2025-2026\/","og_locale":"es_ES","og_type":"article","og_title":"\u00a1Atenci\u00f3n jubilados! El Imserso revela gran novedad en viajes para 2025-2026 - Diario 21","og_description":"Novedades en los Viajes del Imserso para el Periodo 2025-2026 El Instituto de Mayores y Servicios Sociales (Imserso) ha revelado una actualizaci\u00f3n significativa relacionada con su ... Seguir leyendo &rarr;","og_url":"https:\/\/www.diario21.tv\/noticias\/atencion-jubilados-el-imserso-revela-gran-novedad-en-viajes-para-2025-2026\/","og_site_name":"Diario 21","article_published_time":"2025-07-04T15:12:46+00:00","article_modified_time":"2025-07-04T15:12:47+00:00","og_image":[{"width":1200,"height":840,"url":"https:\/\/www.diario21.tv\/noticias\/wp-content\/uploads\/2025\/07\/\u00a1Atencion-jubilados-El-Imserso-revela-gran-novedad-en-viajes-para.jpg","type":"image\/jpeg"}],"author":"Juan P\u00e9rez","twitter_card":"summary_large_image","twitter_misc":{"Escrito por":"Juan P\u00e9rez","Tiempo de lectura":"2 minutos"},"schema":{"@context":"https:\/\/schema.org","@graph":[{"@type":"WebPage","@id":"https:\/\/www.diario21.tv\/noticias\/atencion-jubilados-el-imserso-revela-gran-novedad-en-viajes-para-2025-2026\/","url":"https:\/\/www.diario21.tv\/noticias\/atencion-jubilados-el-imserso-revela-gran-novedad-en-viajes-para-2025-2026\/","name":"\u00a1Atenci\u00f3n jubilados! El Imserso revela gran novedad en viajes para 2025-2026 - Diario 21","isPartOf":{"@id":"https:\/\/www.diario21.tv\/noticias\/#website"},"primaryImageOfPage":{"@id":"https:\/\/www.diario21.tv\/noticias\/atencion-jubilados-el-imserso-revela-gran-novedad-en-viajes-para-2025-2026\/#primaryimage"},"image":{"@id":"https:\/\/www.diario21.tv\/noticias\/atencion-jubilados-el-imserso-revela-gran-novedad-en-viajes-para-2025-2026\/#primaryimage"},"thumbnailUrl":"https:\/\/www.diario21.tv\/noticias\/wp-content\/uploads\/2025\/07\/\u00a1Atencion-jubilados-El-Imserso-revela-gran-novedad-en-viajes-para.jpg","datePublished":"2025-07-04T15:12:46+00:00","dateModified":"2025-07-04T15:12:47+00:00","author":{"@id":"https:\/\/www.diario21.tv\/noticias\/#\/schema\/person\/dfb778f73814d8f09f302618446a526b"},"breadcrumb":{"@id":"https:\/\/www.diario21.tv\/noticias\/atencion-jubilados-el-imserso-revela-gran-novedad-en-viajes-para-2025-2026\/#breadcrumb"},"inLanguage":"es-AR","potentialAction":[{"@type":"ReadAction","target":["https:\/\/www.diario21.tv\/noticias\/atencion-jubilados-el-imserso-revela-gran-novedad-en-viajes-para-2025-2026\/"]}]},{"@type":"ImageObject","inLanguage":"es-AR","@id":"https:\/\/www.diario21.tv\/noticias\/atencion-jubilados-el-imserso-revela-gran-novedad-en-viajes-para-2025-2026\/#primaryimage","url":"https:\/\/www.diario21.tv\/noticias\/wp-content\/uploads\/2025\/07\/\u00a1Atencion-jubilados-El-Imserso-revela-gran-novedad-en-viajes-para.jpg","contentUrl":"https:\/\/www.diario21.tv\/noticias\/wp-content\/uploads\/2025\/07\/\u00a1Atencion-jubilados-El-Imserso-revela-gran-novedad-en-viajes-para.jpg","width":1200,"height":840,"caption":"El Imserso anuncia una importante novedad para los viajes 2025-2026"},{"@type":"BreadcrumbList","@id":"https:\/\/www.diario21.tv\/noticias\/atencion-jubilados-el-imserso-revela-gran-novedad-en-viajes-para-2025-2026\/#breadcrumb","itemListElement":[{"@type":"ListItem","position":1,"name":"Accueil","item":"https:\/\/www.diario21.tv\/noticias\/"},{"@type":"ListItem","position":2,"name":"\u00a1Atenci\u00f3n jubilados! El Imserso revela gran novedad en viajes para 2025-2026"}]},{"@type":"WebSite","@id":"https:\/\/www.diario21.tv\/noticias\/#website","url":"https:\/\/www.diario21.tv\/noticias\/","name":"Diario 21","description":"","potentialAction":[{"@type":"SearchAction","target":{"@type":"EntryPoint","urlTemplate":"https:\/\/www.diario21.tv\/noticias\/?s={search_term_string}"},"query-input":{"@type":"PropertyValueSpecification","valueRequired":true,"valueName":"search_term_string"}}],"inLanguage":"es-AR"},{"@type":"Person","@id":"https:\/\/www.diario21.tv\/noticias\/#\/schema\/person\/dfb778f73814d8f09f302618446a526b","name":"Juan P\u00e9rez","image":{"@type":"ImageObject","inLanguage":"es-AR","@id":"https:\/\/www.diario21.tv\/noticias\/#\/schema\/person\/image\/","url":"https:\/\/secure.gravatar.com\/avatar\/c478a405bd10621167f4c3167cc770f5?s=96&d=mm&r=g","contentUrl":"https:\/\/secure.gravatar.com\/avatar\/c478a405bd10621167f4c3167cc770f5?s=96&d=mm&r=g","caption":"Juan P\u00e9rez"},"description":"Juan P\u00e9rez es el redactor en jefe de Diario 21. Con m\u00e1s de 10 a\u00f1os de experiencia en el periodismo, se especializa en pol\u00edtica nacional y an\u00e1lisis socioecon\u00f3mico. Su enfoque cr\u00edtico y riguroso aporta una perspectiva \u00fanica a cada art\u00edculo.","sameAs":["https:\/\/www.diario21.tv\/noticias\/"],"url":"https:\/\/www.diario21.tv\/noticias\/author\/juan-perez\/"}]}},"_links":{"self":[{"href":"https:\/\/www.diario21.tv\/noticias\/wp-json\/wp\/v2\/posts\/3700"}],"collection":[{"href":"https:\/\/www.diario21.tv\/noticias\/wp-json\/wp\/v2\/posts"}],"about":[{"href":"https:\/\/www.diario21.tv\/noticias\/wp-json\/wp\/v2\/types\/post"}],"author":[{"embeddable":true,"href":"https:\/\/www.diario21.tv\/noticias\/wp-json\/wp\/v2\/users\/20"}],"replies":[{"embeddable":true,"href":"https:\/\/www.diario21.tv\/noticias\/wp-json\/wp\/v2\/comments?post=3700"}],"version-history":[{"count":1,"href":"https:\/\/www.diario21.tv\/noticias\/wp-json\/wp\/v2\/posts\/3700\/revisions"}],"predecessor-version":[{"id":3702,"href":"https:\/\/www.diario21.tv\/noticias\/wp-json\/wp\/v2\/posts\/3700\/revisions\/3702"}],"wp:featuredmedia":[{"embeddable":true,"href":"https:\/\/www.diario21.tv\/noticias\/wp-json\/wp\/v2\/media\/3701"}],"wp:attachment":[{"href":"https:\/\/www.diario21.tv\/noticias\/wp-json\/wp\/v2\/media?parent=3700"}],"wp:term":[{"taxonomy":"category","embeddable":true,"href":"https:\/\/www.diario21.tv\/noticias\/wp-json\/wp\/v2\/categories?post=3700"},{"taxonomy":"post_tag","embeddable":true,"href":"https:\/\/www.diario21.tv\/noticias\/wp-json\/wp\/v2\/tags?post=3700"}],"curies":[{"name":"wp","href":"https:\/\/api.w.org\/{rel}","templated":true}]}}