{"id":3691,"date":"2025-07-03T21:07:53","date_gmt":"2025-07-03T21:07:53","guid":{"rendered":"https:\/\/www.diario21.tv\/noticias\/atencion-nueva-ley-prohibira-aumentar-precios-de-entradas-en-reventa\/"},"modified":"2025-07-03T21:07:54","modified_gmt":"2025-07-03T21:07:54","slug":"atencion-nueva-ley-prohibira-aumentar-precios-de-entradas-en-reventa","status":"publish","type":"post","link":"https:\/\/www.diario21.tv\/noticias\/atencion-nueva-ley-prohibira-aumentar-precios-de-entradas-en-reventa\/","title":{"rendered":"\u00a1Atenci\u00f3n! Nueva ley prohibir\u00e1 aumentar precios de entradas en reventa"},"content":{"rendered":"<h2>El Ejecutivo impondr\u00e1 restricciones legales al incremento de precios en la reventa de boletos<\/h2>\n<p>En una movida que busca frenar la especulaci\u00f3n excesiva en el mercado de la reventa de entradas, el Gobierno ha anunciado planes para establecer por medio de una nueva legislaci\u00f3n, un tope al aumento de los precios de las entradas vendidas en el mercado secundario. Esta medida pretende proteger a los consumidores de los precios inflados que suelen acompa\u00f1ar eventos de alta demanda.<\/p>\n<h3>Detalles de la nueva normativa<\/h3>\n<p>La propuesta legislativa, que se espera sea presentada pronto al Congreso, estipular\u00e1 l\u00edmites claros sobre cu\u00e1nto puede incrementarse el precio de una entrada sobre su valor original cuando esta se vende en plataformas de reventa. Aunque todav\u00eda no se han especificado las cifras exactas, fuentes cercanas al proyecto indican que el objetivo es mantener los aumentos en un rango razonable que permita transacciones secundarias sin permitir que los precios lleguen a niveles prohibitivos.<\/p>\n<h3>Impacto en el mercado de reventa<\/h3>\n<p>Los revendedores, quienes a menudo adquieren boletos en masa para eventos populares con el fin de venderlos a un precio mayor, podr\u00edan verse significativamente afectados por esta ley. La pr\u00e1ctica, que ha sido largamente criticada por considerarse una forma de acaparamiento que perjudica tanto a los aficionados reales como a los organizadores de eventos, podr\u00eda experimentar una transformaci\u00f3n importante.<\/p>\n<h3>Reacciones a la medida<\/h3>\n<p>Las opiniones sobre esta nueva regulaci\u00f3n son mixtas. Por un lado, los consumidores y organizadores de eventos han mostrado su apoyo, argumentando que esto podr\u00eda democratizar el acceso a eventos, permitiendo que m\u00e1s personas puedan asistir a precios justos. Por otro lado, los cr\u00edticos argumentan que las restricciones podr\u00edan llevar a una disminuci\u00f3n de la oferta de entradas en el mercado secundario, lo que podr\u00eda tener un efecto contrario al deseado.<\/p>\n<h3>Pr\u00f3ximos pasos<\/h3>\n<p>Antes de que la ley entre en vigor, debe ser aprobada por ambas c\u00e1maras del Congreso y posteriormente ser firmada por el presidente. Mientras tanto, el Gobierno ha invitado a los stakeholders del sector de eventos a participar en consultas para afinar los detalles de la propuesta y asegurar que la legislaci\u00f3n beneficie a todas las partes involucradas de manera equitativa. Adem\u00e1s, se est\u00e1n estudiando medidas complementarias para reforzar la transparencia y la equidad en la venta y reventa de boletos.<\/p>\n<p>Esta iniciativa se suma a una serie de medidas que el Gobierno ha estado implementando para proteger a los consumidores y asegurar pr\u00e1cticas comerciales justas en diversas industrias. Con esta ley, se espera no solo regular el precio de las entradas en la reventa, sino tambi\u00e9n promover un mercado m\u00e1s justo y accesible para todos los consumidores.<\/p>\n\n\n<div class=\"kk-star-ratings kksr-auto kksr-align-left kksr-valign-bottom\"\n    data-payload='{&quot;align&quot;:&quot;left&quot;,&quot;id&quot;:&quot;3691&quot;,&quot;slug&quot;:&quot;default&quot;,&quot;valign&quot;:&quot;bottom&quot;,&quot;ignore&quot;:&quot;&quot;,&quot;reference&quot;:&quot;auto&quot;,&quot;class&quot;:&quot;&quot;,&quot;count&quot;:&quot;0&quot;,&quot;legendonly&quot;:&quot;&quot;,&quot;readonly&quot;:&quot;&quot;,&quot;score&quot;:&quot;0&quot;,&quot;starsonly&quot;:&quot;&quot;,&quot;best&quot;:&quot;5&quot;,&quot;gap&quot;:&quot;5&quot;,&quot;greet&quot;:&quot;Valora este post&quot;,&quot;legend&quot;:&quot;0\\\/5 - (0 votes)&quot;,&quot;size&quot;:&quot;22&quot;,&quot;title&quot;:&quot;\u00a1Atenci\u00f3n! Nueva ley prohibir\u00e1 aumentar precios de entradas en reventa&quot;,&quot;width&quot;:&quot;0&quot;,&quot;_legend&quot;:&quot;{score}\\\/{best} - ({count} {votes})&quot;,&quot;font_factor&quot;:&quot;1.25&quot;}'>\n            \n<div class=\"kksr-stars\">\n    \n<div class=\"kksr-stars-inactive\">\n            <div class=\"kksr-star\" data-star=\"1\" style=\"padding-right: 5px\">\n            \n\n<div class=\"kksr-icon\" style=\"width: 22px; height: 22px;\"><\/div>\n        <\/div>\n            <div class=\"kksr-star\" data-star=\"2\" style=\"padding-right: 5px\">\n            \n\n<div class=\"kksr-icon\" style=\"width: 22px; height: 22px;\"><\/div>\n        <\/div>\n            <div class=\"kksr-star\" data-star=\"3\" style=\"padding-right: 5px\">\n            \n\n<div class=\"kksr-icon\" style=\"width: 22px; height: 22px;\"><\/div>\n        <\/div>\n            <div class=\"kksr-star\" data-star=\"4\" style=\"padding-right: 5px\">\n            \n\n<div class=\"kksr-icon\" style=\"width: 22px; height: 22px;\"><\/div>\n        <\/div>\n            <div class=\"kksr-star\" data-star=\"5\" style=\"padding-right: 5px\">\n            \n\n<div class=\"kksr-icon\" style=\"width: 22px; height: 22px;\"><\/div>\n        <\/div>\n    <\/div>\n    \n<div class=\"kksr-stars-active\" style=\"width: 0px;\">\n            <div class=\"kksr-star\" style=\"padding-right: 5px\">\n            \n\n<div class=\"kksr-icon\" style=\"width: 22px; height: 22px;\"><\/div>\n        <\/div>\n            <div class=\"kksr-star\" style=\"padding-right: 5px\">\n            \n\n<div class=\"kksr-icon\" style=\"width: 22px; height: 22px;\"><\/div>\n        <\/div>\n            <div class=\"kksr-star\" style=\"padding-right: 5px\">\n            \n\n<div class=\"kksr-icon\" style=\"width: 22px; height: 22px;\"><\/div>\n        <\/div>\n            <div class=\"kksr-star\" style=\"padding-right: 5px\">\n            \n\n<div class=\"kksr-icon\" style=\"width: 22px; height: 22px;\"><\/div>\n        <\/div>\n            <div class=\"kksr-star\" style=\"padding-right: 5px\">\n            \n\n<div class=\"kksr-icon\" style=\"width: 22px; height: 22px;\"><\/div>\n        <\/div>\n    <\/div>\n<\/div>\n                \n\n<div class=\"kksr-legend\" style=\"font-size: 17.6px;\">\n            <span class=\"kksr-muted\">Valora este post<\/span>\n    <\/div>\n    <\/div>\n","protected":false},"excerpt":{"rendered":"<p>El Ejecutivo impondr\u00e1 restricciones legales al incremento de precios en la reventa de boletos En una movida que busca frenar la especulaci\u00f3n excesiva en el mercado &#8230; <a title=\"\u00a1Atenci\u00f3n! Nueva ley prohibir\u00e1 aumentar precios de entradas en reventa\" class=\"read-more\" href=\"https:\/\/www.diario21.tv\/noticias\/atencion-nueva-ley-prohibira-aumentar-precios-de-entradas-en-reventa\/\" aria-label=\"Leer m\u00e1s sobre \u00a1Atenci\u00f3n! Nueva ley prohibir\u00e1 aumentar precios de entradas en reventa\">Seguir leyendo &rarr;<\/a><\/p>\n","protected":false},"author":20,"featured_media":3692,"comment_status":"open","ping_status":"open","sticky":false,"template":"","format":"standard","meta":{"footnotes":""},"categories":[13],"tags":[],"class_list":["post-3691","post","type-post","status-publish","format-standard","has-post-thumbnail","hentry","category-portada"],"yoast_head":"<!-- This site is optimized with the Yoast SEO plugin v25.6 - https:\/\/yoast.com\/wordpress\/plugins\/seo\/ -->\n<title>\u00a1Atenci\u00f3n! Nueva ley prohibir\u00e1 aumentar precios de entradas en reventa - Diario 21<\/title>\n<meta name=\"robots\" content=\"index, follow, max-snippet:-1, max-image-preview:large, max-video-preview:-1\" \/>\n<link rel=\"canonical\" href=\"https:\/\/www.diario21.tv\/noticias\/atencion-nueva-ley-prohibira-aumentar-precios-de-entradas-en-reventa\/\" \/>\n<meta property=\"og:locale\" content=\"es_ES\" \/>\n<meta property=\"og:type\" content=\"article\" \/>\n<meta property=\"og:title\" content=\"\u00a1Atenci\u00f3n! Nueva ley prohibir\u00e1 aumentar precios de entradas en reventa - Diario 21\" \/>\n<meta property=\"og:description\" content=\"El Ejecutivo impondr\u00e1 restricciones legales al incremento de precios en la reventa de boletos En una movida que busca frenar la especulaci\u00f3n excesiva en el mercado ... Seguir leyendo &rarr;\" \/>\n<meta property=\"og:url\" content=\"https:\/\/www.diario21.tv\/noticias\/atencion-nueva-ley-prohibira-aumentar-precios-de-entradas-en-reventa\/\" \/>\n<meta property=\"og:site_name\" content=\"Diario 21\" \/>\n<meta property=\"article:published_time\" content=\"2025-07-03T21:07:53+00:00\" \/>\n<meta property=\"article:modified_time\" content=\"2025-07-03T21:07:54+00:00\" \/>\n<meta property=\"og:image\" content=\"https:\/\/www.diario21.tv\/noticias\/wp-content\/uploads\/2025\/07\/\u00a1Atencion-Nueva-ley-prohibira-aumentar-precios-de-entradas-en-reventa.jpg\" \/>\n\t<meta property=\"og:image:width\" content=\"1200\" \/>\n\t<meta property=\"og:image:height\" content=\"840\" \/>\n\t<meta property=\"og:image:type\" content=\"image\/jpeg\" \/>\n<meta name=\"author\" content=\"Juan P\u00e9rez\" \/>\n<meta name=\"twitter:card\" content=\"summary_large_image\" \/>\n<meta name=\"twitter:label1\" content=\"Escrito por\" \/>\n\t<meta name=\"twitter:data1\" content=\"Juan P\u00e9rez\" \/>\n\t<meta name=\"twitter:label2\" content=\"Tiempo de lectura\" \/>\n\t<meta name=\"twitter:data2\" content=\"2 minutos\" \/>\n<script type=\"application\/ld+json\" class=\"yoast-schema-graph\">{\"@context\":\"https:\/\/schema.org\",\"@graph\":[{\"@type\":\"WebPage\",\"@id\":\"https:\/\/www.diario21.tv\/noticias\/atencion-nueva-ley-prohibira-aumentar-precios-de-entradas-en-reventa\/\",\"url\":\"https:\/\/www.diario21.tv\/noticias\/atencion-nueva-ley-prohibira-aumentar-precios-de-entradas-en-reventa\/\",\"name\":\"\u00a1Atenci\u00f3n! Nueva ley prohibir\u00e1 aumentar precios de entradas en reventa - Diario 21\",\"isPartOf\":{\"@id\":\"https:\/\/www.diario21.tv\/noticias\/#website\"},\"primaryImageOfPage\":{\"@id\":\"https:\/\/www.diario21.tv\/noticias\/atencion-nueva-ley-prohibira-aumentar-precios-de-entradas-en-reventa\/#primaryimage\"},\"image\":{\"@id\":\"https:\/\/www.diario21.tv\/noticias\/atencion-nueva-ley-prohibira-aumentar-precios-de-entradas-en-reventa\/#primaryimage\"},\"thumbnailUrl\":\"https:\/\/www.diario21.tv\/noticias\/wp-content\/uploads\/2025\/07\/\u00a1Atencion-Nueva-ley-prohibira-aumentar-precios-de-entradas-en-reventa.jpg\",\"datePublished\":\"2025-07-03T21:07:53+00:00\",\"dateModified\":\"2025-07-03T21:07:54+00:00\",\"author\":{\"@id\":\"https:\/\/www.diario21.tv\/noticias\/#\/schema\/person\/dfb778f73814d8f09f302618446a526b\"},\"breadcrumb\":{\"@id\":\"https:\/\/www.diario21.tv\/noticias\/atencion-nueva-ley-prohibira-aumentar-precios-de-entradas-en-reventa\/#breadcrumb\"},\"inLanguage\":\"es-AR\",\"potentialAction\":[{\"@type\":\"ReadAction\",\"target\":[\"https:\/\/www.diario21.tv\/noticias\/atencion-nueva-ley-prohibira-aumentar-precios-de-entradas-en-reventa\/\"]}]},{\"@type\":\"ImageObject\",\"inLanguage\":\"es-AR\",\"@id\":\"https:\/\/www.diario21.tv\/noticias\/atencion-nueva-ley-prohibira-aumentar-precios-de-entradas-en-reventa\/#primaryimage\",\"url\":\"https:\/\/www.diario21.tv\/noticias\/wp-content\/uploads\/2025\/07\/\u00a1Atencion-Nueva-ley-prohibira-aumentar-precios-de-entradas-en-reventa.jpg\",\"contentUrl\":\"https:\/\/www.diario21.tv\/noticias\/wp-content\/uploads\/2025\/07\/\u00a1Atencion-Nueva-ley-prohibira-aumentar-precios-de-entradas-en-reventa.jpg\",\"width\":1200,\"height\":840,\"caption\":\"El Gobierno prohibir\u00e1 por ley subir el precio de las entradas en la reventa\"},{\"@type\":\"BreadcrumbList\",\"@id\":\"https:\/\/www.diario21.tv\/noticias\/atencion-nueva-ley-prohibira-aumentar-precios-de-entradas-en-reventa\/#breadcrumb\",\"itemListElement\":[{\"@type\":\"ListItem\",\"position\":1,\"name\":\"Accueil\",\"item\":\"https:\/\/www.diario21.tv\/noticias\/\"},{\"@type\":\"ListItem\",\"position\":2,\"name\":\"\u00a1Atenci\u00f3n! Nueva ley prohibir\u00e1 aumentar precios de entradas en reventa\"}]},{\"@type\":\"WebSite\",\"@id\":\"https:\/\/www.diario21.tv\/noticias\/#website\",\"url\":\"https:\/\/www.diario21.tv\/noticias\/\",\"name\":\"Diario 21\",\"description\":\"\",\"potentialAction\":[{\"@type\":\"SearchAction\",\"target\":{\"@type\":\"EntryPoint\",\"urlTemplate\":\"https:\/\/www.diario21.tv\/noticias\/?s={search_term_string}\"},\"query-input\":{\"@type\":\"PropertyValueSpecification\",\"valueRequired\":true,\"valueName\":\"search_term_string\"}}],\"inLanguage\":\"es-AR\"},{\"@type\":\"Person\",\"@id\":\"https:\/\/www.diario21.tv\/noticias\/#\/schema\/person\/dfb778f73814d8f09f302618446a526b\",\"name\":\"Juan P\u00e9rez\",\"image\":{\"@type\":\"ImageObject\",\"inLanguage\":\"es-AR\",\"@id\":\"https:\/\/www.diario21.tv\/noticias\/#\/schema\/person\/image\/\",\"url\":\"https:\/\/secure.gravatar.com\/avatar\/c478a405bd10621167f4c3167cc770f5?s=96&d=mm&r=g\",\"contentUrl\":\"https:\/\/secure.gravatar.com\/avatar\/c478a405bd10621167f4c3167cc770f5?s=96&d=mm&r=g\",\"caption\":\"Juan P\u00e9rez\"},\"description\":\"Juan P\u00e9rez es el redactor en jefe de Diario 21. Con m\u00e1s de 10 a\u00f1os de experiencia en el periodismo, se especializa en pol\u00edtica nacional y an\u00e1lisis socioecon\u00f3mico. Su enfoque cr\u00edtico y riguroso aporta una perspectiva \u00fanica a cada art\u00edculo.\",\"sameAs\":[\"https:\/\/www.diario21.tv\/noticias\/\"],\"url\":\"https:\/\/www.diario21.tv\/noticias\/author\/juan-perez\/\"}]}<\/script>\n<!-- \/ Yoast SEO plugin. -->","yoast_head_json":{"title":"\u00a1Atenci\u00f3n! Nueva ley prohibir\u00e1 aumentar precios de entradas en reventa - Diario 21","robots":{"index":"index","follow":"follow","max-snippet":"max-snippet:-1","max-image-preview":"max-image-preview:large","max-video-preview":"max-video-preview:-1"},"canonical":"https:\/\/www.diario21.tv\/noticias\/atencion-nueva-ley-prohibira-aumentar-precios-de-entradas-en-reventa\/","og_locale":"es_ES","og_type":"article","og_title":"\u00a1Atenci\u00f3n! Nueva ley prohibir\u00e1 aumentar precios de entradas en reventa - Diario 21","og_description":"El Ejecutivo impondr\u00e1 restricciones legales al incremento de precios en la reventa de boletos En una movida que busca frenar la especulaci\u00f3n excesiva en el mercado ... Seguir leyendo &rarr;","og_url":"https:\/\/www.diario21.tv\/noticias\/atencion-nueva-ley-prohibira-aumentar-precios-de-entradas-en-reventa\/","og_site_name":"Diario 21","article_published_time":"2025-07-03T21:07:53+00:00","article_modified_time":"2025-07-03T21:07:54+00:00","og_image":[{"width":1200,"height":840,"url":"https:\/\/www.diario21.tv\/noticias\/wp-content\/uploads\/2025\/07\/\u00a1Atencion-Nueva-ley-prohibira-aumentar-precios-de-entradas-en-reventa.jpg","type":"image\/jpeg"}],"author":"Juan P\u00e9rez","twitter_card":"summary_large_image","twitter_misc":{"Escrito por":"Juan P\u00e9rez","Tiempo de lectura":"2 minutos"},"schema":{"@context":"https:\/\/schema.org","@graph":[{"@type":"WebPage","@id":"https:\/\/www.diario21.tv\/noticias\/atencion-nueva-ley-prohibira-aumentar-precios-de-entradas-en-reventa\/","url":"https:\/\/www.diario21.tv\/noticias\/atencion-nueva-ley-prohibira-aumentar-precios-de-entradas-en-reventa\/","name":"\u00a1Atenci\u00f3n! Nueva ley prohibir\u00e1 aumentar precios de entradas en reventa - Diario 21","isPartOf":{"@id":"https:\/\/www.diario21.tv\/noticias\/#website"},"primaryImageOfPage":{"@id":"https:\/\/www.diario21.tv\/noticias\/atencion-nueva-ley-prohibira-aumentar-precios-de-entradas-en-reventa\/#primaryimage"},"image":{"@id":"https:\/\/www.diario21.tv\/noticias\/atencion-nueva-ley-prohibira-aumentar-precios-de-entradas-en-reventa\/#primaryimage"},"thumbnailUrl":"https:\/\/www.diario21.tv\/noticias\/wp-content\/uploads\/2025\/07\/\u00a1Atencion-Nueva-ley-prohibira-aumentar-precios-de-entradas-en-reventa.jpg","datePublished":"2025-07-03T21:07:53+00:00","dateModified":"2025-07-03T21:07:54+00:00","author":{"@id":"https:\/\/www.diario21.tv\/noticias\/#\/schema\/person\/dfb778f73814d8f09f302618446a526b"},"breadcrumb":{"@id":"https:\/\/www.diario21.tv\/noticias\/atencion-nueva-ley-prohibira-aumentar-precios-de-entradas-en-reventa\/#breadcrumb"},"inLanguage":"es-AR","potentialAction":[{"@type":"ReadAction","target":["https:\/\/www.diario21.tv\/noticias\/atencion-nueva-ley-prohibira-aumentar-precios-de-entradas-en-reventa\/"]}]},{"@type":"ImageObject","inLanguage":"es-AR","@id":"https:\/\/www.diario21.tv\/noticias\/atencion-nueva-ley-prohibira-aumentar-precios-de-entradas-en-reventa\/#primaryimage","url":"https:\/\/www.diario21.tv\/noticias\/wp-content\/uploads\/2025\/07\/\u00a1Atencion-Nueva-ley-prohibira-aumentar-precios-de-entradas-en-reventa.jpg","contentUrl":"https:\/\/www.diario21.tv\/noticias\/wp-content\/uploads\/2025\/07\/\u00a1Atencion-Nueva-ley-prohibira-aumentar-precios-de-entradas-en-reventa.jpg","width":1200,"height":840,"caption":"El Gobierno prohibir\u00e1 por ley subir el precio de las entradas en la reventa"},{"@type":"BreadcrumbList","@id":"https:\/\/www.diario21.tv\/noticias\/atencion-nueva-ley-prohibira-aumentar-precios-de-entradas-en-reventa\/#breadcrumb","itemListElement":[{"@type":"ListItem","position":1,"name":"Accueil","item":"https:\/\/www.diario21.tv\/noticias\/"},{"@type":"ListItem","position":2,"name":"\u00a1Atenci\u00f3n! Nueva ley prohibir\u00e1 aumentar precios de entradas en reventa"}]},{"@type":"WebSite","@id":"https:\/\/www.diario21.tv\/noticias\/#website","url":"https:\/\/www.diario21.tv\/noticias\/","name":"Diario 21","description":"","potentialAction":[{"@type":"SearchAction","target":{"@type":"EntryPoint","urlTemplate":"https:\/\/www.diario21.tv\/noticias\/?s={search_term_string}"},"query-input":{"@type":"PropertyValueSpecification","valueRequired":true,"valueName":"search_term_string"}}],"inLanguage":"es-AR"},{"@type":"Person","@id":"https:\/\/www.diario21.tv\/noticias\/#\/schema\/person\/dfb778f73814d8f09f302618446a526b","name":"Juan P\u00e9rez","image":{"@type":"ImageObject","inLanguage":"es-AR","@id":"https:\/\/www.diario21.tv\/noticias\/#\/schema\/person\/image\/","url":"https:\/\/secure.gravatar.com\/avatar\/c478a405bd10621167f4c3167cc770f5?s=96&d=mm&r=g","contentUrl":"https:\/\/secure.gravatar.com\/avatar\/c478a405bd10621167f4c3167cc770f5?s=96&d=mm&r=g","caption":"Juan P\u00e9rez"},"description":"Juan P\u00e9rez es el redactor en jefe de Diario 21. Con m\u00e1s de 10 a\u00f1os de experiencia en el periodismo, se especializa en pol\u00edtica nacional y an\u00e1lisis socioecon\u00f3mico. Su enfoque cr\u00edtico y riguroso aporta una perspectiva \u00fanica a cada art\u00edculo.","sameAs":["https:\/\/www.diario21.tv\/noticias\/"],"url":"https:\/\/www.diario21.tv\/noticias\/author\/juan-perez\/"}]}},"_links":{"self":[{"href":"https:\/\/www.diario21.tv\/noticias\/wp-json\/wp\/v2\/posts\/3691"}],"collection":[{"href":"https:\/\/www.diario21.tv\/noticias\/wp-json\/wp\/v2\/posts"}],"about":[{"href":"https:\/\/www.diario21.tv\/noticias\/wp-json\/wp\/v2\/types\/post"}],"author":[{"embeddable":true,"href":"https:\/\/www.diario21.tv\/noticias\/wp-json\/wp\/v2\/users\/20"}],"replies":[{"embeddable":true,"href":"https:\/\/www.diario21.tv\/noticias\/wp-json\/wp\/v2\/comments?post=3691"}],"version-history":[{"count":1,"href":"https:\/\/www.diario21.tv\/noticias\/wp-json\/wp\/v2\/posts\/3691\/revisions"}],"predecessor-version":[{"id":3693,"href":"https:\/\/www.diario21.tv\/noticias\/wp-json\/wp\/v2\/posts\/3691\/revisions\/3693"}],"wp:featuredmedia":[{"embeddable":true,"href":"https:\/\/www.diario21.tv\/noticias\/wp-json\/wp\/v2\/media\/3692"}],"wp:attachment":[{"href":"https:\/\/www.diario21.tv\/noticias\/wp-json\/wp\/v2\/media?parent=3691"}],"wp:term":[{"taxonomy":"category","embeddable":true,"href":"https:\/\/www.diario21.tv\/noticias\/wp-json\/wp\/v2\/categories?post=3691"},{"taxonomy":"post_tag","embeddable":true,"href":"https:\/\/www.diario21.tv\/noticias\/wp-json\/wp\/v2\/tags?post=3691"}],"curies":[{"name":"wp","href":"https:\/\/api.w.org\/{rel}","templated":true}]}}