{"id":3688,"date":"2025-07-03T15:06:17","date_gmt":"2025-07-03T15:06:17","guid":{"rendered":"https:\/\/www.diario21.tv\/noticias\/alerta-global-14-millones-podrian-morir-si-ee-uu-corta-ayuda-al-desarrollo\/"},"modified":"2025-07-03T15:06:18","modified_gmt":"2025-07-03T15:06:18","slug":"alerta-global-14-millones-podrian-morir-si-ee-uu-corta-ayuda-al-desarrollo","status":"publish","type":"post","link":"https:\/\/www.diario21.tv\/noticias\/alerta-global-14-millones-podrian-morir-si-ee-uu-corta-ayuda-al-desarrollo\/","title":{"rendered":"\u00a1Alerta global! 14 millones podr\u00edan morir si EE.UU. corta ayuda al desarrollo"},"content":{"rendered":"<h2>La suspensi\u00f3n de ayuda estadounidense podr\u00eda resultar en millones de muertes a nivel global<\/h2>\n<p>La posibilidad de que Estados Unidos detenga su asistencia en t\u00e9rminos de desarrollo internacional podr\u00eda tener consecuencias devastadoras. Seg\u00fan estudios recientes, esta acci\u00f3n podr\u00eda causar la muerte de aproximadamente catorce millones de personas alrededor del mundo. La ayuda al desarrollo que provee Estados Unidos juega un papel crucial en la supervivencia de las poblaciones en pa\u00edses en desarrollo, especialmente en \u00e1reas como salud, educaci\u00f3n, y seguridad alimentaria.<\/p>\n<h3>Impacto en la salud y bienestar global<\/h3>\n<p>El apoyo financiero y log\u00edstico de Estados Unidos ha sido fundamental para combatir enfermedades, mejorar la nutrici\u00f3n y proporcionar acceso a servicios m\u00e9dicos esenciales en muchas partes del mundo. Sin este apoyo, programas vitales enfrentar\u00edan recortes significativos o ser\u00edan completamente eliminados, dejando a millones sin las herramientas necesarias para enfrentar retos de salud que pueden ser mortales.<\/p>\n<h3>Educaci\u00f3n y desarrollo econ\u00f3mico en riesgo<\/h3>\n<p>La ayuda de Estados Unidos tambi\u00e9n ha sido clave para fomentar la educaci\u00f3n y el desarrollo econ\u00f3mico en naciones emergentes. Estos programas han ayudado a reducir la pobreza y mejorar las condiciones de vida, pero sin la financiaci\u00f3n necesaria, el progreso podr\u00eda retroceder. Esto no solo afectar\u00eda a la calidad de vida de millones, sino que tambi\u00e9n podr\u00eda desestabilizar regiones enteras, incrementando la incidencia de conflictos y migraciones forzadas.<\/p>\n<h3>La seguridad alimentaria se ver\u00eda comprometida<\/h3>\n<p>Uno de los sectores m\u00e1s afectados ser\u00eda el de la seguridad alimentaria. La ayuda estadounidense ha contribuido significativamente a programas de alimentaci\u00f3n y agricultura que aseguran que las poblaciones vulnerables tengan acceso a alimentos nutritivos. La eliminaci\u00f3n o reducci\u00f3n de estos apoyos podr\u00eda resultar en un aumento de la malnutrici\u00f3n y el hambre, con el consecuente incremento en la tasa de mortalidad, especialmente en ni\u00f1os y ancianos.<\/p>\n<h3>Posibles repercusiones a largo plazo<\/h3>\n<p>Las consecuencias de una decisi\u00f3n de suspender la ayuda no se limitar\u00edan a las muertes inmediatas. Los efectos a largo plazo podr\u00edan alterar el curso del desarrollo global, afectando negativamente la estabilidad pol\u00edtica y econ\u00f3mica mundial. Adem\u00e1s, esto podr\u00eda afectar la percepci\u00f3n internacional de Estados Unidos y disminuir su influencia en el escenario mundial.<\/p>\n<p>En conclusi\u00f3n, la continuidad de la ayuda al desarrollo de Estados Unidos no solo es crucial para la supervivencia inmediata de millones, sino que tambi\u00e9n es vital para la estabilidad y el progreso global a largo plazo. Las implicaciones de una suspensi\u00f3n ser\u00edan profundamente negativas, tanto para los pa\u00edses receptores como para el propio Estados Unidos y el orden mundial.<\/p>\n\n\n<div class=\"kk-star-ratings kksr-auto kksr-align-left kksr-valign-bottom\"\n    data-payload='{&quot;align&quot;:&quot;left&quot;,&quot;id&quot;:&quot;3688&quot;,&quot;slug&quot;:&quot;default&quot;,&quot;valign&quot;:&quot;bottom&quot;,&quot;ignore&quot;:&quot;&quot;,&quot;reference&quot;:&quot;auto&quot;,&quot;class&quot;:&quot;&quot;,&quot;count&quot;:&quot;0&quot;,&quot;legendonly&quot;:&quot;&quot;,&quot;readonly&quot;:&quot;&quot;,&quot;score&quot;:&quot;0&quot;,&quot;starsonly&quot;:&quot;&quot;,&quot;best&quot;:&quot;5&quot;,&quot;gap&quot;:&quot;5&quot;,&quot;greet&quot;:&quot;Valora este post&quot;,&quot;legend&quot;:&quot;0\\\/5 - (0 votes)&quot;,&quot;size&quot;:&quot;22&quot;,&quot;title&quot;:&quot;\u00a1Alerta global! 14 millones podr\u00edan morir si EE.UU. corta ayuda al desarrollo&quot;,&quot;width&quot;:&quot;0&quot;,&quot;_legend&quot;:&quot;{score}\\\/{best} - ({count} {votes})&quot;,&quot;font_factor&quot;:&quot;1.25&quot;}'>\n            \n<div class=\"kksr-stars\">\n    \n<div class=\"kksr-stars-inactive\">\n            <div class=\"kksr-star\" data-star=\"1\" style=\"padding-right: 5px\">\n            \n\n<div class=\"kksr-icon\" style=\"width: 22px; height: 22px;\"><\/div>\n        <\/div>\n            <div class=\"kksr-star\" data-star=\"2\" style=\"padding-right: 5px\">\n            \n\n<div class=\"kksr-icon\" style=\"width: 22px; height: 22px;\"><\/div>\n        <\/div>\n            <div class=\"kksr-star\" data-star=\"3\" style=\"padding-right: 5px\">\n            \n\n<div class=\"kksr-icon\" style=\"width: 22px; height: 22px;\"><\/div>\n        <\/div>\n            <div class=\"kksr-star\" data-star=\"4\" style=\"padding-right: 5px\">\n            \n\n<div class=\"kksr-icon\" style=\"width: 22px; height: 22px;\"><\/div>\n        <\/div>\n            <div class=\"kksr-star\" data-star=\"5\" style=\"padding-right: 5px\">\n            \n\n<div class=\"kksr-icon\" style=\"width: 22px; height: 22px;\"><\/div>\n        <\/div>\n    <\/div>\n    \n<div class=\"kksr-stars-active\" style=\"width: 0px;\">\n            <div class=\"kksr-star\" style=\"padding-right: 5px\">\n            \n\n<div class=\"kksr-icon\" style=\"width: 22px; height: 22px;\"><\/div>\n        <\/div>\n            <div class=\"kksr-star\" style=\"padding-right: 5px\">\n            \n\n<div class=\"kksr-icon\" style=\"width: 22px; height: 22px;\"><\/div>\n        <\/div>\n            <div class=\"kksr-star\" style=\"padding-right: 5px\">\n            \n\n<div class=\"kksr-icon\" style=\"width: 22px; height: 22px;\"><\/div>\n        <\/div>\n            <div class=\"kksr-star\" style=\"padding-right: 5px\">\n            \n\n<div class=\"kksr-icon\" style=\"width: 22px; height: 22px;\"><\/div>\n        <\/div>\n            <div class=\"kksr-star\" style=\"padding-right: 5px\">\n            \n\n<div class=\"kksr-icon\" style=\"width: 22px; height: 22px;\"><\/div>\n        <\/div>\n    <\/div>\n<\/div>\n                \n\n<div class=\"kksr-legend\" style=\"font-size: 17.6px;\">\n            <span class=\"kksr-muted\">Valora este post<\/span>\n    <\/div>\n    <\/div>\n","protected":false},"excerpt":{"rendered":"<p>La suspensi\u00f3n de ayuda estadounidense podr\u00eda resultar en millones de muertes a nivel global La posibilidad de que Estados Unidos detenga su asistencia en t\u00e9rminos de &#8230; <a title=\"\u00a1Alerta global! 14 millones podr\u00edan morir si EE.UU. corta ayuda al desarrollo\" class=\"read-more\" href=\"https:\/\/www.diario21.tv\/noticias\/alerta-global-14-millones-podrian-morir-si-ee-uu-corta-ayuda-al-desarrollo\/\" aria-label=\"Leer m\u00e1s sobre \u00a1Alerta global! 14 millones podr\u00edan morir si EE.UU. corta ayuda al desarrollo\">Seguir leyendo &rarr;<\/a><\/p>\n","protected":false},"author":20,"featured_media":3689,"comment_status":"open","ping_status":"open","sticky":false,"template":"","format":"standard","meta":{"footnotes":""},"categories":[13],"tags":[],"class_list":["post-3688","post","type-post","status-publish","format-standard","has-post-thumbnail","hentry","category-portada"],"yoast_head":"<!-- This site is optimized with the Yoast SEO plugin v25.6 - https:\/\/yoast.com\/wordpress\/plugins\/seo\/ -->\n<title>\u00a1Alerta global! 14 millones podr\u00edan morir si EE.UU. corta ayuda al desarrollo - Diario 21<\/title>\n<meta name=\"robots\" content=\"index, follow, max-snippet:-1, max-image-preview:large, max-video-preview:-1\" \/>\n<link rel=\"canonical\" href=\"https:\/\/www.diario21.tv\/noticias\/alerta-global-14-millones-podrian-morir-si-ee-uu-corta-ayuda-al-desarrollo\/\" \/>\n<meta property=\"og:locale\" content=\"es_ES\" \/>\n<meta property=\"og:type\" content=\"article\" \/>\n<meta property=\"og:title\" content=\"\u00a1Alerta global! 14 millones podr\u00edan morir si EE.UU. corta ayuda al desarrollo - Diario 21\" \/>\n<meta property=\"og:description\" content=\"La suspensi\u00f3n de ayuda estadounidense podr\u00eda resultar en millones de muertes a nivel global La posibilidad de que Estados Unidos detenga su asistencia en t\u00e9rminos de ... Seguir leyendo &rarr;\" \/>\n<meta property=\"og:url\" content=\"https:\/\/www.diario21.tv\/noticias\/alerta-global-14-millones-podrian-morir-si-ee-uu-corta-ayuda-al-desarrollo\/\" \/>\n<meta property=\"og:site_name\" content=\"Diario 21\" \/>\n<meta property=\"article:published_time\" content=\"2025-07-03T15:06:17+00:00\" \/>\n<meta property=\"article:modified_time\" content=\"2025-07-03T15:06:18+00:00\" \/>\n<meta property=\"og:image\" content=\"https:\/\/www.diario21.tv\/noticias\/wp-content\/uploads\/2025\/07\/\u00a1Alerta-global-14-millones-podrian-morir-si-EEUU-corta-ayuda.JPG\" \/>\n\t<meta property=\"og:image:width\" content=\"1200\" \/>\n\t<meta property=\"og:image:height\" content=\"840\" \/>\n\t<meta property=\"og:image:type\" content=\"image\/jpeg\" \/>\n<meta name=\"author\" content=\"Juan P\u00e9rez\" \/>\n<meta name=\"twitter:card\" content=\"summary_large_image\" \/>\n<meta name=\"twitter:label1\" content=\"Escrito por\" \/>\n\t<meta name=\"twitter:data1\" content=\"Juan P\u00e9rez\" \/>\n\t<meta name=\"twitter:label2\" content=\"Tiempo de lectura\" \/>\n\t<meta name=\"twitter:data2\" content=\"2 minutos\" \/>\n<script type=\"application\/ld+json\" class=\"yoast-schema-graph\">{\"@context\":\"https:\/\/schema.org\",\"@graph\":[{\"@type\":\"WebPage\",\"@id\":\"https:\/\/www.diario21.tv\/noticias\/alerta-global-14-millones-podrian-morir-si-ee-uu-corta-ayuda-al-desarrollo\/\",\"url\":\"https:\/\/www.diario21.tv\/noticias\/alerta-global-14-millones-podrian-morir-si-ee-uu-corta-ayuda-al-desarrollo\/\",\"name\":\"\u00a1Alerta global! 14 millones podr\u00edan morir si EE.UU. corta ayuda al desarrollo - Diario 21\",\"isPartOf\":{\"@id\":\"https:\/\/www.diario21.tv\/noticias\/#website\"},\"primaryImageOfPage\":{\"@id\":\"https:\/\/www.diario21.tv\/noticias\/alerta-global-14-millones-podrian-morir-si-ee-uu-corta-ayuda-al-desarrollo\/#primaryimage\"},\"image\":{\"@id\":\"https:\/\/www.diario21.tv\/noticias\/alerta-global-14-millones-podrian-morir-si-ee-uu-corta-ayuda-al-desarrollo\/#primaryimage\"},\"thumbnailUrl\":\"https:\/\/www.diario21.tv\/noticias\/wp-content\/uploads\/2025\/07\/\u00a1Alerta-global-14-millones-podrian-morir-si-EEUU-corta-ayuda.JPG\",\"datePublished\":\"2025-07-03T15:06:17+00:00\",\"dateModified\":\"2025-07-03T15:06:18+00:00\",\"author\":{\"@id\":\"https:\/\/www.diario21.tv\/noticias\/#\/schema\/person\/dfb778f73814d8f09f302618446a526b\"},\"breadcrumb\":{\"@id\":\"https:\/\/www.diario21.tv\/noticias\/alerta-global-14-millones-podrian-morir-si-ee-uu-corta-ayuda-al-desarrollo\/#breadcrumb\"},\"inLanguage\":\"es-AR\",\"potentialAction\":[{\"@type\":\"ReadAction\",\"target\":[\"https:\/\/www.diario21.tv\/noticias\/alerta-global-14-millones-podrian-morir-si-ee-uu-corta-ayuda-al-desarrollo\/\"]}]},{\"@type\":\"ImageObject\",\"inLanguage\":\"es-AR\",\"@id\":\"https:\/\/www.diario21.tv\/noticias\/alerta-global-14-millones-podrian-morir-si-ee-uu-corta-ayuda-al-desarrollo\/#primaryimage\",\"url\":\"https:\/\/www.diario21.tv\/noticias\/wp-content\/uploads\/2025\/07\/\u00a1Alerta-global-14-millones-podrian-morir-si-EEUU-corta-ayuda.JPG\",\"contentUrl\":\"https:\/\/www.diario21.tv\/noticias\/wp-content\/uploads\/2025\/07\/\u00a1Alerta-global-14-millones-podrian-morir-si-EEUU-corta-ayuda.JPG\",\"width\":1200,\"height\":840,\"caption\":\"Catorce millones de personas morir\u00e1n en el mundo si Estados Unidos suspende la ayuda al desarrollo\"},{\"@type\":\"BreadcrumbList\",\"@id\":\"https:\/\/www.diario21.tv\/noticias\/alerta-global-14-millones-podrian-morir-si-ee-uu-corta-ayuda-al-desarrollo\/#breadcrumb\",\"itemListElement\":[{\"@type\":\"ListItem\",\"position\":1,\"name\":\"Accueil\",\"item\":\"https:\/\/www.diario21.tv\/noticias\/\"},{\"@type\":\"ListItem\",\"position\":2,\"name\":\"\u00a1Alerta global! 14 millones podr\u00edan morir si EE.UU. corta ayuda al desarrollo\"}]},{\"@type\":\"WebSite\",\"@id\":\"https:\/\/www.diario21.tv\/noticias\/#website\",\"url\":\"https:\/\/www.diario21.tv\/noticias\/\",\"name\":\"Diario 21\",\"description\":\"\",\"potentialAction\":[{\"@type\":\"SearchAction\",\"target\":{\"@type\":\"EntryPoint\",\"urlTemplate\":\"https:\/\/www.diario21.tv\/noticias\/?s={search_term_string}\"},\"query-input\":{\"@type\":\"PropertyValueSpecification\",\"valueRequired\":true,\"valueName\":\"search_term_string\"}}],\"inLanguage\":\"es-AR\"},{\"@type\":\"Person\",\"@id\":\"https:\/\/www.diario21.tv\/noticias\/#\/schema\/person\/dfb778f73814d8f09f302618446a526b\",\"name\":\"Juan P\u00e9rez\",\"image\":{\"@type\":\"ImageObject\",\"inLanguage\":\"es-AR\",\"@id\":\"https:\/\/www.diario21.tv\/noticias\/#\/schema\/person\/image\/\",\"url\":\"https:\/\/secure.gravatar.com\/avatar\/c478a405bd10621167f4c3167cc770f5?s=96&d=mm&r=g\",\"contentUrl\":\"https:\/\/secure.gravatar.com\/avatar\/c478a405bd10621167f4c3167cc770f5?s=96&d=mm&r=g\",\"caption\":\"Juan P\u00e9rez\"},\"description\":\"Juan P\u00e9rez es el redactor en jefe de Diario 21. Con m\u00e1s de 10 a\u00f1os de experiencia en el periodismo, se especializa en pol\u00edtica nacional y an\u00e1lisis socioecon\u00f3mico. Su enfoque cr\u00edtico y riguroso aporta una perspectiva \u00fanica a cada art\u00edculo.\",\"sameAs\":[\"https:\/\/www.diario21.tv\/noticias\/\"],\"url\":\"https:\/\/www.diario21.tv\/noticias\/author\/juan-perez\/\"}]}<\/script>\n<!-- \/ Yoast SEO plugin. -->","yoast_head_json":{"title":"\u00a1Alerta global! 14 millones podr\u00edan morir si EE.UU. corta ayuda al desarrollo - Diario 21","robots":{"index":"index","follow":"follow","max-snippet":"max-snippet:-1","max-image-preview":"max-image-preview:large","max-video-preview":"max-video-preview:-1"},"canonical":"https:\/\/www.diario21.tv\/noticias\/alerta-global-14-millones-podrian-morir-si-ee-uu-corta-ayuda-al-desarrollo\/","og_locale":"es_ES","og_type":"article","og_title":"\u00a1Alerta global! 14 millones podr\u00edan morir si EE.UU. corta ayuda al desarrollo - Diario 21","og_description":"La suspensi\u00f3n de ayuda estadounidense podr\u00eda resultar en millones de muertes a nivel global La posibilidad de que Estados Unidos detenga su asistencia en t\u00e9rminos de ... Seguir leyendo &rarr;","og_url":"https:\/\/www.diario21.tv\/noticias\/alerta-global-14-millones-podrian-morir-si-ee-uu-corta-ayuda-al-desarrollo\/","og_site_name":"Diario 21","article_published_time":"2025-07-03T15:06:17+00:00","article_modified_time":"2025-07-03T15:06:18+00:00","og_image":[{"width":1200,"height":840,"url":"https:\/\/www.diario21.tv\/noticias\/wp-content\/uploads\/2025\/07\/\u00a1Alerta-global-14-millones-podrian-morir-si-EEUU-corta-ayuda.JPG","type":"image\/jpeg"}],"author":"Juan P\u00e9rez","twitter_card":"summary_large_image","twitter_misc":{"Escrito por":"Juan P\u00e9rez","Tiempo de lectura":"2 minutos"},"schema":{"@context":"https:\/\/schema.org","@graph":[{"@type":"WebPage","@id":"https:\/\/www.diario21.tv\/noticias\/alerta-global-14-millones-podrian-morir-si-ee-uu-corta-ayuda-al-desarrollo\/","url":"https:\/\/www.diario21.tv\/noticias\/alerta-global-14-millones-podrian-morir-si-ee-uu-corta-ayuda-al-desarrollo\/","name":"\u00a1Alerta global! 14 millones podr\u00edan morir si EE.UU. corta ayuda al desarrollo - Diario 21","isPartOf":{"@id":"https:\/\/www.diario21.tv\/noticias\/#website"},"primaryImageOfPage":{"@id":"https:\/\/www.diario21.tv\/noticias\/alerta-global-14-millones-podrian-morir-si-ee-uu-corta-ayuda-al-desarrollo\/#primaryimage"},"image":{"@id":"https:\/\/www.diario21.tv\/noticias\/alerta-global-14-millones-podrian-morir-si-ee-uu-corta-ayuda-al-desarrollo\/#primaryimage"},"thumbnailUrl":"https:\/\/www.diario21.tv\/noticias\/wp-content\/uploads\/2025\/07\/\u00a1Alerta-global-14-millones-podrian-morir-si-EEUU-corta-ayuda.JPG","datePublished":"2025-07-03T15:06:17+00:00","dateModified":"2025-07-03T15:06:18+00:00","author":{"@id":"https:\/\/www.diario21.tv\/noticias\/#\/schema\/person\/dfb778f73814d8f09f302618446a526b"},"breadcrumb":{"@id":"https:\/\/www.diario21.tv\/noticias\/alerta-global-14-millones-podrian-morir-si-ee-uu-corta-ayuda-al-desarrollo\/#breadcrumb"},"inLanguage":"es-AR","potentialAction":[{"@type":"ReadAction","target":["https:\/\/www.diario21.tv\/noticias\/alerta-global-14-millones-podrian-morir-si-ee-uu-corta-ayuda-al-desarrollo\/"]}]},{"@type":"ImageObject","inLanguage":"es-AR","@id":"https:\/\/www.diario21.tv\/noticias\/alerta-global-14-millones-podrian-morir-si-ee-uu-corta-ayuda-al-desarrollo\/#primaryimage","url":"https:\/\/www.diario21.tv\/noticias\/wp-content\/uploads\/2025\/07\/\u00a1Alerta-global-14-millones-podrian-morir-si-EEUU-corta-ayuda.JPG","contentUrl":"https:\/\/www.diario21.tv\/noticias\/wp-content\/uploads\/2025\/07\/\u00a1Alerta-global-14-millones-podrian-morir-si-EEUU-corta-ayuda.JPG","width":1200,"height":840,"caption":"Catorce millones de personas morir\u00e1n en el mundo si Estados Unidos suspende la ayuda al desarrollo"},{"@type":"BreadcrumbList","@id":"https:\/\/www.diario21.tv\/noticias\/alerta-global-14-millones-podrian-morir-si-ee-uu-corta-ayuda-al-desarrollo\/#breadcrumb","itemListElement":[{"@type":"ListItem","position":1,"name":"Accueil","item":"https:\/\/www.diario21.tv\/noticias\/"},{"@type":"ListItem","position":2,"name":"\u00a1Alerta global! 14 millones podr\u00edan morir si EE.UU. corta ayuda al desarrollo"}]},{"@type":"WebSite","@id":"https:\/\/www.diario21.tv\/noticias\/#website","url":"https:\/\/www.diario21.tv\/noticias\/","name":"Diario 21","description":"","potentialAction":[{"@type":"SearchAction","target":{"@type":"EntryPoint","urlTemplate":"https:\/\/www.diario21.tv\/noticias\/?s={search_term_string}"},"query-input":{"@type":"PropertyValueSpecification","valueRequired":true,"valueName":"search_term_string"}}],"inLanguage":"es-AR"},{"@type":"Person","@id":"https:\/\/www.diario21.tv\/noticias\/#\/schema\/person\/dfb778f73814d8f09f302618446a526b","name":"Juan P\u00e9rez","image":{"@type":"ImageObject","inLanguage":"es-AR","@id":"https:\/\/www.diario21.tv\/noticias\/#\/schema\/person\/image\/","url":"https:\/\/secure.gravatar.com\/avatar\/c478a405bd10621167f4c3167cc770f5?s=96&d=mm&r=g","contentUrl":"https:\/\/secure.gravatar.com\/avatar\/c478a405bd10621167f4c3167cc770f5?s=96&d=mm&r=g","caption":"Juan P\u00e9rez"},"description":"Juan P\u00e9rez es el redactor en jefe de Diario 21. Con m\u00e1s de 10 a\u00f1os de experiencia en el periodismo, se especializa en pol\u00edtica nacional y an\u00e1lisis socioecon\u00f3mico. Su enfoque cr\u00edtico y riguroso aporta una perspectiva \u00fanica a cada art\u00edculo.","sameAs":["https:\/\/www.diario21.tv\/noticias\/"],"url":"https:\/\/www.diario21.tv\/noticias\/author\/juan-perez\/"}]}},"_links":{"self":[{"href":"https:\/\/www.diario21.tv\/noticias\/wp-json\/wp\/v2\/posts\/3688"}],"collection":[{"href":"https:\/\/www.diario21.tv\/noticias\/wp-json\/wp\/v2\/posts"}],"about":[{"href":"https:\/\/www.diario21.tv\/noticias\/wp-json\/wp\/v2\/types\/post"}],"author":[{"embeddable":true,"href":"https:\/\/www.diario21.tv\/noticias\/wp-json\/wp\/v2\/users\/20"}],"replies":[{"embeddable":true,"href":"https:\/\/www.diario21.tv\/noticias\/wp-json\/wp\/v2\/comments?post=3688"}],"version-history":[{"count":1,"href":"https:\/\/www.diario21.tv\/noticias\/wp-json\/wp\/v2\/posts\/3688\/revisions"}],"predecessor-version":[{"id":3690,"href":"https:\/\/www.diario21.tv\/noticias\/wp-json\/wp\/v2\/posts\/3688\/revisions\/3690"}],"wp:featuredmedia":[{"embeddable":true,"href":"https:\/\/www.diario21.tv\/noticias\/wp-json\/wp\/v2\/media\/3689"}],"wp:attachment":[{"href":"https:\/\/www.diario21.tv\/noticias\/wp-json\/wp\/v2\/media?parent=3688"}],"wp:term":[{"taxonomy":"category","embeddable":true,"href":"https:\/\/www.diario21.tv\/noticias\/wp-json\/wp\/v2\/categories?post=3688"},{"taxonomy":"post_tag","embeddable":true,"href":"https:\/\/www.diario21.tv\/noticias\/wp-json\/wp\/v2\/tags?post=3688"}],"curies":[{"name":"wp","href":"https:\/\/api.w.org\/{rel}","templated":true}]}}