{"id":3679,"date":"2025-07-02T20:54:01","date_gmt":"2025-07-02T20:54:01","guid":{"rendered":"https:\/\/www.diario21.tv\/noticias\/atencion-se-esperan-100-millones-de-desplazamientos-este-verano-foco-en-alcohol-y-seguridad-vial\/"},"modified":"2025-07-02T20:54:02","modified_gmt":"2025-07-02T20:54:02","slug":"atencion-se-esperan-100-millones-de-desplazamientos-este-verano-foco-en-alcohol-y-seguridad-vial","status":"publish","type":"post","link":"https:\/\/www.diario21.tv\/noticias\/atencion-se-esperan-100-millones-de-desplazamientos-este-verano-foco-en-alcohol-y-seguridad-vial\/","title":{"rendered":"\u00a1Atenci\u00f3n! Se esperan 100 millones de desplazamientos este verano, foco en alcohol y seguridad vial"},"content":{"rendered":"<h2>Se Estiman Cien Millones de Viajes Durante el Verano, con Enfoque en Salidas de V\u00eda, Motoristas y Consumo de Alcohol<\/h2>\n<p>Este verano, se anticipa que se realicen alrededor de cien millones de desplazamientos en las carreteras, seg\u00fan las previsiones de Tr\u00e1fico. Con un notable aumento en la movilidad comparado con a\u00f1os anteriores, los focos principales de atenci\u00f3n estar\u00e1n puestos en las salidas de v\u00eda, la seguridad de los motoristas y la incidencia del alcohol en la conducci\u00f3n.<\/p>\n<h3>Incremento de Movilidad y Medidas de Seguridad<\/h3>\n<p>La llegada del verano suele estar acompa\u00f1ada de un incremento en el n\u00famero de viajes debido a las vacaciones y el buen tiempo. Este a\u00f1o, las autoridades esperan que la cifra alcance los cien millones de desplazamientos, superando las estad\u00edsticas de temporadas anteriores. Este aumento representa no solo una mayor utilizaci\u00f3n de veh\u00edculos y motocicletas en las carreteras, sino tambi\u00e9n un incremento en los riesgos asociados a la conducci\u00f3n.<\/p>\n<p>Para enfrentar estos desaf\u00edos, Tr\u00e1fico ha implementado una serie de medidas destinadas a mejorar la seguridad vial. Una de las principales preocupaciones es la incidencia de las salidas de v\u00eda, un tipo de accidente que suele tener consecuencias graves. Las autoridades est\u00e1n redoblando esfuerzos para monitorear y controlar las zonas donde este tipo de accidentes son m\u00e1s frecuentes, especialmente en curvas y tramos de alta velocidad.<\/p>\n<h3>Atenci\u00f3n Especial a los Motoristas y el Peligro del Alcohol<\/h3>\n<p>Otro grupo que merece especial atenci\u00f3n son los motoristas. Debido a su vulnerabilidad en la carretera, las campa\u00f1as de concienciaci\u00f3n y control ser\u00e1n intensificadas, buscando reducir el n\u00famero de incidentes que involucran a motocicletas. Se intensificar\u00e1n las inspecciones y se promover\u00e1 el uso del casco y equipamiento adecuado como medida preventiva fundamental.<\/p>\n<p>Adem\u00e1s, el consumo de alcohol sigue siendo una de las principales causas de accidentes de tr\u00e1fico durante el verano. Las autoridades est\u00e1n incrementando los controles de alcoholemia en puntos estrat\u00e9gicos, especialmente durante las noches y madrugadas, per\u00edodos en los que se registran mayores \u00edndices de positividad en las pruebas de alcohol. La meta es clara: reducir la incidencia de accidentes relacionados con el alcohol y promover una cultura de conducci\u00f3n responsable.<\/p>\n<h3>Conclusiones y Recomendaciones para Conductores<\/h3>\n<p>Con el pron\u00f3stico de cien millones de desplazamientos este verano, es crucial que todos los conductores adopten medidas de precauci\u00f3n y sigan las recomendaciones de las autoridades. Se aconseja planificar los viajes con antelaci\u00f3n, evitar las horas de mayor tr\u00e1fico y realizar descansos frecuentes durante trayectos largos.<\/p>\n<p>Asimismo, es fundamental evitar el consumo de alcohol si se va a conducir y asegurarse de que todos los pasajeros utilicen los sistemas de seguridad disponibles en el veh\u00edculo. La colaboraci\u00f3n de todos los usuarios de la carretera es esencial para garantizar un verano seguro para todos.<\/p>\n<p>En resumen, mientras que la expectativa de una mayor movilidad durante el verano es una buena noticia para muchos, tambi\u00e9n lleva consigo una gran responsabilidad tanto para conductores como para las autoridades. La prevenci\u00f3n y el cumplimiento de las normas de tr\u00e1fico ser\u00e1n claves para evitar accidentes y garantizar que todos puedan disfrutar de un verano placentero y seguro.<\/p>\n\n\n<div class=\"kk-star-ratings kksr-auto kksr-align-left kksr-valign-bottom\"\n    data-payload='{&quot;align&quot;:&quot;left&quot;,&quot;id&quot;:&quot;3679&quot;,&quot;slug&quot;:&quot;default&quot;,&quot;valign&quot;:&quot;bottom&quot;,&quot;ignore&quot;:&quot;&quot;,&quot;reference&quot;:&quot;auto&quot;,&quot;class&quot;:&quot;&quot;,&quot;count&quot;:&quot;0&quot;,&quot;legendonly&quot;:&quot;&quot;,&quot;readonly&quot;:&quot;&quot;,&quot;score&quot;:&quot;0&quot;,&quot;starsonly&quot;:&quot;&quot;,&quot;best&quot;:&quot;5&quot;,&quot;gap&quot;:&quot;5&quot;,&quot;greet&quot;:&quot;Valora este post&quot;,&quot;legend&quot;:&quot;0\\\/5 - (0 votes)&quot;,&quot;size&quot;:&quot;22&quot;,&quot;title&quot;:&quot;\u00a1Atenci\u00f3n! Se esperan 100 millones de desplazamientos este verano, foco en alcohol y seguridad vial&quot;,&quot;width&quot;:&quot;0&quot;,&quot;_legend&quot;:&quot;{score}\\\/{best} - ({count} {votes})&quot;,&quot;font_factor&quot;:&quot;1.25&quot;}'>\n            \n<div class=\"kksr-stars\">\n    \n<div class=\"kksr-stars-inactive\">\n            <div class=\"kksr-star\" data-star=\"1\" style=\"padding-right: 5px\">\n            \n\n<div class=\"kksr-icon\" style=\"width: 22px; height: 22px;\"><\/div>\n        <\/div>\n            <div class=\"kksr-star\" data-star=\"2\" style=\"padding-right: 5px\">\n            \n\n<div class=\"kksr-icon\" style=\"width: 22px; height: 22px;\"><\/div>\n        <\/div>\n            <div class=\"kksr-star\" data-star=\"3\" style=\"padding-right: 5px\">\n            \n\n<div class=\"kksr-icon\" style=\"width: 22px; height: 22px;\"><\/div>\n        <\/div>\n            <div class=\"kksr-star\" data-star=\"4\" style=\"padding-right: 5px\">\n            \n\n<div class=\"kksr-icon\" style=\"width: 22px; height: 22px;\"><\/div>\n        <\/div>\n            <div class=\"kksr-star\" data-star=\"5\" style=\"padding-right: 5px\">\n            \n\n<div class=\"kksr-icon\" style=\"width: 22px; height: 22px;\"><\/div>\n        <\/div>\n    <\/div>\n    \n<div class=\"kksr-stars-active\" style=\"width: 0px;\">\n            <div class=\"kksr-star\" style=\"padding-right: 5px\">\n            \n\n<div class=\"kksr-icon\" style=\"width: 22px; height: 22px;\"><\/div>\n        <\/div>\n            <div class=\"kksr-star\" style=\"padding-right: 5px\">\n            \n\n<div class=\"kksr-icon\" style=\"width: 22px; height: 22px;\"><\/div>\n        <\/div>\n            <div class=\"kksr-star\" style=\"padding-right: 5px\">\n            \n\n<div class=\"kksr-icon\" style=\"width: 22px; height: 22px;\"><\/div>\n        <\/div>\n            <div class=\"kksr-star\" style=\"padding-right: 5px\">\n            \n\n<div class=\"kksr-icon\" style=\"width: 22px; height: 22px;\"><\/div>\n        <\/div>\n            <div class=\"kksr-star\" style=\"padding-right: 5px\">\n            \n\n<div class=\"kksr-icon\" style=\"width: 22px; height: 22px;\"><\/div>\n        <\/div>\n    <\/div>\n<\/div>\n                \n\n<div class=\"kksr-legend\" style=\"font-size: 17.6px;\">\n            <span class=\"kksr-muted\">Valora este post<\/span>\n    <\/div>\n    <\/div>\n","protected":false},"excerpt":{"rendered":"<p>Se Estiman Cien Millones de Viajes Durante el Verano, con Enfoque en Salidas de V\u00eda, Motoristas y Consumo de Alcohol Este verano, se anticipa que se &#8230; <a title=\"\u00a1Atenci\u00f3n! Se esperan 100 millones de desplazamientos este verano, foco en alcohol y seguridad vial\" class=\"read-more\" href=\"https:\/\/www.diario21.tv\/noticias\/atencion-se-esperan-100-millones-de-desplazamientos-este-verano-foco-en-alcohol-y-seguridad-vial\/\" aria-label=\"Leer m\u00e1s sobre \u00a1Atenci\u00f3n! Se esperan 100 millones de desplazamientos este verano, foco en alcohol y seguridad vial\">Seguir leyendo &rarr;<\/a><\/p>\n","protected":false},"author":20,"featured_media":3680,"comment_status":"open","ping_status":"open","sticky":false,"template":"","format":"standard","meta":{"footnotes":""},"categories":[13],"tags":[],"class_list":["post-3679","post","type-post","status-publish","format-standard","has-post-thumbnail","hentry","category-portada"],"yoast_head":"<!-- This site is optimized with the Yoast SEO plugin v25.6 - https:\/\/yoast.com\/wordpress\/plugins\/seo\/ -->\n<title>\u00a1Atenci\u00f3n! Se esperan 100 millones de desplazamientos este verano, foco en alcohol y seguridad vial - Diario 21<\/title>\n<meta name=\"robots\" content=\"index, follow, max-snippet:-1, max-image-preview:large, max-video-preview:-1\" \/>\n<link rel=\"canonical\" href=\"https:\/\/www.diario21.tv\/noticias\/atencion-se-esperan-100-millones-de-desplazamientos-este-verano-foco-en-alcohol-y-seguridad-vial\/\" \/>\n<meta property=\"og:locale\" content=\"es_ES\" \/>\n<meta property=\"og:type\" content=\"article\" \/>\n<meta property=\"og:title\" content=\"\u00a1Atenci\u00f3n! Se esperan 100 millones de desplazamientos este verano, foco en alcohol y seguridad vial - Diario 21\" \/>\n<meta property=\"og:description\" content=\"Se Estiman Cien Millones de Viajes Durante el Verano, con Enfoque en Salidas de V\u00eda, Motoristas y Consumo de Alcohol Este verano, se anticipa que se ... Seguir leyendo &rarr;\" \/>\n<meta property=\"og:url\" content=\"https:\/\/www.diario21.tv\/noticias\/atencion-se-esperan-100-millones-de-desplazamientos-este-verano-foco-en-alcohol-y-seguridad-vial\/\" \/>\n<meta property=\"og:site_name\" content=\"Diario 21\" \/>\n<meta property=\"article:published_time\" content=\"2025-07-02T20:54:01+00:00\" \/>\n<meta property=\"article:modified_time\" content=\"2025-07-02T20:54:02+00:00\" \/>\n<meta property=\"og:image\" content=\"https:\/\/www.diario21.tv\/noticias\/wp-content\/uploads\/2025\/07\/\u00a1Atencion-Se-esperan-100-millones-de-desplazamientos-este-verano-foco.jpg\" \/>\n\t<meta property=\"og:image:width\" content=\"1200\" \/>\n\t<meta property=\"og:image:height\" content=\"840\" \/>\n\t<meta property=\"og:image:type\" content=\"image\/jpeg\" \/>\n<meta name=\"author\" content=\"Juan P\u00e9rez\" \/>\n<meta name=\"twitter:card\" content=\"summary_large_image\" \/>\n<meta name=\"twitter:label1\" content=\"Escrito por\" \/>\n\t<meta name=\"twitter:data1\" content=\"Juan P\u00e9rez\" \/>\n\t<meta name=\"twitter:label2\" content=\"Tiempo de lectura\" \/>\n\t<meta name=\"twitter:data2\" content=\"3 minutos\" \/>\n<script type=\"application\/ld+json\" class=\"yoast-schema-graph\">{\"@context\":\"https:\/\/schema.org\",\"@graph\":[{\"@type\":\"WebPage\",\"@id\":\"https:\/\/www.diario21.tv\/noticias\/atencion-se-esperan-100-millones-de-desplazamientos-este-verano-foco-en-alcohol-y-seguridad-vial\/\",\"url\":\"https:\/\/www.diario21.tv\/noticias\/atencion-se-esperan-100-millones-de-desplazamientos-este-verano-foco-en-alcohol-y-seguridad-vial\/\",\"name\":\"\u00a1Atenci\u00f3n! Se esperan 100 millones de desplazamientos este verano, foco en alcohol y seguridad vial - Diario 21\",\"isPartOf\":{\"@id\":\"https:\/\/www.diario21.tv\/noticias\/#website\"},\"primaryImageOfPage\":{\"@id\":\"https:\/\/www.diario21.tv\/noticias\/atencion-se-esperan-100-millones-de-desplazamientos-este-verano-foco-en-alcohol-y-seguridad-vial\/#primaryimage\"},\"image\":{\"@id\":\"https:\/\/www.diario21.tv\/noticias\/atencion-se-esperan-100-millones-de-desplazamientos-este-verano-foco-en-alcohol-y-seguridad-vial\/#primaryimage\"},\"thumbnailUrl\":\"https:\/\/www.diario21.tv\/noticias\/wp-content\/uploads\/2025\/07\/\u00a1Atencion-Se-esperan-100-millones-de-desplazamientos-este-verano-foco.jpg\",\"datePublished\":\"2025-07-02T20:54:01+00:00\",\"dateModified\":\"2025-07-02T20:54:02+00:00\",\"author\":{\"@id\":\"https:\/\/www.diario21.tv\/noticias\/#\/schema\/person\/dfb778f73814d8f09f302618446a526b\"},\"breadcrumb\":{\"@id\":\"https:\/\/www.diario21.tv\/noticias\/atencion-se-esperan-100-millones-de-desplazamientos-este-verano-foco-en-alcohol-y-seguridad-vial\/#breadcrumb\"},\"inLanguage\":\"es-AR\",\"potentialAction\":[{\"@type\":\"ReadAction\",\"target\":[\"https:\/\/www.diario21.tv\/noticias\/atencion-se-esperan-100-millones-de-desplazamientos-este-verano-foco-en-alcohol-y-seguridad-vial\/\"]}]},{\"@type\":\"ImageObject\",\"inLanguage\":\"es-AR\",\"@id\":\"https:\/\/www.diario21.tv\/noticias\/atencion-se-esperan-100-millones-de-desplazamientos-este-verano-foco-en-alcohol-y-seguridad-vial\/#primaryimage\",\"url\":\"https:\/\/www.diario21.tv\/noticias\/wp-content\/uploads\/2025\/07\/\u00a1Atencion-Se-esperan-100-millones-de-desplazamientos-este-verano-foco.jpg\",\"contentUrl\":\"https:\/\/www.diario21.tv\/noticias\/wp-content\/uploads\/2025\/07\/\u00a1Atencion-Se-esperan-100-millones-de-desplazamientos-este-verano-foco.jpg\",\"width\":1200,\"height\":840,\"caption\":\"Tr\u00e1fico prev\u00e9 cien millones de desplazamientos este verano con la vista puesta en las salidas de v\u00eda, los motoristas y el alcohol\"},{\"@type\":\"BreadcrumbList\",\"@id\":\"https:\/\/www.diario21.tv\/noticias\/atencion-se-esperan-100-millones-de-desplazamientos-este-verano-foco-en-alcohol-y-seguridad-vial\/#breadcrumb\",\"itemListElement\":[{\"@type\":\"ListItem\",\"position\":1,\"name\":\"Accueil\",\"item\":\"https:\/\/www.diario21.tv\/noticias\/\"},{\"@type\":\"ListItem\",\"position\":2,\"name\":\"\u00a1Atenci\u00f3n! Se esperan 100 millones de desplazamientos este verano, foco en alcohol y seguridad vial\"}]},{\"@type\":\"WebSite\",\"@id\":\"https:\/\/www.diario21.tv\/noticias\/#website\",\"url\":\"https:\/\/www.diario21.tv\/noticias\/\",\"name\":\"Diario 21\",\"description\":\"\",\"potentialAction\":[{\"@type\":\"SearchAction\",\"target\":{\"@type\":\"EntryPoint\",\"urlTemplate\":\"https:\/\/www.diario21.tv\/noticias\/?s={search_term_string}\"},\"query-input\":{\"@type\":\"PropertyValueSpecification\",\"valueRequired\":true,\"valueName\":\"search_term_string\"}}],\"inLanguage\":\"es-AR\"},{\"@type\":\"Person\",\"@id\":\"https:\/\/www.diario21.tv\/noticias\/#\/schema\/person\/dfb778f73814d8f09f302618446a526b\",\"name\":\"Juan P\u00e9rez\",\"image\":{\"@type\":\"ImageObject\",\"inLanguage\":\"es-AR\",\"@id\":\"https:\/\/www.diario21.tv\/noticias\/#\/schema\/person\/image\/\",\"url\":\"https:\/\/secure.gravatar.com\/avatar\/c478a405bd10621167f4c3167cc770f5?s=96&d=mm&r=g\",\"contentUrl\":\"https:\/\/secure.gravatar.com\/avatar\/c478a405bd10621167f4c3167cc770f5?s=96&d=mm&r=g\",\"caption\":\"Juan P\u00e9rez\"},\"description\":\"Juan P\u00e9rez es el redactor en jefe de Diario 21. Con m\u00e1s de 10 a\u00f1os de experiencia en el periodismo, se especializa en pol\u00edtica nacional y an\u00e1lisis socioecon\u00f3mico. Su enfoque cr\u00edtico y riguroso aporta una perspectiva \u00fanica a cada art\u00edculo.\",\"sameAs\":[\"https:\/\/www.diario21.tv\/noticias\/\"],\"url\":\"https:\/\/www.diario21.tv\/noticias\/author\/juan-perez\/\"}]}<\/script>\n<!-- \/ Yoast SEO plugin. -->","yoast_head_json":{"title":"\u00a1Atenci\u00f3n! Se esperan 100 millones de desplazamientos este verano, foco en alcohol y seguridad vial - Diario 21","robots":{"index":"index","follow":"follow","max-snippet":"max-snippet:-1","max-image-preview":"max-image-preview:large","max-video-preview":"max-video-preview:-1"},"canonical":"https:\/\/www.diario21.tv\/noticias\/atencion-se-esperan-100-millones-de-desplazamientos-este-verano-foco-en-alcohol-y-seguridad-vial\/","og_locale":"es_ES","og_type":"article","og_title":"\u00a1Atenci\u00f3n! Se esperan 100 millones de desplazamientos este verano, foco en alcohol y seguridad vial - Diario 21","og_description":"Se Estiman Cien Millones de Viajes Durante el Verano, con Enfoque en Salidas de V\u00eda, Motoristas y Consumo de Alcohol Este verano, se anticipa que se ... Seguir leyendo &rarr;","og_url":"https:\/\/www.diario21.tv\/noticias\/atencion-se-esperan-100-millones-de-desplazamientos-este-verano-foco-en-alcohol-y-seguridad-vial\/","og_site_name":"Diario 21","article_published_time":"2025-07-02T20:54:01+00:00","article_modified_time":"2025-07-02T20:54:02+00:00","og_image":[{"width":1200,"height":840,"url":"https:\/\/www.diario21.tv\/noticias\/wp-content\/uploads\/2025\/07\/\u00a1Atencion-Se-esperan-100-millones-de-desplazamientos-este-verano-foco.jpg","type":"image\/jpeg"}],"author":"Juan P\u00e9rez","twitter_card":"summary_large_image","twitter_misc":{"Escrito por":"Juan P\u00e9rez","Tiempo de lectura":"3 minutos"},"schema":{"@context":"https:\/\/schema.org","@graph":[{"@type":"WebPage","@id":"https:\/\/www.diario21.tv\/noticias\/atencion-se-esperan-100-millones-de-desplazamientos-este-verano-foco-en-alcohol-y-seguridad-vial\/","url":"https:\/\/www.diario21.tv\/noticias\/atencion-se-esperan-100-millones-de-desplazamientos-este-verano-foco-en-alcohol-y-seguridad-vial\/","name":"\u00a1Atenci\u00f3n! Se esperan 100 millones de desplazamientos este verano, foco en alcohol y seguridad vial - Diario 21","isPartOf":{"@id":"https:\/\/www.diario21.tv\/noticias\/#website"},"primaryImageOfPage":{"@id":"https:\/\/www.diario21.tv\/noticias\/atencion-se-esperan-100-millones-de-desplazamientos-este-verano-foco-en-alcohol-y-seguridad-vial\/#primaryimage"},"image":{"@id":"https:\/\/www.diario21.tv\/noticias\/atencion-se-esperan-100-millones-de-desplazamientos-este-verano-foco-en-alcohol-y-seguridad-vial\/#primaryimage"},"thumbnailUrl":"https:\/\/www.diario21.tv\/noticias\/wp-content\/uploads\/2025\/07\/\u00a1Atencion-Se-esperan-100-millones-de-desplazamientos-este-verano-foco.jpg","datePublished":"2025-07-02T20:54:01+00:00","dateModified":"2025-07-02T20:54:02+00:00","author":{"@id":"https:\/\/www.diario21.tv\/noticias\/#\/schema\/person\/dfb778f73814d8f09f302618446a526b"},"breadcrumb":{"@id":"https:\/\/www.diario21.tv\/noticias\/atencion-se-esperan-100-millones-de-desplazamientos-este-verano-foco-en-alcohol-y-seguridad-vial\/#breadcrumb"},"inLanguage":"es-AR","potentialAction":[{"@type":"ReadAction","target":["https:\/\/www.diario21.tv\/noticias\/atencion-se-esperan-100-millones-de-desplazamientos-este-verano-foco-en-alcohol-y-seguridad-vial\/"]}]},{"@type":"ImageObject","inLanguage":"es-AR","@id":"https:\/\/www.diario21.tv\/noticias\/atencion-se-esperan-100-millones-de-desplazamientos-este-verano-foco-en-alcohol-y-seguridad-vial\/#primaryimage","url":"https:\/\/www.diario21.tv\/noticias\/wp-content\/uploads\/2025\/07\/\u00a1Atencion-Se-esperan-100-millones-de-desplazamientos-este-verano-foco.jpg","contentUrl":"https:\/\/www.diario21.tv\/noticias\/wp-content\/uploads\/2025\/07\/\u00a1Atencion-Se-esperan-100-millones-de-desplazamientos-este-verano-foco.jpg","width":1200,"height":840,"caption":"Tr\u00e1fico prev\u00e9 cien millones de desplazamientos este verano con la vista puesta en las salidas de v\u00eda, los motoristas y el alcohol"},{"@type":"BreadcrumbList","@id":"https:\/\/www.diario21.tv\/noticias\/atencion-se-esperan-100-millones-de-desplazamientos-este-verano-foco-en-alcohol-y-seguridad-vial\/#breadcrumb","itemListElement":[{"@type":"ListItem","position":1,"name":"Accueil","item":"https:\/\/www.diario21.tv\/noticias\/"},{"@type":"ListItem","position":2,"name":"\u00a1Atenci\u00f3n! Se esperan 100 millones de desplazamientos este verano, foco en alcohol y seguridad vial"}]},{"@type":"WebSite","@id":"https:\/\/www.diario21.tv\/noticias\/#website","url":"https:\/\/www.diario21.tv\/noticias\/","name":"Diario 21","description":"","potentialAction":[{"@type":"SearchAction","target":{"@type":"EntryPoint","urlTemplate":"https:\/\/www.diario21.tv\/noticias\/?s={search_term_string}"},"query-input":{"@type":"PropertyValueSpecification","valueRequired":true,"valueName":"search_term_string"}}],"inLanguage":"es-AR"},{"@type":"Person","@id":"https:\/\/www.diario21.tv\/noticias\/#\/schema\/person\/dfb778f73814d8f09f302618446a526b","name":"Juan P\u00e9rez","image":{"@type":"ImageObject","inLanguage":"es-AR","@id":"https:\/\/www.diario21.tv\/noticias\/#\/schema\/person\/image\/","url":"https:\/\/secure.gravatar.com\/avatar\/c478a405bd10621167f4c3167cc770f5?s=96&d=mm&r=g","contentUrl":"https:\/\/secure.gravatar.com\/avatar\/c478a405bd10621167f4c3167cc770f5?s=96&d=mm&r=g","caption":"Juan P\u00e9rez"},"description":"Juan P\u00e9rez es el redactor en jefe de Diario 21. Con m\u00e1s de 10 a\u00f1os de experiencia en el periodismo, se especializa en pol\u00edtica nacional y an\u00e1lisis socioecon\u00f3mico. Su enfoque cr\u00edtico y riguroso aporta una perspectiva \u00fanica a cada art\u00edculo.","sameAs":["https:\/\/www.diario21.tv\/noticias\/"],"url":"https:\/\/www.diario21.tv\/noticias\/author\/juan-perez\/"}]}},"_links":{"self":[{"href":"https:\/\/www.diario21.tv\/noticias\/wp-json\/wp\/v2\/posts\/3679"}],"collection":[{"href":"https:\/\/www.diario21.tv\/noticias\/wp-json\/wp\/v2\/posts"}],"about":[{"href":"https:\/\/www.diario21.tv\/noticias\/wp-json\/wp\/v2\/types\/post"}],"author":[{"embeddable":true,"href":"https:\/\/www.diario21.tv\/noticias\/wp-json\/wp\/v2\/users\/20"}],"replies":[{"embeddable":true,"href":"https:\/\/www.diario21.tv\/noticias\/wp-json\/wp\/v2\/comments?post=3679"}],"version-history":[{"count":1,"href":"https:\/\/www.diario21.tv\/noticias\/wp-json\/wp\/v2\/posts\/3679\/revisions"}],"predecessor-version":[{"id":3681,"href":"https:\/\/www.diario21.tv\/noticias\/wp-json\/wp\/v2\/posts\/3679\/revisions\/3681"}],"wp:featuredmedia":[{"embeddable":true,"href":"https:\/\/www.diario21.tv\/noticias\/wp-json\/wp\/v2\/media\/3680"}],"wp:attachment":[{"href":"https:\/\/www.diario21.tv\/noticias\/wp-json\/wp\/v2\/media?parent=3679"}],"wp:term":[{"taxonomy":"category","embeddable":true,"href":"https:\/\/www.diario21.tv\/noticias\/wp-json\/wp\/v2\/categories?post=3679"},{"taxonomy":"post_tag","embeddable":true,"href":"https:\/\/www.diario21.tv\/noticias\/wp-json\/wp\/v2\/tags?post=3679"}],"curies":[{"name":"wp","href":"https:\/\/api.w.org\/{rel}","templated":true}]}}