{"id":3664,"date":"2025-07-01T14:39:09","date_gmt":"2025-07-01T14:39:09","guid":{"rendered":"https:\/\/www.diario21.tv\/noticias\/olas-de-calor-mas-intensas-y-prolongadas-6-graficos-impactantes-que-lo-demuestran\/"},"modified":"2025-07-01T14:39:11","modified_gmt":"2025-07-01T14:39:11","slug":"olas-de-calor-mas-intensas-y-prolongadas-6-graficos-impactantes-que-lo-demuestran","status":"publish","type":"post","link":"https:\/\/www.diario21.tv\/noticias\/olas-de-calor-mas-intensas-y-prolongadas-6-graficos-impactantes-que-lo-demuestran\/","title":{"rendered":"Olas de calor m\u00e1s intensas y prolongadas: 6 gr\u00e1ficos impactantes que lo demuestran"},"content":{"rendered":"<h2>Seis Diagramas Revelan el Aumento Prematuro y la Duraci\u00f3n Extendida de las Olas de Calor<\/h2>\n<p>En los \u00faltimos a\u00f1os, el cambio clim\u00e1tico ha propiciado un incremento notable en la frecuencia, intensidad y duraci\u00f3n de las olas de calor en diversas partes del mundo. Este fen\u00f3meno no solo llega antes de lo esperado cada a\u00f1o, sino que tambi\u00e9n se prolonga por per\u00edodos m\u00e1s extensos, afectando de manera significativa el medio ambiente y la salud humana. A continuaci\u00f3n, examinamos seis gr\u00e1ficos que ilustran esta alarmante tendencia.<\/p>\n<h3>El Adelanto de las Olas de Calor<\/h3>\n<p>Un an\u00e1lisis de las temperaturas globales de los \u00faltimos decenios muestra que las olas de calor comienzan m\u00e1s temprano en el a\u00f1o en comparaci\u00f3n con el siglo pasado. Anteriormente, los picos de calor se experimentaban principalmente en los meses centrales del verano. Sin embargo, datos recientes indican que estos episodios extremos de calor pueden comenzar ya en la primavera, alterando los ecosistemas que no est\u00e1n adaptados a cambios tan abruptos y tempranos.<\/p>\n<h3>Incremento en la Duraci\u00f3n de las Olas de Calor<\/h3>\n<p>No solo es notable el adelanto de las olas de calor, sino tambi\u00e9n su duraci\u00f3n. Estudios recientes demuestran que estos per\u00edodos de calor intenso son ahora significativamente m\u00e1s largos que en d\u00e9cadas anteriores. En ciertas regiones, lo que antes duraba una semana ahora puede extenderse por m\u00e1s de un mes, con temperaturas que superan los registros hist\u00f3ricos, lo que supone un riesgo mayor para la salud p\u00fablica y la gesti\u00f3n de recursos como el agua y la energ\u00eda.<\/p>\n<h3>Intensificaci\u00f3n de las Temperaturas<\/h3>\n<p>Los gr\u00e1ficos tambi\u00e9n muestran un incremento en la intensidad de las temperaturas durante las olas de calor. Este aumento no es uniforme; afecta especialmente a zonas urbanas donde el efecto de isla de calor urbano intensifica las temperaturas a\u00fan m\u00e1s. Este fen\u00f3meno puede aumentar la temperatura media en grandes ciudades hasta en varios grados comparado con las \u00e1reas rurales circundantes, exacerbando el impacto del calor extremo en millones de habitantes.<\/p>\n<h3>Impactos en la Salud Humana<\/h3>\n<p>El aumento en frecuencia, duraci\u00f3n e intensidad de las olas de calor tiene consecuencias directas en la salud humana. Las altas temperaturas incrementan los riesgos de deshidrataci\u00f3n, golpes de calor y exacerbaci\u00f3n de enfermedades cr\u00f3nicas como las cardiovasculares y respiratorias. Los sistemas de salud se ven desafiados a adaptarse y responder a estos eventos extremos, que cada vez demandan m\u00e1s recursos y atenci\u00f3n m\u00e9dica urgente.<\/p>\n<h3>Respuesta Ecol\u00f3gica al Cambio Clim\u00e1tico<\/h3>\n<p>El cambio en el patr\u00f3n de las olas de calor tambi\u00e9n afecta los ecosistemas. La flora y la fauna nativas pueden no estar preparadas para soportar las condiciones extremas de calor, lo que resulta en alteraciones en la biodiversidad y los ciclos naturales. Especies que dependen de temperaturas m\u00e1s moderadas para su reproducci\u00f3n y supervivencia est\u00e1n particularmente en riesgo.<\/p>\n<h3>Conclusi\u00f3n y Perspectivas Futuras<\/h3>\n<p>Los datos y gr\u00e1ficos analizados demuestran una tendencia clara y preocupante hacia olas de calor m\u00e1s tempranas, m\u00e1s largas y m\u00e1s intensas debido al cambio clim\u00e1tico. Este fen\u00f3meno representa un desaf\u00edo significativo para la sociedad en t\u00e9rminos de salud p\u00fablica, gesti\u00f3n de recursos y conservaci\u00f3n de ecosistemas. La adaptaci\u00f3n a estos cambios y la mitigaci\u00f3n de sus efectos requieren esfuerzos coordinados a nivel global, nacional y local, con pol\u00edticas que aborden tanto la reducci\u00f3n de emisiones de gases de efecto invernadero como la preparaci\u00f3n de las comunidades para enfrentar estos extremos clim\u00e1ticos.<\/p>\n\n\n<div class=\"kk-star-ratings kksr-auto kksr-align-left kksr-valign-bottom\"\n    data-payload='{&quot;align&quot;:&quot;left&quot;,&quot;id&quot;:&quot;3664&quot;,&quot;slug&quot;:&quot;default&quot;,&quot;valign&quot;:&quot;bottom&quot;,&quot;ignore&quot;:&quot;&quot;,&quot;reference&quot;:&quot;auto&quot;,&quot;class&quot;:&quot;&quot;,&quot;count&quot;:&quot;0&quot;,&quot;legendonly&quot;:&quot;&quot;,&quot;readonly&quot;:&quot;&quot;,&quot;score&quot;:&quot;0&quot;,&quot;starsonly&quot;:&quot;&quot;,&quot;best&quot;:&quot;5&quot;,&quot;gap&quot;:&quot;5&quot;,&quot;greet&quot;:&quot;Valora este post&quot;,&quot;legend&quot;:&quot;0\\\/5 - (0 votes)&quot;,&quot;size&quot;:&quot;22&quot;,&quot;title&quot;:&quot;Olas de calor m\u00e1s intensas y prolongadas: 6 gr\u00e1ficos impactantes que lo demuestran&quot;,&quot;width&quot;:&quot;0&quot;,&quot;_legend&quot;:&quot;{score}\\\/{best} - ({count} {votes})&quot;,&quot;font_factor&quot;:&quot;1.25&quot;}'>\n            \n<div class=\"kksr-stars\">\n    \n<div class=\"kksr-stars-inactive\">\n            <div class=\"kksr-star\" data-star=\"1\" style=\"padding-right: 5px\">\n            \n\n<div class=\"kksr-icon\" style=\"width: 22px; height: 22px;\"><\/div>\n        <\/div>\n            <div class=\"kksr-star\" data-star=\"2\" style=\"padding-right: 5px\">\n            \n\n<div class=\"kksr-icon\" style=\"width: 22px; height: 22px;\"><\/div>\n        <\/div>\n            <div class=\"kksr-star\" data-star=\"3\" style=\"padding-right: 5px\">\n            \n\n<div class=\"kksr-icon\" style=\"width: 22px; height: 22px;\"><\/div>\n        <\/div>\n            <div class=\"kksr-star\" data-star=\"4\" style=\"padding-right: 5px\">\n            \n\n<div class=\"kksr-icon\" style=\"width: 22px; height: 22px;\"><\/div>\n        <\/div>\n            <div class=\"kksr-star\" data-star=\"5\" style=\"padding-right: 5px\">\n            \n\n<div class=\"kksr-icon\" style=\"width: 22px; height: 22px;\"><\/div>\n        <\/div>\n    <\/div>\n    \n<div class=\"kksr-stars-active\" style=\"width: 0px;\">\n            <div class=\"kksr-star\" style=\"padding-right: 5px\">\n            \n\n<div class=\"kksr-icon\" style=\"width: 22px; height: 22px;\"><\/div>\n        <\/div>\n            <div class=\"kksr-star\" style=\"padding-right: 5px\">\n            \n\n<div class=\"kksr-icon\" style=\"width: 22px; height: 22px;\"><\/div>\n        <\/div>\n            <div class=\"kksr-star\" style=\"padding-right: 5px\">\n            \n\n<div class=\"kksr-icon\" style=\"width: 22px; height: 22px;\"><\/div>\n        <\/div>\n            <div class=\"kksr-star\" style=\"padding-right: 5px\">\n            \n\n<div class=\"kksr-icon\" style=\"width: 22px; height: 22px;\"><\/div>\n        <\/div>\n            <div class=\"kksr-star\" style=\"padding-right: 5px\">\n            \n\n<div class=\"kksr-icon\" style=\"width: 22px; height: 22px;\"><\/div>\n        <\/div>\n    <\/div>\n<\/div>\n                \n\n<div class=\"kksr-legend\" style=\"font-size: 17.6px;\">\n            <span class=\"kksr-muted\">Valora este post<\/span>\n    <\/div>\n    <\/div>\n","protected":false},"excerpt":{"rendered":"<p>Seis Diagramas Revelan el Aumento Prematuro y la Duraci\u00f3n Extendida de las Olas de Calor En los \u00faltimos a\u00f1os, el cambio clim\u00e1tico ha propiciado un incremento &#8230; <a title=\"Olas de calor m\u00e1s intensas y prolongadas: 6 gr\u00e1ficos impactantes que lo demuestran\" class=\"read-more\" href=\"https:\/\/www.diario21.tv\/noticias\/olas-de-calor-mas-intensas-y-prolongadas-6-graficos-impactantes-que-lo-demuestran\/\" aria-label=\"Leer m\u00e1s sobre Olas de calor m\u00e1s intensas y prolongadas: 6 gr\u00e1ficos impactantes que lo demuestran\">Seguir leyendo &rarr;<\/a><\/p>\n","protected":false},"author":20,"featured_media":3665,"comment_status":"open","ping_status":"open","sticky":false,"template":"","format":"standard","meta":{"footnotes":""},"categories":[13],"tags":[],"class_list":["post-3664","post","type-post","status-publish","format-standard","has-post-thumbnail","hentry","category-portada"],"yoast_head":"<!-- This site is optimized with the Yoast SEO plugin v25.6 - https:\/\/yoast.com\/wordpress\/plugins\/seo\/ -->\n<title>Olas de calor m\u00e1s intensas y prolongadas: 6 gr\u00e1ficos impactantes que lo demuestran - Diario 21<\/title>\n<meta name=\"robots\" content=\"index, follow, max-snippet:-1, max-image-preview:large, max-video-preview:-1\" \/>\n<link rel=\"canonical\" href=\"https:\/\/www.diario21.tv\/noticias\/olas-de-calor-mas-intensas-y-prolongadas-6-graficos-impactantes-que-lo-demuestran\/\" \/>\n<meta property=\"og:locale\" content=\"es_ES\" \/>\n<meta property=\"og:type\" content=\"article\" \/>\n<meta property=\"og:title\" content=\"Olas de calor m\u00e1s intensas y prolongadas: 6 gr\u00e1ficos impactantes que lo demuestran - Diario 21\" \/>\n<meta property=\"og:description\" content=\"Seis Diagramas Revelan el Aumento Prematuro y la Duraci\u00f3n Extendida de las Olas de Calor En los \u00faltimos a\u00f1os, el cambio clim\u00e1tico ha propiciado un incremento ... Seguir leyendo &rarr;\" \/>\n<meta property=\"og:url\" content=\"https:\/\/www.diario21.tv\/noticias\/olas-de-calor-mas-intensas-y-prolongadas-6-graficos-impactantes-que-lo-demuestran\/\" \/>\n<meta property=\"og:site_name\" content=\"Diario 21\" \/>\n<meta property=\"article:published_time\" content=\"2025-07-01T14:39:09+00:00\" \/>\n<meta property=\"article:modified_time\" content=\"2025-07-01T14:39:11+00:00\" \/>\n<meta property=\"og:image\" content=\"https:\/\/www.diario21.tv\/noticias\/wp-content\/uploads\/2025\/07\/Olas-de-calor-mas-intensas-y-prolongadas-6-graficos-impactantes.gif\" \/>\n\t<meta property=\"og:image:width\" content=\"1920\" \/>\n\t<meta property=\"og:image:height\" content=\"1344\" \/>\n\t<meta property=\"og:image:type\" content=\"image\/gif\" \/>\n<meta name=\"author\" content=\"Juan P\u00e9rez\" \/>\n<meta name=\"twitter:card\" content=\"summary_large_image\" \/>\n<meta name=\"twitter:label1\" content=\"Escrito por\" \/>\n\t<meta name=\"twitter:data1\" content=\"Juan P\u00e9rez\" \/>\n\t<meta name=\"twitter:label2\" content=\"Tiempo de lectura\" \/>\n\t<meta name=\"twitter:data2\" content=\"3 minutos\" \/>\n<script type=\"application\/ld+json\" class=\"yoast-schema-graph\">{\"@context\":\"https:\/\/schema.org\",\"@graph\":[{\"@type\":\"WebPage\",\"@id\":\"https:\/\/www.diario21.tv\/noticias\/olas-de-calor-mas-intensas-y-prolongadas-6-graficos-impactantes-que-lo-demuestran\/\",\"url\":\"https:\/\/www.diario21.tv\/noticias\/olas-de-calor-mas-intensas-y-prolongadas-6-graficos-impactantes-que-lo-demuestran\/\",\"name\":\"Olas de calor m\u00e1s intensas y prolongadas: 6 gr\u00e1ficos impactantes que lo demuestran - Diario 21\",\"isPartOf\":{\"@id\":\"https:\/\/www.diario21.tv\/noticias\/#website\"},\"primaryImageOfPage\":{\"@id\":\"https:\/\/www.diario21.tv\/noticias\/olas-de-calor-mas-intensas-y-prolongadas-6-graficos-impactantes-que-lo-demuestran\/#primaryimage\"},\"image\":{\"@id\":\"https:\/\/www.diario21.tv\/noticias\/olas-de-calor-mas-intensas-y-prolongadas-6-graficos-impactantes-que-lo-demuestran\/#primaryimage\"},\"thumbnailUrl\":\"https:\/\/www.diario21.tv\/noticias\/wp-content\/uploads\/2025\/07\/Olas-de-calor-mas-intensas-y-prolongadas-6-graficos-impactantes.gif\",\"datePublished\":\"2025-07-01T14:39:09+00:00\",\"dateModified\":\"2025-07-01T14:39:11+00:00\",\"author\":{\"@id\":\"https:\/\/www.diario21.tv\/noticias\/#\/schema\/person\/dfb778f73814d8f09f302618446a526b\"},\"breadcrumb\":{\"@id\":\"https:\/\/www.diario21.tv\/noticias\/olas-de-calor-mas-intensas-y-prolongadas-6-graficos-impactantes-que-lo-demuestran\/#breadcrumb\"},\"inLanguage\":\"es-AR\",\"potentialAction\":[{\"@type\":\"ReadAction\",\"target\":[\"https:\/\/www.diario21.tv\/noticias\/olas-de-calor-mas-intensas-y-prolongadas-6-graficos-impactantes-que-lo-demuestran\/\"]}]},{\"@type\":\"ImageObject\",\"inLanguage\":\"es-AR\",\"@id\":\"https:\/\/www.diario21.tv\/noticias\/olas-de-calor-mas-intensas-y-prolongadas-6-graficos-impactantes-que-lo-demuestran\/#primaryimage\",\"url\":\"https:\/\/www.diario21.tv\/noticias\/wp-content\/uploads\/2025\/07\/Olas-de-calor-mas-intensas-y-prolongadas-6-graficos-impactantes.gif\",\"contentUrl\":\"https:\/\/www.diario21.tv\/noticias\/wp-content\/uploads\/2025\/07\/Olas-de-calor-mas-intensas-y-prolongadas-6-graficos-impactantes.gif\",\"width\":1920,\"height\":1344,\"caption\":\"Seis gr\u00e1ficos que muestran c\u00f3mo las olas de calor llegan antes y son cada vez m\u00e1s largas\"},{\"@type\":\"BreadcrumbList\",\"@id\":\"https:\/\/www.diario21.tv\/noticias\/olas-de-calor-mas-intensas-y-prolongadas-6-graficos-impactantes-que-lo-demuestran\/#breadcrumb\",\"itemListElement\":[{\"@type\":\"ListItem\",\"position\":1,\"name\":\"Accueil\",\"item\":\"https:\/\/www.diario21.tv\/noticias\/\"},{\"@type\":\"ListItem\",\"position\":2,\"name\":\"Olas de calor m\u00e1s intensas y prolongadas: 6 gr\u00e1ficos impactantes que lo demuestran\"}]},{\"@type\":\"WebSite\",\"@id\":\"https:\/\/www.diario21.tv\/noticias\/#website\",\"url\":\"https:\/\/www.diario21.tv\/noticias\/\",\"name\":\"Diario 21\",\"description\":\"\",\"potentialAction\":[{\"@type\":\"SearchAction\",\"target\":{\"@type\":\"EntryPoint\",\"urlTemplate\":\"https:\/\/www.diario21.tv\/noticias\/?s={search_term_string}\"},\"query-input\":{\"@type\":\"PropertyValueSpecification\",\"valueRequired\":true,\"valueName\":\"search_term_string\"}}],\"inLanguage\":\"es-AR\"},{\"@type\":\"Person\",\"@id\":\"https:\/\/www.diario21.tv\/noticias\/#\/schema\/person\/dfb778f73814d8f09f302618446a526b\",\"name\":\"Juan P\u00e9rez\",\"image\":{\"@type\":\"ImageObject\",\"inLanguage\":\"es-AR\",\"@id\":\"https:\/\/www.diario21.tv\/noticias\/#\/schema\/person\/image\/\",\"url\":\"https:\/\/secure.gravatar.com\/avatar\/c478a405bd10621167f4c3167cc770f5?s=96&d=mm&r=g\",\"contentUrl\":\"https:\/\/secure.gravatar.com\/avatar\/c478a405bd10621167f4c3167cc770f5?s=96&d=mm&r=g\",\"caption\":\"Juan P\u00e9rez\"},\"description\":\"Juan P\u00e9rez es el redactor en jefe de Diario 21. Con m\u00e1s de 10 a\u00f1os de experiencia en el periodismo, se especializa en pol\u00edtica nacional y an\u00e1lisis socioecon\u00f3mico. Su enfoque cr\u00edtico y riguroso aporta una perspectiva \u00fanica a cada art\u00edculo.\",\"sameAs\":[\"https:\/\/www.diario21.tv\/noticias\/\"],\"url\":\"https:\/\/www.diario21.tv\/noticias\/author\/juan-perez\/\"}]}<\/script>\n<!-- \/ Yoast SEO plugin. -->","yoast_head_json":{"title":"Olas de calor m\u00e1s intensas y prolongadas: 6 gr\u00e1ficos impactantes que lo demuestran - Diario 21","robots":{"index":"index","follow":"follow","max-snippet":"max-snippet:-1","max-image-preview":"max-image-preview:large","max-video-preview":"max-video-preview:-1"},"canonical":"https:\/\/www.diario21.tv\/noticias\/olas-de-calor-mas-intensas-y-prolongadas-6-graficos-impactantes-que-lo-demuestran\/","og_locale":"es_ES","og_type":"article","og_title":"Olas de calor m\u00e1s intensas y prolongadas: 6 gr\u00e1ficos impactantes que lo demuestran - Diario 21","og_description":"Seis Diagramas Revelan el Aumento Prematuro y la Duraci\u00f3n Extendida de las Olas de Calor En los \u00faltimos a\u00f1os, el cambio clim\u00e1tico ha propiciado un incremento ... Seguir leyendo &rarr;","og_url":"https:\/\/www.diario21.tv\/noticias\/olas-de-calor-mas-intensas-y-prolongadas-6-graficos-impactantes-que-lo-demuestran\/","og_site_name":"Diario 21","article_published_time":"2025-07-01T14:39:09+00:00","article_modified_time":"2025-07-01T14:39:11+00:00","og_image":[{"width":1920,"height":1344,"url":"https:\/\/www.diario21.tv\/noticias\/wp-content\/uploads\/2025\/07\/Olas-de-calor-mas-intensas-y-prolongadas-6-graficos-impactantes.gif","type":"image\/gif"}],"author":"Juan P\u00e9rez","twitter_card":"summary_large_image","twitter_misc":{"Escrito por":"Juan P\u00e9rez","Tiempo de lectura":"3 minutos"},"schema":{"@context":"https:\/\/schema.org","@graph":[{"@type":"WebPage","@id":"https:\/\/www.diario21.tv\/noticias\/olas-de-calor-mas-intensas-y-prolongadas-6-graficos-impactantes-que-lo-demuestran\/","url":"https:\/\/www.diario21.tv\/noticias\/olas-de-calor-mas-intensas-y-prolongadas-6-graficos-impactantes-que-lo-demuestran\/","name":"Olas de calor m\u00e1s intensas y prolongadas: 6 gr\u00e1ficos impactantes que lo demuestran - Diario 21","isPartOf":{"@id":"https:\/\/www.diario21.tv\/noticias\/#website"},"primaryImageOfPage":{"@id":"https:\/\/www.diario21.tv\/noticias\/olas-de-calor-mas-intensas-y-prolongadas-6-graficos-impactantes-que-lo-demuestran\/#primaryimage"},"image":{"@id":"https:\/\/www.diario21.tv\/noticias\/olas-de-calor-mas-intensas-y-prolongadas-6-graficos-impactantes-que-lo-demuestran\/#primaryimage"},"thumbnailUrl":"https:\/\/www.diario21.tv\/noticias\/wp-content\/uploads\/2025\/07\/Olas-de-calor-mas-intensas-y-prolongadas-6-graficos-impactantes.gif","datePublished":"2025-07-01T14:39:09+00:00","dateModified":"2025-07-01T14:39:11+00:00","author":{"@id":"https:\/\/www.diario21.tv\/noticias\/#\/schema\/person\/dfb778f73814d8f09f302618446a526b"},"breadcrumb":{"@id":"https:\/\/www.diario21.tv\/noticias\/olas-de-calor-mas-intensas-y-prolongadas-6-graficos-impactantes-que-lo-demuestran\/#breadcrumb"},"inLanguage":"es-AR","potentialAction":[{"@type":"ReadAction","target":["https:\/\/www.diario21.tv\/noticias\/olas-de-calor-mas-intensas-y-prolongadas-6-graficos-impactantes-que-lo-demuestran\/"]}]},{"@type":"ImageObject","inLanguage":"es-AR","@id":"https:\/\/www.diario21.tv\/noticias\/olas-de-calor-mas-intensas-y-prolongadas-6-graficos-impactantes-que-lo-demuestran\/#primaryimage","url":"https:\/\/www.diario21.tv\/noticias\/wp-content\/uploads\/2025\/07\/Olas-de-calor-mas-intensas-y-prolongadas-6-graficos-impactantes.gif","contentUrl":"https:\/\/www.diario21.tv\/noticias\/wp-content\/uploads\/2025\/07\/Olas-de-calor-mas-intensas-y-prolongadas-6-graficos-impactantes.gif","width":1920,"height":1344,"caption":"Seis gr\u00e1ficos que muestran c\u00f3mo las olas de calor llegan antes y son cada vez m\u00e1s largas"},{"@type":"BreadcrumbList","@id":"https:\/\/www.diario21.tv\/noticias\/olas-de-calor-mas-intensas-y-prolongadas-6-graficos-impactantes-que-lo-demuestran\/#breadcrumb","itemListElement":[{"@type":"ListItem","position":1,"name":"Accueil","item":"https:\/\/www.diario21.tv\/noticias\/"},{"@type":"ListItem","position":2,"name":"Olas de calor m\u00e1s intensas y prolongadas: 6 gr\u00e1ficos impactantes que lo demuestran"}]},{"@type":"WebSite","@id":"https:\/\/www.diario21.tv\/noticias\/#website","url":"https:\/\/www.diario21.tv\/noticias\/","name":"Diario 21","description":"","potentialAction":[{"@type":"SearchAction","target":{"@type":"EntryPoint","urlTemplate":"https:\/\/www.diario21.tv\/noticias\/?s={search_term_string}"},"query-input":{"@type":"PropertyValueSpecification","valueRequired":true,"valueName":"search_term_string"}}],"inLanguage":"es-AR"},{"@type":"Person","@id":"https:\/\/www.diario21.tv\/noticias\/#\/schema\/person\/dfb778f73814d8f09f302618446a526b","name":"Juan P\u00e9rez","image":{"@type":"ImageObject","inLanguage":"es-AR","@id":"https:\/\/www.diario21.tv\/noticias\/#\/schema\/person\/image\/","url":"https:\/\/secure.gravatar.com\/avatar\/c478a405bd10621167f4c3167cc770f5?s=96&d=mm&r=g","contentUrl":"https:\/\/secure.gravatar.com\/avatar\/c478a405bd10621167f4c3167cc770f5?s=96&d=mm&r=g","caption":"Juan P\u00e9rez"},"description":"Juan P\u00e9rez es el redactor en jefe de Diario 21. Con m\u00e1s de 10 a\u00f1os de experiencia en el periodismo, se especializa en pol\u00edtica nacional y an\u00e1lisis socioecon\u00f3mico. Su enfoque cr\u00edtico y riguroso aporta una perspectiva \u00fanica a cada art\u00edculo.","sameAs":["https:\/\/www.diario21.tv\/noticias\/"],"url":"https:\/\/www.diario21.tv\/noticias\/author\/juan-perez\/"}]}},"_links":{"self":[{"href":"https:\/\/www.diario21.tv\/noticias\/wp-json\/wp\/v2\/posts\/3664"}],"collection":[{"href":"https:\/\/www.diario21.tv\/noticias\/wp-json\/wp\/v2\/posts"}],"about":[{"href":"https:\/\/www.diario21.tv\/noticias\/wp-json\/wp\/v2\/types\/post"}],"author":[{"embeddable":true,"href":"https:\/\/www.diario21.tv\/noticias\/wp-json\/wp\/v2\/users\/20"}],"replies":[{"embeddable":true,"href":"https:\/\/www.diario21.tv\/noticias\/wp-json\/wp\/v2\/comments?post=3664"}],"version-history":[{"count":1,"href":"https:\/\/www.diario21.tv\/noticias\/wp-json\/wp\/v2\/posts\/3664\/revisions"}],"predecessor-version":[{"id":3666,"href":"https:\/\/www.diario21.tv\/noticias\/wp-json\/wp\/v2\/posts\/3664\/revisions\/3666"}],"wp:featuredmedia":[{"embeddable":true,"href":"https:\/\/www.diario21.tv\/noticias\/wp-json\/wp\/v2\/media\/3665"}],"wp:attachment":[{"href":"https:\/\/www.diario21.tv\/noticias\/wp-json\/wp\/v2\/media?parent=3664"}],"wp:term":[{"taxonomy":"category","embeddable":true,"href":"https:\/\/www.diario21.tv\/noticias\/wp-json\/wp\/v2\/categories?post=3664"},{"taxonomy":"post_tag","embeddable":true,"href":"https:\/\/www.diario21.tv\/noticias\/wp-json\/wp\/v2\/tags?post=3664"}],"curies":[{"name":"wp","href":"https:\/\/api.w.org\/{rel}","templated":true}]}}